{"end_date": "2026-08-31", "name": "CBXFT", "info_url": "https://epg.pw/channels/470810/20260829.html", "country": "Canada", "description": null, "error_message": "", "provider": "", "source_url": "https://epg.pw/api/epg.json?channel_id=470810&date=20260829&timezone=None", "epg_list": [{"desc": "On surveille la sant\u00e9 des canards eiders dans le fleuve Saint-Laurent, gr\u00e2ce au baguage et \u00e0 la r\u00e9colte de duvet. Le crabe vert menace le Qu\u00e9bec. Andr\u00e9 Comeau, l'homme qui plantait du bl\u00e9.", "start_date": "2026-08-30T18:30:00+00:00", "title": "La semaine verte"}, {"desc": "Un tour d'horizon des dossiers qui ont retenu l'attention pendant la semaine dans toutes les r\u00e9gions du pays.", "start_date": "2026-08-30T19:30:00+00:00", "title": "Le national hebdo en direct de Calgary"}, {"desc": "La Saint-Jean brille jusqu'au coeur des prairies lors de ce rendez-vous festif o\u00f9 la francophonie est c\u00e9l\u00e9br\u00e9e avec fiert\u00e9.", "start_date": "2026-08-30T20:00:00+00:00", "title": "F\u00eate au village"}, {"desc": "\u00c0 mesure qu'ils et elles gagnent en exp\u00e9rience, les \u00e9tudiants et \u00e9tudiantes gagnent de la confiance par rapport \u00e0 leur avenir.", "start_date": "2026-08-30T20:30:00+00:00", "title": "Bient\u00f4t dans nos h\u00f4pitaux"}, {"desc": "Un p\u00e8re de famille est retrouv\u00e9 mort au pied du complexe r\u00e9sidentiel du port ; l'homme portait une combinaison de plong\u00e9e lorsque quelqu'un l'a d\u00e9fenestr\u00e9 ; les partenaires Dan et Flemming d\u00e9couvrent un conflit entre la victime et un autre r\u00e9sident.", "start_date": "2026-08-30T21:00:00+00:00", "title": "Les enqu\u00eates de Dan Sommerdahl"}, {"desc": "Les dragons accueillent Dominique Brown et rencontrent les entreprises Unique Plastique, Flyos, Mountain Coffee Co et Zensor Care. On prend aussi des nouvelles de l'entreprise KSL, de la saison 1.", "start_date": "2026-08-30T23:00:00+00:00", "title": "Dans l'oeil du dragon"}, {"desc": "Les plus r\u00e9cents d\u00e9veloppements de l'actualit\u00e9 r\u00e9gionale, nationale et internationale.", "start_date": "2026-08-31T00:00:00+00:00", "title": "Le t\u00e9l\u00e9journal Alberta"}], "offset": "+00:00", "timezone": "UTC", "error_code": -1, "start_date": "2026-08-30", "icon": ""}