{"end_date": "2026-08-29", "name": "Vosges tv", "info_url": "https://epg.pw/channels/475421/20260828.html", "country": "France", "description": null, "error_message": "", "provider": "", "source_url": "https://epg.pw/api/epg.json?channel_id=475421&date=20260828&timezone=None", "epg_list": [{"desc": null, "start_date": "2026-08-28T18:30:00+00:00", "title": "Le monde comme il va"}, {"desc": null, "start_date": "2026-08-28T20:15:00+00:00", "title": "Coups de Th\u00e9\u00e2tre 7 / Cap sur les oasis 7 / Coups de Th\u00e9\u00e2tre 9 / Mon feu"}, {"desc": null, "start_date": "2026-08-28T20:30:00+00:00", "title": "Journal / M\u00e9t\u00e9o / Sur le vif / La terre vue du sport"}, {"desc": null, "start_date": "2026-08-28T21:00:00+00:00", "title": "Tout droit !"}, {"desc": null, "start_date": "2026-08-28T21:30:00+00:00", "title": "\u00c7a va chez vous ?"}, {"desc": null, "start_date": "2026-08-28T21:45:00+00:00", "title": "Coups de Th\u00e9\u00e2tre 7 / Cap sur les oasis 7 / Coups de Th\u00e9\u00e2tre 9 / Mon feu"}, {"desc": null, "start_date": "2026-08-28T22:00:00+00:00", "title": "Journal / M\u00e9t\u00e9o / Au coeur du village / La terre vue du sport"}, {"desc": null, "start_date": "2026-08-28T22:30:00+00:00", "title": "Spectacle"}, {"desc": null, "start_date": "2026-08-29T00:40:00+00:00", "title": "Le Journal de l'Atelier / Hors s\u00e9rie Interviews"}, {"desc": null, "start_date": "2026-08-29T01:00:00+00:00", "title": "Journal / M\u00e9t\u00e9o / Exp\u00e9rim\u00e9tiers / La terre vue du sport / P'tit cab / M\u00e9ditation / Les toques du sud"}, {"desc": null, "start_date": "2026-08-29T07:00:00+00:00", "title": "1, 2, 3 musette"}, {"desc": null, "start_date": "2026-08-29T07:30:00+00:00", "title": "\u00c0 feu doux"}, {"desc": null, "start_date": "2026-08-29T08:00:00+00:00", "title": "\u00c7a va chez vous ?"}, {"desc": null, "start_date": "2026-08-29T08:15:00+00:00", "title": "Sur ma route"}, {"desc": null, "start_date": "2026-08-29T10:15:00+00:00", "title": "Films \u00e0 l'affiche / Terre vue du sport"}, {"desc": null, "start_date": "2026-08-29T10:30:00+00:00", "title": "Une semaine dans le Grand Est / Eco r\u00e9gions"}, {"desc": null, "start_date": "2026-08-29T11:30:00+00:00", "title": "\u00c7a nous regarde"}, {"desc": null, "start_date": "2026-08-29T12:00:00+00:00", "title": "1, 2, 3 dansez"}, {"desc": null, "start_date": "2026-08-29T12:30:00+00:00", "title": "1, 2, 3 musette"}, {"desc": null, "start_date": "2026-08-29T13:00:00+00:00", "title": "1, 2, 3 dansez"}, {"desc": null, "start_date": "2026-08-29T14:00:00+00:00", "title": "Fais ton sport \u00e0 la maison !"}, {"desc": null, "start_date": "2026-08-29T14:45:00+00:00", "title": "\u00c0 feu doux"}, {"desc": null, "start_date": "2026-08-29T15:15:00+00:00", "title": "\u00c7a va chez vous ?"}, {"desc": null, "start_date": "2026-08-29T15:30:00+00:00", "title": "Auto Legend"}, {"desc": null, "start_date": "2026-08-29T16:00:00+00:00", "title": "Le grand journal des territoires / M\u00e9t\u00e9o / Eco r\u00e9gions / La terre vue du sport"}, {"desc": null, "start_date": "2026-08-29T18:00:00+00:00", "title": "Le grand journal des territoires / M\u00e9t\u00e9o / Eco r\u00e9gions / La terre vue du sport"}, {"desc": null, "start_date": "2026-08-29T19:00:00+00:00", "title": "Concert"}, {"desc": null, "start_date": "2026-08-29T20:35:00+00:00", "title": "M\u00e9t\u00e9o / Eco r\u00e9gions / La terre vue du sport"}, {"desc": null, "start_date": "2026-08-29T21:05:00+00:00", "title": "Concert"}, {"desc": null, "start_date": "2026-08-29T21:10:00+00:00", "title": "Case \u00e0 bulles"}, {"desc": null, "start_date": "2026-08-29T22:50:00+00:00", "title": "Le grand journal des territoires / M\u00e9t\u00e9o"}, {"desc": null, "start_date": "2026-08-29T23:35:00+00:00", "title": "Spectacle"}], "offset": "+00:00", "timezone": "UTC", "error_code": -1, "start_date": "2026-08-28", "icon": ""}