{"end_date": "2026-08-30", "name": "Vosges tv", "info_url": "https://epg.pw/channels/475421/20260829.html", "country": "France", "description": null, "error_message": "", "provider": "", "source_url": "https://epg.pw/api/epg.json?channel_id=475421&date=20260829&timezone=None", "epg_list": [{"desc": null, "start_date": "2026-08-29T00:40:00+00:00", "title": "Le Journal de l'Atelier / Hors s\u00e9rie Interviews"}, {"desc": null, "start_date": "2026-08-29T01:00:00+00:00", "title": "Journal / M\u00e9t\u00e9o / Exp\u00e9rim\u00e9tiers / La terre vue du sport / P'tit cab / M\u00e9ditation / Les toques du sud"}, {"desc": null, "start_date": "2026-08-29T07:00:00+00:00", "title": "1, 2, 3 musette"}, {"desc": null, "start_date": "2026-08-29T07:30:00+00:00", "title": "\u00c0 feu doux"}, {"desc": null, "start_date": "2026-08-29T08:00:00+00:00", "title": "\u00c7a va chez vous ?"}, {"desc": null, "start_date": "2026-08-29T08:15:00+00:00", "title": "Sur ma route"}, {"desc": null, "start_date": "2026-08-29T10:15:00+00:00", "title": "Films \u00e0 l'affiche / Terre vue du sport"}, {"desc": null, "start_date": "2026-08-29T10:30:00+00:00", "title": "Une semaine dans le Grand Est / Eco r\u00e9gions"}, {"desc": null, "start_date": "2026-08-29T11:30:00+00:00", "title": "\u00c7a nous regarde"}, {"desc": null, "start_date": "2026-08-29T12:00:00+00:00", "title": "1, 2, 3 dansez"}, {"desc": null, "start_date": "2026-08-29T12:30:00+00:00", "title": "1, 2, 3 musette"}, {"desc": null, "start_date": "2026-08-29T13:00:00+00:00", "title": "1, 2, 3 dansez"}, {"desc": null, "start_date": "2026-08-29T14:00:00+00:00", "title": "Fais ton sport \u00e0 la maison !"}, {"desc": null, "start_date": "2026-08-29T14:45:00+00:00", "title": "\u00c0 feu doux"}, {"desc": null, "start_date": "2026-08-29T15:15:00+00:00", "title": "\u00c7a va chez vous ?"}, {"desc": null, "start_date": "2026-08-29T15:30:00+00:00", "title": "Auto Legend"}, {"desc": null, "start_date": "2026-08-29T16:00:00+00:00", "title": "Le grand journal des territoires / M\u00e9t\u00e9o / Eco r\u00e9gions / La terre vue du sport"}, {"desc": null, "start_date": "2026-08-29T18:00:00+00:00", "title": "Le grand journal des territoires / M\u00e9t\u00e9o / Eco r\u00e9gions / La terre vue du sport"}, {"desc": null, "start_date": "2026-08-29T19:00:00+00:00", "title": "Concert"}, {"desc": null, "start_date": "2026-08-29T20:35:00+00:00", "title": "M\u00e9t\u00e9o / Eco r\u00e9gions / La terre vue du sport"}, {"desc": null, "start_date": "2026-08-29T21:05:00+00:00", "title": "Concert"}, {"desc": null, "start_date": "2026-08-29T21:10:00+00:00", "title": "Case \u00e0 bulles"}, {"desc": null, "start_date": "2026-08-29T22:50:00+00:00", "title": "Le grand journal des territoires / M\u00e9t\u00e9o"}, {"desc": null, "start_date": "2026-08-29T23:35:00+00:00", "title": "Spectacle"}, {"desc": null, "start_date": "2026-08-30T01:45:00+00:00", "title": "Le grand journal des territoires / M\u00e9t\u00e9o / Une semaine dans le Grand Est / Eco r\u00e9gions / La terre vu"}, {"desc": null, "start_date": "2026-08-30T07:30:00+00:00", "title": "\u00c7a va chez vous ?"}, {"desc": null, "start_date": "2026-08-30T07:45:00+00:00", "title": "\u00c7a nous regarde"}, {"desc": null, "start_date": "2026-08-30T08:15:00+00:00", "title": "Eco R\u00e9gions - Busin'Est - Sur le vif"}, {"desc": null, "start_date": "2026-08-30T08:45:00+00:00", "title": "La vie en Vosges"}, {"desc": null, "start_date": "2026-08-30T10:00:00+00:00", "title": "Case \u00e0 bulles"}, {"desc": null, "start_date": "2026-08-30T11:00:00+00:00", "title": "Le grand journal des territoires"}, {"desc": null, "start_date": "2026-08-30T11:30:00+00:00", "title": "Auto Legend"}, {"desc": null, "start_date": "2026-08-30T12:00:00+00:00", "title": "1, 2, 3 musette"}, {"desc": null, "start_date": "2026-08-30T12:30:00+00:00", "title": "1, 2, 3 dansez"}, {"desc": null, "start_date": "2026-08-30T13:30:00+00:00", "title": "Concert"}, {"desc": "Star de cin\u00e9ma, marqu\u00e9 par les traumatismes de la guerre, Audie Murphy retrace les origines de son mal-\u00eatre, de sa campagne militaire \u00e0 la lib\u00e9ration de la poche de Colmar, moment cl\u00e9 de la Seconde Guerre mondiale. Il interroge le prix de la gloire, et met sa c\u00e9l\u00e9brit\u00e9 au service des droits des v\u00e9t\u00e9rans.", "start_date": "2026-08-30T15:05:00+00:00", "title": "La case doc Grand Est"}, {"desc": null, "start_date": "2026-08-30T16:00:00+00:00", "title": "Le grand journal des territoires / R\u00e9tro / M\u00e9t\u00e9o"}, {"desc": null, "start_date": "2026-08-30T17:00:00+00:00", "title": "Tout droit !"}, {"desc": null, "start_date": "2026-08-30T17:30:00+00:00", "title": "\u00c0 feu doux"}, {"desc": null, "start_date": "2026-08-30T18:00:00+00:00", "title": "Le grand journal des territoires / R\u00e9tro / M\u00e9t\u00e9o"}, {"desc": "Star de cin\u00e9ma, marqu\u00e9 par les traumatismes de la guerre, Audie Murphy retrace les origines de son mal-\u00eatre, de sa campagne militaire \u00e0 la lib\u00e9ration de la poche de Colmar, moment cl\u00e9 de la Seconde Guerre mondiale. Il interroge le prix de la gloire, et met sa c\u00e9l\u00e9brit\u00e9 au service des droits des v\u00e9t\u00e9rans.", "start_date": "2026-08-30T18:45:00+00:00", "title": "La case doc Grand Est"}, {"desc": null, "start_date": "2026-08-30T19:45:00+00:00", "title": "Case \u00e0 bulles"}, {"desc": null, "start_date": "2026-08-30T21:00:00+00:00", "title": "Concert"}, {"desc": null, "start_date": "2026-08-30T22:05:00+00:00", "title": "R\u00e9tro / M\u00e9t\u00e9o"}, {"desc": null, "start_date": "2026-08-30T23:50:00+00:00", "title": "Le grand journal des territoires / R\u00e9tro / M\u00e9t\u00e9o / Une semaine dans le Grand est / Eco r\u00e9gions / La "}], "offset": "+00:00", "timezone": "UTC", "error_code": -1, "start_date": "2026-08-29", "icon": ""}