{"end_date": "2026-05-03", "name": "TVR1 [RO]", "info_url": "https://epg.pw/channels/480354/20260502.html", "country": "Russian Federation", "description": null, "error_message": "", "provider": "", "source_url": "https://epg.pw/api/epg.json?channel_id=480354&date=20260502&timezone=None", "epg_list": [{"desc": null, "start_date": "2026-05-02T00:10:00+00:00", "title": "Telejurnal"}, {"desc": null, "start_date": "2026-05-02T01:00:00+00:00", "title": "Rock Maniac"}, {"desc": null, "start_date": "2026-05-02T01:55:00+00:00", "title": "Vorbe\u015fte corect!"}, {"desc": null, "start_date": "2026-05-02T02:00:00+00:00", "title": "Tezaur folcloric"}, {"desc": null, "start_date": "2026-05-02T02:55:00+00:00", "title": "Imnul Rom\u00e2niei"}, {"desc": null, "start_date": "2026-05-02T03:00:00+00:00", "title": "Telejurnal matinal"}, {"desc": null, "start_date": "2026-05-02T04:00:00+00:00", "title": "Weekend matinal"}, {"desc": null, "start_date": "2026-05-02T08:00:00+00:00", "title": "Vedeta familiei"}, {"desc": null, "start_date": "2026-05-02T09:30:00+00:00", "title": "Alchimia banilor"}, {"desc": null, "start_date": "2026-05-02T10:00:00+00:00", "title": "Ora regelui"}, {"desc": null, "start_date": "2026-05-02T11:00:00+00:00", "title": "Telejurnal"}, {"desc": null, "start_date": "2026-05-02T12:00:00+00:00", "title": "Spectacol aniversar Ansamblul Porolissum-30 de ani"}, {"desc": null, "start_date": "2026-05-02T13:30:00+00:00", "title": "Vorbe\u015fte corect!"}, {"desc": null, "start_date": "2026-05-02T13:55:00+00:00", "title": "Zi de zi cu p\u0103rintele Constantin Necula"}, {"desc": null, "start_date": "2026-05-02T14:00:00+00:00", "title": "Breaking fake news"}, {"desc": null, "start_date": "2026-05-02T15:00:00+00:00", "title": "Teleenciclopedia"}, {"desc": null, "start_date": "2026-05-02T16:00:00+00:00", "title": "Telejurnal"}, {"desc": null, "start_date": "2026-05-02T17:00:00+00:00", "title": "Negu\u0163\u0103torul din Vene\u0163ia"}, {"desc": null, "start_date": "2026-05-02T19:35:00+00:00", "title": "Rock Maniac"}, {"desc": null, "start_date": "2026-05-02T20:35:00+00:00", "title": "Profesioni\u015ftii\u2026 cu Eugenia Vod\u0103"}, {"desc": null, "start_date": "2026-05-02T21:35:00+00:00", "title": "Negu\u0163\u0103torul din Vene\u0163ia"}, {"desc": null, "start_date": "2026-05-03T00:05:00+00:00", "title": "Vorbe\u015fte corect!"}, {"desc": null, "start_date": "2026-05-03T00:10:00+00:00", "title": "Via\u0163a satului"}, {"desc": null, "start_date": "2026-05-03T02:35:00+00:00", "title": "Imnul Rom\u00e2niei"}, {"desc": null, "start_date": "2026-05-03T02:40:00+00:00", "title": "Mofturi 1900"}, {"desc": null, "start_date": "2026-05-03T04:00:00+00:00", "title": "Universul credin\u0163ei"}, {"desc": null, "start_date": "2026-05-03T05:00:00+00:00", "title": "Bucuria credin\u0163ei"}, {"desc": null, "start_date": "2026-05-03T05:30:00+00:00", "title": "Pro patria"}, {"desc": null, "start_date": "2026-05-03T06:30:00+00:00", "title": "M.A.I. aproape de tine"}, {"desc": null, "start_date": "2026-05-03T07:00:00+00:00", "title": "Via\u0163a satului"}, {"desc": null, "start_date": "2026-05-03T10:00:00+00:00", "title": "Tezaur folcloric"}, {"desc": null, "start_date": "2026-05-03T11:00:00+00:00", "title": "Telejurnal"}, {"desc": null, "start_date": "2026-05-03T12:00:00+00:00", "title": "Starea na\u0163iei"}, {"desc": null, "start_date": "2026-05-03T13:00:00+00:00", "title": "\u00cen fiecare zi mi-e dor de tine"}, {"desc": null, "start_date": "2026-05-03T14:55:00+00:00", "title": "Zi de zi cu p\u0103rintele Constantin Necula"}, {"desc": null, "start_date": "2026-05-03T15:00:00+00:00", "title": "Exclusiv \u00een Rom\u00e2nia"}, {"desc": null, "start_date": "2026-05-03T16:00:00+00:00", "title": "Telejurnal"}, {"desc": null, "start_date": "2026-05-03T17:00:00+00:00", "title": "Vedeta familiei"}, {"desc": null, "start_date": "2026-05-03T18:30:00+00:00", "title": "Festivalul na\u0163ional de folclor \u00abLucre\u0163ia Ciobanu"}, {"desc": null, "start_date": "2026-05-03T20:00:00+00:00", "title": "Garantat 100%"}, {"desc": null, "start_date": "2026-05-03T21:00:00+00:00", "title": "\u00cen fiecare zi mi-e dor de tine"}, {"desc": null, "start_date": "2026-05-03T23:00:00+00:00", "title": "Concertul Il Volo \u00een Agrigento"}], "offset": "+00:00", "timezone": "UTC", "error_code": -1, "start_date": "2026-05-02", "icon": "https://epg.pw/media/images/epg/2025/11/20/20251120021644519127_54.png"}