{"end_date": "2026-05-02", "name": "TVRi [RO]", "info_url": "https://epg.pw/channels/480357/20260430.html", "country": "Russian Federation", "description": null, "error_message": "", "provider": "", "source_url": "https://epg.pw/api/epg.json?channel_id=480357&date=20260430&timezone=None", "epg_list": [{"desc": null, "start_date": "2026-04-30T00:00:00+00:00", "title": "Telejurnal"}, {"desc": null, "start_date": "2026-04-30T00:55:00+00:00", "title": "Zi de zi cu p\u0103rintele Constantin Necula"}, {"desc": null, "start_date": "2026-04-30T01:00:00+00:00", "title": "Articolul VII"}, {"desc": null, "start_date": "2026-04-30T02:00:00+00:00", "title": "Dezacorduri de pace"}, {"desc": null, "start_date": "2026-04-30T02:50:00+00:00", "title": "Profesioni\u015ftii\u2026 cu Eugenia Vod\u0103"}, {"desc": null, "start_date": "2026-04-30T04:00:00+00:00", "title": "Telejurnal matinal"}, {"desc": null, "start_date": "2026-04-30T04:50:00+00:00", "title": "Rom\u00e2nia face bine"}, {"desc": null, "start_date": "2026-04-30T05:00:00+00:00", "title": "Telejurnal matinal"}, {"desc": null, "start_date": "2026-04-30T05:50:00+00:00", "title": "Vorbe\u015fte corect!"}, {"desc": null, "start_date": "2026-04-30T06:00:00+00:00", "title": "Telejurnal matinal"}, {"desc": null, "start_date": "2026-04-30T06:50:00+00:00", "title": "Rock Maniac"}, {"desc": null, "start_date": "2026-04-30T07:40:00+00:00", "title": "Prim\u0103vara amintirilor"}, {"desc": null, "start_date": "2026-04-30T08:30:00+00:00", "title": "C\u0103l\u0103torii cu gust"}, {"desc": null, "start_date": "2026-04-30T09:00:00+00:00", "title": "Articolul VII"}, {"desc": null, "start_date": "2026-04-30T10:00:00+00:00", "title": "Europa mea"}, {"desc": null, "start_date": "2026-04-30T11:00:00+00:00", "title": "Telejurnal"}, {"desc": null, "start_date": "2026-04-30T11:50:00+00:00", "title": "Discover Romania"}, {"desc": null, "start_date": "2026-04-30T12:00:00+00:00", "title": "Transnistria-Via\u0163a \u00een zona gri"}, {"desc": null, "start_date": "2026-04-30T13:00:00+00:00", "title": "Banii, azi"}, {"desc": null, "start_date": "2026-04-30T14:00:00+00:00", "title": "Gala umorului"}, {"desc": null, "start_date": "2026-04-30T14:50:00+00:00", "title": "Discover Romania"}, {"desc": null, "start_date": "2026-04-30T15:00:00+00:00", "title": "Destine ca-n filme"}, {"desc": null, "start_date": "2026-04-30T16:00:00+00:00", "title": "Telejurnal"}, {"desc": null, "start_date": "2026-04-30T16:55:00+00:00", "title": "Zi de zi cu p\u0103rintele Constantin Necula"}, {"desc": null, "start_date": "2026-04-30T17:00:00+00:00", "title": "Rom\u00e2nia \u00een lume"}, {"desc": null, "start_date": "2026-04-30T18:00:00+00:00", "title": "Jurnal Cultural"}, {"desc": null, "start_date": "2026-04-30T18:30:00+00:00", "title": "Jurnal Cultural"}, {"desc": null, "start_date": "2026-04-30T19:00:00+00:00", "title": "Dezacorduri de pace"}, {"desc": null, "start_date": "2026-04-30T20:00:00+00:00", "title": "Remix"}, {"desc": null, "start_date": "2026-04-30T21:00:00+00:00", "title": "Telejurnal Moldova"}, {"desc": null, "start_date": "2026-04-30T21:45:00+00:00", "title": "Reportajele/Interviurile Telejurnalului"}, {"desc": null, "start_date": "2026-04-30T22:00:00+00:00", "title": "Gala umorului"}, {"desc": null, "start_date": "2026-04-30T22:50:00+00:00", "title": "Discover Romania"}, {"desc": null, "start_date": "2026-04-30T23:00:00+00:00", "title": "C\u0103l\u0103torii cu gust"}, {"desc": null, "start_date": "2026-04-30T23:30:00+00:00", "title": "TVR 70"}, {"desc": null, "start_date": "2026-05-01T00:00:00+00:00", "title": "Telejurnal"}, {"desc": null, "start_date": "2026-05-01T00:55:00+00:00", "title": "Zi de zi cu p\u0103rintele Constantin Necula"}, {"desc": null, "start_date": "2026-05-01T01:00:00+00:00", "title": "Rom\u00e2nia \u00een lume"}, {"desc": null, "start_date": "2026-05-01T02:00:00+00:00", "title": "Dezacorduri de pace"}, {"desc": null, "start_date": "2026-05-01T03:55:00+00:00", "title": "Imnul Rom\u00e2niei"}, {"desc": null, "start_date": "2026-05-01T04:00:00+00:00", "title": "\u00cent\u00e2lnirea genera\u0163iilor"}, {"desc": null, "start_date": "2026-05-01T04:50:00+00:00", "title": "Rom\u00e2nia face bine"}, {"desc": null, "start_date": "2026-05-01T05:00:00+00:00", "title": "Telejurnal matinal"}, {"desc": null, "start_date": "2026-05-01T05:50:00+00:00", "title": "Vorbe\u015fte corect!"}, {"desc": null, "start_date": "2026-05-01T06:00:00+00:00", "title": "Gala umorului"}, {"desc": null, "start_date": "2026-05-01T06:50:00+00:00", "title": "Drag de Rom\u00e2nia mea!"}, {"desc": null, "start_date": "2026-05-01T08:30:00+00:00", "title": "TVR 70"}, {"desc": null, "start_date": "2026-05-01T09:00:00+00:00", "title": "Rom\u00e2nia \u00een lume"}, {"desc": null, "start_date": "2026-05-01T10:00:00+00:00", "title": "Global"}, {"desc": null, "start_date": "2026-05-01T11:00:00+00:00", "title": "Telejurnal"}, {"desc": null, "start_date": "2026-05-01T11:50:00+00:00", "title": "Discover Romania"}, {"desc": null, "start_date": "2026-05-01T12:00:00+00:00", "title": "Istorii cu t\u00e2lc"}, {"desc": null, "start_date": "2026-05-01T13:00:00+00:00", "title": "Banii, azi"}, {"desc": null, "start_date": "2026-05-01T14:00:00+00:00", "title": "Gala \u00abOmul Anului 2025 \u00een For\u0163ele Navale\u201d"}, {"desc": null, "start_date": "2026-05-01T14:50:00+00:00", "title": "Discover Romania"}, {"desc": null, "start_date": "2026-05-01T15:00:00+00:00", "title": "Istorii de bun gust"}, {"desc": null, "start_date": "2026-05-01T16:00:00+00:00", "title": "Telejurnal"}, {"desc": null, "start_date": "2026-05-01T16:55:00+00:00", "title": "Zi de zi cu p\u0103rintele Constantin Necula"}, {"desc": null, "start_date": "2026-05-01T17:00:00+00:00", "title": "Starea na\u0163iei"}, {"desc": null, "start_date": "2026-05-01T18:00:00+00:00", "title": "Jurnal Cultural"}, {"desc": null, "start_date": "2026-05-01T18:30:00+00:00", "title": "Concert Byron"}, {"desc": null, "start_date": "2026-05-01T19:50:00+00:00", "title": "Dosar Rom\u00e2nia"}, {"desc": null, "start_date": "2026-05-01T21:10:00+00:00", "title": "Telejurnal Moldova"}, {"desc": null, "start_date": "2026-05-01T21:55:00+00:00", "title": "Gala \u00abOmul Anului 2025 \u00een For\u0163ele Navale\u201d"}, {"desc": null, "start_date": "2026-05-01T22:45:00+00:00", "title": "Spectacol aniversar Ansamblul Porolissum-30 de ani"}, {"desc": null, "start_date": "2026-05-02T00:00:00+00:00", "title": "Telejurnal"}], "offset": "+00:00", "timezone": "UTC", "error_code": -1, "start_date": "2026-04-30", "icon": "https://epg.pw/media/images/epg/2025/11/20/20251120021911268508_72.png"}