{"end_date": "2026-08-30", "name": "Euronews", "info_url": "https://epg.pw/channels/486779/20260828.html", "country": "United Kingdom of Great Britain and Northern Ireland", "description": null, "error_message": "", "provider": "", "source_url": "https://epg.pw/api/epg.json?channel_id=486779&date=20260828&timezone=None", "epg_list": [{"desc": "Live headlines,breaking news, analysis and interviews from Europe's News Centre.", "start_date": "2026-08-28T18:14:00+00:00", "title": "The European Debrief"}, {"desc": "'Made in Europe' asks if European firms still lead the world - going inside the factories to find out.", "start_date": "2026-08-28T18:30:00+00:00", "title": "Made in europe"}, {"desc": "Live headlines,breaking news, analysis and interviews from Europe's News Centre.", "start_date": "2026-08-28T18:44:00+00:00", "title": "The European Debrief"}, {"desc": "Live headlines,breaking news, analysis and interviews from Europe's News Centre.", "start_date": "2026-08-28T19:00:00+00:00", "title": "The European Debrief"}, {"desc": "Live headlines,breaking news, analysis and interviews from Europe's News Centre.", "start_date": "2026-08-28T19:15:00+00:00", "title": "The European Debrief"}, {"desc": "Live headlines,breaking news, analysis and interviews from Europe's News Centre.", "start_date": "2026-08-28T19:30:00+00:00", "title": "The European Debrief"}, {"desc": "Live headlines,breaking news, analysis and interviews from Europe's News Centre.", "start_date": "2026-08-28T20:00:00+00:00", "title": "The European Debrief"}, {"desc": "Live headlines,breaking news, analysis and interviews from Europe's News Centre.", "start_date": "2026-08-28T20:15:00+00:00", "title": "The European Debrief"}, {"desc": "Live headlines,breaking news, analysis and interviews from Europe's News Centre.", "start_date": "2026-08-28T20:30:00+00:00", "title": "The European Debrief"}, {"desc": "'Made in Europe' asks if European firms still lead the world - going inside the factories to find out.", "start_date": "2026-08-28T20:47:00+00:00", "title": "Made in europe"}, {"desc": "Live headlines,breaking news, analysis and interviews from Europe's News Centre.", "start_date": "2026-08-28T21:00:00+00:00", "title": "The European Debrief"}, {"desc": "Live headlines,breaking news, analysis and interviews from Europe's News Centre.", "start_date": "2026-08-28T21:15:00+00:00", "title": "The European Debrief"}, {"desc": "Live headlines,breaking news, analysis and interviews from Europe's News Centre.", "start_date": "2026-08-28T21:30:00+00:00", "title": "The European Debrief"}, {"desc": "As principais not\u00edcias do momento.", "start_date": "2026-08-28T22:00:00+00:00", "title": "Global Week-End"}, {"desc": "As principais not\u00edcias do momento.", "start_date": "2026-08-28T22:15:00+00:00", "title": "Global Week-End"}, {"desc": "As principais not\u00edcias do momento.", "start_date": "2026-08-28T22:30:00+00:00", "title": "Global Week-End"}, {"desc": "As principais not\u00edcias do momento.", "start_date": "2026-08-28T23:00:00+00:00", "title": "Global Week-End"}, {"desc": "As principais not\u00edcias do momento.", "start_date": "2026-08-28T23:15:00+00:00", "title": "Global Week-End"}, {"desc": "As principais not\u00edcias do momento.", "start_date": "2026-08-28T23:30:00+00:00", "title": "Global Week-End"}, {"desc": "As principais not\u00edcias do momento.", "start_date": "2026-08-29T00:00:00+00:00", "title": "Global Week-End"}, {"desc": "As principais not\u00edcias do momento.", "start_date": "2026-08-29T00:15:00+00:00", "title": "Global Week-End"}, {"desc": "As principais not\u00edcias do momento.", "start_date": "2026-08-29T00:30:00+00:00", "title": "Global Week-End"}, {"desc": "As principais not\u00edcias do momento.", "start_date": "2026-08-29T01:00:00+00:00", "title": "Global Week-End"}, {"desc": "As principais not\u00edcias do momento.", "start_date": "2026-08-29T01:14:00+00:00", "title": "Global Week-End"}, {"desc": "As principais not\u00edcias do momento.", "start_date": "2026-08-29T01:30:00+00:00", "title": "Global Week-End"}, {"desc": "'Made in Europe' asks if European firms still lead the world - going inside the factories to find out.", "start_date": "2026-08-29T01:46:00+00:00", "title": "Made in europe"}, {"desc": "As principais not\u00edcias do momento.", "start_date": "2026-08-29T02:00:00+00:00", "title": "Global Week-End"}, {"desc": "As principais not\u00edcias do momento.", "start_date": "2026-08-29T02:15:00+00:00", "title": "Global Week-End"}, {"desc": "As principais not\u00edcias do momento.", "start_date": "2026-08-29T02:30:00+00:00", "title": "Global Week-End"}, {"desc": "As principais not\u00edcias do momento.", "start_date": "2026-08-29T03:00:00+00:00", "title": "5 Minutes"}, {"desc": "As principais not\u00edcias do momento.", "start_date": "2026-08-29T03:15:00+00:00", "title": "5 Minutes"}, {"desc": "As principais not\u00edcias do momento.", "start_date": "2026-08-29T03:30:00+00:00", "title": "5 Minutes"}, {"desc": "As principais not\u00edcias do momento.", "start_date": "2026-08-29T04:00:00+00:00", "title": "5 Minutes"}, {"desc": "Euronews' weekly show where Europe's most outspoken voices clash on the continent's biggest political debates.", "start_date": "2026-08-29T04:05:00+00:00", "title": "The Ring"}, {"desc": "As principais not\u00edcias do momento.", "start_date": "2026-08-29T04:29:00+00:00", "title": "5 Minutes"}, {"desc": "Euronews' weekly show where Europe's most outspoken voices clash on the continent's biggest political debates.", "start_date": "2026-08-29T04:34:00+00:00", "title": "The Ring"}, {"desc": "As principais not\u00edcias do momento.", "start_date": "2026-08-29T05:00:00+00:00", "title": "5 Minutes"}, {"desc": "In-depth interviews with influential Europeans shaping politics, business, science and the future of the continent.", "start_date": "2026-08-29T05:05:00+00:00", "title": "12 minutes with"}, {"desc": "As principais not\u00edcias do momento.", "start_date": "2026-08-29T05:30:00+00:00", "title": "5 Minutes"}, {"desc": "'Made in Europe' asks if European firms still lead the world - going inside the factories to find out.", "start_date": "2026-08-29T05:38:00+00:00", "title": "Made in europe"}, {"desc": "As principais not\u00edcias do momento.", "start_date": "2026-08-29T05:48:00+00:00", "title": "News"}, {"desc": "As principais not\u00edcias do momento.", "start_date": "2026-08-29T06:00:00+00:00", "title": "5 Minutes"}, {"desc": "Euronews' weekly show where Europe's most outspoken voices clash on the continent's biggest political debates.", "start_date": "2026-08-29T06:05:00+00:00", "title": "The Ring"}, {"desc": "As principais not\u00edcias do momento.", "start_date": "2026-08-29T06:29:00+00:00", "title": "5 Minutes"}, {"desc": "Euronews' weekly show where Europe's most outspoken voices clash on the continent's biggest political debates.", "start_date": "2026-08-29T06:34:00+00:00", "title": "The Ring"}, {"desc": "As principais not\u00edcias do momento.", "start_date": "2026-08-29T07:00:00+00:00", "title": "5 Minutes"}, {"desc": "In-depth interviews with influential Europeans shaping politics, business, science and the future of the continent.", "start_date": "2026-08-29T07:05:00+00:00", "title": "12 minutes with"}, {"desc": "As principais not\u00edcias do momento.", "start_date": "2026-08-29T07:30:00+00:00", "title": "5 Minutes"}, {"desc": "'Made in Europe' asks if European firms still lead the world - going inside the factories to find out.", "start_date": "2026-08-29T07:38:00+00:00", "title": "Made in europe"}, {"desc": "As principais not\u00edcias do momento.", "start_date": "2026-08-29T07:48:00+00:00", "title": "News"}, {"desc": "As principais not\u00edcias do momento.", "start_date": "2026-08-29T08:00:00+00:00", "title": "5 Minutes"}, {"desc": "Euronews' weekly show where Europe's most outspoken voices clash on the continent's biggest political debates.", "start_date": "2026-08-29T08:05:00+00:00", "title": "The Ring"}, {"desc": "As principais not\u00edcias do momento.", "start_date": "2026-08-29T08:29:00+00:00", "title": "5 Minutes"}, {"desc": "Euronews' weekly show where Europe's most outspoken voices clash on the continent's biggest political debates.", "start_date": "2026-08-29T08:34:00+00:00", "title": "The Ring"}, {"desc": "As principais not\u00edcias do momento.", "start_date": "2026-08-29T09:00:00+00:00", "title": "5 Minutes"}, {"desc": "In-depth interviews with influential Europeans shaping politics, business, science and the future of the continent.", "start_date": "2026-08-29T09:05:00+00:00", "title": "12 minutes with"}, {"desc": "As principais not\u00edcias do momento.", "start_date": "2026-08-29T09:30:00+00:00", "title": "5 Minutes"}, {"desc": "'Made in Europe' asks if European firms still lead the world - going inside the factories to find out.", "start_date": "2026-08-29T09:38:00+00:00", "title": "Made in europe"}, {"desc": "As principais not\u00edcias do momento.", "start_date": "2026-08-29T09:48:00+00:00", "title": "News"}, {"desc": "As principais not\u00edcias do momento.", "start_date": "2026-08-29T10:00:00+00:00", "title": "5 Minutes"}, {"desc": "Euronews' weekly show where Europe's most outspoken voices clash on the continent's biggest political debates.", "start_date": "2026-08-29T10:05:00+00:00", "title": "The Ring"}, {"desc": "As principais not\u00edcias do momento.", "start_date": "2026-08-29T10:29:00+00:00", "title": "5 Minutes"}, {"desc": "Euronews' weekly show where Europe's most outspoken voices clash on the continent's biggest political debates.", "start_date": "2026-08-29T10:34:00+00:00", "title": "The Ring"}, {"desc": "As principais not\u00edcias do momento.", "start_date": "2026-08-29T11:00:00+00:00", "title": "5 Minutes"}, {"desc": "In-depth interviews with influential Europeans shaping politics, business, science and the future of the continent.", "start_date": "2026-08-29T11:05:00+00:00", "title": "12 minutes with"}, {"desc": "As principais not\u00edcias do momento.", "start_date": "2026-08-29T11:30:00+00:00", "title": "5 Minutes"}, {"desc": "'Made in Europe' asks if European firms still lead the world - going inside the factories to find out.", "start_date": "2026-08-29T11:38:00+00:00", "title": "Made in europe"}, {"desc": "As principais not\u00edcias do momento.", "start_date": "2026-08-29T11:48:00+00:00", "title": "News"}, {"desc": "As principais not\u00edcias do momento.", "start_date": "2026-08-29T12:00:00+00:00", "title": "5 Minutes"}, {"desc": "Euronews' weekly show where Europe's most outspoken voices clash on the continent's biggest political debates.", "start_date": "2026-08-29T12:05:00+00:00", "title": "The Ring"}, {"desc": "As principais not\u00edcias do momento.", "start_date": "2026-08-29T12:29:00+00:00", "title": "5 Minutes"}, {"desc": "Euronews' weekly show where Europe's most outspoken voices clash on the continent's biggest political debates.", "start_date": "2026-08-29T12:34:00+00:00", "title": "The Ring"}, {"desc": "As principais not\u00edcias do momento.", "start_date": "2026-08-29T13:00:00+00:00", "title": "5 Minutes"}, {"desc": "In-depth interviews with influential Europeans shaping politics, business, science and the future of the continent.", "start_date": "2026-08-29T13:05:00+00:00", "title": "12 minutes with"}, {"desc": "As principais not\u00edcias do momento.", "start_date": "2026-08-29T13:30:00+00:00", "title": "5 Minutes"}, {"desc": "'Made in Europe' asks if European firms still lead the world - going inside the factories to find out.", "start_date": "2026-08-29T13:38:00+00:00", "title": "Made in europe"}, {"desc": "As principais not\u00edcias do momento.", "start_date": "2026-08-29T13:48:00+00:00", "title": "News"}, {"desc": "As principais not\u00edcias do momento.", "start_date": "2026-08-29T14:00:00+00:00", "title": "5 Minutes"}, {"desc": "Euronews' weekly show where Europe's most outspoken voices clash on the continent's biggest political debates.", "start_date": "2026-08-29T14:05:00+00:00", "title": "The Ring"}, {"desc": "As principais not\u00edcias do momento.", "start_date": "2026-08-29T14:29:00+00:00", "title": "5 Minutes"}, {"desc": "Euronews' weekly show where Europe's most outspoken voices clash on the continent's biggest political debates.", "start_date": "2026-08-29T14:34:00+00:00", "title": "The Ring"}, {"desc": "As principais not\u00edcias do momento.", "start_date": "2026-08-29T15:00:00+00:00", "title": "5 Minutes"}, {"desc": "In-depth interviews with influential Europeans shaping politics, business, science and the future of the continent.", "start_date": "2026-08-29T15:05:00+00:00", "title": "12 minutes with"}, {"desc": "As principais not\u00edcias do momento.", "start_date": "2026-08-29T15:30:00+00:00", "title": "5 Minutes"}, {"desc": "'Made in Europe' asks if European firms still lead the world - going inside the factories to find out.", "start_date": "2026-08-29T15:38:00+00:00", "title": "Made in europe"}, {"desc": "As principais not\u00edcias do momento.", "start_date": "2026-08-29T15:48:00+00:00", "title": "News"}, {"desc": "As principais not\u00edcias do momento.", "start_date": "2026-08-29T16:00:00+00:00", "title": "5 Minutes"}, {"desc": "Euronews' weekly show where Europe's most outspoken voices clash on the continent's biggest political debates.", "start_date": "2026-08-29T16:05:00+00:00", "title": "The Ring"}, {"desc": "As principais not\u00edcias do momento.", "start_date": "2026-08-29T16:29:00+00:00", "title": "5 Minutes"}, {"desc": "Euronews' weekly show where Europe's most outspoken voices clash on the continent's biggest political debates.", "start_date": "2026-08-29T16:34:00+00:00", "title": "The Ring"}, {"desc": "As principais not\u00edcias do momento.", "start_date": "2026-08-29T17:00:00+00:00", "title": "5 Minutes"}, {"desc": "In-depth interviews with influential Europeans shaping politics, business, science and the future of the continent.", "start_date": "2026-08-29T17:05:00+00:00", "title": "12 minutes with"}, {"desc": "As principais not\u00edcias do momento.", "start_date": "2026-08-29T17:30:00+00:00", "title": "5 Minutes"}, {"desc": "'Made in Europe' asks if European firms still lead the world - going inside the factories to find out.", "start_date": "2026-08-29T17:38:00+00:00", "title": "Made in europe"}, {"desc": "As principais not\u00edcias do momento.", "start_date": "2026-08-29T17:48:00+00:00", "title": "News"}, {"desc": "As principais not\u00edcias do momento.", "start_date": "2026-08-29T18:00:00+00:00", "title": "5 Minutes"}, {"desc": "Euronews' weekly show where Europe's most outspoken voices clash on the continent's biggest political debates.", "start_date": "2026-08-29T18:05:00+00:00", "title": "The Ring"}, {"desc": "As principais not\u00edcias do momento.", "start_date": "2026-08-29T18:29:00+00:00", "title": "5 Minutes"}, {"desc": "Euronews' weekly show where Europe's most outspoken voices clash on the continent's biggest political debates.", "start_date": "2026-08-29T18:34:00+00:00", "title": "The Ring"}, {"desc": "As principais not\u00edcias do momento.", "start_date": "2026-08-29T19:00:00+00:00", "title": "5 Minutes"}, {"desc": "In-depth interviews with influential Europeans shaping politics, business, science and the future of the continent.", "start_date": "2026-08-29T19:05:00+00:00", "title": "12 minutes with"}, {"desc": "As principais not\u00edcias do momento.", "start_date": "2026-08-29T19:30:00+00:00", "title": "5 Minutes"}, {"desc": "'Made in Europe' asks if European firms still lead the world - going inside the factories to find out.", "start_date": "2026-08-29T19:38:00+00:00", "title": "Made in europe"}, {"desc": "As principais not\u00edcias do momento.", "start_date": "2026-08-29T19:48:00+00:00", "title": "News"}, {"desc": "As principais not\u00edcias do momento.", "start_date": "2026-08-29T20:00:00+00:00", "title": "5 Minutes"}, {"desc": "Euronews' weekly show where Europe's most outspoken voices clash on the continent's biggest political debates.", "start_date": "2026-08-29T20:05:00+00:00", "title": "The Ring"}, {"desc": "As principais not\u00edcias do momento.", "start_date": "2026-08-29T20:29:00+00:00", "title": "5 Minutes"}, {"desc": "Euronews' weekly show where Europe's most outspoken voices clash on the continent's biggest political debates.", "start_date": "2026-08-29T20:34:00+00:00", "title": "The Ring"}, {"desc": "As principais not\u00edcias do momento.", "start_date": "2026-08-29T21:00:00+00:00", "title": "5 Minutes"}, {"desc": "In-depth interviews with influential Europeans shaping politics, business, science and the future of the continent.", "start_date": "2026-08-29T21:05:00+00:00", "title": "12 minutes with"}, {"desc": "As principais not\u00edcias do momento.", "start_date": "2026-08-29T21:30:00+00:00", "title": "5 Minutes"}, {"desc": "'Made in Europe' asks if European firms still lead the world - going inside the factories to find out.", "start_date": "2026-08-29T21:38:00+00:00", "title": "Made in europe"}, {"desc": "As principais not\u00edcias do momento.", "start_date": "2026-08-29T21:48:00+00:00", "title": "News"}, {"desc": "As principais not\u00edcias do momento.", "start_date": "2026-08-29T22:00:00+00:00", "title": "Global Week-End"}, {"desc": "In-depth interviews with influential Europeans shaping politics, business, science and the future of the continent.", "start_date": "2026-08-29T22:05:00+00:00", "title": "12 minutes with"}, {"desc": "As principais not\u00edcias do momento.", "start_date": "2026-08-29T22:30:00+00:00", "title": "Global Week-End"}, {"desc": "'Made in Europe' asks if European firms still lead the world - going inside the factories to find out.", "start_date": "2026-08-29T22:38:00+00:00", "title": "Made in europe"}, {"desc": "As principais not\u00edcias do momento.", "start_date": "2026-08-29T22:48:00+00:00", "title": "News"}, {"desc": "As principais not\u00edcias do momento.", "start_date": "2026-08-29T23:00:00+00:00", "title": "Global Week-End"}, {"desc": "Euronews' weekly show where Europe's most outspoken voices clash on the continent's biggest political debates.", "start_date": "2026-08-29T23:05:00+00:00", "title": "The Ring"}, {"desc": "As principais not\u00edcias do momento.", "start_date": "2026-08-29T23:29:00+00:00", "title": "Global Week-End"}, {"desc": "Euronews' weekly show where Europe's most outspoken voices clash on the continent's biggest political debates.", "start_date": "2026-08-29T23:34:00+00:00", "title": "The Ring"}, {"desc": "As principais not\u00edcias do momento.", "start_date": "2026-08-30T00:00:00+00:00", "title": "Global Week-End"}], "offset": "+00:00", "timezone": "UTC", "error_code": -1, "start_date": "2026-08-28", "icon": ""}