{"end_date": "2026-09-02", "name": "Euronews", "info_url": "https://epg.pw/channels/486779/20260901.html", "country": "United Kingdom of Great Britain and Northern Ireland", "description": null, "error_message": "", "provider": "", "source_url": "https://epg.pw/api/epg.json?channel_id=486779&date=20260901&timezone=None", "epg_list": [{"desc": "Live headlines,breaking news, analysis and interviews from Europe's News Centre.", "start_date": "2026-09-01T00:00:00+00:00", "title": "The European Debrief"}, {"desc": "Live headlines,breaking news, analysis and interviews from Europe's News Centre.", "start_date": "2026-09-01T00:15:00+00:00", "title": "The European Debrief"}, {"desc": "Live headlines,breaking news, analysis and interviews from Europe's News Centre.", "start_date": "2026-09-01T00:30:00+00:00", "title": "The European Debrief"}, {"desc": "Live headlines,breaking news, analysis and interviews from Europe's News Centre.", "start_date": "2026-09-01T01:00:00+00:00", "title": "The European Debrief"}, {"desc": "Live headlines,breaking news, analysis and interviews from Europe's News Centre.", "start_date": "2026-09-01T01:14:00+00:00", "title": "The European Debrief"}, {"desc": "Live headlines,breaking news, analysis and interviews from Europe's News Centre.", "start_date": "2026-09-01T01:30:00+00:00", "title": "The European Debrief"}, {"desc": "As principais not\u00edcias do momento.", "start_date": "2026-09-01T01:46:00+00:00", "title": "News"}, {"desc": "Live headlines,breaking news, analysis and interviews from Europe's News Centre.", "start_date": "2026-09-01T02:00:00+00:00", "title": "The European Debrief"}, {"desc": "Live headlines,breaking news, analysis and interviews from Europe's News Centre.", "start_date": "2026-09-01T02:15:00+00:00", "title": "The European Debrief"}, {"desc": "Live headlines,breaking news, analysis and interviews from Europe's News Centre.", "start_date": "2026-09-01T02:30:00+00:00", "title": "The European Debrief"}, {"desc": "Live headlines,breaking news, analysis and interviews from Europe's News Centre.", "start_date": "2026-09-01T03:00:00+00:00", "title": "The European Debrief"}, {"desc": "Live headlines,breaking news, analysis and interviews from Europe's News Centre.", "start_date": "2026-09-01T03:15:00+00:00", "title": "The European Debrief"}, {"desc": "Live headlines,breaking news, analysis and interviews from Europe's News Centre.", "start_date": "2026-09-01T03:30:00+00:00", "title": "The European Debrief"}, {"desc": "Live headlines,breaking news, analysis and interviews from Europe's News Centre.", "start_date": "2026-09-01T04:00:00+00:00", "title": "Wake Up Europe"}, {"desc": "Live headlines,breaking news, analysis and interviews from Europe's News Centre.", "start_date": "2026-09-01T04:15:00+00:00", "title": "Wake Up Europe"}, {"desc": "Live headlines,breaking news, analysis and interviews from Europe's News Centre.", "start_date": "2026-09-01T04:30:00+00:00", "title": "Wake Up Europe"}, {"desc": "Live headlines,breaking news, analysis and interviews from Europe's News Centre.", "start_date": "2026-09-01T05:00:00+00:00", "title": "Wake Up Europe"}, {"desc": "Live headlines,breaking news, analysis and interviews from Europe's News Centre.", "start_date": "2026-09-01T05:15:00+00:00", "title": "Wake Up Europe"}, {"desc": "Live headlines,breaking news, analysis and interviews from Europe's News Centre.", "start_date": "2026-09-01T05:30:00+00:00", "title": "Wake Up Europe"}, {"desc": "Euronews' flagship morning TV show with the news and insights that drive Europe, live from ..", "start_date": "2026-09-01T06:00:00+00:00", "title": "Europe Today"}, {"desc": "Live headlines,breaking news, analysis and interviews from Europe's News Centre.", "start_date": "2026-09-01T06:30:00+00:00", "title": "Wake Up Europe"}, {"desc": "As principais not\u00edcias do momento.", "start_date": "2026-09-01T06:48:00+00:00", "title": "News"}, {"desc": "Euronews' flagship morning TV show with the news and insights that drive Europe, live from ..", "start_date": "2026-09-01T07:00:00+00:00", "title": "Europe Today"}, {"desc": "Live headlines,breaking news, analysis and interviews from Europe's News Centre.", "start_date": "2026-09-01T07:30:00+00:00", "title": "Wake Up Europe"}, {"desc": "'Made in Europe' asks if European firms still lead the world - going inside the factories to find out.", "start_date": "2026-09-01T07:46:00+00:00", "title": "Made in europe"}, {"desc": "Euronews' flagship morning TV show with the news and insights that drive Europe, live from ..", "start_date": "2026-09-01T08:00:00+00:00", "title": "Europe Today"}, {"desc": "Breaking News. In depth analysis on the biggest stories making headlines in Europe and across the world.", "start_date": "2026-09-01T08:30:00+00:00", "title": "Euronews Now"}, {"desc": "As principais not\u00edcias do momento.", "start_date": "2026-09-01T08:46:00+00:00", "title": "News"}, {"desc": "Breaking News. In depth analysis on the biggest stories making headlines in Europe and across the world.", "start_date": "2026-09-01T09:00:00+00:00", "title": "Euronews Now"}, {"desc": "As principais not\u00edcias do momento.", "start_date": "2026-09-01T09:16:00+00:00", "title": "News"}, {"desc": "Breaking News. In depth analysis on the biggest stories making headlines in Europe and across the world.", "start_date": "2026-09-01T09:30:00+00:00", "title": "Euronews Now"}, {"desc": "'Made in Europe' asks if European firms still lead the world - going inside the factories to find out.", "start_date": "2026-09-01T09:46:00+00:00", "title": "Made in europe"}, {"desc": "Breaking News. In depth analysis on the biggest stories making headlines in Europe and across the world.", "start_date": "2026-09-01T10:00:00+00:00", "title": "Euronews Now"}, {"desc": "Breaking News. In depth analysis on the biggest stories making headlines in Europe and across the world.", "start_date": "2026-09-01T10:15:00+00:00", "title": "Euronews Now"}, {"desc": "Breaking News. In depth analysis on the biggest stories making headlines in Europe and across the world.", "start_date": "2026-09-01T10:30:00+00:00", "title": "Euronews Now"}, {"desc": "Breaking News. In depth analysis on the biggest stories making headlines in Europe and across the world.", "start_date": "2026-09-01T11:00:00+00:00", "title": "Euronews Now"}, {"desc": "Breaking News. In depth analysis on the biggest stories making headlines in Europe and across the world.", "start_date": "2026-09-01T11:15:00+00:00", "title": "Euronews Now"}, {"desc": "Breaking News. In depth analysis on the biggest stories making headlines in Europe and across the world.", "start_date": "2026-09-01T11:30:00+00:00", "title": "Euronews Now"}, {"desc": "Breaking News. In depth analysis on the biggest stories making headlines in Europe and across the world.", "start_date": "2026-09-01T12:00:00+00:00", "title": "Euronews Now"}, {"desc": "Breaking News. In depth analysis on the biggest stories making headlines in Europe and across the world.", "start_date": "2026-09-01T12:15:00+00:00", "title": "Euronews Now"}, {"desc": "Breaking News. In depth analysis on the biggest stories making headlines in Europe and across the world.", "start_date": "2026-09-01T12:30:00+00:00", "title": "Euronews Now"}, {"desc": "Breaking News. In depth analysis on the biggest stories making headlines in Europe and across the world.", "start_date": "2026-09-01T13:00:00+00:00", "title": "Euronews Now"}, {"desc": "Breaking News. In depth analysis on the biggest stories making headlines in Europe and across the world.", "start_date": "2026-09-01T13:15:00+00:00", "title": "Euronews Now"}, {"desc": "Breaking News. In depth analysis on the biggest stories making headlines in Europe and across the world.", "start_date": "2026-09-01T13:30:00+00:00", "title": "Euronews Now"}, {"desc": "As principais not\u00edcias do momento.", "start_date": "2026-09-01T13:45:00+00:00", "title": "News"}, {"desc": "Live headlines,breaking news, analysis and interviews from Europe's News Centre.", "start_date": "2026-09-01T14:00:00+00:00", "title": "The European Debrief"}, {"desc": "As principais not\u00edcias do momento.", "start_date": "2026-09-01T14:18:00+00:00", "title": "News"}, {"desc": "Live headlines,breaking news, analysis and interviews from Europe's News Centre.", "start_date": "2026-09-01T14:30:00+00:00", "title": "The European Debrief"}, {"desc": "Live headlines,breaking news, analysis and interviews from Europe's News Centre.", "start_date": "2026-09-01T15:00:00+00:00", "title": "The European Debrief"}, {"desc": "Live headlines,breaking news, analysis and interviews from Europe's News Centre.", "start_date": "2026-09-01T15:15:00+00:00", "title": "The European Debrief"}, {"desc": "Live headlines,breaking news, analysis and interviews from Europe's News Centre.", "start_date": "2026-09-01T15:30:00+00:00", "title": "The European Debrief"}, {"desc": "Live headlines,breaking news, analysis and interviews from Europe's News Centre.", "start_date": "2026-09-01T16:00:00+00:00", "title": "The European Debrief"}, {"desc": "Live headlines,breaking news, analysis and interviews from Europe's News Centre.", "start_date": "2026-09-01T16:15:00+00:00", "title": "The European Debrief"}, {"desc": "Live headlines,breaking news, analysis and interviews from Europe's News Centre.", "start_date": "2026-09-01T16:30:00+00:00", "title": "The European Debrief"}, {"desc": "Live headlines,breaking news, analysis and interviews from Europe's News Centre.", "start_date": "2026-09-01T17:00:00+00:00", "title": "The European Debrief"}, {"desc": "Live headlines,breaking news, analysis and interviews from Europe's News Centre.", "start_date": "2026-09-01T17:15:00+00:00", "title": "The European Debrief"}, {"desc": "Live headlines,breaking news, analysis and interviews from Europe's News Centre.", "start_date": "2026-09-01T17:30:00+00:00", "title": "The European Debrief"}, {"desc": "Live headlines,breaking news, analysis and interviews from Europe's News Centre.", "start_date": "2026-09-01T18:00:00+00:00", "title": "The European Debrief"}, {"desc": "Live headlines,breaking news, analysis and interviews from Europe's News Centre.", "start_date": "2026-09-01T18:14:00+00:00", "title": "The European Debrief"}, {"desc": "In-depth interviews with influential Europeans shaping politics, business, science and the future of the continent.", "start_date": "2026-09-01T18:30:00+00:00", "title": "12 minutes with"}, {"desc": "Live headlines,breaking news, analysis and interviews from Europe's News Centre.", "start_date": "2026-09-01T18:45:00+00:00", "title": "The European Debrief"}, {"desc": "Live headlines,breaking news, analysis and interviews from Europe's News Centre.", "start_date": "2026-09-01T19:00:00+00:00", "title": "The European Debrief"}, {"desc": "Live headlines,breaking news, analysis and interviews from Europe's News Centre.", "start_date": "2026-09-01T19:15:00+00:00", "title": "The European Debrief"}, {"desc": "Live headlines,breaking news, analysis and interviews from Europe's News Centre.", "start_date": "2026-09-01T19:30:00+00:00", "title": "The European Debrief"}, {"desc": "EXPLORE \u00e9 uma mistura de experi\u00eancias, uma abertura ao mundo e o lugar certo para obter inspira\u00e7\u00e3o para a sua pr\u00f3xima viagem.", "start_date": "2026-09-01T19:49:00+00:00", "title": "Explore Angola"}, {"desc": "Live headlines,breaking news, analysis and interviews from Europe's News Centre.", "start_date": "2026-09-01T20:00:00+00:00", "title": "The European Debrief"}, {"desc": "Live headlines,breaking news, analysis and interviews from Europe's News Centre.", "start_date": "2026-09-01T20:14:00+00:00", "title": "The European Debrief"}, {"desc": "Live headlines,breaking news, analysis and interviews from Europe's News Centre.", "start_date": "2026-09-01T20:30:00+00:00", "title": "The European Debrief"}, {"desc": "As principais not\u00edcias do momento.", "start_date": "2026-09-01T20:47:00+00:00", "title": "News"}, {"desc": "Live headlines,breaking news, analysis and interviews from Europe's News Centre.", "start_date": "2026-09-01T21:00:00+00:00", "title": "The European Debrief"}, {"desc": "Live headlines,breaking news, analysis and interviews from Europe's News Centre.", "start_date": "2026-09-01T21:15:00+00:00", "title": "The European Debrief"}, {"desc": "Live headlines,breaking news, analysis and interviews from Europe's News Centre.", "start_date": "2026-09-01T21:30:00+00:00", "title": "The European Debrief"}, {"desc": "Silk Road Adventures \u00e9 um programa sobre arte, cultura e lifestyle que explora o vasto patrim\u00f3nio do ..", "start_date": "2026-09-01T21:49:00+00:00", "title": "Silk Road Adventure"}, {"desc": "Live headlines,breaking news, analysis and interviews from Europe's News Centre.", "start_date": "2026-09-01T22:00:00+00:00", "title": "The European Debrief"}, {"desc": "Live headlines,breaking news, analysis and interviews from Europe's News Centre.", "start_date": "2026-09-01T22:15:00+00:00", "title": "The European Debrief"}, {"desc": "Live headlines,breaking news, analysis and interviews from Europe's News Centre.", "start_date": "2026-09-01T22:30:00+00:00", "title": "The European Debrief"}, {"desc": "Live headlines,breaking news, analysis and interviews from Europe's News Centre.", "start_date": "2026-09-01T23:00:00+00:00", "title": "The European Debrief"}, {"desc": "Live headlines,breaking news, analysis and interviews from Europe's News Centre.", "start_date": "2026-09-01T23:15:00+00:00", "title": "The European Debrief"}, {"desc": "Live headlines,breaking news, analysis and interviews from Europe's News Centre.", "start_date": "2026-09-01T23:30:00+00:00", "title": "The European Debrief"}, {"desc": "Live headlines,breaking news, analysis and interviews from Europe's News Centre.", "start_date": "2026-09-02T00:00:00+00:00", "title": "The European Debrief"}, {"desc": "Live headlines,breaking news, analysis and interviews from Europe's News Centre.", "start_date": "2026-09-02T00:15:00+00:00", "title": "The European Debrief"}, {"desc": "Live headlines,breaking news, analysis and interviews from Europe's News Centre.", "start_date": "2026-09-02T00:30:00+00:00", "title": "The European Debrief"}, {"desc": "Live headlines,breaking news, analysis and interviews from Europe's News Centre.", "start_date": "2026-09-02T01:00:00+00:00", "title": "The European Debrief"}, {"desc": "Live headlines,breaking news, analysis and interviews from Europe's News Centre.", "start_date": "2026-09-02T01:14:00+00:00", "title": "The European Debrief"}, {"desc": "Live headlines,breaking news, analysis and interviews from Europe's News Centre.", "start_date": "2026-09-02T01:30:00+00:00", "title": "The European Debrief"}, {"desc": "Live headlines,breaking news, analysis and interviews from Europe's News Centre.", "start_date": "2026-09-02T02:00:00+00:00", "title": "The European Debrief"}, {"desc": "Live headlines,breaking news, analysis and interviews from Europe's News Centre.", "start_date": "2026-09-02T02:15:00+00:00", "title": "The European Debrief"}, {"desc": "Live headlines,breaking news, analysis and interviews from Europe's News Centre.", "start_date": "2026-09-02T02:30:00+00:00", "title": "The European Debrief"}, {"desc": "Live headlines,breaking news, analysis and interviews from Europe's News Centre.", "start_date": "2026-09-02T03:00:00+00:00", "title": "The European Debrief"}, {"desc": "Live headlines,breaking news, analysis and interviews from Europe's News Centre.", "start_date": "2026-09-02T03:15:00+00:00", "title": "The European Debrief"}, {"desc": "Live headlines,breaking news, analysis and interviews from Europe's News Centre.", "start_date": "2026-09-02T03:30:00+00:00", "title": "The European Debrief"}, {"desc": "Live headlines,breaking news, analysis and interviews from Europe's News Centre.", "start_date": "2026-09-02T04:00:00+00:00", "title": "Wake Up Europe"}, {"desc": "Live headlines,breaking news, analysis and interviews from Europe's News Centre.", "start_date": "2026-09-02T04:15:00+00:00", "title": "Wake Up Europe"}, {"desc": "Live headlines,breaking news, analysis and interviews from Europe's News Centre.", "start_date": "2026-09-02T04:30:00+00:00", "title": "Wake Up Europe"}, {"desc": "Live headlines,breaking news, analysis and interviews from Europe's News Centre.", "start_date": "2026-09-02T05:00:00+00:00", "title": "Wake Up Europe"}, {"desc": "Live headlines,breaking news, analysis and interviews from Europe's News Centre.", "start_date": "2026-09-02T05:15:00+00:00", "title": "Wake Up Europe"}, {"desc": "Live headlines,breaking news, analysis and interviews from Europe's News Centre.", "start_date": "2026-09-02T05:30:00+00:00", "title": "Wake Up Europe"}, {"desc": "Euronews' flagship morning TV show with the news and insights that drive Europe, live from ..", "start_date": "2026-09-02T06:00:00+00:00", "title": "Europe Today"}, {"desc": "Live headlines,breaking news, analysis and interviews from Europe's News Centre.", "start_date": "2026-09-02T06:30:00+00:00", "title": "Wake Up Europe"}, {"desc": "EXPLORE \u00e9 uma mistura de experi\u00eancias, uma abertura ao mundo e o lugar certo para obter inspira\u00e7\u00e3o para a sua pr\u00f3xima viagem.", "start_date": "2026-09-02T06:49:00+00:00", "title": "Explore Angola"}, {"desc": "Euronews' flagship morning TV show with the news and insights that drive Europe, live from ..", "start_date": "2026-09-02T07:00:00+00:00", "title": "Europe Today"}, {"desc": "Live headlines,breaking news, analysis and interviews from Europe's News Centre.", "start_date": "2026-09-02T07:30:00+00:00", "title": "Wake Up Europe"}, {"desc": "As principais not\u00edcias do momento.", "start_date": "2026-09-02T07:46:00+00:00", "title": "News"}, {"desc": "Euronews' flagship morning TV show with the news and insights that drive Europe, live from ..", "start_date": "2026-09-02T08:00:00+00:00", "title": "Europe Today"}, {"desc": "Breaking News. In depth analysis on the biggest stories making headlines in Europe and across the world.", "start_date": "2026-09-02T08:30:00+00:00", "title": "Euronews Now"}, {"desc": "As principais not\u00edcias do momento.", "start_date": "2026-09-02T08:46:00+00:00", "title": "News"}, {"desc": "Breaking News. In depth analysis on the biggest stories making headlines in Europe and across the world.", "start_date": "2026-09-02T09:00:00+00:00", "title": "Euronews Now"}, {"desc": "Programa semanal de entrevistas aprofundadas com as personalidades mais importantes da Europa, discutindo a situa\u00e7\u00e3o da Europa e os desafios cruciais.", "start_date": "2026-09-02T09:30:00+00:00", "title": "Europe Conversation"}, {"desc": "In-depth interviews with influential Europeans shaping politics, business, science and the future of the continent.", "start_date": "2026-09-02T09:42:00+00:00", "title": "12 minutes with"}, {"desc": "Breaking News. In depth analysis on the biggest stories making headlines in Europe and across the world.", "start_date": "2026-09-02T10:00:00+00:00", "title": "Euronews Now"}, {"desc": "Breaking News. In depth analysis on the biggest stories making headlines in Europe and across the world.", "start_date": "2026-09-02T10:15:00+00:00", "title": "Euronews Now"}, {"desc": "Breaking News. In depth analysis on the biggest stories making headlines in Europe and across the world.", "start_date": "2026-09-02T10:30:00+00:00", "title": "Euronews Now"}, {"desc": "'Made in Europe' asks if European firms still lead the world - going inside the factories to find out.", "start_date": "2026-09-02T10:46:00+00:00", "title": "Made in europe"}, {"desc": "Breaking News. In depth analysis on the biggest stories making headlines in Europe and across the world.", "start_date": "2026-09-02T11:00:00+00:00", "title": "Euronews Now"}, {"desc": "Breaking News. In depth analysis on the biggest stories making headlines in Europe and across the world.", "start_date": "2026-09-02T11:15:00+00:00", "title": "Euronews Now"}, {"desc": "Breaking News. In depth analysis on the biggest stories making headlines in Europe and across the world.", "start_date": "2026-09-02T11:30:00+00:00", "title": "Euronews Now"}, {"desc": "Breaking News. In depth analysis on the biggest stories making headlines in Europe and across the world.", "start_date": "2026-09-02T12:00:00+00:00", "title": "Euronews Now"}, {"desc": "Breaking News. In depth analysis on the biggest stories making headlines in Europe and across the world.", "start_date": "2026-09-02T12:15:00+00:00", "title": "Euronews Now"}, {"desc": "Breaking News. In depth analysis on the biggest stories making headlines in Europe and across the world.", "start_date": "2026-09-02T12:30:00+00:00", "title": "Euronews Now"}, {"desc": "Breaking News. In depth analysis on the biggest stories making headlines in Europe and across the world.", "start_date": "2026-09-02T13:00:00+00:00", "title": "Euronews Now"}, {"desc": "Breaking News. In depth analysis on the biggest stories making headlines in Europe and across the world.", "start_date": "2026-09-02T13:15:00+00:00", "title": "Euronews Now"}, {"desc": "Programa semanal de entrevistas aprofundadas com as personalidades mais importantes da Europa, discutindo a situa\u00e7\u00e3o da Europa e os desafios cruciais.", "start_date": "2026-09-02T13:31:00+00:00", "title": "Europe Conversation"}, {"desc": "In-depth interviews with influential Europeans shaping politics, business, science and the future of the continent.", "start_date": "2026-09-02T13:44:00+00:00", "title": "12 minutes with"}, {"desc": "Live headlines,breaking news, analysis and interviews from Europe's News Centre.", "start_date": "2026-09-02T14:00:00+00:00", "title": "The European Debrief"}, {"desc": "Live headlines,breaking news, analysis and interviews from Europe's News Centre.", "start_date": "2026-09-02T14:30:00+00:00", "title": "The European Debrief"}, {"desc": "EXPLORE \u00e9 uma mistura de experi\u00eancias, uma abertura ao mundo e o lugar certo para obter inspira\u00e7\u00e3o para a sua pr\u00f3xima viagem.", "start_date": "2026-09-02T14:49:00+00:00", "title": "Explore Angola"}, {"desc": "Live headlines,breaking news, analysis and interviews from Europe's News Centre.", "start_date": "2026-09-02T15:00:00+00:00", "title": "The European Debrief"}, {"desc": "Live headlines,breaking news, analysis and interviews from Europe's News Centre.", "start_date": "2026-09-02T15:15:00+00:00", "title": "The European Debrief"}, {"desc": "Live headlines,breaking news, analysis and interviews from Europe's News Centre.", "start_date": "2026-09-02T15:30:00+00:00", "title": "The European Debrief"}, {"desc": "As principais not\u00edcias do momento.", "start_date": "2026-09-02T15:44:00+00:00", "title": "News"}, {"desc": "Live headlines,breaking news, analysis and interviews from Europe's News Centre.", "start_date": "2026-09-02T16:00:00+00:00", "title": "The European Debrief"}, {"desc": "Live headlines,breaking news, analysis and interviews from Europe's News Centre.", "start_date": "2026-09-02T16:15:00+00:00", "title": "The European Debrief"}, {"desc": "Live headlines,breaking news, analysis and interviews from Europe's News Centre.", "start_date": "2026-09-02T16:30:00+00:00", "title": "The European Debrief"}, {"desc": "'Made in Europe' asks if European firms still lead the world - going inside the factories to find out.", "start_date": "2026-09-02T16:48:00+00:00", "title": "Made in europe"}, {"desc": "Live headlines,breaking news, analysis and interviews from Europe's News Centre.", "start_date": "2026-09-02T17:00:00+00:00", "title": "The European Debrief"}, {"desc": "Live headlines,breaking news, analysis and interviews from Europe's News Centre.", "start_date": "2026-09-02T17:15:00+00:00", "title": "The European Debrief"}, {"desc": "Live headlines,breaking news, analysis and interviews from Europe's News Centre.", "start_date": "2026-09-02T17:30:00+00:00", "title": "The European Debrief"}, {"desc": "Live headlines,breaking news, analysis and interviews from Europe's News Centre.", "start_date": "2026-09-02T18:00:00+00:00", "title": "The European Debrief"}, {"desc": "Live headlines,breaking news, analysis and interviews from Europe's News Centre.", "start_date": "2026-09-02T18:14:00+00:00", "title": "The European Debrief"}, {"desc": "Euronews' weekly show where Europe's most outspoken voices clash on the continent's biggest political debates.", "start_date": "2026-09-02T18:29:00+00:00", "title": "The Ring"}, {"desc": "Euronews' weekly show where Europe's most outspoken voices clash on the continent's biggest political debates.", "start_date": "2026-09-02T18:52:00+00:00", "title": "The Ring"}, {"desc": "Live headlines,breaking news, analysis and interviews from Europe's News Centre.", "start_date": "2026-09-02T19:00:00+00:00", "title": "The European Debrief"}, {"desc": "Live headlines,breaking news, analysis and interviews from Europe's News Centre.", "start_date": "2026-09-02T19:15:00+00:00", "title": "The European Debrief"}, {"desc": "Live headlines,breaking news, analysis and interviews from Europe's News Centre.", "start_date": "2026-09-02T19:30:00+00:00", "title": "The European Debrief"}, {"desc": "Live headlines,breaking news, analysis and interviews from Europe's News Centre.", "start_date": "2026-09-02T20:00:00+00:00", "title": "The European Debrief"}, {"desc": "Live headlines,breaking news, analysis and interviews from Europe's News Centre.", "start_date": "2026-09-02T20:15:00+00:00", "title": "The European Debrief"}, {"desc": "Live headlines,breaking news, analysis and interviews from Europe's News Centre.", "start_date": "2026-09-02T20:30:00+00:00", "title": "The European Debrief"}, {"desc": "Silk Road Adventures \u00e9 um programa sobre arte, cultura e lifestyle que explora o vasto patrim\u00f3nio do ..", "start_date": "2026-09-02T20:48:00+00:00", "title": "Silk Road Adventure"}, {"desc": "Live headlines,breaking news, analysis and interviews from Europe's News Centre.", "start_date": "2026-09-02T21:00:00+00:00", "title": "The European Debrief"}, {"desc": "Live headlines,breaking news, analysis and interviews from Europe's News Centre.", "start_date": "2026-09-02T21:15:00+00:00", "title": "The European Debrief"}, {"desc": "Euronews' weekly show where Europe's most outspoken voices clash on the continent's biggest political debates.", "start_date": "2026-09-02T21:29:00+00:00", "title": "The Ring"}, {"desc": "Euronews' weekly show where Europe's most outspoken voices clash on the continent's biggest political debates.", "start_date": "2026-09-02T21:52:00+00:00", "title": "The Ring"}, {"desc": "Live headlines,breaking news, analysis and interviews from Europe's News Centre.", "start_date": "2026-09-02T22:00:00+00:00", "title": "The European Debrief"}, {"desc": "Live headlines,breaking news, analysis and interviews from Europe's News Centre.", "start_date": "2026-09-02T22:15:00+00:00", "title": "The European Debrief"}, {"desc": "Live headlines,breaking news, analysis and interviews from Europe's News Centre.", "start_date": "2026-09-02T22:30:00+00:00", "title": "The European Debrief"}, {"desc": "As principais not\u00edcias do momento.", "start_date": "2026-09-02T22:46:00+00:00", "title": "News"}], "offset": "+00:00", "timezone": "UTC", "error_code": -1, "start_date": "2026-09-01", "icon": ""}