{"end_date": "2026-05-02", "name": "La 2", "info_url": "https://epg.pw/channels/498116/20260501.html", "country": "France", "description": null, "error_message": "", "provider": "", "source_url": "https://epg.pw/api/epg.json?channel_id=498116&date=20260501&timezone=None", "epg_list": [{"desc": "Programa que recoge la actuaci\u00f3n de alg\u00fan cantante, grupo o instrumentista del m\u00e1s actual panorama musical, con predominio de artistas espa\u00f1oles y latinos. El objetivo es abrir las puertas a aquellos artistas y grupos que existen al margen de las listas de ventas.", "start_date": "2026-05-01T01:25:00+00:00", "title": "Conciertos de Radio-3"}, {"desc": "Un recorrido por la Espa\u00f1a rural, para conocerla desde el relato en primera persona de sus habitantes, personas optimistas que han decidido vivir en la llamada \"Espa\u00f1a vaciada\".", "start_date": "2026-05-01T02:00:00+00:00", "title": "Ruralitas"}, {"desc": "Una mirada a los edificios y espacios urbanos desde otra perspectiva. El programa muestra lo que se esconde detr\u00e1s de las fachadas, los paisajes, los edificios o los objetos, y reflexiona sobre la relaci\u00f3n del ser humano con su entorno natural y social.", "start_date": "2026-05-01T02:45:00+00:00", "title": "Escala humana"}, {"desc": "Una mirada a los edificios y espacios urbanos desde otra perspectiva. El programa muestra lo que se esconde detr\u00e1s de las fachadas, los paisajes, los edificios o los objetos, y reflexiona sobre la relaci\u00f3n del ser humano con su entorno natural y social.", "start_date": "2026-05-01T03:15:00+00:00", "title": "Escala humana"}, {"desc": "Espacio dirigido por Evelyn Segura en el que se descubren los secretos de la fauna y la flora de nuestro pa\u00eds. El programa acerca el mundo animal y compara las habilidades de una de las especies protagonistas de cada episodio con las de un personaje famoso.", "start_date": "2026-05-01T03:45:00+00:00", "title": "\u00a1Qu\u00e9 animal!"}, {"desc": null, "start_date": "2026-05-01T04:00:00+00:00", "title": "En lengua de signos"}, {"desc": "Programa divulgativo que ofrece un curso de ingl\u00e9s a distancia, creado por el Ministerio de Educaci\u00f3n en colaboraci\u00f3n con la BBC brit\u00e1nica y Televisi\u00f3n Espa\u00f1ola. El curso permite obtener el Certificado del Ciclo Elemental de la Escuela Oficial de Idiomas.", "start_date": "2026-05-01T04:30:00+00:00", "title": "That's English"}, {"desc": "Programa divulgativo que ofrece un curso de ingl\u00e9s a distancia, creado por el Ministerio de Educaci\u00f3n en colaboraci\u00f3n con la BBC brit\u00e1nica y Televisi\u00f3n Espa\u00f1ola. El curso permite obtener el Certificado del Ciclo Elemental de la Escuela Oficial de Idiomas.", "start_date": "2026-05-01T04:45:00+00:00", "title": "That's English"}, {"desc": "Espacio semanal dedicado a destacar y analizar el estilo de vida actual proponiendo reportajes de interiorismo, moda, restauraci\u00f3n o cosm\u00e9tica. Aquellas tendencias que marcan la forma de ser hoy en d\u00eda, ser\u00e1n tratadas en el programa.", "start_date": "2026-05-01T04:55:00+00:00", "title": "Zoom tendencias"}, {"desc": "M\u00edriam Monlle\u00f3 nos invita a conocer la enorme riqueza natural que nos rodea en defensa de un turismo de calidad y a promocionar los destinos sostenibles como una nueva forma de viajar alej\u00e1ndose de la masificaci\u00f3n de los destinos congestionados.", "start_date": "2026-05-01T05:15:00+00:00", "title": "Espa\u00f1a sin asfalto"}, {"desc": "Dans le sud-ouest des Etats-Unis, une imposante silhouette se dresse vers le ciel, les bras tendus. En apparence immobile, cette ic\u00f4ne du d\u00e9sert de Sonora abrite en r\u00e9alit\u00e9 une vie foisonnante : v\u00e9ritable \u00e9den au milieu des plaines arides, ce cactus offre \u00e0 ses innombrables h\u00f4tes de la nourriture, de l'eau et de l'ombre, ainsi qu'un rempart contre les vents chauds. Certains ne font que passer, d'a", "start_date": "2026-05-01T05:40:00+00:00", "title": "El hotel cactus"}, {"desc": "Un recorrido a trav\u00e9s de la voz del actor \u00c1lex O'Dogherty por las principales arterias fluviales de Espa\u00f1a para conocer a fondo sus paisajes, su historia y sus modos de vida, y tambi\u00e9n su relaci\u00f3n con la humanidad a lo largo del tiempo.", "start_date": "2026-05-01T06:30:00+00:00", "title": "R\u00edos"}, {"desc": "Programa sobre el empleo, la seguridad y la \u00faltima hora del mercado laboral.", "start_date": "2026-05-01T07:30:00+00:00", "title": "Aqu\u00ed hay trabajo"}, {"desc": "Programa educativo vinculado a los cursos de la U.N.E.D.", "start_date": "2026-05-01T07:55:00+00:00", "title": "UNED"}, {"desc": null, "start_date": "2026-05-01T08:50:00+00:00", "title": "La 2 express"}, {"desc": "Un recorrido por la Espa\u00f1a rural, para conocerla desde el relato en primera persona de sus habitantes, personas optimistas que han decidido vivir en la llamada \"Espa\u00f1a vaciada\".", "start_date": "2026-05-01T08:55:00+00:00", "title": "Ruralitas"}, {"desc": "Programa divulgativo sobre ecolog\u00eda y medio ambiente. Sus contenidos quieren llegar a un p\u00fablico amplio y no especializado, para que todos descubran que la ecolog\u00eda es interesante porque es necesaria, \u00fatil y amena.", "start_date": "2026-05-01T09:45:00+00:00", "title": "El escarabajo verde"}, {"desc": "Emisi\u00f3n de una pel\u00edcula.", "start_date": "2026-05-01T10:15:00+00:00", "title": "Cine"}, {"desc": null, "start_date": "2026-05-01T11:25:00+00:00", "title": "El cazador"}, {"desc": null, "start_date": "2026-05-01T12:30:00+00:00", "title": "El cazador"}, {"desc": null, "start_date": "2026-05-01T13:30:00+00:00", "title": "Saber y ganar"}, {"desc": "Un recorrido por los lugares m\u00e1s singulares y m\u00e1s bellos de Espa\u00f1a. Una forma de descubrir la diversidad y riqueza natural del pa\u00eds.", "start_date": "2026-05-01T14:20:00+00:00", "title": "Espacios naturales espectaculares"}, {"desc": "Steve Backshall est \u00e0 la recherche des soixantes animaux les plus dangereux de la plan\u00e8te.", "start_date": "2026-05-01T15:15:00+00:00", "title": "Fauna letal"}, {"desc": "Jes\u00fas Cintora presenta este magacine de actualidad, en el que, con humor, se desmontan bulos que circulan en los medios de comunicaci\u00f3n y las redes sociales.", "start_date": "2026-05-01T15:45:00+00:00", "title": "Malas lenguas"}, {"desc": "Magac\u00edn diario con una amplia mirada al panorama cultural actual.", "start_date": "2026-05-01T17:35:00+00:00", "title": "Sukha"}, {"desc": null, "start_date": "2026-05-01T18:25:00+00:00", "title": "Trivial Pursuit"}, {"desc": null, "start_date": "2026-05-01T19:15:00+00:00", "title": "Cifras y letras"}, {"desc": null, "start_date": "2026-05-01T19:45:00+00:00", "title": "Cifras y letras"}, {"desc": "El periodista Jenaro Castro muestra el lado humano de personajes relevantes de todos los \u00e1mbitos. Un viaje introspectivo con voluntad de homenajear la trayectoria de los distintos invitados que, adem\u00e1s, eligen su m\u00fasica preferida y el lugar de la entrevista.", "start_date": "2026-05-01T20:20:00+00:00", "title": "Plano general"}, {"desc": null, "start_date": "2026-05-01T20:50:00+00:00", "title": "Cine"}, {"desc": "Emisi\u00f3n de una pel\u00edcula.", "start_date": "2026-05-01T20:55:00+00:00", "title": "Cine"}, {"desc": null, "start_date": "2026-05-01T22:35:00+00:00", "title": "Cine"}, {"desc": "Emisi\u00f3n de una pel\u00edcula.", "start_date": "2026-05-01T23:10:00+00:00", "title": "Cine"}, {"desc": "Emisi\u00f3n de conciertos en vivo de m\u00fasica cl\u00e1sica, jazz, flamenco y copla, entre otros g\u00e9neros, desde el Teatro Monumental, con grupos de la Orquesta y Coro RTVE y artistas de reconocido prestigio.", "start_date": "2026-05-02T00:35:00+00:00", "title": "Las noches del Monumental"}, {"desc": "Un recorrido por la Espa\u00f1a rural, para conocerla desde el relato en primera persona de sus habitantes, personas optimistas que han decidido vivir en la llamada \"Espa\u00f1a vaciada\".", "start_date": "2026-05-02T01:40:00+00:00", "title": "Ruralitas"}, {"desc": "Una mirada a los edificios y espacios urbanos desde otra perspectiva. El programa muestra lo que se esconde detr\u00e1s de las fachadas, los paisajes, los edificios o los objetos, y reflexiona sobre la relaci\u00f3n del ser humano con su entorno natural y social.", "start_date": "2026-05-02T02:30:00+00:00", "title": "Escala humana"}, {"desc": "Una mirada a los edificios y espacios urbanos desde otra perspectiva. El programa muestra lo que se esconde detr\u00e1s de las fachadas, los paisajes, los edificios o los objetos, y reflexiona sobre la relaci\u00f3n del ser humano con su entorno natural y social.", "start_date": "2026-05-02T03:00:00+00:00", "title": "Escala humana"}, {"desc": "Un recorrido por los lugares m\u00e1s singulares y m\u00e1s bellos de Espa\u00f1a. Una forma de descubrir la diversidad y riqueza natural del pa\u00eds.", "start_date": "2026-05-02T03:25:00+00:00", "title": "Espacios naturales espectaculares"}, {"desc": "Programa que ofrece contenidos relacionados con el entretenimiento digital, la cultura electr\u00f3nica, los videojuegos y los 'gadgets'. El espacio viaja hasta los festivales m\u00e1s importantes y presta atenci\u00f3n a la animaci\u00f3n y a los mejores efectos digitales del cine.", "start_date": "2026-05-02T03:40:00+00:00", "title": "Zoom net"}, {"desc": "Un recorrido por los lugares m\u00e1s singulares y m\u00e1s bellos de Espa\u00f1a. Una forma de descubrir la diversidad y riqueza natural del pa\u00eds.", "start_date": "2026-05-02T04:00:00+00:00", "title": "Espacios naturales espectaculares"}, {"desc": "Steve Backshall est \u00e0 la recherche des soixantes animaux les plus dangereux de la plan\u00e8te.", "start_date": "2026-05-02T04:15:00+00:00", "title": "Fauna letal"}, {"desc": "Espacio semanal dedicado a destacar y analizar el estilo de vida actual proponiendo reportajes de interiorismo, moda, restauraci\u00f3n o cosm\u00e9tica. Aquellas tendencias que marcan la forma de ser hoy en d\u00eda, ser\u00e1n tratadas en el programa.", "start_date": "2026-05-02T04:45:00+00:00", "title": "Zoom tendencias"}, {"desc": "Emisi\u00f3n de una pel\u00edcula.", "start_date": "2026-05-02T05:00:00+00:00", "title": "Cine"}, {"desc": "Retransmisi\u00f3n de un concierto de la Orquesta Sinf\u00f3nica y el Coro de RTVE. Nacida en 1965, pronto se convirti\u00f3 en una orquesta de primer\u00edsima fila. Su repertorio es el cl\u00e1sico-rom\u00e1ntico, la m\u00fasica espa\u00f1ola y el servicio a la creaci\u00f3n musical de nuestro tiempo.", "start_date": "2026-05-02T06:00:00+00:00", "title": "Los conciertos de La 2"}, {"desc": "Concierto l\u00edrico conmemorativo del aniversario de la erupci\u00f3n del volc\u00e1n de La Palma.", "start_date": "2026-05-02T07:10:00+00:00", "title": "Concierto l\u00edrico aniversario del Volc\u00e1n"}, {"desc": "Retransmisi\u00f3n de un concierto de la Orquesta Sinf\u00f3nica y el Coro de RTVE. Nacida en 1965, pronto se convirti\u00f3 en una orquesta de primer\u00edsima fila. Su repertorio es el cl\u00e1sico-rom\u00e1ntico, la m\u00fasica espa\u00f1ola y el servicio a la creaci\u00f3n musical de nuestro tiempo.", "start_date": "2026-05-02T07:20:00+00:00", "title": "Los conciertos de La 2"}, {"desc": "Espacio que nace con la intenci\u00f3n de ayudar a avanzar en el camino de la igualdad plena y real entre hombres y mujeres, mostrando los estereotipos sexistas; las brechas de g\u00e9nero en puestos de poder y decisi\u00f3n, en salarios, las profesiones masculinas o femeninas, etc.", "start_date": "2026-05-02T07:30:00+00:00", "title": "Objetivo Igualdad"}, {"desc": null, "start_date": "2026-05-02T07:45:00+00:00", "title": "En lengua de signos"}, {"desc": "Con vocaci\u00f3n de servicio p\u00fablico y participaci\u00f3n ciudadana, el programa lleva la actualidad del campo y el mar a agricultores, ganaderos, pescadores y habitantes del medio rural.", "start_date": "2026-05-02T08:15:00+00:00", "title": "Agrosfera"}, {"desc": "Espacio dirigido por Evelyn Segura en el que se descubren los secretos de la fauna y la flora de nuestro pa\u00eds. El programa acerca el mundo animal y compara las habilidades de una de las especies protagonistas de cada episodio con las de un personaje famoso.", "start_date": "2026-05-02T08:55:00+00:00", "title": "\u00a1Qu\u00e9 animal!"}, {"desc": "La geograf\u00eda espa\u00f1ola alberga algunos de los m\u00e1s preciados tesoros arqueol\u00f3gicos e hist\u00f3ricos. Esta serie documental visita en cada entrega un yacimiento de la Pen\u00ednsula, con las aportaciones de diversos expertos y sin dejar de lado su contexto hist\u00f3rico y cultural.", "start_date": "2026-05-02T09:05:00+00:00", "title": "Arqueoman\u00eda"}, {"desc": "La geograf\u00eda espa\u00f1ola alberga algunos de los m\u00e1s preciados tesoros arqueol\u00f3gicos e hist\u00f3ricos. Esta serie documental visita en cada entrega un yacimiento de la Pen\u00ednsula, con las aportaciones de diversos expertos y sin dejar de lado su contexto hist\u00f3rico y cultural.", "start_date": "2026-05-02T09:35:00+00:00", "title": "Arqueoman\u00eda"}, {"desc": "El experto en buceo Karlos Sim\u00f3n descubre la historia de 13 grandes barcos hundidos. Esta serie documental combina aventura y documentaci\u00f3n hist\u00f3rica y se adentra en el misterio y la belleza de las profundidades marinas.", "start_date": "2026-05-02T10:00:00+00:00", "title": "Hundidos"}, {"desc": "Magac\u00edn divulgativo sobre el mundo de los libros que utiliza un tono ameno, entretenido y cercano en el que tanto el lector habitual como el ocasional encontrar\u00e1n toda la informaci\u00f3n necesaria para satisfacer su inter\u00e9s por la lectura.", "start_date": "2026-05-02T10:50:00+00:00", "title": "P\u00e1gina 2"}, {"desc": "\"Tendido cero\" es uno de los m\u00e1s veteranos programas informativos sobre el mundo de la tauromaquia. El espacio repasa la actualidad de las ferias y los eventos que se est\u00e9n desarrollando en los ruedos de todo el mundo. Tambi\u00e9n incluye reportajes y entrevistas.", "start_date": "2026-05-02T11:25:00+00:00", "title": "Tendido cero"}, {"desc": "\"En train \u00e0 travers\" invite les amoureux des voyages en train et tous les autres \u00e0 partir pour d'extraordinaires destinations \u00e0 travers le monde.", "start_date": "2026-05-02T12:15:00+00:00", "title": "Viajar en tren"}, {"desc": null, "start_date": "2026-05-02T12:40:00+00:00", "title": "Saber y ganar fin de semana"}, {"desc": null, "start_date": "2026-05-02T13:25:00+00:00", "title": "Saber y ganar fin de semana"}, {"desc": "Los bandidos enmascarados tienen fama de causar problemas y travesuras, pero a pesar de su aspecto sospechoso son animales inteligentes, sociales y muy adaptables.", "start_date": "2026-05-02T14:15:00+00:00", "title": "Bandidos enmascarados"}, {"desc": "Un recorrido por los lugares m\u00e1s singulares y m\u00e1s bellos de Espa\u00f1a. Una forma de descubrir la diversidad y riqueza natural del pa\u00eds.", "start_date": "2026-05-02T15:05:00+00:00", "title": "Espacios naturales espectaculares"}, {"desc": "Steve Backshall est \u00e0 la recherche des soixantes animaux les plus dangereux de la plan\u00e8te.", "start_date": "2026-05-02T15:55:00+00:00", "title": "Fauna letal"}, {"desc": "Magac\u00edn de actualidad cuyo objetivo es mostrar al espectador las l\u00edneas fundamentales de lo que est\u00e1 pasando en el \u00e1mbito cultural. Con una vocaci\u00f3n divulgativa clara, el espacio presta especial atenci\u00f3n a las artes esc\u00e9nicas, la m\u00fasica y las artes pl\u00e1sticas.", "start_date": "2026-05-02T16:25:00+00:00", "title": "\u00a1Atenci\u00f3n Obras!"}, {"desc": "Espacio que recoge la actualidad cinematogr\u00e1fica espa\u00f1ola e internacional desgranando los estrenos de la cartelera. El programa se hace eco, tambi\u00e9n, de lo que acontece en los festivales y repasa la trayectoria de actores y directores clave del s\u00e9ptimo arte.", "start_date": "2026-05-02T16:50:00+00:00", "title": "D\u00edas de cine"}, {"desc": "\"Megastructures de l\u00e9gende\" se penche sur les plus belles merveilles de l'histoire: des constructions qui d\u00e9fient le temps et l'imagination. \u00c0 partir de reconstitutions, d'images de synth\u00e8se et d'interviews d'architectes et d'historiens renomm\u00e9s, National Geographic Channel vous fait revivre l'histoire de ces hommes qui ont d\u00e9fi\u00e9 leur \u00e9poque.", "start_date": "2026-05-02T17:50:00+00:00", "title": "Superestructuras antiguas"}, {"desc": "Eva Rojas y Carlo Cu\u00f1ado recorren diferentes ciudades de todo el mundo para descubrir los rincones m\u00e1s virales mientras comparten sus selfies en redes con el hashtag #LVM80Likes.", "start_date": "2026-05-02T18:40:00+00:00", "title": "La vuelta al mundo en 80 likes"}, {"desc": "Eva Rojas y Carlo Cu\u00f1ado recorren diferentes ciudades de todo el mundo para descubrir los rincones m\u00e1s virales mientras comparten sus selfies en redes con el hashtag #LVM80Likes.", "start_date": "2026-05-02T19:30:00+00:00", "title": "La vuelta al mundo en 80 likes"}, {"desc": "Emisi\u00f3n de una pel\u00edcula.", "start_date": "2026-05-02T20:20:00+00:00", "title": "Cine"}, {"desc": "Documental sobre el fot\u00f3grafo Dezo Hoffmann, retratista de The Beatles y otras estrellas del rock, que recupera su legado y su influencia clave en la fotograf\u00eda del siglo XX.", "start_date": "2026-05-02T22:35:00+00:00", "title": "Dezo Hoffmann el fot\u00f3grafo de Los Beatles"}, {"desc": "Emisi\u00f3n de una pel\u00edcula.", "start_date": "2026-05-02T23:55:00+00:00", "title": "Cine"}], "offset": "+00:00", "timezone": "UTC", "error_code": -1, "start_date": "2026-05-01", "icon": ""}