{"end_date": "2026-05-03", "name": "La 2", "info_url": "https://epg.pw/channels/498116/20260502.html", "country": "France", "description": null, "error_message": "", "provider": "", "source_url": "https://epg.pw/api/epg.json?channel_id=498116&date=20260502&timezone=None", "epg_list": [{"desc": "Emisi\u00f3n de conciertos en vivo de m\u00fasica cl\u00e1sica, jazz, flamenco y copla, entre otros g\u00e9neros, desde el Teatro Monumental, con grupos de la Orquesta y Coro RTVE y artistas de reconocido prestigio.", "start_date": "2026-05-02T00:35:00+00:00", "title": "Las noches del Monumental"}, {"desc": "Un recorrido por la Espa\u00f1a rural, para conocerla desde el relato en primera persona de sus habitantes, personas optimistas que han decidido vivir en la llamada \"Espa\u00f1a vaciada\".", "start_date": "2026-05-02T01:40:00+00:00", "title": "Ruralitas"}, {"desc": "Una mirada a los edificios y espacios urbanos desde otra perspectiva. El programa muestra lo que se esconde detr\u00e1s de las fachadas, los paisajes, los edificios o los objetos, y reflexiona sobre la relaci\u00f3n del ser humano con su entorno natural y social.", "start_date": "2026-05-02T02:30:00+00:00", "title": "Escala humana"}, {"desc": "Una mirada a los edificios y espacios urbanos desde otra perspectiva. El programa muestra lo que se esconde detr\u00e1s de las fachadas, los paisajes, los edificios o los objetos, y reflexiona sobre la relaci\u00f3n del ser humano con su entorno natural y social.", "start_date": "2026-05-02T03:00:00+00:00", "title": "Escala humana"}, {"desc": "Un recorrido por los lugares m\u00e1s singulares y m\u00e1s bellos de Espa\u00f1a. Una forma de descubrir la diversidad y riqueza natural del pa\u00eds.", "start_date": "2026-05-02T03:25:00+00:00", "title": "Espacios naturales espectaculares"}, {"desc": "Programa que ofrece contenidos relacionados con el entretenimiento digital, la cultura electr\u00f3nica, los videojuegos y los 'gadgets'. El espacio viaja hasta los festivales m\u00e1s importantes y presta atenci\u00f3n a la animaci\u00f3n y a los mejores efectos digitales del cine.", "start_date": "2026-05-02T03:40:00+00:00", "title": "Zoom net"}, {"desc": "Un recorrido por los lugares m\u00e1s singulares y m\u00e1s bellos de Espa\u00f1a. Una forma de descubrir la diversidad y riqueza natural del pa\u00eds.", "start_date": "2026-05-02T04:00:00+00:00", "title": "Espacios naturales espectaculares"}, {"desc": "Steve Backshall est \u00e0 la recherche des soixantes animaux les plus dangereux de la plan\u00e8te.", "start_date": "2026-05-02T04:15:00+00:00", "title": "Fauna letal"}, {"desc": "Espacio semanal dedicado a destacar y analizar el estilo de vida actual proponiendo reportajes de interiorismo, moda, restauraci\u00f3n o cosm\u00e9tica. Aquellas tendencias que marcan la forma de ser hoy en d\u00eda, ser\u00e1n tratadas en el programa.", "start_date": "2026-05-02T04:45:00+00:00", "title": "Zoom tendencias"}, {"desc": "Emisi\u00f3n de una pel\u00edcula.", "start_date": "2026-05-02T05:00:00+00:00", "title": "Cine"}, {"desc": "Retransmisi\u00f3n de un concierto de la Orquesta Sinf\u00f3nica y el Coro de RTVE. Nacida en 1965, pronto se convirti\u00f3 en una orquesta de primer\u00edsima fila. Su repertorio es el cl\u00e1sico-rom\u00e1ntico, la m\u00fasica espa\u00f1ola y el servicio a la creaci\u00f3n musical de nuestro tiempo.", "start_date": "2026-05-02T06:00:00+00:00", "title": "Los conciertos de La 2"}, {"desc": "Concierto l\u00edrico conmemorativo del aniversario de la erupci\u00f3n del volc\u00e1n de La Palma.", "start_date": "2026-05-02T07:10:00+00:00", "title": "Concierto l\u00edrico aniversario del Volc\u00e1n"}, {"desc": "Retransmisi\u00f3n de un concierto de la Orquesta Sinf\u00f3nica y el Coro de RTVE. Nacida en 1965, pronto se convirti\u00f3 en una orquesta de primer\u00edsima fila. Su repertorio es el cl\u00e1sico-rom\u00e1ntico, la m\u00fasica espa\u00f1ola y el servicio a la creaci\u00f3n musical de nuestro tiempo.", "start_date": "2026-05-02T07:20:00+00:00", "title": "Los conciertos de La 2"}, {"desc": "Espacio que nace con la intenci\u00f3n de ayudar a avanzar en el camino de la igualdad plena y real entre hombres y mujeres, mostrando los estereotipos sexistas; las brechas de g\u00e9nero en puestos de poder y decisi\u00f3n, en salarios, las profesiones masculinas o femeninas, etc.", "start_date": "2026-05-02T07:30:00+00:00", "title": "Objetivo Igualdad"}, {"desc": null, "start_date": "2026-05-02T07:45:00+00:00", "title": "En lengua de signos"}, {"desc": "Con vocaci\u00f3n de servicio p\u00fablico y participaci\u00f3n ciudadana, el programa lleva la actualidad del campo y el mar a agricultores, ganaderos, pescadores y habitantes del medio rural.", "start_date": "2026-05-02T08:15:00+00:00", "title": "Agrosfera"}, {"desc": "Espacio dirigido por Evelyn Segura en el que se descubren los secretos de la fauna y la flora de nuestro pa\u00eds. El programa acerca el mundo animal y compara las habilidades de una de las especies protagonistas de cada episodio con las de un personaje famoso.", "start_date": "2026-05-02T08:55:00+00:00", "title": "\u00a1Qu\u00e9 animal!"}, {"desc": "La geograf\u00eda espa\u00f1ola alberga algunos de los m\u00e1s preciados tesoros arqueol\u00f3gicos e hist\u00f3ricos. Esta serie documental visita en cada entrega un yacimiento de la Pen\u00ednsula, con las aportaciones de diversos expertos y sin dejar de lado su contexto hist\u00f3rico y cultural.", "start_date": "2026-05-02T09:05:00+00:00", "title": "Arqueoman\u00eda"}, {"desc": "La geograf\u00eda espa\u00f1ola alberga algunos de los m\u00e1s preciados tesoros arqueol\u00f3gicos e hist\u00f3ricos. Esta serie documental visita en cada entrega un yacimiento de la Pen\u00ednsula, con las aportaciones de diversos expertos y sin dejar de lado su contexto hist\u00f3rico y cultural.", "start_date": "2026-05-02T09:35:00+00:00", "title": "Arqueoman\u00eda"}, {"desc": "El experto en buceo Karlos Sim\u00f3n descubre la historia de 13 grandes barcos hundidos. Esta serie documental combina aventura y documentaci\u00f3n hist\u00f3rica y se adentra en el misterio y la belleza de las profundidades marinas.", "start_date": "2026-05-02T10:00:00+00:00", "title": "Hundidos"}, {"desc": "Magac\u00edn divulgativo sobre el mundo de los libros que utiliza un tono ameno, entretenido y cercano en el que tanto el lector habitual como el ocasional encontrar\u00e1n toda la informaci\u00f3n necesaria para satisfacer su inter\u00e9s por la lectura.", "start_date": "2026-05-02T10:50:00+00:00", "title": "P\u00e1gina 2"}, {"desc": "\"Tendido cero\" es uno de los m\u00e1s veteranos programas informativos sobre el mundo de la tauromaquia. El espacio repasa la actualidad de las ferias y los eventos que se est\u00e9n desarrollando en los ruedos de todo el mundo. Tambi\u00e9n incluye reportajes y entrevistas.", "start_date": "2026-05-02T11:25:00+00:00", "title": "Tendido cero"}, {"desc": "\"En train \u00e0 travers\" invite les amoureux des voyages en train et tous les autres \u00e0 partir pour d'extraordinaires destinations \u00e0 travers le monde.", "start_date": "2026-05-02T12:15:00+00:00", "title": "Viajar en tren"}, {"desc": null, "start_date": "2026-05-02T12:40:00+00:00", "title": "Saber y ganar fin de semana"}, {"desc": null, "start_date": "2026-05-02T13:25:00+00:00", "title": "Saber y ganar fin de semana"}, {"desc": "Los bandidos enmascarados tienen fama de causar problemas y travesuras, pero a pesar de su aspecto sospechoso son animales inteligentes, sociales y muy adaptables.", "start_date": "2026-05-02T14:15:00+00:00", "title": "Bandidos enmascarados"}, {"desc": "Un recorrido por los lugares m\u00e1s singulares y m\u00e1s bellos de Espa\u00f1a. Una forma de descubrir la diversidad y riqueza natural del pa\u00eds.", "start_date": "2026-05-02T15:05:00+00:00", "title": "Espacios naturales espectaculares"}, {"desc": "Steve Backshall est \u00e0 la recherche des soixantes animaux les plus dangereux de la plan\u00e8te.", "start_date": "2026-05-02T15:55:00+00:00", "title": "Fauna letal"}, {"desc": "Magac\u00edn de actualidad cuyo objetivo es mostrar al espectador las l\u00edneas fundamentales de lo que est\u00e1 pasando en el \u00e1mbito cultural. Con una vocaci\u00f3n divulgativa clara, el espacio presta especial atenci\u00f3n a las artes esc\u00e9nicas, la m\u00fasica y las artes pl\u00e1sticas.", "start_date": "2026-05-02T16:25:00+00:00", "title": "\u00a1Atenci\u00f3n Obras!"}, {"desc": "Espacio que recoge la actualidad cinematogr\u00e1fica espa\u00f1ola e internacional desgranando los estrenos de la cartelera. El programa se hace eco, tambi\u00e9n, de lo que acontece en los festivales y repasa la trayectoria de actores y directores clave del s\u00e9ptimo arte.", "start_date": "2026-05-02T16:50:00+00:00", "title": "D\u00edas de cine"}, {"desc": "\"Megastructures de l\u00e9gende\" se penche sur les plus belles merveilles de l'histoire: des constructions qui d\u00e9fient le temps et l'imagination. \u00c0 partir de reconstitutions, d'images de synth\u00e8se et d'interviews d'architectes et d'historiens renomm\u00e9s, National Geographic Channel vous fait revivre l'histoire de ces hommes qui ont d\u00e9fi\u00e9 leur \u00e9poque.", "start_date": "2026-05-02T17:50:00+00:00", "title": "Superestructuras antiguas"}, {"desc": "Eva Rojas y Carlo Cu\u00f1ado recorren diferentes ciudades de todo el mundo para descubrir los rincones m\u00e1s virales mientras comparten sus selfies en redes con el hashtag #LVM80Likes.", "start_date": "2026-05-02T18:40:00+00:00", "title": "La vuelta al mundo en 80 likes"}, {"desc": "Eva Rojas y Carlo Cu\u00f1ado recorren diferentes ciudades de todo el mundo para descubrir los rincones m\u00e1s virales mientras comparten sus selfies en redes con el hashtag #LVM80Likes.", "start_date": "2026-05-02T19:30:00+00:00", "title": "La vuelta al mundo en 80 likes"}, {"desc": "Emisi\u00f3n de una pel\u00edcula.", "start_date": "2026-05-02T20:20:00+00:00", "title": "Cine"}, {"desc": "Documental sobre el fot\u00f3grafo Dezo Hoffmann, retratista de The Beatles y otras estrellas del rock, que recupera su legado y su influencia clave en la fotograf\u00eda del siglo XX.", "start_date": "2026-05-02T22:35:00+00:00", "title": "Dezo Hoffmann el fot\u00f3grafo de Los Beatles"}, {"desc": "Emisi\u00f3n de una pel\u00edcula.", "start_date": "2026-05-02T23:55:00+00:00", "title": "Cine"}, {"desc": "Espacio que trata en profundidad tanto temas de actualidad como procesos sociales e hist\u00f3ricos de mayor duraci\u00f3n temporal. Estrenado en 1986, es uno de los programas m\u00e1s prestigiosos de TVE y se ha caracterizado durante todo este tiempo por el rigor y la profundidad.", "start_date": "2026-05-03T01:00:00+00:00", "title": "Documentos TV"}, {"desc": "Un recorrido por los lugares m\u00e1s singulares y m\u00e1s bellos de Espa\u00f1a. Una forma de descubrir la diversidad y riqueza natural del pa\u00eds.", "start_date": "2026-05-03T01:55:00+00:00", "title": "Espacios naturales espectaculares"}, {"desc": "D\u00e9couverte d'une extraordinaire vie sauvage au coeur de la Zambie. Le pays est travers\u00e9 par le fleuve Luangwa, une art\u00e8re vitale, un paradis pour la faune sauvage. Dans cette r\u00e9gion des extr\u00eames, la temp\u00e9rature peut varier de 30 degr\u00e9s en 24 heures. Des heures les plus chaudes du jour aux plus froides de la nuit, des cr\u00e9atures de toutes formes, de toutes tailles tentent de survivre. Une incroyable", "start_date": "2026-05-03T02:45:00+00:00", "title": "Relatos de Zambia"}, {"desc": "Steve Backshall est \u00e0 la recherche des soixantes animaux les plus dangereux de la plan\u00e8te.", "start_date": "2026-05-03T03:30:00+00:00", "title": "Fauna letal"}, {"desc": "Espacio dirigido por Evelyn Segura en el que se descubren los secretos de la fauna y la flora de nuestro pa\u00eds. El programa acerca el mundo animal y compara las habilidades de una de las especies protagonistas de cada episodio con las de un personaje famoso.", "start_date": "2026-05-03T03:55:00+00:00", "title": "\u00a1Qu\u00e9 animal!"}, {"desc": "Programa divulgativo que ofrece un curso de ingl\u00e9s a distancia, creado por el Ministerio de Educaci\u00f3n en colaboraci\u00f3n con la BBC brit\u00e1nica y Televisi\u00f3n Espa\u00f1ola. El curso permite obtener el Certificado del Ciclo Elemental de la Escuela Oficial de Idiomas.", "start_date": "2026-05-03T04:20:00+00:00", "title": "That's English"}, {"desc": "Programa divulgativo que ofrece un curso de ingl\u00e9s a distancia, creado por el Ministerio de Educaci\u00f3n en colaboraci\u00f3n con la BBC brit\u00e1nica y Televisi\u00f3n Espa\u00f1ola. El curso permite obtener el Certificado del Ciclo Elemental de la Escuela Oficial de Idiomas.", "start_date": "2026-05-03T04:35:00+00:00", "title": "That's English"}, {"desc": "Programa educativo vinculado a los cursos de la U.N.E.D.", "start_date": "2026-05-03T04:45:00+00:00", "title": "UNED"}, {"desc": "Les civilisations des Vikings, des Moche, des Azt\u00e8ques, des Minoens, des Khmers et des Rapa Nui ont connu une p\u00e9riode de grand d\u00e9veloppement, puis de d\u00e9clin et enfin de disparition. Retour sur les \u00e9v\u00e9nements qui ont conduit \u00e0 ces effondrements et sur l'h\u00e9ritage que ces cultures autrefois florissantes ont laiss\u00e9 derri\u00e8re elles.", "start_date": "2026-05-03T05:45:00+00:00", "title": "Apocalipsis de la Antig\u00fcedad"}, {"desc": "Retransmisi\u00f3n de un concierto de la Orquesta Sinf\u00f3nica y el Coro de RTVE. Nacida en 1965, pronto se convirti\u00f3 en una orquesta de primer\u00edsima fila. Su repertorio es el cl\u00e1sico-rom\u00e1ntico, la m\u00fasica espa\u00f1ola y el servicio a la creaci\u00f3n musical de nuestro tiempo.", "start_date": "2026-05-03T06:30:00+00:00", "title": "Los conciertos de La 2"}, {"desc": null, "start_date": "2026-05-03T07:15:00+00:00", "title": "Medina en tve"}, {"desc": null, "start_date": "2026-05-03T07:30:00+00:00", "title": "Buenas noticias. TV"}, {"desc": "Programa semanal dirigido a la comunidad jud\u00eda que, a trav\u00e9s de reportajes y entrevistas, analiza temas de actualidad como ciencia, educaci\u00f3n, festividades, cocina, medicina, m\u00edstica, pensamiento y personalidades de la vida jud\u00eda en Espa\u00f1a y en el resto del mundo.", "start_date": "2026-05-03T07:45:00+00:00", "title": "Shalom"}, {"desc": null, "start_date": "2026-05-03T08:00:00+00:00", "title": "\u00daltimas preguntas"}, {"desc": "Minireportajes que dan a conocer las distintas realidades de la Iglesia.", "start_date": "2026-05-03T08:25:00+00:00", "title": "Testimonio"}, {"desc": null, "start_date": "2026-05-03T08:30:00+00:00", "title": "El d\u00eda del se\u00f1or"}, {"desc": "Programa religioso que ofrece reportajes sobre el trabajo que realizan las ONG o comunidades religiosas en Espa\u00f1a y en el mundo. Retrata los proyectos que se desarrollan en el campo de la educaci\u00f3n y la salud para ayudar a las capas sociales m\u00e1s necesitadas.", "start_date": "2026-05-03T09:30:00+00:00", "title": "Pueblo de Dios"}, {"desc": null, "start_date": "2026-05-03T09:55:00+00:00", "title": "La 2 express"}, {"desc": "Ainara Hernando recorre en bicicleta los caminos y paisajes naturales de Espa\u00f1a.", "start_date": "2026-05-03T10:05:00+00:00", "title": "Un pa\u00eds en bicicleta. Diario de una ciclista"}, {"desc": "Ainara Hernando recorre en bicicleta los caminos y paisajes naturales de Espa\u00f1a.", "start_date": "2026-05-03T10:40:00+00:00", "title": "Un pa\u00eds en bicicleta. Diario de una ciclista"}, {"desc": "La cadena p\u00fablica desfila por la pasarela de la mano de Nieves \u00c1lvarez en este repaso a las novedades del mundo de la moda, las \u00faltimas tendencias y las colecciones de vanguardia. Adem\u00e1s, el programa presta especial atenci\u00f3n al trabajo de los dise\u00f1adores espa\u00f1oles.", "start_date": "2026-05-03T11:15:00+00:00", "title": "Flash Moda"}, {"desc": "Programa divulgativo sobre ecolog\u00eda y medio ambiente. Sus contenidos quieren llegar a un p\u00fablico amplio y no especializado, para que todos descubran que la ecolog\u00eda es interesante porque es necesaria, \u00fatil y amena.", "start_date": "2026-05-03T11:45:00+00:00", "title": "El escarabajo verde"}, {"desc": "\"En train \u00e0 travers\" invite les amoureux des voyages en train et tous les autres \u00e0 partir pour d'extraordinaires destinations \u00e0 travers le monde.", "start_date": "2026-05-03T12:15:00+00:00", "title": "Viajar en tren"}, {"desc": null, "start_date": "2026-05-03T12:40:00+00:00", "title": "Saber y ganar fin de semana"}, {"desc": null, "start_date": "2026-05-03T13:30:00+00:00", "title": "Saber y ganar fin de semana"}, {"desc": "Los animales de \u00c1frica muestran una diversidad incre\u00edble.", "start_date": "2026-05-03T14:15:00+00:00", "title": "Supervivientes de la naturaleza"}, {"desc": "La vida es dura. Es mucho m\u00e1s f\u00e1cil cuando tienes amigos que te cubren la espalda. Observamos c\u00f3mo los animales de una misma especie trabajan juntos para sobrevivir o cazar.", "start_date": "2026-05-03T15:10:00+00:00", "title": "Pandillas salvajes"}, {"desc": "Steve Backshall est \u00e0 la recherche des soixantes animaux les plus dangereux de la plan\u00e8te.", "start_date": "2026-05-03T16:00:00+00:00", "title": "Fauna letal"}, {"desc": "Steve Backshall est \u00e0 la recherche des soixantes animaux les plus dangereux de la plan\u00e8te.", "start_date": "2026-05-03T16:30:00+00:00", "title": "Fauna letal"}, {"desc": "Les civilisations des Vikings, des Moche, des Azt\u00e8ques, des Minoens, des Khmers et des Rapa Nui ont connu une p\u00e9riode de grand d\u00e9veloppement, puis de d\u00e9clin et enfin de disparition. Retour sur les \u00e9v\u00e9nements qui ont conduit \u00e0 ces effondrements et sur l'h\u00e9ritage que ces cultures autrefois florissantes ont laiss\u00e9 derri\u00e8re elles.", "start_date": "2026-05-03T16:55:00+00:00", "title": "Apocalipsis de la Antig\u00fcedad"}, {"desc": "Un viaje donde se marida la historia, el arte y la gastronom\u00eda. Un recorrido de norte a sur y de este a oeste para disfrutar de las tapas t\u00edpicas de cada lugar, con peque\u00f1os bocados y grandes platos que demuestran el gran legado que hay en cualquier ciudad de este pa\u00eds.", "start_date": "2026-05-03T17:50:00+00:00", "title": "De tapas por Espa\u00f1a"}, {"desc": "Un viaje donde se marida la historia, el arte y la gastronom\u00eda. Un recorrido de norte a sur y de este a oeste para disfrutar de las tapas t\u00edpicas de cada lugar, con peque\u00f1os bocados y grandes platos que demuestran el gran legado que hay en cualquier ciudad de este pa\u00eds.", "start_date": "2026-05-03T18:35:00+00:00", "title": "De tapas por Espa\u00f1a"}, {"desc": "Emisi\u00f3n de una pel\u00edcula.", "start_date": "2026-05-03T19:30:00+00:00", "title": "Cine"}, {"desc": "Debate gamberro moderado por Loles Le\u00f3n sobre temas sociales actuales con distintas colaboraciones y secciones. Incluye un consultorio sexual en el que tambi\u00e9n participa el p\u00fablico.", "start_date": "2026-05-03T20:30:00+00:00", "title": "Zero dramas"}, {"desc": "La cadena vuelve a apostar por su Fondo Documental, todo un tesoro de la historia de Espa\u00f1a y la memoria colectiva, para recuperar sus momentos m\u00e1s emblem\u00e1ticos. Ocho entregas que rescatar\u00e1n, en versi\u00f3n \u00edntegra, los grandes momentos de espacios que han sido pioneros.", "start_date": "2026-05-03T21:45:00+00:00", "title": "Tesoros de la tele"}, {"desc": "Con el testimonio de ex detenidos y familiares y un extenso archivo, este documental prueba la existencia de la m\u00e1s cruel metodolog\u00eda de asesinato y desaparici\u00f3n de personas ejecutada por la dictadura argentina entre 1976 y 1983: los vuelos de la muerte.", "start_date": "2026-05-03T23:40:00+00:00", "title": "Traslados"}], "offset": "+00:00", "timezone": "UTC", "error_code": -1, "start_date": "2026-05-02", "icon": ""}