{"end_date": "2026-09-02", "name": "Polar+", "info_url": "https://epg.pw/channels/516367/20260901.html", "country": "France", "description": null, "error_message": "", "provider": "", "source_url": "https://epg.pw/api/epg.json?channel_id=516367&date=20260901&timezone=None", "epg_list": [{"desc": "Nos programmes se terminent pour cette journ\u00e9e, en attendant ceux de demain.", "start_date": "2026-09-01T00:20:00+00:00", "title": "Pause"}, {"desc": "A cause d'un grave accident de moto, le capitaine Fred Ca\u00efn a perdu l'usage de ses jambes. Apr\u00e8s une p\u00e9riode de r\u00e9\u00e9ducation, il a r\u00e9int\u00e9gr\u00e9 les \u00e9quipes d'enqu\u00eates de la police criminelle et travaille d\u00e9sormais avec le lieutenant Lucie Delambre. Ces deux forts caract\u00e8res font des \u00e9tincelles mais se vouent, au-del\u00e0 des taquineries quotidiennes, un grand respect. Il faut dire que Ca\u00efn, volontiers pro", "start_date": "2026-09-01T02:31:00+00:00", "title": "Ca\u00efn"}, {"desc": "A cause d'un grave accident de moto, le capitaine Fred Ca\u00efn a perdu l'usage de ses jambes. Apr\u00e8s une p\u00e9riode de r\u00e9\u00e9ducation, il a r\u00e9int\u00e9gr\u00e9 les \u00e9quipes d'enqu\u00eates de la police criminelle et travaille d\u00e9sormais avec le lieutenant Lucie Delambre. Ces deux forts caract\u00e8res font des \u00e9tincelles mais se vouent, au-del\u00e0 des taquineries quotidiennes, un grand respect. Il faut dire que Ca\u00efn, volontiers pro", "start_date": "2026-09-01T03:30:00+00:00", "title": "Ca\u00efn"}, {"desc": "A cause d'un grave accident de moto, le capitaine Fred Ca\u00efn a perdu l'usage de ses jambes. Apr\u00e8s une p\u00e9riode de r\u00e9\u00e9ducation, il a r\u00e9int\u00e9gr\u00e9 les \u00e9quipes d'enqu\u00eates de la police criminelle et travaille d\u00e9sormais avec le lieutenant Lucie Delambre. Ces deux forts caract\u00e8res font des \u00e9tincelles mais se vouent, au-del\u00e0 des taquineries quotidiennes, un grand respect. Il faut dire que Ca\u00efn, volontiers pro", "start_date": "2026-09-01T04:32:00+00:00", "title": "Ca\u00efn"}, {"desc": "A cause d'un grave accident de moto, le capitaine Fred Ca\u00efn a perdu l'usage de ses jambes. Apr\u00e8s une p\u00e9riode de r\u00e9\u00e9ducation, il a r\u00e9int\u00e9gr\u00e9 les \u00e9quipes d'enqu\u00eates de la police criminelle et travaille d\u00e9sormais avec le lieutenant Lucie Delambre. Ces deux forts caract\u00e8res font des \u00e9tincelles mais se vouent, au-del\u00e0 des taquineries quotidiennes, un grand respect. Il faut dire que Ca\u00efn, volontiers pro", "start_date": "2026-09-01T05:30:00+00:00", "title": "Ca\u00efn"}, {"desc": "Lors de l'inauguration de la crypte de la basilique Saint-Michel, Sabine Derrac, une jeune arch\u00e9ologue bordelaise, d\u00e9couvre un squelette rev\u00eatu d'une robe rouge. Boulevers\u00e9e, elle apprend qu'il s'agit en fait du squelette de sa m\u00e8re, d\u00e9c\u00e9d\u00e9e trente-cinq ans plus t\u00f4t dans un accident de voiture. La police de Bordeaux pense d'abord qu'il s'agit d'une blague macabre. Mais le lendemain matin, Pierre D", "start_date": "2026-09-01T06:32:00+00:00", "title": "Les enfants du secret"}, {"desc": "Am\u00e9lie Florot, une avocate parisienne, est retrouv\u00e9e noy\u00e9e dans la fontaine Sainte-Agathe, lieu de p\u00e8lerinage historique des c\u00e9l\u00e8bres nourrices morvandelles. Originaire de la r\u00e9gion, la jeune femme n'y \u00e9tait pas revenue depuis 25 ans. Pour les deux enqu\u00eateurs, Maud Perrin, lieutenant de gendarmerie et fille d'\u00e9leveur bio de la r\u00e9gion, et Julien Demarcy, arriv\u00e9 en renfort de Dijon, le myst\u00e8re s'\u00e9pa", "start_date": "2026-09-01T08:09:00+00:00", "title": "Meurtres \u00e0..."}, {"desc": "Dans la gare de la t\u00e9l\u00e9cabine qui relie Avoriaz \u00e0 Morzine, Barbara Herbier, 75 ans, accul\u00e9e par un agresseur invisible, bascule par-dessus le garde-corps et dispara\u00eet dans le vide. Ce drame marque le d\u00e9but d'une s\u00e9rie de d\u00e9mences subites et mortelles qui vont frapper la famille Herbier. Claire Garibaldi, officier de la Police judiciaire \u00e0 Lyon, revient mener l'enqu\u00eate sur les lieux de son enfance.", "start_date": "2026-09-01T09:46:00+00:00", "title": "Meurtres \u00e0..."}, {"desc": null, "start_date": "2026-09-01T11:32:00+00:00", "title": "Inspecteur Barnaby"}, {"desc": null, "start_date": "2026-09-01T13:03:00+00:00", "title": "Inspecteur Barnaby"}, {"desc": null, "start_date": "2026-09-01T14:39:00+00:00", "title": "Les enqu\u00eates de Vera"}, {"desc": null, "start_date": "2026-09-01T16:15:00+00:00", "title": "Les enqu\u00eates de Vera"}, {"desc": "A cause d'un grave accident de moto, le capitaine Fred Ca\u00efn a perdu l'usage de ses jambes. Apr\u00e8s une p\u00e9riode de r\u00e9\u00e9ducation, il a r\u00e9int\u00e9gr\u00e9 les \u00e9quipes d'enqu\u00eates de la police criminelle et travaille d\u00e9sormais avec le lieutenant Lucie Delambre. Ces deux forts caract\u00e8res font des \u00e9tincelles mais se vouent, au-del\u00e0 des taquineries quotidiennes, un grand respect. Il faut dire que Ca\u00efn, volontiers pro", "start_date": "2026-09-01T17:51:00+00:00", "title": "Ca\u00efn"}, {"desc": "A Dunkerque, pendant les festivit\u00e9s du carnaval, un homme est retrouv\u00e9 pendu en haut d'un m\u00e2t. Tout le commissariat de la ville est sur le qui-vive. Le capitaine Janie Roussel, v\u00e9ritable encyclop\u00e9die vivante du carnaval, va devoir associer sa culture \u00e0 l'esprit analytique d'Eric Dampierre, jeune policier parisien tout juste install\u00e9 dans le Nord. Contre toute attente, les deux enqu\u00eateurs s'entende", "start_date": "2026-09-01T18:55:00+00:00", "title": "Meurtres \u00e0..."}, {"desc": "Yann et Micka\u00ebl Tortois, deux fr\u00e8res, ne se sont plus adress\u00e9 la parole depuis le drame qui a divis\u00e9 leur famille, quinze ans plus t\u00f4t : un terrible accident \u00e0 l'origine de la mort de leur p\u00e8re ainsi que d'une quinzaine de mineurs, dans une mine ferm\u00e9e depuis. Les deux fr\u00e8res, l'un policier, l'autre gendarme, sont pourtant contraints d'oublier leurs rancoeurs pour collaborer dans une sombre affair", "start_date": "2026-09-01T20:35:00+00:00", "title": "Les disparus de Valenciennes"}, {"desc": "Le corps d'une jeune femme est retrouv\u00e9 pr\u00e8s du lac Pavin, en Auvergne. La mise en sc\u00e8ne du meurtre est fort troublante pour les enqu\u00eateurs, car elle \u00e9voque une l\u00e9gende locale. Selon ce mythe, les p\u00e9cheurs de Besse, provoquant, par leurs actes, la col\u00e8re de Dieu, ont \u00e9t\u00e9 ensevelis, puis recouverts par les larmes du diable. L'assassin consid\u00e9rait-il sa victime comme une p\u00e9cheresse ? En compagnie de", "start_date": "2026-09-01T22:19:00+00:00", "title": "Meurtres \u00e0..."}, {"desc": "Les villes et r\u00e9gions fran\u00e7aises servent de toile de fond \u00e0 des enqu\u00eates polici\u00e8res sur des meurtres qui s'inscrivent intimement dans leurs terroirs. Les faits sont toujours li\u00e9s \u00e0 une l\u00e9gende, une tradition locale ou une b\u00e2tisse charg\u00e9e d'histoire. Parmi les enqu\u00eateurs r\u00e9unis dans cette 9e saison, Fauve Hautot et Aur\u00e9lien Wiik font \u00e9quipe, mais Line Renaud, Samuel Labarthe, Francis Huster ou Oliv", "start_date": "2026-09-01T23:53:00+00:00", "title": "Meurtres \u00e0..."}, {"desc": "Nos programmes se terminent pour cette journ\u00e9e, en attendant ceux de demain.", "start_date": "2026-09-02T01:25:00+00:00", "title": "Pause"}, {"desc": "A cause d'un grave accident de moto, le capitaine Fred Ca\u00efn a perdu l'usage de ses jambes. Apr\u00e8s une p\u00e9riode de r\u00e9\u00e9ducation, il a r\u00e9int\u00e9gr\u00e9 les \u00e9quipes d'enqu\u00eates de la police criminelle et travaille d\u00e9sormais avec le lieutenant Lucie Delambre. Ces deux forts caract\u00e8res font des \u00e9tincelles mais se vouent, au-del\u00e0 des taquineries quotidiennes, un grand respect. Il faut dire que Ca\u00efn, volontiers pro", "start_date": "2026-09-02T02:45:00+00:00", "title": "Ca\u00efn"}, {"desc": "A cause d'un grave accident de moto, le capitaine Fred Ca\u00efn a perdu l'usage de ses jambes. Apr\u00e8s une p\u00e9riode de r\u00e9\u00e9ducation, il a r\u00e9int\u00e9gr\u00e9 les \u00e9quipes d'enqu\u00eates de la police criminelle et travaille d\u00e9sormais avec le lieutenant Lucie Delambre. Ces deux forts caract\u00e8res font des \u00e9tincelles mais se vouent, au-del\u00e0 des taquineries quotidiennes, un grand respect. Il faut dire que Ca\u00efn, volontiers pro", "start_date": "2026-09-02T03:42:00+00:00", "title": "Ca\u00efn"}, {"desc": "A cause d'un grave accident de moto, le capitaine Fred Ca\u00efn a perdu l'usage de ses jambes. Apr\u00e8s une p\u00e9riode de r\u00e9\u00e9ducation, il a r\u00e9int\u00e9gr\u00e9 les \u00e9quipes d'enqu\u00eates de la police criminelle et travaille d\u00e9sormais avec le lieutenant Lucie Delambre. Ces deux forts caract\u00e8res font des \u00e9tincelles mais se vouent, au-del\u00e0 des taquineries quotidiennes, un grand respect. Il faut dire que Ca\u00efn, volontiers pro", "start_date": "2026-09-02T04:46:00+00:00", "title": "Ca\u00efn"}, {"desc": "A cause d'un grave accident de moto, le capitaine Fred Ca\u00efn a perdu l'usage de ses jambes. Apr\u00e8s une p\u00e9riode de r\u00e9\u00e9ducation, il a r\u00e9int\u00e9gr\u00e9 les \u00e9quipes d'enqu\u00eates de la police criminelle et travaille d\u00e9sormais avec le lieutenant Lucie Delambre. Ces deux forts caract\u00e8res font des \u00e9tincelles mais se vouent, au-del\u00e0 des taquineries quotidiennes, un grand respect. Il faut dire que Ca\u00efn, volontiers pro", "start_date": "2026-09-02T05:43:00+00:00", "title": "Ca\u00efn"}, {"desc": "Charlotte Marat, capitaine de police fra\u00eechement arriv\u00e9e de Paris, assiste au dernier d\u00e9fil\u00e9 des f\u00eates johanniques lorsque soudain, la jeune fille qui interpr\u00e8te la figure historique de Jeanne d'Arc s'effondre. La victime a \u00e9t\u00e9 touch\u00e9e par une fl\u00e8che en plein coeur. Rapidement, les enqu\u00eateurs font le rapprochement entre ce meurtre et une blessure subie par Jeanne d'Arc au cours de la bataille livr", "start_date": "2026-09-02T06:38:00+00:00", "title": "Meurtres \u00e0..."}, {"desc": "Lors d'une enqu\u00eate de routine dans un cimeti\u00e8re du Pays Basque, Marie Daguerre d\u00e9couvre la t\u00eate d'un homme, fra\u00eechement coup\u00e9e, au fond d'un caveau dont les portes ont \u00e9t\u00e9 forc\u00e9es. La t\u00eate repose dans le cercueil d'une jeune fille morte depuis quinze ans. Marie fait rapidement le lien avec une information diffus\u00e9e dans tous les commissariats de France, faisant \u00e9tat de la d\u00e9couverte du cadavre de V", "start_date": "2026-09-02T08:15:00+00:00", "title": "Meurtres \u00e0..."}, {"desc": "Sophie, divorc\u00e9e et m\u00e8re de famille de deux enfants, va voir sa vie basculer le jour o\u00f9 son nouveau compagnon poste sur les r\u00e9seaux sociaux des images d'une de leur nuit d'amour. La d\u00e9flagration est lanc\u00e9e, la rumeur se propage comme une train\u00e9e de poudre, au travail, \u00e0 l'\u00e9cole, \u00e0 la maison. Mise \u00e0 nu \u00e0 son insu face \u00e0 des inconnus mais surtout face \u00e0 ses proches, par vengeance amoureuse, Sophie t", "start_date": "2026-09-02T09:53:00+00:00", "title": "Mise \u00e0 nu"}, {"desc": null, "start_date": "2026-09-02T11:35:00+00:00", "title": "Inspecteur Barnaby"}, {"desc": null, "start_date": "2026-09-02T13:06:00+00:00", "title": "Inspecteur Barnaby"}, {"desc": null, "start_date": "2026-09-02T14:42:00+00:00", "title": "Les enqu\u00eates de Vera"}, {"desc": null, "start_date": "2026-09-02T16:18:00+00:00", "title": "Les enqu\u00eates de Vera"}, {"desc": "A cause d'un grave accident de moto, le capitaine Fred Ca\u00efn a perdu l'usage de ses jambes. Apr\u00e8s une p\u00e9riode de r\u00e9\u00e9ducation, il a r\u00e9int\u00e9gr\u00e9 les \u00e9quipes d'enqu\u00eates de la police criminelle et travaille d\u00e9sormais avec le lieutenant Lucie Delambre. Ces deux forts caract\u00e8res font des \u00e9tincelles mais se vouent, au-del\u00e0 des taquineries quotidiennes, un grand respect. Il faut dire que Ca\u00efn, volontiers pro", "start_date": "2026-09-02T17:54:00+00:00", "title": "Ca\u00efn"}, {"desc": "Un Boeing 767 qui devait voler de Londres \u00e0 Los Angeles est d\u00e9tourn\u00e9 par des terroristes. Ces derniers n'ont \u00e9mis aucune revendication et semblent attendre quelque chose. Or l'appareil n'a que 97 minutes de carburant avant de s'\u00e9craser. Pour \u00e9viter une catastrophe possiblement plus grande, le directeur de la CIA Hawkins se pr\u00e9pare \u00e0 faire abattre l'avion, quitte \u00e0 sacrifier ses passagers. Son adjo", "start_date": "2026-09-02T18:55:00+00:00", "title": "97 minutes"}, {"desc": "Une s\u00e9rie de meurtres vient \u00e9branler la petite communaut\u00e9 de Three Pines, un village jusque-l\u00e0 paisible des Cantons-de-l'Est. Armand Gamache, inspecteur en chef \u00e0 la s\u00fbret\u00e9 du Qu\u00e9bec, est charg\u00e9 de r\u00e9soudre cette affaire complexe. Mais comment enqu\u00eater lorsque les habitants sont pr\u00eats \u00e0 tout pour prot\u00e9ger leurs secrets ? Si le policier va pouvoir s'appuyer sur ses capacit\u00e9s \u00e0 percevoir ce que les ", "start_date": "2026-09-02T20:29:00+00:00", "title": "Three Pines"}], "offset": "+00:00", "timezone": "UTC", "error_code": -1, "start_date": "2026-09-01", "icon": ""}