{"end_date": "2026-09-05", "name": "Nouvelle-Cal\u00e9donie 1\u00e8re", "info_url": "https://epg.pw/channels/516374/20260829.html", "country": "France", "description": null, "error_message": "", "provider": "", "source_url": "https://epg.pw/api/epg.json?channel_id=516374&date=20260829&timezone=None", "epg_list": [{"desc": null, "start_date": "2026-09-04T00:00:00+00:00", "title": "Ligne directe"}, {"desc": "Que mange-t-on en Nouvelle-Cal\u00e9donie ? Que cuisinent les Cal\u00e9doniens ? Tour d'horizon de recettes \u00e9tablies \u00e0 partir de produits locaux avec une s\u00e9rie 100% digitale.", "start_date": "2026-09-04T00:46:00+00:00", "title": "Bon ap'"}, {"desc": "En s'immergeant dans leur quotidien, portrait des invisibles de Nouvelle-Cal\u00e9donie, des hommes et des femmes de l'ombre, travailleurs passionn\u00e9s et b\u00e2tisseurs d'une soci\u00e9t\u00e9 riche de diversit\u00e9.", "start_date": "2026-09-04T00:50:00+00:00", "title": "Du coeur \u00e0 l'ouvrage"}, {"desc": "Une personnalit\u00e9 pr\u00e9sente un projet \u00e0 venir ou un \u00e9v\u00e9nement exceptionnel concernant musique, th\u00e9\u00e2tre, cin\u00e9ma, litt\u00e9rature, gastronomie, danse ou sujets de soci\u00e9t\u00e9.", "start_date": "2026-09-04T00:54:00+00:00", "title": "Plein cadre"}, {"desc": null, "start_date": "2026-09-04T01:00:00+00:00", "title": "Le Journal de 12h00"}, {"desc": "Trois fr\u00e8res s\u00e9par\u00e9s \u00e0 la mort de leur p\u00e8re et r\u00e9partis entre diff\u00e9rentes familles se retrouvent apr\u00e8s bien des ann\u00e9es et jurent de se venger du responsable de leur malheur.", "start_date": "2026-09-04T01:31:00+00:00", "title": "Coeur guerrier"}, {"desc": "Trois fr\u00e8res s\u00e9par\u00e9s \u00e0 la mort de leur p\u00e8re et r\u00e9partis entre diff\u00e9rentes familles se retrouvent apr\u00e8s bien des ann\u00e9es et jurent de se venger du responsable de leur malheur.", "start_date": "2026-09-04T02:13:00+00:00", "title": "Coeur guerrier"}, {"desc": null, "start_date": "2026-09-04T02:55:00+00:00", "title": "Hollyoaks : l'amour mode d'emploi"}, {"desc": null, "start_date": "2026-09-04T03:19:00+00:00", "title": "Hollyoaks : l'amour mode d'emploi"}, {"desc": null, "start_date": "2026-09-04T03:43:00+00:00", "title": "Hollyoaks : l'amour mode d'emploi"}, {"desc": "La prestigieuse famille Rold\u00e1n est surprise par l'arriv\u00e9e d'une inconnue, introduite par Sara, la grand-m\u00e8re de la famille, comme la petite-fille sauv\u00e9e d'un quartier marginal. Luisa Mayorga serait la fille pr\u00e9sum\u00e9e de Sergio, son plus jeune fils, assassin\u00e9 dix ans auparavant dans des circonstances \u00e9tranges qui n'ont pas \u00e9t\u00e9 \u00e9lucid\u00e9es. La jeune femme entre dans cette famille cupide dont la plupart", "start_date": "2026-09-04T04:07:00+00:00", "title": "Le secret des Rold\u00e1n"}, {"desc": "Alors que les Perrot ont une mauvaise surprise en d\u00e9couvrant leur nouveau logement, Charles se retrouve au pied du mur.", "start_date": "2026-09-04T04:51:00+00:00", "title": "Un si grand soleil"}, {"desc": "Deux duos s'affrontent : m\u00e8re et fille, en couple ou meilleur(e)s ami(e)s. Ils doivent endosser le temps d'une semaine le r\u00f4le de relookeurs et de relook\u00e9s.", "start_date": "2026-09-04T05:14:00+00:00", "title": "Un look d'enfer"}, {"desc": null, "start_date": "2026-09-04T05:21:00+00:00", "title": "Tout le monde veut prendre sa place"}, {"desc": null, "start_date": "2026-09-04T06:08:00+00:00", "title": "Velvet, le nouvel empire"}, {"desc": null, "start_date": "2026-09-04T06:36:00+00:00", "title": "Velvet, le nouvel empire"}, {"desc": null, "start_date": "2026-09-04T07:03:00+00:00", "title": "Ligne directe"}, {"desc": "Entre lagon, mangrove et littoral expos\u00e9, Alice et Sylvie veillent chacune \u00e0 leur mani\u00e8re sur le vivant. L'une agit sur le terrain, au quotidien, en mer comme en mangrove, pour surveiller, prot\u00e9ger, r\u00e9guler. L'autre transmet, sensibilise, replante, explique, convaincue que la protection commence par la compr\u00e9hension et l'amour du lieu.", "start_date": "2026-09-04T07:24:00+00:00", "title": "A la vie comme \u00e0 la mer"}, {"desc": "En s'immergeant dans leur quotidien, portrait des invisibles de Nouvelle-Cal\u00e9donie, des hommes et des femmes de l'ombre, travailleurs passionn\u00e9s et b\u00e2tisseurs d'une soci\u00e9t\u00e9 riche de diversit\u00e9.", "start_date": "2026-09-04T07:50:00+00:00", "title": "Du coeur \u00e0 l'ouvrage"}, {"desc": null, "start_date": "2026-09-04T07:53:00+00:00", "title": "Casse pas la t\u00eate"}, {"desc": "Une personnalit\u00e9 pr\u00e9sente un projet \u00e0 venir ou un \u00e9v\u00e9nement exceptionnel concernant musique, th\u00e9\u00e2tre, cin\u00e9ma, litt\u00e9rature, gastronomie, danse ou sujets de soci\u00e9t\u00e9.", "start_date": "2026-09-04T08:21:00+00:00", "title": "Plein cadre"}, {"desc": null, "start_date": "2026-09-04T08:27:00+00:00", "title": "M\u00e9t\u00e9o Nouvelle-Cal\u00e9donie"}, {"desc": null, "start_date": "2026-09-04T08:29:00+00:00", "title": "Journal de 19h30 de Nouvelle-Cal\u00e9donie"}, {"desc": null, "start_date": "2026-09-04T08:58:00+00:00", "title": "M\u00e9t\u00e9o Nouvelle-Cal\u00e9donie"}, {"desc": "Une nouvelle saison commence pour Shepherd et son \u00e9quipe d'enqu\u00eateurs, aux prises avec des meurtres plus d\u00e9routants les uns que les autres. A commencer par celui d'un pal\u00e9ontologue apr\u00e8s la d\u00e9couverte d'un fossile de dinosaure dans les collines alentours, ou l'assassinat de l'\u00e9pouse du dentiste, courtis\u00e9 par une autre femme. Neill Rea et Fern Sutherland campent ce tandem d'enqu\u00eateurs depuis 10 sai", "start_date": "2026-09-04T09:03:00+00:00", "title": "Brokenwood"}, {"desc": "Au cours de d\u00e9fis cr\u00e9atifs, dix nouvelles queens s'affrontent lors de cette 3e saison de Drag Race France toujours pr\u00e9sent\u00e9e par Nicky Doll, Kiddy Smile et Daphn\u00e9 B\u00fcrki.", "start_date": "2026-09-04T10:37:00+00:00", "title": "Drag Race France : une seule sera la reine"}, {"desc": null, "start_date": "2026-09-04T11:38:00+00:00", "title": "M\u00e9t\u00e9o Nouvelle-Cal\u00e9donie"}, {"desc": null, "start_date": "2026-09-04T11:43:00+00:00", "title": "Journal 13h00"}, {"desc": null, "start_date": "2026-09-04T12:21:00+00:00", "title": "Ze tantines"}, {"desc": "Elev\u00e9e par sa grand-m\u00e8re depuis l'\u00e2ge de 4 ans \u00e0 Petr\u00f3polis, une jeune femme d\u00e9cide de se rendre \u00e0 Rio lorsqu'elle tombe sur une photo de sa m\u00e8re disparue dans un magazine.", "start_date": "2026-09-04T14:28:00+00:00", "title": "L'\u00e9toile du jour"}, {"desc": "Callie et Moana, deux bricoleurs amateurs se lancent le d\u00e9fi de construire un fare et entra\u00eenent les t\u00e9l\u00e9spectateurs avec eux.", "start_date": "2026-09-04T15:53:00+00:00", "title": "Mon fare de A \u00e0 Z"}, {"desc": "Callie et Moana, deux bricoleurs amateurs se lancent le d\u00e9fi de construire un fare et entra\u00eenent les t\u00e9l\u00e9spectateurs avec eux.", "start_date": "2026-09-04T16:16:00+00:00", "title": "Mon fare de A \u00e0 Z"}, {"desc": "Regarder la vid\u00e9o \u00c9mission du mardi 26 septembre 2023 sur france.tv.", "start_date": "2026-09-04T16:39:00+00:00", "title": "Mon fare de A \u00e0 Z"}, {"desc": "Antoine Auriol, ancien champion du monde de kite surf, part \u00e0 la d\u00e9couverte de Tahiti, cette \u00eele fran\u00e7aise en plein milieu de l'Oc\u00e9an Pacifique. Accompagn\u00e9 par des gardiens de la nature, tous engag\u00e9s pour pr\u00e9server leur \u00eele et leur lagon, Antoine va d\u00e9couvrir comment la culture tahitienne lie ses habitants \u00e0 la nature. Les exp\u00e9riences de Jessica, Dominique, Cindy, Patrick, Richard, C\u00e9cile, Matahi ", "start_date": "2026-09-04T16:56:00+00:00", "title": "Green"}, {"desc": null, "start_date": "2026-09-04T17:57:00+00:00", "title": "Journal week-end"}, {"desc": null, "start_date": "2026-09-04T18:39:00+00:00", "title": "Journal de 19h30 de Nouvelle-Cal\u00e9donie"}, {"desc": null, "start_date": "2026-09-04T19:07:00+00:00", "title": "Journal Wallis-et-Futuna"}, {"desc": null, "start_date": "2026-09-04T19:23:00+00:00", "title": "Journal Polyn\u00e9sie"}, {"desc": null, "start_date": "2026-09-04T19:43:00+00:00", "title": "Stade 2 la quotidienne"}, {"desc": null, "start_date": "2026-09-04T19:50:00+00:00", "title": "Outremer.l'info"}, {"desc": "S\u00e9bastien Limousin vous livre ses astuces jardinage, ses bons conseils d'entretien des plantes et de plantation et r\u00e9pond \u00e0 vos interrogations. Retrouvez-le tous les samedis \u00e0 7h.", "start_date": "2026-09-04T20:00:00+00:00", "title": "1, 2, 3 Plantez"}, {"desc": "Rencontre : Ker Madeleine, cultiver pour se reconstruire Au c\u00bfur d\u00bfune grande ferme mara\u00eech\u00e8re, Ker Madeleine accueille.", "start_date": "2026-09-04T21:31:00+00:00", "title": "Silence, \u00e7a pousse !"}, {"desc": null, "start_date": "2026-09-04T22:23:00+00:00", "title": "Bel & Bien ensemble"}, {"desc": "Le rendez-vous des amoureux des animaux ! Passion, \u00e9motion, d\u00e9couverte et originalit\u00e9 sont les mots-cl\u00e9s de ce magazine consacr\u00e9 \u00e0 la faune. Qu'il s'agisse d'animaux de compagnie, d'\u00e9levage ou de travail, ils bouleversent des vies et allument des \u00e9toiles dans les yeux de tous. L'\u00e9mission est pr\u00e9sent\u00e9e par Franck Menestret et sa chienne Golden Retriever Muffin. La complicit\u00e9 touchante de ce duo in\u00e9", "start_date": "2026-09-04T23:04:00+00:00", "title": "En terre animale"}, {"desc": "Sur France 3 Auvergne-Rh\u00f4ne-Alpes, Laurent Guillaume parcourt chemins et montagnes \u00e0 la rencontre des femmes et des hommes qui en cultivent l\u00bf\u00e2me, \u00e0 travers leurs engagements, leurs passions, leurs \u00e9nergies. Depuis les plus hauts massifs jusqu\u00bfau cours des fleuves, au c\u00bfur des villages, Chroniques d\u00bfen haut nous emm\u00e8ne \u00e0 la d\u00e9couverte de nous-m\u00eames. A vos marches\u00bf Pr\u00eats ? Partez !", "start_date": "2026-09-04T23:31:00+00:00", "title": "Chroniques d'en haut"}, {"desc": null, "start_date": "2026-09-04T23:58:00+00:00", "title": "La caravane de l'entrepreunariat"}, {"desc": "Une pointe de piment met du peps dans les crevettes mangue, ail et piment vert de la cheffe Sanjee tandis que Brice Laurent Dubois re\u00e7oit deux chefs qui nous livrent leurs conseils sur la cuisine \u00e9pic\u00e9e et les chutneys.", "start_date": "2026-09-05T00:25:00+00:00", "title": "Chef pays"}, {"desc": null, "start_date": "2026-09-05T00:52:00+00:00", "title": "All\u00f4 Laura"}, {"desc": "Une personnalit\u00e9 pr\u00e9sente un projet \u00e0 venir ou un \u00e9v\u00e9nement exceptionnel concernant musique, th\u00e9\u00e2tre, cin\u00e9ma, litt\u00e9rature, gastronomie, danse ou sujets de soci\u00e9t\u00e9.", "start_date": "2026-09-05T00:54:00+00:00", "title": "Plein cadre"}, {"desc": null, "start_date": "2026-09-05T01:00:00+00:00", "title": "Le Journal de 12h00"}, {"desc": "L'ann\u00e9e\u00a02024 touche \u00e0 sa fin, une ann\u00e9e terrible pour les Cal\u00e9doniens qui traversent une crise \u00e9conomique, sociale et politique d'une gravit\u00e9 in\u00e9dite. Une ann\u00e9e o\u00f9 la crise a r\u00e9v\u00e9l\u00e9 nos fragilit\u00e9s mais aussinotre force collective. Ces derniers mois la jeunesse du caillou s'est interrog\u00e9e sursa place et sur son avenir.Pour cette derni\u00e8re \u00e9mission, c'est\u00a0\u00e0 nos responsables politiques que les jeunes ", "start_date": "2026-09-05T01:16:00+00:00", "title": "Sans concession"}, {"desc": "Le naturaliste et d\u00e9fenseur de l'environnement Steve Backshall part \u00e0 la rencontre des baleines les plus embl\u00e9matiques, myst\u00e9rieuses et menac\u00e9es, ainsi que de leurs cousins les dauphins. Il explique leurs relations sociales complexes ou leurs techniques de chasse surprenantes. Confront\u00e9 aux probl\u00e8mes cruciaux de la surp\u00eache, de la pollution et de la destruction de l'habitat de ces esp\u00e8ces, Steve p", "start_date": "2026-09-05T02:32:00+00:00", "title": "A la rencontre des baleines avec Steve Backshall"}, {"desc": "Callie et Moana, deux bricoleurs amateurs se lancent le d\u00e9fi de construire un fare et entra\u00eenent les t\u00e9l\u00e9spectateurs avec eux.", "start_date": "2026-09-05T03:23:00+00:00", "title": "Mon fare de A \u00e0 Z"}, {"desc": "Apr\u00e8s leur non-demande en mariage, Candice et Antoine partent en voyage de non-noces en Corse. Ils ont cass\u00e9 leurs tirelires pour s'offrir un s\u00e9jour de r\u00eave dans un sublime h\u00f4tel sur une plage aux eaux turquoises. L'endroit respire le luxe et le raffinement. Un peu trop peut-\u00eatre ? Lors du d\u00eener, Candice se fait remarquer avec sa jolie robe \u00e0 fleurs et son rire \u00e9clatant, un peu trop peut-\u00eatre ? An", "start_date": "2026-09-05T03:27:00+00:00", "title": "Candice Renoir"}, {"desc": "quatre jeunes filles de Mayotte d\u00e9cident de vivre ensemble malgr\u00e9 le refus de leurs parents. La colocation est le point de d\u00e9part des aventures de ce groupe de jeunes filles qui cherchent l'ind\u00e9pendance, la libert\u00e9 et leur place dans la soci\u00e9t\u00e9 Mahoraise.", "start_date": "2026-09-05T05:00:00+00:00", "title": "Colocs !"}, {"desc": "quatre jeunes filles de Mayotte d\u00e9cident de vivre ensemble malgr\u00e9 le refus de leurs parents. La colocation est le point de d\u00e9part des aventures de ce groupe de jeunes filles qui cherchent l'ind\u00e9pendance, la libert\u00e9 et leur place dans la soci\u00e9t\u00e9 Mahoraise.", "start_date": "2026-09-05T05:27:00+00:00", "title": "Colocs !"}, {"desc": null, "start_date": "2026-09-05T05:55:00+00:00", "title": "Colocs !"}, {"desc": "A Paris, en 2005, Johanna, Amandine et Vivian, qui travaillent tous les trois dans le milieu de la restauration, veulent vivre de leur passion pour la gastronomie. Pourtant, force est de constater qu'ils ne se reconnaissent ni dans les pratiques archa\u00efques qui ont toujours cours dans les cuisines d'un restaurant \u00e9toil\u00e9 ni dans les compromissions d'un grand guide. Le trio r\u00eave d'ouvrir un restauran", "start_date": "2026-09-05T06:28:00+00:00", "title": "Bistronomia"}, {"desc": null, "start_date": "2026-09-05T06:52:00+00:00", "title": "Total Control"}, {"desc": "Jyel Uthen, la rel\u00e8ve du cricket cal\u00e9donien \u00c0 seulement 19 ans, Jyel Uthen s'impose d\u00e9j\u00e0 comme l'un des jeunes talents les plus prometteurs du cricket en Nouvelle-Cal\u00e9donie. Originaire de la tribu de Mou, il d\u00e9couvre ce sport d\u00e8s l'\u00e2ge de 12 ans, dans une famille o\u00f9 le cricket se transmet de g\u00e9n\u00e9ration en g\u00e9n\u00e9ration. Pour lui, cette discipline est bien plus qu'un jeu : c'est une tradition, un h\u00e9ri", "start_date": "2026-09-05T07:42:00+00:00", "title": "Graine de champion"}, {"desc": "La r\u00e9gion du Pacifique est riche en culture, en personnes et en histoires. The Pacific, \u00e9mission ABC Australia, est le moyen de rester en contact avec tout ce qui s'y passe. Chaque semaine, d'\u00eele en \u00eele, d\u00e9couvrez l'actualit\u00e9, les sports et les \u00e9v\u00e9nements locaux de toute la r\u00e9gion.", "start_date": "2026-09-05T07:49:00+00:00", "title": "The Pacific"}, {"desc": null, "start_date": "2026-09-05T08:18:00+00:00", "title": "All\u00f4 Laura"}, {"desc": "Une personnalit\u00e9 pr\u00e9sente un projet \u00e0 venir ou un \u00e9v\u00e9nement exceptionnel concernant musique, th\u00e9\u00e2tre, cin\u00e9ma, litt\u00e9rature, gastronomie, danse ou sujets de soci\u00e9t\u00e9.", "start_date": "2026-09-05T08:21:00+00:00", "title": "Plein cadre"}, {"desc": null, "start_date": "2026-09-05T08:27:00+00:00", "title": "M\u00e9t\u00e9o Nouvelle-Cal\u00e9donie"}, {"desc": null, "start_date": "2026-09-05T08:29:00+00:00", "title": "Journal de 19h30 de Nouvelle-Cal\u00e9donie"}, {"desc": null, "start_date": "2026-09-05T08:59:00+00:00", "title": "M\u00e9t\u00e9o Nouvelle-Cal\u00e9donie"}, {"desc": "Laura, influenceuse bien connue en Nouvelle-Cal\u00e9donie, y pr\u00eate ses traits \u00e0 une op\u00e9ratrice hotline haute en couleur, qui r\u00e9pond avec humour et d\u00e9calage aux petites aventures du quotidien cal\u00e9donien. Entre r\u00e9parties surprenantes et situations loufoques, Allo Laura promet de casser les codes et de s\u00e9duire un large public.", "start_date": "2026-09-05T09:04:00+00:00", "title": "All\u00f4 Laura"}, {"desc": "\u00c9lev\u00e9e par sa grand-m\u00e8re depuis l'\u00e2ge de quatre ans \u00e0 Petr\u00f3polis, Beatriz d\u00e9cide de se rendre \u00e0 Rio de Janeiro lorsqu'elle tombe sur une photo de sa m\u00e8re disparue, Clarice, dans un magazine.", "start_date": "2026-09-05T09:06:00+00:00", "title": "L'\u00e9toile du jour"}, {"desc": "Apr\u00e8s avoir connu six ann\u00e9es de succ\u00e8s au sein du duo star Frero Delavega, en 2017 J\u00e9r\u00e9my Frerot a pris son envol en solo et est parvenu \u00e0 s'imposer avec un premier album, \"Matriochka\" (2018), suivi de \"Meilleure vie\" (2021), certifi\u00e9s disques d'or, et de chansons abordant des th\u00e8mes tels que l'\u00e9cologie et le respect de l'oc\u00e9an, une passion pour cet artiste qui vit au bord de l'Atlantique.", "start_date": "2026-09-05T10:36:00+00:00", "title": "J\u00e9r\u00e9my Frerot au F'Estivada de Rodez"}, {"desc": null, "start_date": "2026-09-05T11:56:00+00:00", "title": "M\u00e9t\u00e9o Nouvelle-Cal\u00e9donie"}, {"desc": null, "start_date": "2026-09-05T12:01:00+00:00", "title": "Journal week-end"}, {"desc": "Ce \"Mashup Tropical\" propose un concert mixant les musiques utramarines, men\u00e9 par DJ Tony Blanck, accompagn\u00e9 sur sc\u00e8ne de chanteurs comme Jocelyne B\u00e9roard, Lycina\u00efs Jean, Tony Chasseur, Yannick Claire, pour s'approprier et revisiter des succ\u00e8s antillais en y int\u00e9grant des \u00e9l\u00e9ments de standards nationaux et internationaux.", "start_date": "2026-09-05T12:42:00+00:00", "title": "Mashup Tropical"}, {"desc": "Apr\u00e8s une \u00e9dition anniversaire marquant ses 20 ans, le Sakifo Festival amorce un nouveau cycle avec cette 21\u1d49 \u00e9dition, confirmant son statut d'\u00e9v\u00e9nement incontournable du paysage musical de l'oc\u00e9an Indien et bien au-del\u00e0. Ancr\u00e9 au c\u0153ur de Saint-Pierre, capitale du Sud de La R\u00e9union, le festival propose du 6 au 8 juin 2025 une programmation toujours aussi riche, audacieuse et f\u00e9d\u00e9ratrice.Les grands", "start_date": "2026-09-05T13:54:00+00:00", "title": "Sakifo"}, {"desc": null, "start_date": "2026-09-05T14:58:00+00:00", "title": "Danse ton \u00eele"}, {"desc": null, "start_date": "2026-09-05T15:51:00+00:00", "title": "60 ans avec nous"}, {"desc": null, "start_date": "2026-09-05T16:04:00+00:00", "title": "60 ans avec nous"}, {"desc": "Oubliez tout ce que vous pensiez savoir sur le monde v\u00e9g\u00e9tal. En Nouvelle-Cal\u00e9donie, la flore ne se contente pas de pousser : elle survit, elle mute, elle parasite et elle d\u00e9fie l'imagination. Loin des simples paysages de cartes postales, la Grande Terre abrite un v\u00e9ritable \" Jurassic Park \" botanique, hotspot mondial de biodiversit\u00e9. C'est un l...", "start_date": "2026-09-05T16:18:00+00:00", "title": "Mille et une plantes"}, {"desc": "Cette s\u00e9rie nous plonge au coeur de la richesse du patrimoine historique polyn\u00e9sien \u00e0 travers les lieux, les objets ou les monuments embl\u00e9matiques Fenua.", "start_date": "2026-09-05T16:20:00+00:00", "title": "Hiro'a tumu: Patrimoine"}, {"desc": "Cette enqu\u00eate scientifique et arch\u00e9ologique propose un surprenant voyage dans le pass\u00e9 \u00e0 la recherche des premiers musiciens de l'Histoire. Bien avant d'\u00eatre un art et un divertissement, la musique fut une arme, l'alli\u00e9e de la guerre et du pouvoir mais aussi un langage sacr\u00e9 pour parler aux dieux et certainement, \u00e0 l'aube de l'humanit\u00e9, la bande sonore de rites ancestraux. En redonnant vie \u00e0 des i", "start_date": "2026-09-05T16:23:00+00:00", "title": "Premi\u00e8res notes"}, {"desc": null, "start_date": "2026-09-05T17:57:00+00:00", "title": "Journal week-end"}, {"desc": null, "start_date": "2026-09-05T18:33:00+00:00", "title": "Journal de 19h30 de Nouvelle-Cal\u00e9donie"}, {"desc": null, "start_date": "2026-09-05T19:02:00+00:00", "title": "Journal Wallis-et-Futuna"}, {"desc": null, "start_date": "2026-09-05T19:13:00+00:00", "title": "Journal Polyn\u00e9sie"}, {"desc": null, "start_date": "2026-09-05T19:34:00+00:00", "title": "Stade 2 la quotidienne"}, {"desc": null, "start_date": "2026-09-05T20:01:00+00:00", "title": "Outremer.l'info"}, {"desc": null, "start_date": "2026-09-05T20:11:00+00:00", "title": "Tous Fr\u00e8res"}, {"desc": "Le pays des ENJ - que l'on prononce \"anges\" - se trouve aux Iles Loyaut\u00e9. Depuis 2024, la province des Iles a bouscul\u00e9 le droit fran\u00e7ais en introduisant, dans son code de l'environnement, une innovation singuli\u00e8re : la reconnaissance d'entit\u00e9s naturelles comme personnalit\u00e9s juridiques, qui disposent de droits r\u00e9els et de la possibilit\u00e9 de se d\u00e9fendre devant les tribunaux. Requins et tortues sont l", "start_date": "2026-09-05T20:40:00+00:00", "title": "Des anges et des hommes"}], "offset": "+00:00", "timezone": "UTC", "error_code": -1, "start_date": "2026-09-04", "icon": ""}