{"end_date": "2026-09-03", "name": "Nouvelle-Cal\u00e9donie 1\u00e8re", "info_url": "https://epg.pw/channels/516374/20260901.html", "country": "France", "description": null, "error_message": "", "provider": "", "source_url": "https://epg.pw/api/epg.json?channel_id=516374&date=20260901&timezone=None", "epg_list": [{"desc": null, "start_date": "2026-09-01T00:00:00+00:00", "title": "Ligne directe"}, {"desc": "5 chefs exposent chaque semaine de la bonne cuisine r\u00e9unionnaise traditionnelle et m\u00eame revisit\u00e9e. Une recette par jour du lundi au vendredi. Aster chefs , l'entrevue \u00e0 ne pas rater !", "start_date": "2026-09-01T00:46:00+00:00", "title": "Ast\u00e8r Chefs"}, {"desc": "Une personnalit\u00e9 pr\u00e9sente un projet \u00e0 venir ou un \u00e9v\u00e9nement exceptionnel concernant musique, th\u00e9\u00e2tre, cin\u00e9ma, litt\u00e9rature, gastronomie, danse ou sujets de soci\u00e9t\u00e9.", "start_date": "2026-09-01T00:54:00+00:00", "title": "Plein cadre"}, {"desc": null, "start_date": "2026-09-01T01:00:00+00:00", "title": "Le Journal de 12h00"}, {"desc": "Trois fr\u00e8res s\u00e9par\u00e9s \u00e0 la mort de leur p\u00e8re et r\u00e9partis entre diff\u00e9rentes familles se retrouvent apr\u00e8s bien des ann\u00e9es et jurent de se venger du responsable de leur malheur.", "start_date": "2026-09-01T01:31:00+00:00", "title": "Coeur guerrier"}, {"desc": "Trois fr\u00e8res s\u00e9par\u00e9s \u00e0 la mort de leur p\u00e8re et r\u00e9partis entre diff\u00e9rentes familles se retrouvent apr\u00e8s bien des ann\u00e9es et jurent de se venger du responsable de leur malheur.", "start_date": "2026-09-01T02:13:00+00:00", "title": "Coeur guerrier"}, {"desc": null, "start_date": "2026-09-01T02:56:00+00:00", "title": "Hollyoaks : l'amour mode d'emploi"}, {"desc": null, "start_date": "2026-09-01T03:20:00+00:00", "title": "Hollyoaks : l'amour mode d'emploi"}, {"desc": null, "start_date": "2026-09-01T03:44:00+00:00", "title": "Hollyoaks : l'amour mode d'emploi"}, {"desc": "La prestigieuse famille Rold\u00e1n est surprise par l'arriv\u00e9e d'une inconnue, introduite par Sara, la grand-m\u00e8re de la famille, comme la petite-fille sauv\u00e9e d'un quartier marginal. Luisa Mayorga serait la fille pr\u00e9sum\u00e9e de Sergio, son plus jeune fils, assassin\u00e9 dix ans auparavant dans des circonstances \u00e9tranges qui n'ont pas \u00e9t\u00e9 \u00e9lucid\u00e9es. La jeune femme entre dans cette famille cupide dont la plupart", "start_date": "2026-09-01T04:08:00+00:00", "title": "Le secret des Rold\u00e1n"}, {"desc": "Alors que Clara d\u00e9cide de donner un coup de main \u00e0 Salom\u00e9, la relation Becker et Claudine prend une nouvelle tournure.", "start_date": "2026-09-01T04:52:00+00:00", "title": "Un si grand soleil"}, {"desc": "Deux duos s'affrontent : m\u00e8re et fille, en couple ou meilleur(e)s ami(e)s. Ils doivent endosser le temps d'une semaine le r\u00f4le de relookeurs et de relook\u00e9s.", "start_date": "2026-09-01T05:15:00+00:00", "title": "Un look d'enfer"}, {"desc": "Immersion au coeur de la richesse du patrimoine historique polyn\u00e9sien \u00e0 travers les lieux, les objets ou les monuments embl\u00e9matiques Fenua.", "start_date": "2026-09-01T05:22:00+00:00", "title": "Hiro'a tumu: Patrimoine"}, {"desc": "F\u00e9lix pratique la voile en comp\u00e9tition, et plus particuli\u00e8rement le catamaran, depuis six ans. Son projet sportif est clair : int\u00e9grer un P\u00f4le Espoir en France en 2026.", "start_date": "2026-09-01T05:25:00+00:00", "title": "Graine de champion"}, {"desc": null, "start_date": "2026-09-01T05:32:00+00:00", "title": "Tout le monde veut prendre sa place"}, {"desc": "Romina, jeune femme intr\u00e9pide et comp\u00e9titive, passionn\u00e9e de VTT de descente, d\u00e9couvre qu'elle a une soeur jumelle pr\u00e9nomm\u00e9e Laura. Lorsque celle-ci est assassin\u00e9e par la mafia ainsi que leur m\u00e8re, Romina d\u00e9cide de prendre l'identit\u00e9 de sa soeur afin de traquer les responsables et obtenir justice. Elle se retrouve alors plong\u00e9e dans un univers de luxe et de danger qui lui est totalement \u00e9tranger.", "start_date": "2026-09-01T06:20:00+00:00", "title": "Romina Poderosa"}, {"desc": "Romina, jeune femme intr\u00e9pide et comp\u00e9titive, passionn\u00e9e de VTT de descente, d\u00e9couvre qu'elle a une soeur jumelle pr\u00e9nomm\u00e9e Laura. Lorsque celle-ci est assassin\u00e9e par la mafia ainsi que leur m\u00e8re, Romina d\u00e9cide de prendre l'identit\u00e9 de sa soeur afin de traquer les responsables et obtenir justice. Elle se retrouve alors plong\u00e9e dans un univers de luxe et de danger qui lui est totalement \u00e9tranger.", "start_date": "2026-09-01T06:42:00+00:00", "title": "Romina Poderosa"}, {"desc": null, "start_date": "2026-09-01T07:05:00+00:00", "title": "Ligne directe"}, {"desc": "\\\" La r\u00e9surrection de Fort T\u00e9remba \\\" C\u00bfest un des rares sites de Brousse class\u00e9 \\\" Monument Historique \\\", le Fort T\u00e9remba est devenu une \u00e9tape touristique patrimoniale sur le tour de Cal\u00e9donie. L\u00bfhistoire de ce fort militaire est annuellement raviv\u00e9e \u00e0 Moindou par un populaire \\\" son et lumi\u00e8re \\\" depuis 1987. Cette enceinte fortifi\u00e9e et r\u00e9nov\u00e9e r\u00e9sume en quelque sorte les errements de l\u00bfhistoir", "start_date": "2026-09-01T07:26:00+00:00", "title": "Les chemins de l'histoire"}, {"desc": null, "start_date": "2026-09-01T07:54:00+00:00", "title": "Casse pas la t\u00eate"}, {"desc": "Une personnalit\u00e9 pr\u00e9sente un projet \u00e0 venir ou un \u00e9v\u00e9nement exceptionnel concernant musique, th\u00e9\u00e2tre, cin\u00e9ma, litt\u00e9rature, gastronomie, danse ou sujets de soci\u00e9t\u00e9.", "start_date": "2026-09-01T08:21:00+00:00", "title": "Plein cadre"}, {"desc": null, "start_date": "2026-09-01T08:27:00+00:00", "title": "M\u00e9t\u00e9o Nouvelle-Cal\u00e9donie"}, {"desc": null, "start_date": "2026-09-01T08:29:00+00:00", "title": "Journal de 19h30 de Nouvelle-Cal\u00e9donie"}, {"desc": null, "start_date": "2026-09-01T08:58:00+00:00", "title": "M\u00e9t\u00e9o Nouvelle-Cal\u00e9donie"}, {"desc": null, "start_date": "2026-09-01T09:03:00+00:00", "title": "Itin\u00e9raires"}, {"desc": "Les grottes sacr\u00e9es au coeur de l\u00bfhistoire kanak et de ses secrets Philippe Brunet par ses explorations entrouvre le livre non \u00e9crit d\u00bfune histoire tr\u00e8s ancienne. Ce film est la rencontre, la confrontation positive, entre la d\u00e9marche scientifique d\u00bfune de l\u00bfexploration d\u00bfun sp\u00e9l\u00e9ologue et celle de la tradition kanak qui attribue \u00e0 ces grottes des valeurs spirituelles, des r\u00e9cits l\u00e9gendaires, des p", "start_date": "2026-09-01T09:04:00+00:00", "title": "Les grottes sacr\u00e9es de lifou"}, {"desc": null, "start_date": "2026-09-01T09:56:00+00:00", "title": "Itin\u00e9raires"}, {"desc": "La R\u00e9union, surnomm\u00e9e \\\" l'\u00eele intense\\\", est connue pour la diversit\u00e9 de ses paysages, entre mer, montagnes et volcans. Elle accueille pr\u00e8s de 500 000 touristes chaque ann\u00e9e dont 100 000 \u00e0 Mafate, cirque le plus enclav\u00e9 de l'\u00eele. Sans aucun acc\u00e8s routier, Mafate est un tr\u00e9sor de la biodiversit\u00e9 o\u00f9 la vie humaine est pr\u00e9sente depuis des si\u00e8cles selon sa propre histoire. Se faisant, il est rapideme", "start_date": "2026-09-01T09:59:00+00:00", "title": "Les voix oubli\u00e9es"}, {"desc": "La Palestine historique n'est plus, d\u00e9sormais divis\u00e9e, fractur\u00e9e. En 1948, l'Etat d'Isra\u00ebl est cr\u00e9\u00e9. Le projet sioniste l'emporte sur l'id\u00e9e d'une grande nation arabe. 850 000 Palestiniens sur les 1,2 million qui vivent alors en Palestine prennent les routes de l'exil, en direction des camps install\u00e9s dans les pays arabes alentour, cr\u00e9ant un d\u00e9sordre r\u00e9gional. Mais la r\u00e9sistance s'organise, incarn", "start_date": "2026-09-01T10:52:00+00:00", "title": "Palestine, une histoire"}, {"desc": null, "start_date": "2026-09-01T11:52:00+00:00", "title": "M\u00e9t\u00e9o Nouvelle-Cal\u00e9donie"}, {"desc": null, "start_date": "2026-09-01T11:57:00+00:00", "title": "Journal 13h00"}, {"desc": "Des vall\u00e9es du B\u00e9arn aux collines du Pays basque, Sophie Jovillard se prom\u00e8ne dans les paysages contrast\u00e9s des Pyr\u00e9n\u00e9es-Atlantiques, qui abritent une mosa\u00efque de cultures, de langues et de traditions profond\u00e9ment ancr\u00e9es. Elle d\u00e9couvre la richesse de ce territoire, situ\u00e9 entre oc\u00e9an et montagne.", "start_date": "2026-09-01T12:35:00+00:00", "title": "Echapp\u00e9es belles"}, {"desc": "Cinq couples Guadeloup\u00e9ens racontent leur histoire d'amour sur une \u00eele o\u00f9 le lien conjugal est fragile et malmen\u00e9. Au-del\u00e0 des difficult\u00e9s, ils ont d\u00e9cid\u00e9 de s'aimer. Ensemble, ils font le choix de l'engagement et de la tendresse contre vents et mar\u00e9es. Les d\u00e9fis qu'ils ont relev\u00e9s et rel\u00e8vent encore interrogent en creux la soci\u00e9t\u00e9 Guadeloup\u00e9enne et la construction sociale du couple au fil des ann", "start_date": "2026-09-01T14:05:00+00:00", "title": "Guadeloupe, le choix d'aimer"}, {"desc": "Bien plus qu'un simple moyen de transport collectif en Ha\u00efti, les Tap-Tap repr\u00e9sentent un moyen d'expression artistique populaire comme on ne le retrouve nulle part ailleurs dans la Cara\u00efbe. L'ampleur est telle qu'une f\u00eate nationale a \u00e9t\u00e9 d\u00e9cr\u00e9t\u00e9e officiellement le 12 ao\u00fbt de chaque ann\u00e9e et un concours du plus beau Tap-Tap est organis\u00e9.", "start_date": "2026-09-01T16:56:00+00:00", "title": "Tap tap ch\u00e9ri"}, {"desc": "Callie et Moana, deux bricoleurs amateurs se lancent le d\u00e9fi de construire un fare et entra\u00eenent les t\u00e9l\u00e9spectateurs avec eux.", "start_date": "2026-09-01T17:48:00+00:00", "title": "Mon fare de A \u00e0 Z"}, {"desc": "Callie et Moana, deux bricoleurs amateurs se lancent le d\u00e9fi de construire un fare et entra\u00eenent les t\u00e9l\u00e9spectateurs avec eux.", "start_date": "2026-09-01T17:51:00+00:00", "title": "Mon fare de A \u00e0 Z"}, {"desc": "Callie et Moana, deux bricoleurs amateurs se lancent le d\u00e9fi de construire un fare et entra\u00eenent les t\u00e9l\u00e9spectateurs avec eux.", "start_date": "2026-09-01T17:54:00+00:00", "title": "Mon fare de A \u00e0 Z"}, {"desc": null, "start_date": "2026-09-01T17:57:00+00:00", "title": "Journal 20h00"}, {"desc": null, "start_date": "2026-09-01T18:59:00+00:00", "title": "Journal de 19h30 de Nouvelle-Cal\u00e9donie"}, {"desc": null, "start_date": "2026-09-01T19:27:00+00:00", "title": "Journal Wallis-et-Futuna"}, {"desc": null, "start_date": "2026-09-01T19:43:00+00:00", "title": "Journal Polyn\u00e9sie"}, {"desc": "Magazine quotidien enti\u00e8rement d\u00e9di\u00e9 \u00e0 la Ligue 1 de football, offrant une immersion totale au coeur du championnat de France : r\u00e9sum\u00e9s des matchs, analyses des performances et interviews des acteurs majeurs.", "start_date": "2026-09-01T20:03:00+00:00", "title": "Mag Ligue 1"}, {"desc": "Vingt minutes d'\u00e9clairage quotidien complet sur les Outre-mer.", "start_date": "2026-09-01T20:14:00+00:00", "title": "Outremer l'actu"}, {"desc": "Toute l'info pour \u00eatre bien inform\u00e9 d\u00e8s 5h : actualit\u00e9 locale, nationale et internationale, avec des focus sur les sujets qui impactent la Nouvelle-Cal\u00e9donie.", "start_date": "2026-09-01T20:30:00+00:00", "title": "Le grand r\u00e9veil"}, {"desc": "La Nouvelle-Cal\u00e9donie est un point chaud de biodiversit\u00e9, un laboratoire \u00e9volutif unique au monde, o\u00f9 les myst\u00e8res de la nature d\u00e9passent souvent la science-fiction.", "start_date": "2026-09-01T20:57:00+00:00", "title": "Mille et une plantes"}, {"desc": "Magazine sant\u00e9 quotidien pour mieux comprendre, pr\u00e9venir et agir face aux enjeux de sant\u00e9 en Nouvelle-Cal\u00e9donie.", "start_date": "2026-09-01T21:00:00+00:00", "title": "\u00c7a va bien se passer"}, {"desc": "Romina, jeune femme intr\u00e9pide et comp\u00e9titive, passionn\u00e9e de VTT de descente, d\u00e9couvre qu'elle a une soeur jumelle pr\u00e9nomm\u00e9e Laura. Lorsque celle-ci est assassin\u00e9e par la mafia ainsi que leur m\u00e8re, Romina d\u00e9cide de prendre l'identit\u00e9 de sa soeur afin de traquer les responsables et obtenir justice. Elle se retrouve alors plong\u00e9e dans un univers de luxe et de danger qui lui est totalement \u00e9tranger.", "start_date": "2026-09-01T21:52:00+00:00", "title": "Romina Poderosa"}, {"desc": "Romina, jeune femme intr\u00e9pide et comp\u00e9titive, passionn\u00e9e de VTT de descente, d\u00e9couvre qu'elle a une soeur jumelle pr\u00e9nomm\u00e9e Laura. Lorsque celle-ci est assassin\u00e9e par la mafia ainsi que leur m\u00e8re, Romina d\u00e9cide de prendre l'identit\u00e9 de sa soeur afin de traquer les responsables et obtenir justice. Elle se retrouve alors plong\u00e9e dans un univers de luxe et de danger qui lui est totalement \u00e9tranger.", "start_date": "2026-09-01T22:14:00+00:00", "title": "Romina Poderosa"}, {"desc": "A la mort d'Eloi, Edith se voit propuls\u00e9e \u00e0 la t\u00eate du plus grand studio des Antilles.", "start_date": "2026-09-01T22:37:00+00:00", "title": "Wish"}, {"desc": null, "start_date": "2026-09-01T23:07:00+00:00", "title": "Casse pas la t\u00eate"}, {"desc": "Comment adopter une alimentation plus v\u00e9g\u00e9tale ? Comment rendre les l\u00e9gumes plus attrayants ? Ce sont les questions pos\u00e9es par Brice Laurent Dubois \u00e0 ses invit\u00e9s. Le chef Meidhy Galas nous pr\u00e9pare de son c\u00f4t\u00e9 une app\u00e9tissante fricass\u00e9e de l\u00e9gumes au lait de coco et coco torr\u00e9fi\u00e9e.", "start_date": "2026-09-01T23:33:00+00:00", "title": "Chef pays"}, {"desc": null, "start_date": "2026-09-02T00:00:00+00:00", "title": "Ligne directe"}, {"desc": "Que mange-t-on en Nouvelle-Cal\u00e9donie ? Que cuisinent les Cal\u00e9doniens ? Tour d'horizon de recettes \u00e9tablies \u00e0 partir de produits locaux avec une s\u00e9rie 100% digitale.", "start_date": "2026-09-02T00:46:00+00:00", "title": "Bon ap'"}, {"desc": "La Nouvelle-Cal\u00e9donie est un point chaud de biodiversit\u00e9, un laboratoire \u00e9volutif unique au monde, o\u00f9 les myst\u00e8res de la nature d\u00e9passent souvent la science-fiction.", "start_date": "2026-09-02T00:51:00+00:00", "title": "Mille et une plantes"}, {"desc": "Une personnalit\u00e9 pr\u00e9sente un projet \u00e0 venir ou un \u00e9v\u00e9nement exceptionnel concernant musique, th\u00e9\u00e2tre, cin\u00e9ma, litt\u00e9rature, gastronomie, danse ou sujets de soci\u00e9t\u00e9.", "start_date": "2026-09-02T00:54:00+00:00", "title": "Plein cadre"}, {"desc": null, "start_date": "2026-09-02T01:00:00+00:00", "title": "Le Journal de 12h00"}, {"desc": "Mervin Wilson, nouvel inspecteur int\u00e9rimaire de la police de Sainte-Marie, n'a qu'une id\u00e9e en t\u00eate : fuir la chaleur tropicale de l'\u00eele et retrouver enfin Londres et sa vie tr\u00e9pidante, faite de soir\u00e9es au pub et de matchs de foot endiabl\u00e9s. Malheureusement pour lui, les meurtres s'encha\u00eenent, lui donnant l'impression que les \u00e9v\u00e9nements se liguent contre lui pour l'emp\u00eacher de partir. Apr\u00e8s sa prem", "start_date": "2026-09-02T01:31:00+00:00", "title": "Meurtres au paradis"}, {"desc": "En Ecosse, Addie, une jeune autiste de 11 ans, tente de s'adapter \u00e0 son nouvel \u00e9tablissement scolaire. Par ailleurs, elle se bat pour obtenir des habitants de son village, Jupiter, qu'ils \u00e9rigent un m\u00e9morial en l'honneur des femmes qui y furent jug\u00e9es pour sorcellerie cinq si\u00e8cles plus t\u00f4t. La pr\u00e9adolescente est persuad\u00e9e que les victimes de cette pers\u00e9cution \u00e9taient probablement autistes comme el", "start_date": "2026-09-02T02:30:00+00:00", "title": "Les \u00e9tincelles invisibles"}, {"desc": "Six mois apr\u00e8s avoir d\u00e9couvert la premi\u00e8re cit\u00e9 d'or, et de retour \u00e0 Barcelone, Esteban, Zia et Tao sont \u00e0 la recherche des 6 cit\u00e9s manquantes. \u00c0 bord de leur grand condor, ils s'embarquent \u00e0 destination de l'Asie, plus particuli\u00e8rement vers la Chine et le Tibet.", "start_date": "2026-09-02T02:54:00+00:00", "title": "Les myst\u00e9rieuses cit\u00e9s d'or"}, {"desc": "Paris, d\u00e9but du XVIIe si\u00e8cle. Charlotte, In\u00e8s, Olivia et Isa r\u00eavent de devenir des mousquetaires pour prot\u00e9ger et servir le jeune roi Louis XIII. Mais ce corps prestigieux est r\u00e9serv\u00e9 aux hommes. Aussi, c'est masqu\u00e9es et sous les noms de D'Artagnan, Porthos, Aramis et Athos, que les quatre justici\u00e8res d\u00e9jouent les complots ourdis par Richelieu et Milady et ferraillent contre tous les ennemis du ro", "start_date": "2026-09-02T03:18:00+00:00", "title": "Les 3 Mousquetaires"}, {"desc": "Paris, d\u00e9but du XVIIe si\u00e8cle. Charlotte, In\u00e8s, Olivia et Isa r\u00eavent de devenir des mousquetaires pour prot\u00e9ger et servir le jeune roi Louis XIII. Mais ce corps prestigieux est r\u00e9serv\u00e9 aux hommes. Aussi, c'est masqu\u00e9es et sous les noms de D'Artagnan, Porthos, Aramis et Athos, que les quatre justici\u00e8res d\u00e9jouent les complots ourdis par Richelieu et Milady et ferraillent contre tous les ennemis du ro", "start_date": "2026-09-02T03:30:00+00:00", "title": "Les 3 Mousquetaires"}, {"desc": "Mo et Sam, demi-fr\u00e8re et demi-soeur, ont h\u00e9rit\u00e9 de pouvoirs de leur arri\u00e8re-arri\u00e8re-arri\u00e8re-grand-m\u00e8re qui a eu une aventure avec un super-h\u00e9ros. Ils doivent partager ces pouvoirs et deviennent deux fois moins rapides, \u00e0 moiti\u00e9 invisibles et tirent deux fois moins loin. Ils n'ont pas de costumes en latex ni de missions pour sauver le monde, mais doivent rendre leur vie quotidienne d'enfants \u00e0 moit", "start_date": "2026-09-02T03:42:00+00:00", "title": "H\u00e9ros \u00e0 moiti\u00e9"}, {"desc": "Les fruits et l\u00e9gumes prennent la parole en racontant leur vie aux enfants.", "start_date": "2026-09-02T03:53:00+00:00", "title": "A table les enfants"}, {"desc": "D\u00e9couvre les vertus de la grenade !", "start_date": "2026-09-02T03:55:00+00:00", "title": "A table les enfants"}, {"desc": "Une ann\u00e9e a pass\u00e9. De retour \u00e0 la colo, les adolescents occupent d\u00e9sormais des places diff\u00e9rentes. Ceux qui d\u00e9couvraient le myst\u00e8re du totem l'\u00e9t\u00e9 dernier en sont d\u00e9sormais les gardiens. Il leur faut maintenir la l\u00e9gende vivante aupr\u00e8s des plus jeunes, ce qui demande organisation, discr\u00e9tion et quelques arrangements. Un nouveau myst\u00e8re va bouleverser l'\u00e9t\u00e9. En trouvant une capsule temporelle oubli", "start_date": "2026-09-02T04:00:00+00:00", "title": "La Colo"}, {"desc": "Dans cette \u00e9mission, Max, Mathieu et Kimi explorent les secrets de la magie, m\u00ealant science et illusion. Mathieu rencontre un magicien professionnel, Kimi d\u00e9couvre les techniques de l'illusion \u00e0 la Maison de la magie de Blois, tandis que Max explique comment notre cerveau est tromp\u00e9 par ces astuces.", "start_date": "2026-09-02T04:24:00+00:00", "title": "C'est toujours pas sorcier"}, {"desc": "Claudine se d\u00e9cide \u00e0 dire la v\u00e9rit\u00e9 \u00e0 Sabine. De son c\u00f4t\u00e9, Alexis a un coup de foudre.", "start_date": "2026-09-02T04:52:00+00:00", "title": "Un si grand soleil"}, {"desc": "Callie et Moana, deux bricoleurs amateurs se lancent le d\u00e9fi de construire un fare et entra\u00eenent les t\u00e9l\u00e9spectateurs avec eux.", "start_date": "2026-09-02T05:15:00+00:00", "title": "Mon fare de A \u00e0 Z"}, {"desc": null, "start_date": "2026-09-02T05:20:00+00:00", "title": "Tout le monde veut prendre sa place"}, {"desc": null, "start_date": "2026-09-02T06:08:00+00:00", "title": "Velvet, le nouvel empire"}, {"desc": null, "start_date": "2026-09-02T06:38:00+00:00", "title": "Velvet, le nouvel empire"}, {"desc": "Th\u00e9o Curin re\u00e7oit Aydan, 9 ans , qui a une petite main qui le g\u00eane, ils seront rejoint par le sp\u00e9cialiste Fabien Richard.", "start_date": "2026-09-02T07:06:00+00:00", "title": "T'es au top"}, {"desc": "Oriane est soigneuse au Parc Zoologique et Forestier de Noum\u00e9a. Avec son \u00e9quipe, elle s\u00bfoccupe chaque jour de nourrir, soigner et am\u00e9liorer les conditions de captivit\u00e9 des animaux du Parc. Au-del\u00e0 de la pr\u00e9servation des esp\u00e8ces locales, se joue un enjeu bien plus vaste auquel Oriane a le sentiment de participer \u00e0 chaque fois qu\u00bfelle assiste \u00e0 de nouvelles naissances ou qu\u00bfelle rel\u00e2che un animal sa", "start_date": "2026-09-02T07:22:00+00:00", "title": "Les petits cailloux"}, {"desc": "La Nouvelle-Cal\u00e9donie est un point chaud de biodiversit\u00e9, un laboratoire \u00e9volutif unique au monde, o\u00f9 les myst\u00e8res de la nature d\u00e9passent souvent la science-fiction.", "start_date": "2026-09-02T07:49:00+00:00", "title": "Mille et une plantes"}, {"desc": "Emmanuelle Darman vous donne rendez-vous le dimanche \u00e0 18h50 avec un nouveau rendez-vous culinaire qui met en valeur des recettes issues du patrimoine cal\u00e9donien, des recettes simples et faciles.", "start_date": "2026-09-02T07:51:00+00:00", "title": "Coco sal\u00e9"}, {"desc": null, "start_date": "2026-09-02T07:55:00+00:00", "title": "Casse pas la t\u00eate"}, {"desc": "Une personnalit\u00e9 pr\u00e9sente un projet \u00e0 venir ou un \u00e9v\u00e9nement exceptionnel concernant musique, th\u00e9\u00e2tre, cin\u00e9ma, litt\u00e9rature, gastronomie, danse ou sujets de soci\u00e9t\u00e9.", "start_date": "2026-09-02T08:21:00+00:00", "title": "Plein cadre"}, {"desc": null, "start_date": "2026-09-02T08:27:00+00:00", "title": "M\u00e9t\u00e9o Nouvelle-Cal\u00e9donie"}, {"desc": null, "start_date": "2026-09-02T08:29:00+00:00", "title": "Journal de 19h30 de Nouvelle-Cal\u00e9donie"}, {"desc": null, "start_date": "2026-09-02T08:58:00+00:00", "title": "M\u00e9t\u00e9o Nouvelle-Cal\u00e9donie"}, {"desc": "Lucie et Samuel Carrera c\u00e9l\u00e8brent leur mariage \u00e0 l'Auberge du Lac de Gu\u00e9ry, dans la montagne auvergnate, quand la foudre s'abat sur eux et cinq autres personnes. Samuel est tu\u00e9 sur le coup. Les autres survivent, mais deviennent des \"fulgur\u00e9s\" aux s\u00e9quelles \u00e9tranges qui bouleversent leur existence. Lucie se voit dot\u00e9e d'une capacit\u00e9 de m\u00e9morisation exceptionnelle, elle se souvient de tout \u00e0 chaque ", "start_date": "2026-09-02T09:03:00+00:00", "title": "La fulgur\u00e9e"}, {"desc": "Tom et Lola tentent de se conformer aux attentes de la soci\u00e9t\u00e9 en normalisant leurs relations amoureuses. Mais pour tous les deux, cet effort pour rentrer dans le moule en mode va in\u00e9luctablement se transformer en d\u00e9senchantement. Car aucun des deux ne peut mettre d'\u00e9tiquettes sur ses relations. Une saison 2 toujours plaisante, en phase avec les interrogations de son \u00e9poque.", "start_date": "2026-09-02T10:31:00+00:00", "title": "Tom et Lola"}, {"desc": "Tom et Lola tentent de se conformer aux attentes de la soci\u00e9t\u00e9 en normalisant leurs relations amoureuses. Mais pour tous les deux, cet effort pour rentrer dans le moule en mode va in\u00e9luctablement se transformer en d\u00e9senchantement. Car aucun des deux ne peut mettre d'\u00e9tiquettes sur ses relations. Une saison 2 toujours plaisante, en phase avec les interrogations de son \u00e9poque.", "start_date": "2026-09-02T11:23:00+00:00", "title": "Tom et Lola"}, {"desc": null, "start_date": "2026-09-02T12:12:00+00:00", "title": "M\u00e9t\u00e9o Nouvelle-Cal\u00e9donie"}, {"desc": null, "start_date": "2026-09-02T12:17:00+00:00", "title": "Journal 13h00"}, {"desc": "Un homme retrouv\u00e9 mort empoisonn\u00e9 \u00e0 la strychnine pr\u00e8s d'une plage, une femme poignard\u00e9e chez elle, alors que son ancien amant vient juste de sortir de prison, un cadavre qui dispara\u00eet, un chauffeur de bus dans une mise en sc\u00e8ne macabre : Candice Renoir est confront\u00e9e \u00e0 une succession d'affaires qui lui laissent \u00e0 peine le temps de s'occuper de sa vie priv\u00e9e, alors que celle-ci r\u00e9clame toute son a", "start_date": "2026-09-02T12:55:00+00:00", "title": "Candice Renoir"}, {"desc": "Un homme retrouv\u00e9 mort empoisonn\u00e9 \u00e0 la strychnine pr\u00e8s d'une plage, une femme poignard\u00e9e chez elle, alors que son ancien amant vient juste de sortir de prison, un cadavre qui dispara\u00eet, un chauffeur de bus dans une mise en sc\u00e8ne macabre : Candice Renoir est confront\u00e9e \u00e0 une succession d'affaires qui lui laissent \u00e0 peine le temps de s'occuper de sa vie priv\u00e9e, alors que celle-ci r\u00e9clame toute son a", "start_date": "2026-09-02T13:45:00+00:00", "title": "Candice Renoir"}, {"desc": null, "start_date": "2026-09-02T14:39:00+00:00", "title": "La caravane de l'entrepreunariat"}, {"desc": "La France d'Outre-mer est recouverte par une immense vari\u00e9t\u00e9 des paysages. Pour autant, un d\u00e9fi commun se pose \u00e0 tous les Fran\u00e7ais ultra-marins : la souverainet\u00e9 alimentaire. Zoom sur l'agriculture, les mod\u00e8les \u00e9conomiques, les politiques publiques, ainsi que les circuits de distribution.", "start_date": "2026-09-02T15:06:00+00:00", "title": "Outre-mer, terres de solutions"}, {"desc": "Elue miss Tahiti en 1990 puis miss France en 1991, Mareva Georges charme tous ceux qui la rencontre. Si sa beaut\u00e9 physique est ind\u00e9niable, c'est son engagement pour son pays et pour les plus d\u00e9munis que ce documentaire met en avant. Celle que les polyn\u00e9siens affectionnent tout particuli\u00e8rement nous ouvre les portes de son intimit\u00e9 et partage ses souvenirs et exp\u00e9riences.", "start_date": "2026-09-02T15:58:00+00:00", "title": "Mareva Georges, beaut\u00e9 divine, vahine au grand coeur"}, {"desc": "Green suit Antoine Auriol , ancien champion du monde de kitesurf, dans un voyage en outre-mer \u00e0 travers la R\u00e9union, le Guyane et Tahiti. Ces lieux extraordinaires o\u00f9 la nature, dans sa force et sa g\u00e9n\u00e9rosit\u00e9, a encore toute sa place, mais o\u00f9 chaque territoire se trouve toutefois confront\u00e9 \u00e0 ses probl\u00e9matiques \u00e9cologiques propres, li\u00e9es \u00e0 la mer, la terre et la for\u00eat.", "start_date": "2026-09-02T16:56:00+00:00", "title": "Green"}, {"desc": "Callie et Moana, deux bricoleurs amateurs se lancent le d\u00e9fi de construire un fare et entra\u00eenent les t\u00e9l\u00e9spectateurs avec eux.", "start_date": "2026-09-02T17:48:00+00:00", "title": "Mon fare de A \u00e0 Z"}, {"desc": "Callie et Moana, deux bricoleurs amateurs se lancent le d\u00e9fi de construire un fare et entra\u00eenent les t\u00e9l\u00e9spectateurs avec eux.", "start_date": "2026-09-02T17:51:00+00:00", "title": "Mon fare de A \u00e0 Z"}, {"desc": "Callie et Moana, deux bricoleurs amateurs se lancent le d\u00e9fi de construire un fare et entra\u00eenent les t\u00e9l\u00e9spectateurs avec eux.", "start_date": "2026-09-02T17:54:00+00:00", "title": "Mon fare de A \u00e0 Z"}, {"desc": null, "start_date": "2026-09-02T17:57:00+00:00", "title": "Journal 20h00"}, {"desc": null, "start_date": "2026-09-02T18:59:00+00:00", "title": "Journal de 19h30 de Nouvelle-Cal\u00e9donie"}, {"desc": null, "start_date": "2026-09-02T19:27:00+00:00", "title": "Journal Wallis-et-Futuna"}, {"desc": null, "start_date": "2026-09-02T19:43:00+00:00", "title": "Journal Polyn\u00e9sie"}, {"desc": "Magazine quotidien enti\u00e8rement d\u00e9di\u00e9 \u00e0 la Ligue 1 de football, offrant une immersion totale au coeur du championnat de France : r\u00e9sum\u00e9s des matchs, analyses des performances et interviews des acteurs majeurs.", "start_date": "2026-09-02T20:03:00+00:00", "title": "Mag Ligue 1"}, {"desc": "Vingt minutes d'\u00e9clairage quotidien complet sur les Outre-mer.", "start_date": "2026-09-02T20:14:00+00:00", "title": "Outremer l'actu"}, {"desc": "Toute l'info pour \u00eatre bien inform\u00e9 d\u00e8s 5h : actualit\u00e9 locale, nationale et internationale, avec des focus sur les sujets qui impactent la Nouvelle-Cal\u00e9donie.", "start_date": "2026-09-02T20:30:00+00:00", "title": "Le grand r\u00e9veil"}, {"desc": "Apprenez \u00e0 donner une seconde vie \u00e0 vos objets endommag\u00e9s avec \"Les 2 Tata'i\". Anim\u00e9e par Tini Chaulet, cette \u00e9mission vous propose des astuces et des solutions pratiques pour r\u00e9parer au lieu de jeter, tout en pr\u00e9servant l'environnement. Rendez-vous d\u00e8s le 25 janvier sur Polyn\u00e9sie La Premi\u00e8re.\".", "start_date": "2026-09-02T20:56:00+00:00", "title": "Tata'i"}, {"desc": "Magazine sant\u00e9 quotidien pour mieux comprendre, pr\u00e9venir et agir face aux enjeux de sant\u00e9 en Nouvelle-Cal\u00e9donie.", "start_date": "2026-09-02T21:00:00+00:00", "title": "\u00c7a va bien se passer"}, {"desc": null, "start_date": "2026-09-02T21:53:00+00:00", "title": "Velvet, le nouvel empire"}, {"desc": null, "start_date": "2026-09-02T22:24:00+00:00", "title": "Velvet, le nouvel empire"}, {"desc": null, "start_date": "2026-09-02T22:52:00+00:00", "title": "Hors jeu"}, {"desc": "Des histoires de vie, des histoires de sant\u00e9 et des r\u00e9cits qui permettent de mieux comprendre les maux du si\u00e8cle.", "start_date": "2026-09-02T23:00:00+00:00", "title": "L'histoire des m\u00e9decins"}, {"desc": null, "start_date": "2026-09-02T23:07:00+00:00", "title": "Casse pas la t\u00eate"}, {"desc": "Le chef Meidhy Galas associe la tradition gastronomique scandinave aux produits ultramarins et propose une recette de gravlax aux agrumes. Brice Laurent Dubois et ses invit\u00e9s \u00e9voquent l'utilisation de ces fruits dans la cuisine et les adaptations de cette recette de poisson aux saveurs locales.", "start_date": "2026-09-02T23:33:00+00:00", "title": "Chef pays"}, {"desc": null, "start_date": "2026-09-03T00:00:00+00:00", "title": "Ligne directe"}], "offset": "+00:00", "timezone": "UTC", "error_code": -1, "start_date": "2026-09-01", "icon": ""}