{"end_date": "2026-09-04", "name": "Nouvelle-Cal\u00e9donie 1\u00e8re", "info_url": "https://epg.pw/channels/516374/20260903.html", "country": "France", "description": null, "error_message": "", "provider": "", "source_url": "https://epg.pw/api/epg.json?channel_id=516374&date=20260903&timezone=None", "epg_list": [{"desc": null, "start_date": "2026-09-03T00:00:00+00:00", "title": "Ligne directe"}, {"desc": "5 chefs exposent chaque semaine de la bonne cuisine r\u00e9unionnaise traditionnelle et m\u00eame revisit\u00e9e. Une recette par jour du lundi au vendredi. Aster chefs , l'entrevue \u00e0 ne pas rater !", "start_date": "2026-09-03T00:46:00+00:00", "title": "Ast\u00e8r Chefs"}, {"desc": "Une personnalit\u00e9 pr\u00e9sente un projet \u00e0 venir ou un \u00e9v\u00e9nement exceptionnel concernant musique, th\u00e9\u00e2tre, cin\u00e9ma, litt\u00e9rature, gastronomie, danse ou sujets de soci\u00e9t\u00e9.", "start_date": "2026-09-03T00:54:00+00:00", "title": "Plein cadre"}, {"desc": null, "start_date": "2026-09-03T01:00:00+00:00", "title": "Le Journal de 12h00"}, {"desc": "Trois fr\u00e8res s\u00e9par\u00e9s \u00e0 la mort de leur p\u00e8re et r\u00e9partis entre diff\u00e9rentes familles se retrouvent apr\u00e8s bien des ann\u00e9es et jurent de se venger du responsable de leur malheur.", "start_date": "2026-09-03T01:31:00+00:00", "title": "Coeur guerrier"}, {"desc": "Trois fr\u00e8res s\u00e9par\u00e9s \u00e0 la mort de leur p\u00e8re et r\u00e9partis entre diff\u00e9rentes familles se retrouvent apr\u00e8s bien des ann\u00e9es et jurent de se venger du responsable de leur malheur.", "start_date": "2026-09-03T02:13:00+00:00", "title": "Coeur guerrier"}, {"desc": null, "start_date": "2026-09-03T02:56:00+00:00", "title": "Hollyoaks : l'amour mode d'emploi"}, {"desc": null, "start_date": "2026-09-03T03:20:00+00:00", "title": "Hollyoaks : l'amour mode d'emploi"}, {"desc": null, "start_date": "2026-09-03T03:43:00+00:00", "title": "Hollyoaks : l'amour mode d'emploi"}, {"desc": "La prestigieuse famille Rold\u00e1n est surprise par l'arriv\u00e9e d'une inconnue, introduite par Sara, la grand-m\u00e8re de la famille, comme la petite-fille sauv\u00e9e d'un quartier marginal. Luisa Mayorga serait la fille pr\u00e9sum\u00e9e de Sergio, son plus jeune fils, assassin\u00e9 dix ans auparavant dans des circonstances \u00e9tranges qui n'ont pas \u00e9t\u00e9 \u00e9lucid\u00e9es. La jeune femme entre dans cette famille cupide dont la plupart", "start_date": "2026-09-03T04:07:00+00:00", "title": "Le secret des Rold\u00e1n"}, {"desc": "Eve ne raconte pas tout \u00e0 Manu \u00e0 propos de ses cours en prison. Quant \u00e0 Claudine, elle regrette son histoire avec Becker.", "start_date": "2026-09-03T04:51:00+00:00", "title": "Un si grand soleil"}, {"desc": "Deux duos s'affrontent : m\u00e8re et fille, en couple ou meilleur(e)s ami(e)s. Ils doivent endosser le temps d'une semaine le r\u00f4le de relookeurs et de relook\u00e9s.", "start_date": "2026-09-03T05:14:00+00:00", "title": "Un look d'enfer"}, {"desc": "Immersion au coeur de la richesse du patrimoine historique polyn\u00e9sien \u00e0 travers les lieux, les objets ou les monuments embl\u00e9matiques Fenua.", "start_date": "2026-09-03T05:21:00+00:00", "title": "Hiro'a tumu: Patrimoine"}, {"desc": null, "start_date": "2026-09-03T05:24:00+00:00", "title": "Tout le monde veut prendre sa place"}, {"desc": null, "start_date": "2026-09-03T06:12:00+00:00", "title": "Velvet, le nouvel empire"}, {"desc": null, "start_date": "2026-09-03T06:42:00+00:00", "title": "Velvet, le nouvel empire"}, {"desc": null, "start_date": "2026-09-03T07:06:00+00:00", "title": "Ligne directe"}, {"desc": "\u00c0 l'occasion des 250 ans del'arriv\u00e9e de James Cook et de sa \"d\u00e9couverte\" dela Cal\u00e9donie, les Chemins de l'Histoire reviennent sur les traces des multiples \"d\u00e9couvreurs\" de l'archipel. D'abord avec ces premiers habitantsaustron\u00e9siens d\u00e9barqu\u00e9s de leurs pirogues il y a environ 3500 ans puis auXVIII\u00e8me si\u00e8cle avec les explorateurs europ\u00e9ens. Anglais comme James Cook ouFran\u00e7ais tels que Bruny d'Entrec", "start_date": "2026-09-03T07:27:00+00:00", "title": "Les chemins de l'histoire"}, {"desc": null, "start_date": "2026-09-03T07:54:00+00:00", "title": "Casse pas la t\u00eate"}, {"desc": "Une personnalit\u00e9 pr\u00e9sente un projet \u00e0 venir ou un \u00e9v\u00e9nement exceptionnel concernant musique, th\u00e9\u00e2tre, cin\u00e9ma, litt\u00e9rature, gastronomie, danse ou sujets de soci\u00e9t\u00e9.", "start_date": "2026-09-03T08:21:00+00:00", "title": "Plein cadre"}, {"desc": null, "start_date": "2026-09-03T08:27:00+00:00", "title": "M\u00e9t\u00e9o Nouvelle-Cal\u00e9donie"}, {"desc": null, "start_date": "2026-09-03T08:29:00+00:00", "title": "Journal de 19h30 de Nouvelle-Cal\u00e9donie"}, {"desc": null, "start_date": "2026-09-03T08:58:00+00:00", "title": "M\u00e9t\u00e9o Nouvelle-Cal\u00e9donie"}, {"desc": "L'ann\u00e9e\u00a02024 touche \u00e0 sa fin, une ann\u00e9e terrible pour les Cal\u00e9doniens qui traversent une crise \u00e9conomique, sociale et politique d'une gravit\u00e9 in\u00e9dite. Une ann\u00e9e o\u00f9 la crise a r\u00e9v\u00e9l\u00e9 nos fragilit\u00e9s mais aussinotre force collective. Ces derniers mois la jeunesse du caillou s'est interrog\u00e9e sursa place et sur son avenir.Pour cette derni\u00e8re \u00e9mission, c'est\u00a0\u00e0 nos responsables politiques que les jeunes ", "start_date": "2026-09-03T09:03:00+00:00", "title": "Sans concession"}, {"desc": "Derri\u00e8re la r\u00e9volution technologique de l'IA g\u00e9n\u00e9rative se cache une guerre entre deux empires, les Etats-Unis et la Chine. L'issue de cette bataille d'algorithmes, de puces et de data centers d\u00e9cidera qui contr\u00f4lera l'infrastructure de l'intelligence et, avec elle, la hi\u00e9rarchie du monde.", "start_date": "2026-09-03T10:19:00+00:00", "title": "C dans l'air"}, {"desc": null, "start_date": "2026-09-03T11:50:00+00:00", "title": "M\u00e9t\u00e9o Nouvelle-Cal\u00e9donie"}, {"desc": null, "start_date": "2026-09-03T11:55:00+00:00", "title": "Journal 13h00"}, {"desc": "Une pi\u00e8ce bilingue pleine d'humour \u00e9crite par Fran\u00e7oise Ellis-Lequenne. Un jeune m\u00e9decin fra\u00eechement d\u00e9barqu\u00e9 de M\u00e9tropole s'installe sur un atoll des Tuamotu, te Motu Matau. Il est accueilli \u00e0 bras ouverts par le Tavana, tout content de lui imposer sa fille comme secr\u00e9taire. Les habitants, curieux mais surtout m\u00e9fiants, viennent tour \u00e0 tour le saluer. Le tout jeune taote n'\u00e9chappera pas \u00e0 la col\u00e8", "start_date": "2026-09-03T12:33:00+00:00", "title": "Te taote ti'avaru"}, {"desc": "R\u00e9alisation de Luc Mauduit R\u00e9sum\u00e9 : Wadrong et Maria ont perdu un fils, Thomas, dans un accident de voiture, sur la route.... Mais \u00e0 bien y r\u00e9fl\u00e9chir, est-ce vraiment un crash accidentel ? Ne sont-ce pas l\u00e0, seulement des \\\" circonstances \\\" ? N'y a-t-il pas un pouvoir occulte, un kaze, derri\u00e8re ces faits, qui a d\u00e9cid\u00e9 de l'accident et conduit le jeune homme \u00e0 \u00eatre victime de sorcellerie meurtri\u00e8r", "start_date": "2026-09-03T14:35:00+00:00", "title": "Kaze. L'espoir a des ailes"}, {"desc": "A la fin du mois de janvier 1939, l'issue de la guerre civile en Espagne semble in\u00e9luctable. La chute de Barcelone face aux insurg\u00e9s franquistes d\u00e9clenche un exode d'une ampleur sans pr\u00e9c\u00e9dent. Pr\u00e8s de 500 000 hommes, femmes, et enfants prennent les routes des Pyr\u00e9n\u00e9es, esp\u00e9rant trouver refuge en France. Cette grande retraite entrera dans l'histoire sous le nom de la \"Retirada\". Parmi cette foule ", "start_date": "2026-09-03T15:52:00+00:00", "title": "La Retirada ou l'exode d'un peuple"}, {"desc": "Antoine Auriol, ancien champion du monde de kite surf, part \u00e0 la d\u00e9couverte de Tahiti, cette \u00eele fran\u00e7aise en plein milieu de l'Oc\u00e9an Pacifique. Accompagn\u00e9 par des gardiens de la nature, tous engag\u00e9s pour pr\u00e9server leur \u00eele et leur lagon, Antoine va d\u00e9couvrir comment la culture tahitienne lie ses habitants \u00e0 la nature. Les exp\u00e9riences de Jessica, Dominique, Cindy, Patrick, Richard, C\u00e9cile, Matahi ", "start_date": "2026-09-03T16:56:00+00:00", "title": "Green"}, {"desc": "Callie et Moana, deux bricoleurs amateurs se lancent le d\u00e9fi de construire un fare et entra\u00eenent les t\u00e9l\u00e9spectateurs avec eux.", "start_date": "2026-09-03T17:48:00+00:00", "title": "Mon fare de A \u00e0 Z"}, {"desc": "Callie et Moana, deux bricoleurs amateurs se lancent le d\u00e9fi de construire un fare et entra\u00eenent les t\u00e9l\u00e9spectateurs avec eux.", "start_date": "2026-09-03T17:51:00+00:00", "title": "Mon fare de A \u00e0 Z"}, {"desc": "Callie et Moana, deux bricoleurs amateurs se lancent le d\u00e9fi de construire un fare et entra\u00eenent les t\u00e9l\u00e9spectateurs avec eux.", "start_date": "2026-09-03T17:54:00+00:00", "title": "Mon fare de A \u00e0 Z"}, {"desc": null, "start_date": "2026-09-03T17:57:00+00:00", "title": "Journal 20h00"}, {"desc": null, "start_date": "2026-09-03T18:59:00+00:00", "title": "Journal de 19h30 de Nouvelle-Cal\u00e9donie"}, {"desc": null, "start_date": "2026-09-03T19:27:00+00:00", "title": "Journal Wallis-et-Futuna"}, {"desc": null, "start_date": "2026-09-03T19:43:00+00:00", "title": "Journal Polyn\u00e9sie"}, {"desc": "Magazine quotidien enti\u00e8rement d\u00e9di\u00e9 \u00e0 la Ligue 1 de football, offrant une immersion totale au coeur du championnat de France : r\u00e9sum\u00e9s des matchs, analyses des performances et interviews des acteurs majeurs.", "start_date": "2026-09-03T20:03:00+00:00", "title": "Mag Ligue 1"}, {"desc": "Vingt minutes d'\u00e9clairage quotidien complet sur les Outre-mer.", "start_date": "2026-09-03T20:14:00+00:00", "title": "Outremer l'actu"}, {"desc": "Toute l'info pour \u00eatre bien inform\u00e9 d\u00e8s 5h : actualit\u00e9 locale, nationale et internationale, avec des focus sur les sujets qui impactent la Nouvelle-Cal\u00e9donie.", "start_date": "2026-09-03T20:30:00+00:00", "title": "Le grand r\u00e9veil"}, {"desc": "En s'immergeant dans leur quotidien, portrait des invisibles de Nouvelle-Cal\u00e9donie, des hommes et des femmes de l'ombre, travailleurs passionn\u00e9s et b\u00e2tisseurs d'une soci\u00e9t\u00e9 riche de diversit\u00e9.", "start_date": "2026-09-03T20:56:00+00:00", "title": "Du coeur \u00e0 l'ouvrage"}, {"desc": "Magazine sant\u00e9 quotidien pour mieux comprendre, pr\u00e9venir et agir face aux enjeux de sant\u00e9 en Nouvelle-Cal\u00e9donie.", "start_date": "2026-09-03T21:00:00+00:00", "title": "\u00c7a va bien se passer"}, {"desc": null, "start_date": "2026-09-03T21:53:00+00:00", "title": "Velvet, le nouvel empire"}, {"desc": null, "start_date": "2026-09-03T22:23:00+00:00", "title": "Velvet, le nouvel empire"}, {"desc": "Un rendez-vous \u00e9clair\u00e9 pour comprendre et d\u00e9crypter le r\u00f4le des Outre-mer dans la construction de la France et leur place dans la marche du monde.", "start_date": "2026-09-03T22:48:00+00:00", "title": "L'instant outremer"}, {"desc": null, "start_date": "2026-09-03T22:52:00+00:00", "title": "Hors jeu"}, {"desc": "Des histoires de vie, des histoires de sant\u00e9 et des r\u00e9cits qui permettent de mieux comprendre les maux du si\u00e8cle.", "start_date": "2026-09-03T23:00:00+00:00", "title": "L'histoire des m\u00e9decins"}, {"desc": null, "start_date": "2026-09-03T23:07:00+00:00", "title": "Casse pas la t\u00eate"}, {"desc": "Sous l'\u00bfil gourmand de Brice Laurent Dubois et de ses invit\u00e9s, le chef Meidhy Galas r\u00e9alise une recette hautement addictive, surprenante et color\u00e9e : une brioche dor\u00e9e avec un c\u00bfur coulant au poireau, fromage et curcuma.", "start_date": "2026-09-03T23:33:00+00:00", "title": "Chef pays"}, {"desc": null, "start_date": "2026-09-04T00:00:00+00:00", "title": "Ligne directe"}, {"desc": "Que mange-t-on en Nouvelle-Cal\u00e9donie ? Que cuisinent les Cal\u00e9doniens ? Tour d'horizon de recettes \u00e9tablies \u00e0 partir de produits locaux avec une s\u00e9rie 100% digitale.", "start_date": "2026-09-04T00:46:00+00:00", "title": "Bon ap'"}, {"desc": "En s'immergeant dans leur quotidien, portrait des invisibles de Nouvelle-Cal\u00e9donie, des hommes et des femmes de l'ombre, travailleurs passionn\u00e9s et b\u00e2tisseurs d'une soci\u00e9t\u00e9 riche de diversit\u00e9.", "start_date": "2026-09-04T00:50:00+00:00", "title": "Du coeur \u00e0 l'ouvrage"}, {"desc": "Une personnalit\u00e9 pr\u00e9sente un projet \u00e0 venir ou un \u00e9v\u00e9nement exceptionnel concernant musique, th\u00e9\u00e2tre, cin\u00e9ma, litt\u00e9rature, gastronomie, danse ou sujets de soci\u00e9t\u00e9.", "start_date": "2026-09-04T00:54:00+00:00", "title": "Plein cadre"}, {"desc": null, "start_date": "2026-09-04T01:00:00+00:00", "title": "Le Journal de 12h00"}, {"desc": "Trois fr\u00e8res s\u00e9par\u00e9s \u00e0 la mort de leur p\u00e8re et r\u00e9partis entre diff\u00e9rentes familles se retrouvent apr\u00e8s bien des ann\u00e9es et jurent de se venger du responsable de leur malheur.", "start_date": "2026-09-04T01:31:00+00:00", "title": "Coeur guerrier"}, {"desc": "Trois fr\u00e8res s\u00e9par\u00e9s \u00e0 la mort de leur p\u00e8re et r\u00e9partis entre diff\u00e9rentes familles se retrouvent apr\u00e8s bien des ann\u00e9es et jurent de se venger du responsable de leur malheur.", "start_date": "2026-09-04T02:13:00+00:00", "title": "Coeur guerrier"}, {"desc": null, "start_date": "2026-09-04T02:55:00+00:00", "title": "Hollyoaks : l'amour mode d'emploi"}, {"desc": null, "start_date": "2026-09-04T03:19:00+00:00", "title": "Hollyoaks : l'amour mode d'emploi"}, {"desc": null, "start_date": "2026-09-04T03:43:00+00:00", "title": "Hollyoaks : l'amour mode d'emploi"}, {"desc": "La prestigieuse famille Rold\u00e1n est surprise par l'arriv\u00e9e d'une inconnue, introduite par Sara, la grand-m\u00e8re de la famille, comme la petite-fille sauv\u00e9e d'un quartier marginal. Luisa Mayorga serait la fille pr\u00e9sum\u00e9e de Sergio, son plus jeune fils, assassin\u00e9 dix ans auparavant dans des circonstances \u00e9tranges qui n'ont pas \u00e9t\u00e9 \u00e9lucid\u00e9es. La jeune femme entre dans cette famille cupide dont la plupart", "start_date": "2026-09-04T04:07:00+00:00", "title": "Le secret des Rold\u00e1n"}, {"desc": "Alors que les Perrot ont une mauvaise surprise en d\u00e9couvrant leur nouveau logement, Charles se retrouve au pied du mur.", "start_date": "2026-09-04T04:51:00+00:00", "title": "Un si grand soleil"}, {"desc": "Deux duos s'affrontent : m\u00e8re et fille, en couple ou meilleur(e)s ami(e)s. Ils doivent endosser le temps d'une semaine le r\u00f4le de relookeurs et de relook\u00e9s.", "start_date": "2026-09-04T05:14:00+00:00", "title": "Un look d'enfer"}, {"desc": null, "start_date": "2026-09-04T05:21:00+00:00", "title": "Tout le monde veut prendre sa place"}, {"desc": null, "start_date": "2026-09-04T06:08:00+00:00", "title": "Velvet, le nouvel empire"}, {"desc": null, "start_date": "2026-09-04T06:36:00+00:00", "title": "Velvet, le nouvel empire"}, {"desc": null, "start_date": "2026-09-04T07:03:00+00:00", "title": "Ligne directe"}, {"desc": "Entre lagon, mangrove et littoral expos\u00e9, Alice et Sylvie veillent chacune \u00e0 leur mani\u00e8re sur le vivant. L'une agit sur le terrain, au quotidien, en mer comme en mangrove, pour surveiller, prot\u00e9ger, r\u00e9guler. L'autre transmet, sensibilise, replante, explique, convaincue que la protection commence par la compr\u00e9hension et l'amour du lieu.", "start_date": "2026-09-04T07:24:00+00:00", "title": "A la vie comme \u00e0 la mer"}, {"desc": "En s'immergeant dans leur quotidien, portrait des invisibles de Nouvelle-Cal\u00e9donie, des hommes et des femmes de l'ombre, travailleurs passionn\u00e9s et b\u00e2tisseurs d'une soci\u00e9t\u00e9 riche de diversit\u00e9.", "start_date": "2026-09-04T07:50:00+00:00", "title": "Du coeur \u00e0 l'ouvrage"}, {"desc": null, "start_date": "2026-09-04T07:53:00+00:00", "title": "Casse pas la t\u00eate"}, {"desc": "Une personnalit\u00e9 pr\u00e9sente un projet \u00e0 venir ou un \u00e9v\u00e9nement exceptionnel concernant musique, th\u00e9\u00e2tre, cin\u00e9ma, litt\u00e9rature, gastronomie, danse ou sujets de soci\u00e9t\u00e9.", "start_date": "2026-09-04T08:21:00+00:00", "title": "Plein cadre"}, {"desc": null, "start_date": "2026-09-04T08:27:00+00:00", "title": "M\u00e9t\u00e9o Nouvelle-Cal\u00e9donie"}, {"desc": null, "start_date": "2026-09-04T08:29:00+00:00", "title": "Journal de 19h30 de Nouvelle-Cal\u00e9donie"}, {"desc": null, "start_date": "2026-09-04T08:58:00+00:00", "title": "M\u00e9t\u00e9o Nouvelle-Cal\u00e9donie"}, {"desc": "Une nouvelle saison commence pour Shepherd et son \u00e9quipe d'enqu\u00eateurs, aux prises avec des meurtres plus d\u00e9routants les uns que les autres. A commencer par celui d'un pal\u00e9ontologue apr\u00e8s la d\u00e9couverte d'un fossile de dinosaure dans les collines alentours, ou l'assassinat de l'\u00e9pouse du dentiste, courtis\u00e9 par une autre femme. Neill Rea et Fern Sutherland campent ce tandem d'enqu\u00eateurs depuis 10 sai", "start_date": "2026-09-04T09:03:00+00:00", "title": "Brokenwood"}, {"desc": "Au cours de d\u00e9fis cr\u00e9atifs, dix nouvelles queens s'affrontent lors de cette 3e saison de Drag Race France toujours pr\u00e9sent\u00e9e par Nicky Doll, Kiddy Smile et Daphn\u00e9 B\u00fcrki.", "start_date": "2026-09-04T10:37:00+00:00", "title": "Drag Race France : une seule sera la reine"}, {"desc": null, "start_date": "2026-09-04T11:38:00+00:00", "title": "M\u00e9t\u00e9o Nouvelle-Cal\u00e9donie"}, {"desc": null, "start_date": "2026-09-04T11:43:00+00:00", "title": "Journal 13h00"}, {"desc": null, "start_date": "2026-09-04T12:21:00+00:00", "title": "Ze tantines"}, {"desc": "Elev\u00e9e par sa grand-m\u00e8re depuis l'\u00e2ge de 4 ans \u00e0 Petr\u00f3polis, une jeune femme d\u00e9cide de se rendre \u00e0 Rio lorsqu'elle tombe sur une photo de sa m\u00e8re disparue dans un magazine.", "start_date": "2026-09-04T14:28:00+00:00", "title": "L'\u00e9toile du jour"}, {"desc": "Callie et Moana, deux bricoleurs amateurs se lancent le d\u00e9fi de construire un fare et entra\u00eenent les t\u00e9l\u00e9spectateurs avec eux.", "start_date": "2026-09-04T15:53:00+00:00", "title": "Mon fare de A \u00e0 Z"}, {"desc": "Callie et Moana, deux bricoleurs amateurs se lancent le d\u00e9fi de construire un fare et entra\u00eenent les t\u00e9l\u00e9spectateurs avec eux.", "start_date": "2026-09-04T16:16:00+00:00", "title": "Mon fare de A \u00e0 Z"}, {"desc": "Regarder la vid\u00e9o \u00c9mission du mardi 26 septembre 2023 sur france.tv.", "start_date": "2026-09-04T16:39:00+00:00", "title": "Mon fare de A \u00e0 Z"}, {"desc": "Antoine Auriol, ancien champion du monde de kite surf, part \u00e0 la d\u00e9couverte de Tahiti, cette \u00eele fran\u00e7aise en plein milieu de l'Oc\u00e9an Pacifique. Accompagn\u00e9 par des gardiens de la nature, tous engag\u00e9s pour pr\u00e9server leur \u00eele et leur lagon, Antoine va d\u00e9couvrir comment la culture tahitienne lie ses habitants \u00e0 la nature. Les exp\u00e9riences de Jessica, Dominique, Cindy, Patrick, Richard, C\u00e9cile, Matahi ", "start_date": "2026-09-04T16:56:00+00:00", "title": "Green"}, {"desc": null, "start_date": "2026-09-04T17:57:00+00:00", "title": "Journal week-end"}, {"desc": null, "start_date": "2026-09-04T18:39:00+00:00", "title": "Journal de 19h30 de Nouvelle-Cal\u00e9donie"}, {"desc": null, "start_date": "2026-09-04T19:07:00+00:00", "title": "Journal Wallis-et-Futuna"}, {"desc": null, "start_date": "2026-09-04T19:23:00+00:00", "title": "Journal Polyn\u00e9sie"}, {"desc": null, "start_date": "2026-09-04T19:43:00+00:00", "title": "Stade 2 la quotidienne"}, {"desc": null, "start_date": "2026-09-04T19:50:00+00:00", "title": "Outremer.l'info"}, {"desc": "S\u00e9bastien Limousin vous livre ses astuces jardinage, ses bons conseils d'entretien des plantes et de plantation et r\u00e9pond \u00e0 vos interrogations. Retrouvez-le tous les samedis \u00e0 7h.", "start_date": "2026-09-04T20:00:00+00:00", "title": "1, 2, 3 Plantez"}, {"desc": "Rencontre : Ker Madeleine, cultiver pour se reconstruire Au c\u00bfur d\u00bfune grande ferme mara\u00eech\u00e8re, Ker Madeleine accueille.", "start_date": "2026-09-04T21:31:00+00:00", "title": "Silence, \u00e7a pousse !"}, {"desc": null, "start_date": "2026-09-04T22:23:00+00:00", "title": "Bel & Bien ensemble"}, {"desc": "Le rendez-vous des amoureux des animaux ! Passion, \u00e9motion, d\u00e9couverte et originalit\u00e9 sont les mots-cl\u00e9s de ce magazine consacr\u00e9 \u00e0 la faune. Qu'il s'agisse d'animaux de compagnie, d'\u00e9levage ou de travail, ils bouleversent des vies et allument des \u00e9toiles dans les yeux de tous. L'\u00e9mission est pr\u00e9sent\u00e9e par Franck Menestret et sa chienne Golden Retriever Muffin. La complicit\u00e9 touchante de ce duo in\u00e9", "start_date": "2026-09-04T23:04:00+00:00", "title": "En terre animale"}, {"desc": "Sur France 3 Auvergne-Rh\u00f4ne-Alpes, Laurent Guillaume parcourt chemins et montagnes \u00e0 la rencontre des femmes et des hommes qui en cultivent l\u00bf\u00e2me, \u00e0 travers leurs engagements, leurs passions, leurs \u00e9nergies. Depuis les plus hauts massifs jusqu\u00bfau cours des fleuves, au c\u00bfur des villages, Chroniques d\u00bfen haut nous emm\u00e8ne \u00e0 la d\u00e9couverte de nous-m\u00eames. A vos marches\u00bf Pr\u00eats ? Partez !", "start_date": "2026-09-04T23:31:00+00:00", "title": "Chroniques d'en haut"}, {"desc": null, "start_date": "2026-09-04T23:58:00+00:00", "title": "La caravane de l'entrepreunariat"}], "offset": "+00:00", "timezone": "UTC", "error_code": -1, "start_date": "2026-09-03", "icon": ""}