{"end_date": "2026-09-07", "name": "Nouvelle-Cal\u00e9donie 1\u00e8re", "info_url": "https://epg.pw/channels/516374/20260905.html", "country": "France", "description": null, "error_message": "", "provider": "", "source_url": "https://epg.pw/api/epg.json?channel_id=516374&date=20260905&timezone=None", "epg_list": [{"desc": "Une pointe de piment met du peps dans les crevettes mangue, ail et piment vert de la cheffe Sanjee tandis que Brice Laurent Dubois re\u00e7oit deux chefs qui nous livrent leurs conseils sur la cuisine \u00e9pic\u00e9e et les chutneys.", "start_date": "2026-09-05T00:25:00+00:00", "title": "Chef pays"}, {"desc": null, "start_date": "2026-09-05T00:52:00+00:00", "title": "All\u00f4 Laura"}, {"desc": "Une personnalit\u00e9 pr\u00e9sente un projet \u00e0 venir ou un \u00e9v\u00e9nement exceptionnel concernant musique, th\u00e9\u00e2tre, cin\u00e9ma, litt\u00e9rature, gastronomie, danse ou sujets de soci\u00e9t\u00e9.", "start_date": "2026-09-05T00:54:00+00:00", "title": "Plein cadre"}, {"desc": null, "start_date": "2026-09-05T01:00:00+00:00", "title": "Le Journal de 12h00"}, {"desc": "L'ann\u00e9e\u00a02024 touche \u00e0 sa fin, une ann\u00e9e terrible pour les Cal\u00e9doniens qui traversent une crise \u00e9conomique, sociale et politique d'une gravit\u00e9 in\u00e9dite. Une ann\u00e9e o\u00f9 la crise a r\u00e9v\u00e9l\u00e9 nos fragilit\u00e9s mais aussinotre force collective. Ces derniers mois la jeunesse du caillou s'est interrog\u00e9e sursa place et sur son avenir.Pour cette derni\u00e8re \u00e9mission, c'est\u00a0\u00e0 nos responsables politiques que les jeunes ", "start_date": "2026-09-05T01:16:00+00:00", "title": "Sans concession"}, {"desc": "Le naturaliste et d\u00e9fenseur de l'environnement Steve Backshall part \u00e0 la rencontre des baleines les plus embl\u00e9matiques, myst\u00e9rieuses et menac\u00e9es, ainsi que de leurs cousins les dauphins. Il explique leurs relations sociales complexes ou leurs techniques de chasse surprenantes. Confront\u00e9 aux probl\u00e8mes cruciaux de la surp\u00eache, de la pollution et de la destruction de l'habitat de ces esp\u00e8ces, Steve p", "start_date": "2026-09-05T02:32:00+00:00", "title": "A la rencontre des baleines avec Steve Backshall"}, {"desc": "Callie et Moana, deux bricoleurs amateurs se lancent le d\u00e9fi de construire un fare et entra\u00eenent les t\u00e9l\u00e9spectateurs avec eux.", "start_date": "2026-09-05T03:23:00+00:00", "title": "Mon fare de A \u00e0 Z"}, {"desc": "Apr\u00e8s leur non-demande en mariage, Candice et Antoine partent en voyage de non-noces en Corse. Ils ont cass\u00e9 leurs tirelires pour s'offrir un s\u00e9jour de r\u00eave dans un sublime h\u00f4tel sur une plage aux eaux turquoises. L'endroit respire le luxe et le raffinement. Un peu trop peut-\u00eatre ? Lors du d\u00eener, Candice se fait remarquer avec sa jolie robe \u00e0 fleurs et son rire \u00e9clatant, un peu trop peut-\u00eatre ? An", "start_date": "2026-09-05T03:27:00+00:00", "title": "Candice Renoir"}, {"desc": "quatre jeunes filles de Mayotte d\u00e9cident de vivre ensemble malgr\u00e9 le refus de leurs parents. La colocation est le point de d\u00e9part des aventures de ce groupe de jeunes filles qui cherchent l'ind\u00e9pendance, la libert\u00e9 et leur place dans la soci\u00e9t\u00e9 Mahoraise.", "start_date": "2026-09-05T05:00:00+00:00", "title": "Colocs !"}, {"desc": "quatre jeunes filles de Mayotte d\u00e9cident de vivre ensemble malgr\u00e9 le refus de leurs parents. La colocation est le point de d\u00e9part des aventures de ce groupe de jeunes filles qui cherchent l'ind\u00e9pendance, la libert\u00e9 et leur place dans la soci\u00e9t\u00e9 Mahoraise.", "start_date": "2026-09-05T05:27:00+00:00", "title": "Colocs !"}, {"desc": null, "start_date": "2026-09-05T05:55:00+00:00", "title": "Colocs !"}, {"desc": "A Paris, en 2005, Johanna, Amandine et Vivian, qui travaillent tous les trois dans le milieu de la restauration, veulent vivre de leur passion pour la gastronomie. Pourtant, force est de constater qu'ils ne se reconnaissent ni dans les pratiques archa\u00efques qui ont toujours cours dans les cuisines d'un restaurant \u00e9toil\u00e9 ni dans les compromissions d'un grand guide. Le trio r\u00eave d'ouvrir un restauran", "start_date": "2026-09-05T06:28:00+00:00", "title": "Bistronomia"}, {"desc": null, "start_date": "2026-09-05T06:52:00+00:00", "title": "Total Control"}, {"desc": "Jyel Uthen, la rel\u00e8ve du cricket cal\u00e9donien \u00c0 seulement 19 ans, Jyel Uthen s'impose d\u00e9j\u00e0 comme l'un des jeunes talents les plus prometteurs du cricket en Nouvelle-Cal\u00e9donie. Originaire de la tribu de Mou, il d\u00e9couvre ce sport d\u00e8s l'\u00e2ge de 12 ans, dans une famille o\u00f9 le cricket se transmet de g\u00e9n\u00e9ration en g\u00e9n\u00e9ration. Pour lui, cette discipline est bien plus qu'un jeu : c'est une tradition, un h\u00e9ri", "start_date": "2026-09-05T07:42:00+00:00", "title": "Graine de champion"}, {"desc": "La r\u00e9gion du Pacifique est riche en culture, en personnes et en histoires. The Pacific, \u00e9mission ABC Australia, est le moyen de rester en contact avec tout ce qui s'y passe. Chaque semaine, d'\u00eele en \u00eele, d\u00e9couvrez l'actualit\u00e9, les sports et les \u00e9v\u00e9nements locaux de toute la r\u00e9gion.", "start_date": "2026-09-05T07:49:00+00:00", "title": "The Pacific"}, {"desc": null, "start_date": "2026-09-05T08:18:00+00:00", "title": "All\u00f4 Laura"}, {"desc": "Une personnalit\u00e9 pr\u00e9sente un projet \u00e0 venir ou un \u00e9v\u00e9nement exceptionnel concernant musique, th\u00e9\u00e2tre, cin\u00e9ma, litt\u00e9rature, gastronomie, danse ou sujets de soci\u00e9t\u00e9.", "start_date": "2026-09-05T08:21:00+00:00", "title": "Plein cadre"}, {"desc": null, "start_date": "2026-09-05T08:27:00+00:00", "title": "M\u00e9t\u00e9o Nouvelle-Cal\u00e9donie"}, {"desc": null, "start_date": "2026-09-05T08:29:00+00:00", "title": "Journal de 19h30 de Nouvelle-Cal\u00e9donie"}, {"desc": null, "start_date": "2026-09-05T08:59:00+00:00", "title": "M\u00e9t\u00e9o Nouvelle-Cal\u00e9donie"}, {"desc": "Laura, influenceuse bien connue en Nouvelle-Cal\u00e9donie, y pr\u00eate ses traits \u00e0 une op\u00e9ratrice hotline haute en couleur, qui r\u00e9pond avec humour et d\u00e9calage aux petites aventures du quotidien cal\u00e9donien. Entre r\u00e9parties surprenantes et situations loufoques, Allo Laura promet de casser les codes et de s\u00e9duire un large public.", "start_date": "2026-09-05T09:04:00+00:00", "title": "All\u00f4 Laura"}, {"desc": "\u00c9lev\u00e9e par sa grand-m\u00e8re depuis l'\u00e2ge de quatre ans \u00e0 Petr\u00f3polis, Beatriz d\u00e9cide de se rendre \u00e0 Rio de Janeiro lorsqu'elle tombe sur une photo de sa m\u00e8re disparue, Clarice, dans un magazine.", "start_date": "2026-09-05T09:06:00+00:00", "title": "L'\u00e9toile du jour"}, {"desc": "Apr\u00e8s avoir connu six ann\u00e9es de succ\u00e8s au sein du duo star Frero Delavega, en 2017 J\u00e9r\u00e9my Frerot a pris son envol en solo et est parvenu \u00e0 s'imposer avec un premier album, \"Matriochka\" (2018), suivi de \"Meilleure vie\" (2021), certifi\u00e9s disques d'or, et de chansons abordant des th\u00e8mes tels que l'\u00e9cologie et le respect de l'oc\u00e9an, une passion pour cet artiste qui vit au bord de l'Atlantique.", "start_date": "2026-09-05T10:36:00+00:00", "title": "J\u00e9r\u00e9my Frerot au F'Estivada de Rodez"}, {"desc": null, "start_date": "2026-09-05T11:56:00+00:00", "title": "M\u00e9t\u00e9o Nouvelle-Cal\u00e9donie"}, {"desc": null, "start_date": "2026-09-05T12:01:00+00:00", "title": "Journal week-end"}, {"desc": "Ce \"Mashup Tropical\" propose un concert mixant les musiques utramarines, men\u00e9 par DJ Tony Blanck, accompagn\u00e9 sur sc\u00e8ne de chanteurs comme Jocelyne B\u00e9roard, Lycina\u00efs Jean, Tony Chasseur, Yannick Claire, pour s'approprier et revisiter des succ\u00e8s antillais en y int\u00e9grant des \u00e9l\u00e9ments de standards nationaux et internationaux.", "start_date": "2026-09-05T12:42:00+00:00", "title": "Mashup Tropical"}, {"desc": "Apr\u00e8s une \u00e9dition anniversaire marquant ses 20 ans, le Sakifo Festival amorce un nouveau cycle avec cette 21\u1d49 \u00e9dition, confirmant son statut d'\u00e9v\u00e9nement incontournable du paysage musical de l'oc\u00e9an Indien et bien au-del\u00e0. Ancr\u00e9 au c\u0153ur de Saint-Pierre, capitale du Sud de La R\u00e9union, le festival propose du 6 au 8 juin 2025 une programmation toujours aussi riche, audacieuse et f\u00e9d\u00e9ratrice.Les grands", "start_date": "2026-09-05T13:54:00+00:00", "title": "Sakifo"}, {"desc": null, "start_date": "2026-09-05T14:58:00+00:00", "title": "Danse ton \u00eele"}, {"desc": null, "start_date": "2026-09-05T15:51:00+00:00", "title": "60 ans avec nous"}, {"desc": null, "start_date": "2026-09-05T16:04:00+00:00", "title": "60 ans avec nous"}, {"desc": "Oubliez tout ce que vous pensiez savoir sur le monde v\u00e9g\u00e9tal. En Nouvelle-Cal\u00e9donie, la flore ne se contente pas de pousser : elle survit, elle mute, elle parasite et elle d\u00e9fie l'imagination. Loin des simples paysages de cartes postales, la Grande Terre abrite un v\u00e9ritable \" Jurassic Park \" botanique, hotspot mondial de biodiversit\u00e9. C'est un l...", "start_date": "2026-09-05T16:18:00+00:00", "title": "Mille et une plantes"}, {"desc": "Cette s\u00e9rie nous plonge au coeur de la richesse du patrimoine historique polyn\u00e9sien \u00e0 travers les lieux, les objets ou les monuments embl\u00e9matiques Fenua.", "start_date": "2026-09-05T16:20:00+00:00", "title": "Hiro'a tumu: Patrimoine"}, {"desc": "Cette enqu\u00eate scientifique et arch\u00e9ologique propose un surprenant voyage dans le pass\u00e9 \u00e0 la recherche des premiers musiciens de l'Histoire. Bien avant d'\u00eatre un art et un divertissement, la musique fut une arme, l'alli\u00e9e de la guerre et du pouvoir mais aussi un langage sacr\u00e9 pour parler aux dieux et certainement, \u00e0 l'aube de l'humanit\u00e9, la bande sonore de rites ancestraux. En redonnant vie \u00e0 des i", "start_date": "2026-09-05T16:23:00+00:00", "title": "Premi\u00e8res notes"}, {"desc": null, "start_date": "2026-09-05T17:57:00+00:00", "title": "Journal week-end"}, {"desc": null, "start_date": "2026-09-05T18:33:00+00:00", "title": "Journal de 19h30 de Nouvelle-Cal\u00e9donie"}, {"desc": null, "start_date": "2026-09-05T19:02:00+00:00", "title": "Journal Wallis-et-Futuna"}, {"desc": null, "start_date": "2026-09-05T19:13:00+00:00", "title": "Journal Polyn\u00e9sie"}, {"desc": null, "start_date": "2026-09-05T19:34:00+00:00", "title": "Stade 2 la quotidienne"}, {"desc": null, "start_date": "2026-09-05T20:01:00+00:00", "title": "Outremer.l'info"}, {"desc": null, "start_date": "2026-09-05T20:11:00+00:00", "title": "Tous Fr\u00e8res"}, {"desc": "Le pays des ENJ - que l'on prononce \"anges\" - se trouve aux Iles Loyaut\u00e9. Depuis 2024, la province des Iles a bouscul\u00e9 le droit fran\u00e7ais en introduisant, dans son code de l'environnement, une innovation singuli\u00e8re : la reconnaissance d'entit\u00e9s naturelles comme personnalit\u00e9s juridiques, qui disposent de droits r\u00e9els et de la possibilit\u00e9 de se d\u00e9fendre devant les tribunaux. Requins et tortues sont l", "start_date": "2026-09-05T20:40:00+00:00", "title": "Des anges et des hommes"}, {"desc": "La R\u00e9union, surnomm\u00e9e \\\" l'\u00eele intense\\\", est connue pour la diversit\u00e9 de ses paysages, entre mer, montagnes et volcans. Elle accueille pr\u00e8s de 500 000 touristes chaque ann\u00e9e dont 100 000 \u00e0 Mafate, cirque le plus enclav\u00e9 de l'\u00eele. Sans aucun acc\u00e8s routier, Mafate est un tr\u00e9sor de la biodiversit\u00e9 o\u00f9 la vie humaine est pr\u00e9sente depuis des si\u00e8cles selon sa propre histoire. Se faisant, il est rapideme", "start_date": "2026-09-05T21:30:00+00:00", "title": "Les voix oubli\u00e9es"}, {"desc": null, "start_date": "2026-09-05T22:23:00+00:00", "title": "Itin\u00e9raires"}, {"desc": "Les grottes sacr\u00e9es au coeur de l\u00bfhistoire kanak et de ses secrets Philippe Brunet par ses explorations entrouvre le livre non \u00e9crit d\u00bfune histoire tr\u00e8s ancienne. Ce film est la rencontre, la confrontation positive, entre la d\u00e9marche scientifique d\u00bfune de l\u00bfexploration d\u00bfun sp\u00e9l\u00e9ologue et celle de la tradition kanak qui attribue \u00e0 ces grottes des valeurs spirituelles, des r\u00e9cits l\u00e9gendaires, des p", "start_date": "2026-09-05T22:24:00+00:00", "title": "Les grottes sacr\u00e9es de Lifou"}, {"desc": null, "start_date": "2026-09-05T23:16:00+00:00", "title": "Itin\u00e9raires"}, {"desc": "Chaque jour le docteur Jimmy Mohammed et la journaliste Emma Strack proposent 2 reportages de 26' qui sont des immersions avec des patients et des professionnels de la sant\u00e9 dans toute la France.", "start_date": "2026-09-05T23:17:00+00:00", "title": "Le doc du Mag"}, {"desc": "Lusia-Laa a particip\u00e9 \u00e0 sa premi\u00e8re comp\u00e9tition de natation \u00e0 l'\u00e2ge de cinq ans. Huit ans plus tard, cette jeune athl\u00e8te \u00e0 fort potentiel, est parvenue \u00e0 d\u00e9crocher un double titre au championnat de France.Fiche technique : Pr\u00e9nom : Lusia-Laa Nom : Ah Scha \u00c2ge : 13 ans Discipline : natation Palmar\u00e8s 2023 : championne de France 100 m dos, championne de France 200 m dos, vice-championne de France 50 ", "start_date": "2026-09-06T00:09:00+00:00", "title": "Graine de champion"}, {"desc": "Pens\u00e9 comme une v\u00e9ritable \"vitamine technique\" pour les t\u00e9l\u00e9spectateurs curieux, \u00c7a D\u00e9marre explore l'univers des moteurs sous toutes leurs formes : nautisme, p\u00eache embarqu\u00e9e, mobilit\u00e9 \u00e9lectrique, \u00e9quipements motoris\u00e9s, innovations m\u00e9caniques, s\u00e9curit\u00e9 et r\u00e9glementation.", "start_date": "2026-09-06T00:16:00+00:00", "title": "\u00c7a d\u00e9marre !"}, {"desc": "Regarder la vid\u00e9o \u00c9mission du dimanche 06 octobre 2024 sur france.tv.", "start_date": "2026-09-06T00:33:00+00:00", "title": "Momo's kitchen et Poeti"}, {"desc": null, "start_date": "2026-09-06T00:45:00+00:00", "title": "All\u00f4 Laura"}, {"desc": "Une personnalit\u00e9 pr\u00e9sente un projet \u00e0 venir ou un \u00e9v\u00e9nement exceptionnel concernant musique, th\u00e9\u00e2tre, cin\u00e9ma, litt\u00e9rature, gastronomie, danse ou sujets de soci\u00e9t\u00e9.", "start_date": "2026-09-06T00:47:00+00:00", "title": "Plein cadre"}, {"desc": null, "start_date": "2026-09-06T01:00:00+00:00", "title": "Le Journal de 12h00"}, {"desc": "Sophie Jovillard parcourt l'Emilie-Romagne, une des r\u00e9gions d'Italie les plus c\u00e9l\u00e8bres pour sa gastronomie. Elle visite Parme et d\u00e9couvre la \"Food Valley\" o\u00f9 sont n\u00e9s des produits comme le Parmigiano Reggiano. Elle se rend aussi sur la c\u00f4te romagnole, dans la campagne de Mod\u00e8ne et termine son voyage \u00e0 Bologne.", "start_date": "2026-09-06T01:15:00+00:00", "title": "Echapp\u00e9es belles"}, {"desc": "Un voyage \u00e0 couper le souffle au-dessus de Rome, surnomm\u00e9e la Ville \u00e9ternelle, o\u00f9 l'histoire, l'art et la modernit\u00e9 offrent un spectacle intemporel.", "start_date": "2026-09-06T02:45:00+00:00", "title": "Rome vue du ciel"}, {"desc": null, "start_date": "2026-09-06T03:35:00+00:00", "title": "Nout Terre, Nout Ker"}, {"desc": "Chaque semaine, l'essai d'un nouveau v\u00e9hicule permet \u00e0 une personnalit\u00e9 du 974 de le tester dans les conditions r\u00e9elles d'utilisation, et de donner son avis.", "start_date": "2026-09-06T03:46:00+00:00", "title": "Code phare"}, {"desc": "Un stage de survie qui se transforme en jeu de massacre, un mariage qui tourne au drame ou une adolescente enlev\u00e9e en pleine s\u00e9ance d'escalade : les enqu\u00eates se suivent mais ne se ressemblent pas pour Alex Hugo. Pour chacune d'entre elles, il va devoir mettre en oeuvre ses ressources physiques aussi bien qu'intellectuelles pour comprendre les motivations des malfaiteurs afin d'intervenir avant qu'", "start_date": "2026-09-06T03:59:00+00:00", "title": "Alex Hugo"}, {"desc": "Chaque \u00e9quipe fait tout son possible pour remporter un tr\u00e9sor pouvant aller jusqu'\u00e0 50 000 \u20ac pour l'association qu'elle repr\u00e9sente. Cette fois, les valeureux candidats paient de leur personne pour le compte de la SPA et de l'association \"Tout le monde contre le cancer\". Endurance, courage, sagacit\u00e9 : ils et elles ont fort \u00e0 faire pour venir \u00e0 bout des \u00e9preuves qui se dressent sur leur route.", "start_date": "2026-09-06T05:31:00+00:00", "title": "Fort Boyard"}, {"desc": null, "start_date": "2026-09-06T07:39:00+00:00", "title": "Courses hippiques"}, {"desc": "Emmanuelle Darman vous donne rendez-vous le dimanche \u00e0 18h50 avec un nouveau rendez-vous culinaire qui met en valeur des recettes issues du patrimoine cal\u00e9donien, des recettes simples et faciles.", "start_date": "2026-09-06T07:44:00+00:00", "title": "Coco sal\u00e9"}, {"desc": "\u00c0 Mouirange, Sylvie Birot fait vivre la porcherie fond\u00e9e par son p\u00e8re, Jean-Claude. Au moment o\u00f9 celui-ci dispara\u00eet, la reprise de l\u00bfexploitation devient un passage de relais d\u00e9finitif. Tandis qu\u00bfun lot doit partir \u00e0 l\u00bfabattoir et que le travail ne peut s\u00bfinterrompre, Sylvie doit tenir ensemble la ferme, sa famille et l\u00bfh\u00e9ritage de son p\u00e8re. Le film raconte une transmission sans grands discours, f", "start_date": "2026-09-06T07:47:00+00:00", "title": "La terre de nos vies"}, {"desc": null, "start_date": "2026-09-06T08:12:00+00:00", "title": "All\u00f4 Laura"}, {"desc": "Une personnalit\u00e9 pr\u00e9sente un projet \u00e0 venir ou un \u00e9v\u00e9nement exceptionnel concernant musique, th\u00e9\u00e2tre, cin\u00e9ma, litt\u00e9rature, gastronomie, danse ou sujets de soci\u00e9t\u00e9.", "start_date": "2026-09-06T08:15:00+00:00", "title": "Plein cadre"}, {"desc": null, "start_date": "2026-09-06T08:21:00+00:00", "title": "M\u00e9t\u00e9o Nouvelle-Cal\u00e9donie"}, {"desc": null, "start_date": "2026-09-06T08:29:00+00:00", "title": "Journal de 19h30 de Nouvelle-Cal\u00e9donie"}, {"desc": null, "start_date": "2026-09-06T08:57:00+00:00", "title": "M\u00e9t\u00e9o Nouvelle-Cal\u00e9donie"}, {"desc": null, "start_date": "2026-09-06T09:02:00+00:00", "title": "All\u00f4 Laura"}, {"desc": "Printemps 2000. Jay Swan, Mary Allen, son \u00e9pouse enceinte, et la petite Anya s'installent \u00e0 Loch Iris, le village de naissance de la m\u00e8re de Mary, situ\u00e9 en plein coeur de la for\u00eat tropicale australienne. Alors que Mary d\u00e9couvre les secrets de l'h\u00f4pital dans lequel elle travaille, Jay, lui, enqu\u00eate sur la disparition d'une enfant et la noyade suspecte d'une religieuse. Il est alors confront\u00e9 au sil", "start_date": "2026-09-06T09:04:00+00:00", "title": "Mystery Road : les origines"}, {"desc": "Printemps 2000. Jay Swan, Mary Allen, son \u00e9pouse enceinte, et la petite Anya s'installent \u00e0 Loch Iris, le village de naissance de la m\u00e8re de Mary, situ\u00e9 en plein coeur de la for\u00eat tropicale australienne. Alors que Mary d\u00e9couvre les secrets de l'h\u00f4pital dans lequel elle travaille, Jay, lui, enqu\u00eate sur la disparition d'une enfant et la noyade suspecte d'une religieuse. Il est alors confront\u00e9 au sil", "start_date": "2026-09-06T09:55:00+00:00", "title": "Mystery Road : les origines"}, {"desc": "L'\u00e9quipe, confront\u00e9e \u00e0 l'hospitalisation de son commissaire, Gaspard Watson, va \u00eatre conduite \u00e0 arpenter toute l'\u00eele pour enqu\u00eater, appel\u00e9e pour des crimes et des d\u00e9lits aussi bien dans une plantation de caf\u00e9 que dans une ferme, ou sur les rives de la r\u00e9serve naturelle de l'\u00e9tang Saint-Paul. L'arriv\u00e9e du myst\u00e9rieux capitaine Nico Chane est tout aussi d\u00e9stabilisant. Les acteurs David Baiot et Elodi", "start_date": "2026-09-06T10:47:00+00:00", "title": "OPJ"}, {"desc": "L'\u00e9quipe, confront\u00e9e \u00e0 l'hospitalisation de son commissaire, Gaspard Watson, va \u00eatre conduite \u00e0 arpenter toute l'\u00eele pour enqu\u00eater, appel\u00e9e pour des crimes et des d\u00e9lits aussi bien dans une plantation de caf\u00e9 que dans une ferme, ou sur les rives de la r\u00e9serve naturelle de l'\u00e9tang Saint-Paul. L'arriv\u00e9e du myst\u00e9rieux capitaine Nico Chane est tout aussi d\u00e9stabilisant. Les acteurs David Baiot et Elodi", "start_date": "2026-09-06T11:39:00+00:00", "title": "OPJ"}, {"desc": null, "start_date": "2026-09-06T12:31:00+00:00", "title": "M\u00e9t\u00e9o Nouvelle-Cal\u00e9donie"}, {"desc": null, "start_date": "2026-09-06T12:36:00+00:00", "title": "Journal week-end"}, {"desc": "Constance Meyer poursuit son stage avec le juge d'instruction Boris Delcourt. Les affaires qu'ils sont amen\u00e9s \u00e0 suivre sont vari\u00e9es : disparition d'une fillette et de la m\u00e8re de sa famille d'accueil, mort myst\u00e9rieuse d'un m\u00e9decin, adolescente d\u00e9c\u00e9d\u00e9e dans un internat ou encore un homme qui s'accuse d'un meurtre qu'il n'a pas pu commettre. Par ailleurs, le procureur Quiring d\u00e9couvre une paternit\u00e9 q", "start_date": "2026-09-06T13:16:00+00:00", "title": "La stagiaire"}, {"desc": "Constance Meyer poursuit son stage avec le juge d'instruction Boris Delcourt. Les affaires qu'ils sont amen\u00e9s \u00e0 suivre sont vari\u00e9es : disparition d'une fillette et de la m\u00e8re de sa famille d'accueil, mort myst\u00e9rieuse d'un m\u00e9decin, adolescente d\u00e9c\u00e9d\u00e9e dans un internat ou encore un homme qui s'accuse d'un meurtre qu'il n'a pas pu commettre. Par ailleurs, le procureur Quiring d\u00e9couvre une paternit\u00e9 q", "start_date": "2026-09-06T14:04:00+00:00", "title": "La stagiaire"}, {"desc": "L'aventure commence en 1924 dans le 15e arrondissement, au 33, rue Blomet, dans une maison du XVIIIe si\u00e8cle reconvertie en commerce de vins puis en cabaret sous le nom de \"Bal Blomet\". Au lendemain de la Grande Guerre, la g\u00e9n\u00e9ration des Ann\u00e9es folles avide de distractions se passionne pour ce lieu, baptis\u00e9 \"Bal N\u00e8gre\" par Robert Desnos. Les c\u00e9l\u00e9brit\u00e9s y croisent des anonymes, des ouvriers c\u00f4toient", "start_date": "2026-09-06T14:52:00+00:00", "title": "Paris au temps du Bal N\u00e8gre"}, {"desc": "A la fin du mois de janvier 1939, l'issue de la guerre civile en Espagne semble in\u00e9luctable. La chute de Barcelone face aux insurg\u00e9s franquistes d\u00e9clenche un exode d'une ampleur sans pr\u00e9c\u00e9dent. Pr\u00e8s de 500 000 hommes, femmes, et enfants prennent les routes des Pyr\u00e9n\u00e9es, esp\u00e9rant trouver refuge en France. Cette grande retraite entrera dans l'histoire sous le nom de la \"Retirada\". Parmi cette foule ", "start_date": "2026-09-06T15:45:00+00:00", "title": "La Retirada ou l'exode d'un peuple"}, {"desc": "La Nouvelle-Cal\u00e9donie est un point chaud de biodiversit\u00e9, un laboratoire \u00e9volutif unique au monde, o\u00f9 les myst\u00e8res de la nature d\u00e9passent souvent la science-fiction.", "start_date": "2026-09-06T16:45:00+00:00", "title": "Mille et une plantes"}, {"desc": "Callie et Moana, deux bricoleurs amateurs se lancent le d\u00e9fi de construire un fare et entra\u00eenent les t\u00e9l\u00e9spectateurs avec eux.", "start_date": "2026-09-06T17:47:00+00:00", "title": "Mon fare de A \u00e0 Z"}, {"desc": "Callie et Moana, deux bricoleurs amateurs se lancent le d\u00e9fi de construire un fare et entra\u00eenent les t\u00e9l\u00e9spectateurs avec eux.", "start_date": "2026-09-06T17:50:00+00:00", "title": "Mon fare de A \u00e0 Z"}, {"desc": "Callie et Moana, deux bricoleurs amateurs se lancent le d\u00e9fi de construire un fare et entra\u00eenent les t\u00e9l\u00e9spectateurs avec eux.", "start_date": "2026-09-06T17:53:00+00:00", "title": "Mon fare de A \u00e0 Z"}, {"desc": null, "start_date": "2026-09-06T17:57:00+00:00", "title": "Journal week-end"}, {"desc": null, "start_date": "2026-09-06T18:30:00+00:00", "title": "Journal de 19h30 de Nouvelle-Cal\u00e9donie"}, {"desc": null, "start_date": "2026-09-06T18:59:00+00:00", "title": "Journal Wallis-et-Futuna"}, {"desc": null, "start_date": "2026-09-06T19:23:00+00:00", "title": "Journal Polyn\u00e9sie"}, {"desc": "\u00c0 Mouirange, Sylvie Birot fait vivre la porcherie fond\u00e9e par son p\u00e8re, Jean-Claude. Au moment o\u00f9 celui-ci dispara\u00eet, la reprise de l\u00bfexploitation devient un passage de relais d\u00e9finitif. Tandis qu\u00bfun lot doit partir \u00e0 l\u00bfabattoir et que le travail ne peut s\u00bfinterrompre, Sylvie doit tenir ensemble la ferme, sa famille et l\u00bfh\u00e9ritage de son p\u00e8re. Le film raconte une transmission sans grands discours, f", "start_date": "2026-09-06T19:44:00+00:00", "title": "La terre de nos vies"}, {"desc": "Jyel Uthen, la rel\u00e8ve du cricket cal\u00e9donien \u00c0 seulement 19 ans, Jyel Uthen s'impose d\u00e9j\u00e0 comme l'un des jeunes talents les plus prometteurs du cricket en Nouvelle-Cal\u00e9donie. Originaire de la tribu de Mou, il d\u00e9couvre ce sport d\u00e8s l'\u00e2ge de 12 ans, dans une famille o\u00f9 le cricket se transmet de g\u00e9n\u00e9ration en g\u00e9n\u00e9ration. Pour lui, cette discipline est bien plus qu'un jeu : c'est une tradition, un h\u00e9ri", "start_date": "2026-09-06T20:09:00+00:00", "title": "Graine de champion"}, {"desc": null, "start_date": "2026-09-06T20:16:00+00:00", "title": "Courses hippiques"}, {"desc": null, "start_date": "2026-09-06T20:20:00+00:00", "title": "Outremer.l'info"}, {"desc": "Toute l'info pour \u00eatre bien inform\u00e9 d\u00e8s 5h : actualit\u00e9 locale, nationale et internationale, avec des focus sur les sujets qui impactent la Nouvelle-Cal\u00e9donie.", "start_date": "2026-09-06T20:30:00+00:00", "title": "Le grand r\u00e9veil"}, {"desc": "Immersion au coeur de la richesse du patrimoine historique polyn\u00e9sien \u00e0 travers les lieux, les objets ou les monuments embl\u00e9matiques Fenua.", "start_date": "2026-09-06T20:57:00+00:00", "title": "Hiro'a tumu: Patrimoine"}, {"desc": "Magazine sant\u00e9 quotidien pour mieux comprendre, pr\u00e9venir et agir face aux enjeux de sant\u00e9 en Nouvelle-Cal\u00e9donie.", "start_date": "2026-09-06T21:00:00+00:00", "title": "\u00c7a va bien se passer"}, {"desc": null, "start_date": "2026-09-06T21:53:00+00:00", "title": "Velvet, le nouvel empire"}, {"desc": null, "start_date": "2026-09-06T22:21:00+00:00", "title": "Velvet, le nouvel empire"}, {"desc": null, "start_date": "2026-09-06T22:47:00+00:00", "title": "Feti'i family, unis pour gagner !"}, {"desc": null, "start_date": "2026-09-06T23:06:00+00:00", "title": "Casse pas la t\u00eate"}, {"desc": "Le chef Ilyes Bachi nous apprend la recette des cr\u00eapes mille trous et nous d\u00e9voile l'art du th\u00e9 \u00e0 la menthe. Brice Laurent Dubois et ses invit\u00e9s nous font d\u00e9couvrir de d\u00e9licieuses cr\u00eapes au tapioca br\u00e9siliennes et les secrets du th\u00e9 vert.", "start_date": "2026-09-06T23:33:00+00:00", "title": "Chef pays"}, {"desc": null, "start_date": "2026-09-07T00:00:00+00:00", "title": "Ligne directe"}], "offset": "+00:00", "timezone": "UTC", "error_code": -1, "start_date": "2026-09-05", "icon": ""}