{"end_date": "2026-09-07", "name": "Nouvelle-Cal\u00e9donie 1\u00e8re", "info_url": "https://epg.pw/channels/516374/20260906.html", "country": "France", "description": null, "error_message": "", "provider": "", "source_url": "https://epg.pw/api/epg.json?channel_id=516374&date=20260906&timezone=None", "epg_list": [{"desc": "Lusia-Laa a particip\u00e9 \u00e0 sa premi\u00e8re comp\u00e9tition de natation \u00e0 l'\u00e2ge de cinq ans. Huit ans plus tard, cette jeune athl\u00e8te \u00e0 fort potentiel, est parvenue \u00e0 d\u00e9crocher un double titre au championnat de France.Fiche technique : Pr\u00e9nom : Lusia-Laa Nom : Ah Scha \u00c2ge : 13 ans Discipline : natation Palmar\u00e8s 2023 : championne de France 100 m dos, championne de France 200 m dos, vice-championne de France 50 ", "start_date": "2026-09-06T00:09:00+00:00", "title": "Graine de champion"}, {"desc": "Pens\u00e9 comme une v\u00e9ritable \"vitamine technique\" pour les t\u00e9l\u00e9spectateurs curieux, \u00c7a D\u00e9marre explore l'univers des moteurs sous toutes leurs formes : nautisme, p\u00eache embarqu\u00e9e, mobilit\u00e9 \u00e9lectrique, \u00e9quipements motoris\u00e9s, innovations m\u00e9caniques, s\u00e9curit\u00e9 et r\u00e9glementation.", "start_date": "2026-09-06T00:16:00+00:00", "title": "\u00c7a d\u00e9marre !"}, {"desc": "Regarder la vid\u00e9o \u00c9mission du dimanche 06 octobre 2024 sur france.tv.", "start_date": "2026-09-06T00:33:00+00:00", "title": "Momo's kitchen et Poeti"}, {"desc": null, "start_date": "2026-09-06T00:45:00+00:00", "title": "All\u00f4 Laura"}, {"desc": "Une personnalit\u00e9 pr\u00e9sente un projet \u00e0 venir ou un \u00e9v\u00e9nement exceptionnel concernant musique, th\u00e9\u00e2tre, cin\u00e9ma, litt\u00e9rature, gastronomie, danse ou sujets de soci\u00e9t\u00e9.", "start_date": "2026-09-06T00:47:00+00:00", "title": "Plein cadre"}, {"desc": null, "start_date": "2026-09-06T01:00:00+00:00", "title": "Le Journal de 12h00"}, {"desc": "Sophie Jovillard parcourt l'Emilie-Romagne, une des r\u00e9gions d'Italie les plus c\u00e9l\u00e8bres pour sa gastronomie. Elle visite Parme et d\u00e9couvre la \"Food Valley\" o\u00f9 sont n\u00e9s des produits comme le Parmigiano Reggiano. Elle se rend aussi sur la c\u00f4te romagnole, dans la campagne de Mod\u00e8ne et termine son voyage \u00e0 Bologne.", "start_date": "2026-09-06T01:15:00+00:00", "title": "Echapp\u00e9es belles"}, {"desc": "Un voyage \u00e0 couper le souffle au-dessus de Rome, surnomm\u00e9e la Ville \u00e9ternelle, o\u00f9 l'histoire, l'art et la modernit\u00e9 offrent un spectacle intemporel.", "start_date": "2026-09-06T02:45:00+00:00", "title": "Rome vue du ciel"}, {"desc": null, "start_date": "2026-09-06T03:35:00+00:00", "title": "Nout Terre, Nout Ker"}, {"desc": "Chaque semaine, l'essai d'un nouveau v\u00e9hicule permet \u00e0 une personnalit\u00e9 du 974 de le tester dans les conditions r\u00e9elles d'utilisation, et de donner son avis.", "start_date": "2026-09-06T03:46:00+00:00", "title": "Code phare"}, {"desc": "Un stage de survie qui se transforme en jeu de massacre, un mariage qui tourne au drame ou une adolescente enlev\u00e9e en pleine s\u00e9ance d'escalade : les enqu\u00eates se suivent mais ne se ressemblent pas pour Alex Hugo. Pour chacune d'entre elles, il va devoir mettre en oeuvre ses ressources physiques aussi bien qu'intellectuelles pour comprendre les motivations des malfaiteurs afin d'intervenir avant qu'", "start_date": "2026-09-06T03:59:00+00:00", "title": "Alex Hugo"}, {"desc": "Chaque \u00e9quipe fait tout son possible pour remporter un tr\u00e9sor pouvant aller jusqu'\u00e0 50 000 \u20ac pour l'association qu'elle repr\u00e9sente. Cette fois, les valeureux candidats paient de leur personne pour le compte de la SPA et de l'association \"Tout le monde contre le cancer\". Endurance, courage, sagacit\u00e9 : ils et elles ont fort \u00e0 faire pour venir \u00e0 bout des \u00e9preuves qui se dressent sur leur route.", "start_date": "2026-09-06T05:31:00+00:00", "title": "Fort Boyard"}, {"desc": null, "start_date": "2026-09-06T07:39:00+00:00", "title": "Courses hippiques"}, {"desc": "Emmanuelle Darman vous donne rendez-vous le dimanche \u00e0 18h50 avec un nouveau rendez-vous culinaire qui met en valeur des recettes issues du patrimoine cal\u00e9donien, des recettes simples et faciles.", "start_date": "2026-09-06T07:44:00+00:00", "title": "Coco sal\u00e9"}, {"desc": "\u00c0 Mouirange, Sylvie Birot fait vivre la porcherie fond\u00e9e par son p\u00e8re, Jean-Claude. Au moment o\u00f9 celui-ci dispara\u00eet, la reprise de l\u00bfexploitation devient un passage de relais d\u00e9finitif. Tandis qu\u00bfun lot doit partir \u00e0 l\u00bfabattoir et que le travail ne peut s\u00bfinterrompre, Sylvie doit tenir ensemble la ferme, sa famille et l\u00bfh\u00e9ritage de son p\u00e8re. Le film raconte une transmission sans grands discours, f", "start_date": "2026-09-06T07:47:00+00:00", "title": "La terre de nos vies"}, {"desc": null, "start_date": "2026-09-06T08:12:00+00:00", "title": "All\u00f4 Laura"}, {"desc": "Une personnalit\u00e9 pr\u00e9sente un projet \u00e0 venir ou un \u00e9v\u00e9nement exceptionnel concernant musique, th\u00e9\u00e2tre, cin\u00e9ma, litt\u00e9rature, gastronomie, danse ou sujets de soci\u00e9t\u00e9.", "start_date": "2026-09-06T08:15:00+00:00", "title": "Plein cadre"}, {"desc": null, "start_date": "2026-09-06T08:21:00+00:00", "title": "M\u00e9t\u00e9o Nouvelle-Cal\u00e9donie"}, {"desc": null, "start_date": "2026-09-06T08:29:00+00:00", "title": "Journal de 19h30 de Nouvelle-Cal\u00e9donie"}, {"desc": null, "start_date": "2026-09-06T08:57:00+00:00", "title": "M\u00e9t\u00e9o Nouvelle-Cal\u00e9donie"}, {"desc": null, "start_date": "2026-09-06T09:02:00+00:00", "title": "All\u00f4 Laura"}, {"desc": "Printemps 2000. Jay Swan, Mary Allen, son \u00e9pouse enceinte, et la petite Anya s'installent \u00e0 Loch Iris, le village de naissance de la m\u00e8re de Mary, situ\u00e9 en plein coeur de la for\u00eat tropicale australienne. Alors que Mary d\u00e9couvre les secrets de l'h\u00f4pital dans lequel elle travaille, Jay, lui, enqu\u00eate sur la disparition d'une enfant et la noyade suspecte d'une religieuse. Il est alors confront\u00e9 au sil", "start_date": "2026-09-06T09:04:00+00:00", "title": "Mystery Road : les origines"}, {"desc": "Printemps 2000. Jay Swan, Mary Allen, son \u00e9pouse enceinte, et la petite Anya s'installent \u00e0 Loch Iris, le village de naissance de la m\u00e8re de Mary, situ\u00e9 en plein coeur de la for\u00eat tropicale australienne. Alors que Mary d\u00e9couvre les secrets de l'h\u00f4pital dans lequel elle travaille, Jay, lui, enqu\u00eate sur la disparition d'une enfant et la noyade suspecte d'une religieuse. Il est alors confront\u00e9 au sil", "start_date": "2026-09-06T09:55:00+00:00", "title": "Mystery Road : les origines"}, {"desc": "L'\u00e9quipe, confront\u00e9e \u00e0 l'hospitalisation de son commissaire, Gaspard Watson, va \u00eatre conduite \u00e0 arpenter toute l'\u00eele pour enqu\u00eater, appel\u00e9e pour des crimes et des d\u00e9lits aussi bien dans une plantation de caf\u00e9 que dans une ferme, ou sur les rives de la r\u00e9serve naturelle de l'\u00e9tang Saint-Paul. L'arriv\u00e9e du myst\u00e9rieux capitaine Nico Chane est tout aussi d\u00e9stabilisant. Les acteurs David Baiot et Elodi", "start_date": "2026-09-06T10:47:00+00:00", "title": "OPJ"}, {"desc": "L'\u00e9quipe, confront\u00e9e \u00e0 l'hospitalisation de son commissaire, Gaspard Watson, va \u00eatre conduite \u00e0 arpenter toute l'\u00eele pour enqu\u00eater, appel\u00e9e pour des crimes et des d\u00e9lits aussi bien dans une plantation de caf\u00e9 que dans une ferme, ou sur les rives de la r\u00e9serve naturelle de l'\u00e9tang Saint-Paul. L'arriv\u00e9e du myst\u00e9rieux capitaine Nico Chane est tout aussi d\u00e9stabilisant. Les acteurs David Baiot et Elodi", "start_date": "2026-09-06T11:39:00+00:00", "title": "OPJ"}, {"desc": null, "start_date": "2026-09-06T12:31:00+00:00", "title": "M\u00e9t\u00e9o Nouvelle-Cal\u00e9donie"}, {"desc": null, "start_date": "2026-09-06T12:36:00+00:00", "title": "Journal week-end"}, {"desc": "Constance Meyer poursuit son stage avec le juge d'instruction Boris Delcourt. Les affaires qu'ils sont amen\u00e9s \u00e0 suivre sont vari\u00e9es : disparition d'une fillette et de la m\u00e8re de sa famille d'accueil, mort myst\u00e9rieuse d'un m\u00e9decin, adolescente d\u00e9c\u00e9d\u00e9e dans un internat ou encore un homme qui s'accuse d'un meurtre qu'il n'a pas pu commettre. Par ailleurs, le procureur Quiring d\u00e9couvre une paternit\u00e9 q", "start_date": "2026-09-06T13:16:00+00:00", "title": "La stagiaire"}, {"desc": "Constance Meyer poursuit son stage avec le juge d'instruction Boris Delcourt. Les affaires qu'ils sont amen\u00e9s \u00e0 suivre sont vari\u00e9es : disparition d'une fillette et de la m\u00e8re de sa famille d'accueil, mort myst\u00e9rieuse d'un m\u00e9decin, adolescente d\u00e9c\u00e9d\u00e9e dans un internat ou encore un homme qui s'accuse d'un meurtre qu'il n'a pas pu commettre. Par ailleurs, le procureur Quiring d\u00e9couvre une paternit\u00e9 q", "start_date": "2026-09-06T14:04:00+00:00", "title": "La stagiaire"}, {"desc": "L'aventure commence en 1924 dans le 15e arrondissement, au 33, rue Blomet, dans une maison du XVIIIe si\u00e8cle reconvertie en commerce de vins puis en cabaret sous le nom de \"Bal Blomet\". Au lendemain de la Grande Guerre, la g\u00e9n\u00e9ration des Ann\u00e9es folles avide de distractions se passionne pour ce lieu, baptis\u00e9 \"Bal N\u00e8gre\" par Robert Desnos. Les c\u00e9l\u00e9brit\u00e9s y croisent des anonymes, des ouvriers c\u00f4toient", "start_date": "2026-09-06T14:52:00+00:00", "title": "Paris au temps du Bal N\u00e8gre"}, {"desc": "A la fin du mois de janvier 1939, l'issue de la guerre civile en Espagne semble in\u00e9luctable. La chute de Barcelone face aux insurg\u00e9s franquistes d\u00e9clenche un exode d'une ampleur sans pr\u00e9c\u00e9dent. Pr\u00e8s de 500 000 hommes, femmes, et enfants prennent les routes des Pyr\u00e9n\u00e9es, esp\u00e9rant trouver refuge en France. Cette grande retraite entrera dans l'histoire sous le nom de la \"Retirada\". Parmi cette foule ", "start_date": "2026-09-06T15:45:00+00:00", "title": "La Retirada ou l'exode d'un peuple"}, {"desc": "La Nouvelle-Cal\u00e9donie est un point chaud de biodiversit\u00e9, un laboratoire \u00e9volutif unique au monde, o\u00f9 les myst\u00e8res de la nature d\u00e9passent souvent la science-fiction.", "start_date": "2026-09-06T16:45:00+00:00", "title": "Mille et une plantes"}, {"desc": "Callie et Moana, deux bricoleurs amateurs se lancent le d\u00e9fi de construire un fare et entra\u00eenent les t\u00e9l\u00e9spectateurs avec eux.", "start_date": "2026-09-06T17:47:00+00:00", "title": "Mon fare de A \u00e0 Z"}, {"desc": "Callie et Moana, deux bricoleurs amateurs se lancent le d\u00e9fi de construire un fare et entra\u00eenent les t\u00e9l\u00e9spectateurs avec eux.", "start_date": "2026-09-06T17:50:00+00:00", "title": "Mon fare de A \u00e0 Z"}, {"desc": "Callie et Moana, deux bricoleurs amateurs se lancent le d\u00e9fi de construire un fare et entra\u00eenent les t\u00e9l\u00e9spectateurs avec eux.", "start_date": "2026-09-06T17:53:00+00:00", "title": "Mon fare de A \u00e0 Z"}, {"desc": null, "start_date": "2026-09-06T17:57:00+00:00", "title": "Journal week-end"}, {"desc": null, "start_date": "2026-09-06T18:30:00+00:00", "title": "Journal de 19h30 de Nouvelle-Cal\u00e9donie"}, {"desc": null, "start_date": "2026-09-06T18:59:00+00:00", "title": "Journal Wallis-et-Futuna"}, {"desc": null, "start_date": "2026-09-06T19:23:00+00:00", "title": "Journal Polyn\u00e9sie"}, {"desc": "\u00c0 Mouirange, Sylvie Birot fait vivre la porcherie fond\u00e9e par son p\u00e8re, Jean-Claude. Au moment o\u00f9 celui-ci dispara\u00eet, la reprise de l\u00bfexploitation devient un passage de relais d\u00e9finitif. Tandis qu\u00bfun lot doit partir \u00e0 l\u00bfabattoir et que le travail ne peut s\u00bfinterrompre, Sylvie doit tenir ensemble la ferme, sa famille et l\u00bfh\u00e9ritage de son p\u00e8re. Le film raconte une transmission sans grands discours, f", "start_date": "2026-09-06T19:44:00+00:00", "title": "La terre de nos vies"}, {"desc": "Jyel Uthen, la rel\u00e8ve du cricket cal\u00e9donien \u00c0 seulement 19 ans, Jyel Uthen s'impose d\u00e9j\u00e0 comme l'un des jeunes talents les plus prometteurs du cricket en Nouvelle-Cal\u00e9donie. Originaire de la tribu de Mou, il d\u00e9couvre ce sport d\u00e8s l'\u00e2ge de 12 ans, dans une famille o\u00f9 le cricket se transmet de g\u00e9n\u00e9ration en g\u00e9n\u00e9ration. Pour lui, cette discipline est bien plus qu'un jeu : c'est une tradition, un h\u00e9ri", "start_date": "2026-09-06T20:09:00+00:00", "title": "Graine de champion"}, {"desc": null, "start_date": "2026-09-06T20:16:00+00:00", "title": "Courses hippiques"}, {"desc": null, "start_date": "2026-09-06T20:20:00+00:00", "title": "Outremer.l'info"}, {"desc": "Toute l'info pour \u00eatre bien inform\u00e9 d\u00e8s 5h : actualit\u00e9 locale, nationale et internationale, avec des focus sur les sujets qui impactent la Nouvelle-Cal\u00e9donie.", "start_date": "2026-09-06T20:30:00+00:00", "title": "Le grand r\u00e9veil"}, {"desc": "Immersion au coeur de la richesse du patrimoine historique polyn\u00e9sien \u00e0 travers les lieux, les objets ou les monuments embl\u00e9matiques Fenua.", "start_date": "2026-09-06T20:57:00+00:00", "title": "Hiro'a tumu: Patrimoine"}, {"desc": "Magazine sant\u00e9 quotidien pour mieux comprendre, pr\u00e9venir et agir face aux enjeux de sant\u00e9 en Nouvelle-Cal\u00e9donie.", "start_date": "2026-09-06T21:00:00+00:00", "title": "\u00c7a va bien se passer"}, {"desc": null, "start_date": "2026-09-06T21:53:00+00:00", "title": "Velvet, le nouvel empire"}, {"desc": null, "start_date": "2026-09-06T22:21:00+00:00", "title": "Velvet, le nouvel empire"}, {"desc": null, "start_date": "2026-09-06T22:47:00+00:00", "title": "Feti'i family, unis pour gagner !"}, {"desc": null, "start_date": "2026-09-06T23:06:00+00:00", "title": "Casse pas la t\u00eate"}, {"desc": "Le chef Ilyes Bachi nous apprend la recette des cr\u00eapes mille trous et nous d\u00e9voile l'art du th\u00e9 \u00e0 la menthe. Brice Laurent Dubois et ses invit\u00e9s nous font d\u00e9couvrir de d\u00e9licieuses cr\u00eapes au tapioca br\u00e9siliennes et les secrets du th\u00e9 vert.", "start_date": "2026-09-06T23:33:00+00:00", "title": "Chef pays"}, {"desc": null, "start_date": "2026-09-07T00:00:00+00:00", "title": "Ligne directe"}, {"desc": null, "start_date": "2026-09-07T00:48:00+00:00", "title": "Courses hippiques"}, {"desc": "Une personnalit\u00e9 pr\u00e9sente un projet \u00e0 venir ou un \u00e9v\u00e9nement exceptionnel concernant musique, th\u00e9\u00e2tre, cin\u00e9ma, litt\u00e9rature, gastronomie, danse ou sujets de soci\u00e9t\u00e9.", "start_date": "2026-09-07T00:54:00+00:00", "title": "Plein cadre"}, {"desc": null, "start_date": "2026-09-07T01:00:00+00:00", "title": "Le Journal de 12h00"}, {"desc": "Invit\u00e9s :- Katy Hoarau - MEDEF R\u00e9union- Johann Remaud - directeur r\u00e9seau Outre-mer de Business FranceMagazine de d\u00e9cryptage de l'actualit\u00e9 des Outre-mer, C PAS SI LOIN propose, au quotidien, de comprendre les grands enjeux des Outre-mer dans le monde contemporain. Des enjeux sociaux, soci\u00e9taux, environnementaux, climatiques, \u00e9conomiques ou polit...", "start_date": "2026-09-07T01:31:00+00:00", "title": "C pas si loin"}, {"desc": "Trois fr\u00e8res s\u00e9par\u00e9s \u00e0 la mort de leur p\u00e8re et r\u00e9partis entre diff\u00e9rentes familles se retrouvent apr\u00e8s bien des ann\u00e9es et jurent de se venger du responsable de leur malheur.", "start_date": "2026-09-07T01:58:00+00:00", "title": "Coeur guerrier"}, {"desc": "Apr\u00e8s un coup d'\u00e9clat rat\u00e9 sur les r\u00e9seaux sociaux, une influenceuse doit se refaire une r\u00e9putation tout en trouvant sa voie dans l'univers num\u00e9rique impitoyable.", "start_date": "2026-09-07T02:41:00+00:00", "title": "The Influencer"}, {"desc": null, "start_date": "2026-09-07T03:42:00+00:00", "title": "Hollyoaks : l'amour mode d'emploi"}, {"desc": "La prestigieuse famille Rold\u00e1n est surprise par l'arriv\u00e9e d'une inconnue, introduite par Sara, la grand-m\u00e8re de la famille, comme la petite-fille sauv\u00e9e d'un quartier marginal. Luisa Mayorga serait la fille pr\u00e9sum\u00e9e de Sergio, son plus jeune fils, assassin\u00e9 dix ans auparavant dans des circonstances \u00e9tranges qui n'ont pas \u00e9t\u00e9 \u00e9lucid\u00e9es. La jeune femme entre dans cette famille cupide dont la plupart", "start_date": "2026-09-07T04:06:00+00:00", "title": "Le secret des Rold\u00e1n"}, {"desc": "Immersion au coeur de la richesse du patrimoine historique polyn\u00e9sien \u00e0 travers les lieux, les objets ou les monuments embl\u00e9matiques Fenua.", "start_date": "2026-09-07T04:51:00+00:00", "title": "Hiro'a tumu: Patrimoine"}, {"desc": "Alors qu'Elisabeth s'arrange pour \u00e9viter de croiser Fourneau, Boris doit faire un choix douloureux.", "start_date": "2026-09-07T04:54:00+00:00", "title": "Un si grand soleil"}, {"desc": "Deux duos s'affrontent : m\u00e8re et fille, en couple ou meilleur(e)s ami(e)s. Ils doivent endosser le temps d'une semaine le r\u00f4le de relookeurs et de relook\u00e9s.", "start_date": "2026-09-07T05:17:00+00:00", "title": "Un look d'enfer"}, {"desc": null, "start_date": "2026-09-07T05:24:00+00:00", "title": "Tout le monde veut prendre sa place"}, {"desc": null, "start_date": "2026-09-07T06:12:00+00:00", "title": "Velvet, le nouvel empire"}, {"desc": null, "start_date": "2026-09-07T06:40:00+00:00", "title": "Velvet, le nouvel empire"}, {"desc": null, "start_date": "2026-09-07T07:06:00+00:00", "title": "Ligne directe"}, {"desc": "La nouvelle \u00e9mission culturelle qui nous fait d\u00e9couvrir la musique locale.", "start_date": "2026-09-07T07:27:00+00:00", "title": "Ihnim"}, {"desc": null, "start_date": "2026-09-07T07:54:00+00:00", "title": "Casse pas la t\u00eate"}, {"desc": "Une personnalit\u00e9 pr\u00e9sente un projet \u00e0 venir ou un \u00e9v\u00e9nement exceptionnel concernant musique, th\u00e9\u00e2tre, cin\u00e9ma, litt\u00e9rature, gastronomie, danse ou sujets de soci\u00e9t\u00e9.", "start_date": "2026-09-07T08:21:00+00:00", "title": "Plein cadre"}, {"desc": null, "start_date": "2026-09-07T08:27:00+00:00", "title": "M\u00e9t\u00e9o Nouvelle-Cal\u00e9donie"}, {"desc": null, "start_date": "2026-09-07T08:29:00+00:00", "title": "Journal de 19h30 de Nouvelle-Cal\u00e9donie"}, {"desc": null, "start_date": "2026-09-07T08:59:00+00:00", "title": "M\u00e9t\u00e9o Nouvelle-Cal\u00e9donie"}, {"desc": "Alors qu'il circule dans l'Outback australien, un homme est pris en chasse par un camion, qui finit par le percuter. Bless\u00e9, le conducteur de la voiture se r\u00e9veille \u00e0 l'h\u00f4pital, amn\u00e9sique. A sa sortie, l'inconnu tente de retrouver son identit\u00e9 et de reconstituer le puzzle de sa vie avec l'aide d'Helen Chambers, une jeune polici\u00e8re en formation, et de Luci, une serveuse locale. Lorsqu'il s'av\u00e8re qu", "start_date": "2026-09-07T09:04:00+00:00", "title": "The Tourist"}, {"desc": "Alors qu'il circule dans l'Outback australien, un homme est pris en chasse par un camion, qui finit par le percuter. Bless\u00e9, le conducteur de la voiture se r\u00e9veille \u00e0 l'h\u00f4pital, amn\u00e9sique. A sa sortie, l'inconnu tente de retrouver son identit\u00e9 et de reconstituer le puzzle de sa vie avec l'aide d'Helen Chambers, une jeune polici\u00e8re en formation, et de Luci, une serveuse locale. Lorsqu'il s'av\u00e8re qu", "start_date": "2026-09-07T10:04:00+00:00", "title": "The Tourist"}, {"desc": "Laura, pharmacienne et m\u00e8re de famille, a fond\u00e9 une association d'aide aux femmes victimes de violences : Femmes Debout. Lorsqu'elle assiste, impuissante, au meurtre d'une de ses membres, son existence vacille. Profond\u00e9ment traumatis\u00e9e par ce f\u00e9minicide et r\u00e9volt\u00e9e par l'inaction de la police et de la justice, elle d\u00e9cide d'agir pour prot\u00e9ger les femmes qui l'entourent, ignorant les difficult\u00e9s qu", "start_date": "2026-09-07T11:03:00+00:00", "title": "L'affaire Laura Stern"}, {"desc": "Laura, pharmacienne et m\u00e8re de famille, a fond\u00e9 une association d'aide aux femmes victimes de violences : Femmes Debout. Lorsqu'elle assiste, impuissante, au meurtre d'une de ses membres, son existence vacille. Profond\u00e9ment traumatis\u00e9e par ce f\u00e9minicide et r\u00e9volt\u00e9e par l'inaction de la police et de la justice, elle d\u00e9cide d'agir pour prot\u00e9ger les femmes qui l'entourent, ignorant les difficult\u00e9s qu", "start_date": "2026-09-07T11:56:00+00:00", "title": "L'affaire Laura Stern"}, {"desc": null, "start_date": "2026-09-07T13:01:00+00:00", "title": "M\u00e9t\u00e9o Nouvelle-Cal\u00e9donie"}, {"desc": null, "start_date": "2026-09-07T13:06:00+00:00", "title": "Journal 13h00"}, {"desc": "Situ\u00e9 au coeur de l'Occitanie, le Tarn reste un territoire discret, parfois difficile \u00e0 situer sur une carte. Et pourtant, cette terre confidentielle d\u00e9voile une richesse insoup\u00e7onn\u00e9e, port\u00e9e par des paysages d'une grande diversit\u00e9. J\u00e9r\u00f4me Pitorin se prom\u00e8ne \u00e0 Albi, Cordes, Mazamet et sur la rivi\u00e8re Tarn.", "start_date": "2026-09-07T13:44:00+00:00", "title": "Echapp\u00e9es belles"}, {"desc": "Green suit Antoine Auriol , ancien champion du monde de kitesurf, dans un voyage en outre-mer \u00e0 travers la R\u00e9union, le Guyane et Tahiti. Ces lieux extraordinaires o\u00f9 la nature, dans sa force et sa g\u00e9n\u00e9rosit\u00e9, a encore toute sa place, mais o\u00f9 chaque territoire se trouve toutefois confront\u00e9 \u00e0 ses probl\u00e9matiques \u00e9cologiques propres, li\u00e9es \u00e0 la mer, la terre et la for\u00eat.", "start_date": "2026-09-07T15:16:00+00:00", "title": "Green"}, {"desc": "Une jeune femme s'appr\u00eate \u00e0 participer \u00e0 une action de d\u00e9sob\u00e9issance civile visant \u00e0 d\u00e9noncer les investissements d'un groupe p\u00e9trolier dans les \u00e9nergies fossiles. \u00c9tudiante en travail social, elle r\u00eave de devenir \u00e9ducatrice sp\u00e9cialis\u00e9e. Mais son engagement militant entre en conflit avec son parcours professionnel. Tiraill\u00e9e entre sa lutte pour la cause \u00e9cologique et ses \u00e9tudes, jusqu'o\u00f9 est-elle ", "start_date": "2026-09-07T16:09:00+00:00", "title": "Nos r\u00e9bellions"}, {"desc": "Le magazine litt\u00e9raire vous invite de d\u00e9couvrir de nouveaux auteurs de livres d'Outre-mer.", "start_date": "2026-09-07T16:40:00+00:00", "title": "A la 1\u00e8re page"}, {"desc": "Mai 2025, quarante ans apr\u00e8s les \u00e9v\u00e9nements politiques qui ont marqu\u00e9 l'histoire de l'archipel, la Nouvelle-Cal\u00e9donie fait face au d\u00e9clin annonc\u00e9 du secteur minier, \u00e0 une forte d\u00e9pendance aux importations de produits de consommation et \u00e0 l'\u00e9rosion de la fili\u00e8re agronomique. Une nouvelle g\u00e9n\u00e9ration d'acteurs de la terre \u00e9merge pourtant aujourd'hui. \u00c9leveurs, apiculteurs, cultivateurs. Ils parient s", "start_date": "2026-09-07T16:57:00+00:00", "title": "Nouvelle-Cal\u00e9donie, terres d'avenir"}, {"desc": "Callie et Moana, deux bricoleurs amateurs se lancent le d\u00e9fi de construire un fare et entra\u00eenent les t\u00e9l\u00e9spectateurs avec eux.", "start_date": "2026-09-07T17:47:00+00:00", "title": "Mon fare de A \u00e0 Z"}, {"desc": "Callie et Moana, deux bricoleurs amateurs se lancent le d\u00e9fi de construire un fare et entra\u00eenent les t\u00e9l\u00e9spectateurs avec eux.", "start_date": "2026-09-07T17:50:00+00:00", "title": "Mon fare de A \u00e0 Z"}, {"desc": "Callie et Moana, deux bricoleurs amateurs se lancent le d\u00e9fi de construire un fare et entra\u00eenent les t\u00e9l\u00e9spectateurs avec eux.", "start_date": "2026-09-07T17:53:00+00:00", "title": "Mon fare de A \u00e0 Z"}, {"desc": null, "start_date": "2026-09-07T17:57:00+00:00", "title": "Journal 20h00"}, {"desc": null, "start_date": "2026-09-07T18:59:00+00:00", "title": "Journal de 19h30 de Nouvelle-Cal\u00e9donie"}, {"desc": null, "start_date": "2026-09-07T19:27:00+00:00", "title": "Journal Wallis-et-Futuna"}, {"desc": null, "start_date": "2026-09-07T19:42:00+00:00", "title": "Journal Polyn\u00e9sie"}, {"desc": "Magazine quotidien enti\u00e8rement d\u00e9di\u00e9 \u00e0 la Ligue 1 de football, offrant une immersion totale au coeur du championnat de France : r\u00e9sum\u00e9s des matchs, analyses des performances et interviews des acteurs majeurs.", "start_date": "2026-09-07T20:03:00+00:00", "title": "Mag Ligue 1"}, {"desc": "Vingt minutes d'\u00e9clairage quotidien complet sur les Outre-mer.", "start_date": "2026-09-07T20:14:00+00:00", "title": "Outremer l'actu"}, {"desc": "Toute l'info pour \u00eatre bien inform\u00e9 d\u00e8s 5h : actualit\u00e9 locale, nationale et internationale, avec des focus sur les sujets qui impactent la Nouvelle-Cal\u00e9donie.", "start_date": "2026-09-07T20:30:00+00:00", "title": "Le grand r\u00e9veil"}, {"desc": "Immersion au coeur de la richesse du patrimoine historique polyn\u00e9sien \u00e0 travers les lieux, les objets ou les monuments embl\u00e9matiques Fenua.", "start_date": "2026-09-07T20:57:00+00:00", "title": "Hiro'a tumu: Patrimoine"}, {"desc": "Magazine sant\u00e9 quotidien pour mieux comprendre, pr\u00e9venir et agir face aux enjeux de sant\u00e9 en Nouvelle-Cal\u00e9donie.", "start_date": "2026-09-07T21:00:00+00:00", "title": "\u00c7a va bien se passer"}], "offset": "+00:00", "timezone": "UTC", "error_code": -1, "start_date": "2026-09-06", "icon": ""}