{"end_date": "2026-08-29", "name": "R\u00e9union 1\u00e8re", "info_url": "https://epg.pw/channels/516380/20260828.html", "country": "France", "description": null, "error_message": "", "provider": "", "source_url": "https://epg.pw/api/epg.json?channel_id=516380&date=20260828&timezone=None", "epg_list": [{"desc": "Un stage de survie qui se transforme en jeu de massacre, un mariage qui tourne au drame ou une adolescente enlev\u00e9e en pleine s\u00e9ance d'escalade : les enqu\u00eates se suivent mais ne se ressemblent pas pour Alex Hugo. Pour chacune d'entre elles, il va devoir mettre en oeuvre ses ressources physiques aussi bien qu'intellectuelles pour comprendre les motivations des malfaiteurs afin d'intervenir avant qu'", "start_date": "2026-08-28T18:03:00+00:00", "title": "Alex Hugo"}, {"desc": "Conqu\u00e9rir le public, atteindre le haut de l'affiche et y revenir m\u00eame apr\u00e8s de terribles travers\u00e9e du d\u00e9sert, c'est le destin de certains artistes, ph\u00e9nix de la sc\u00e8ne. Charles Aznavour a perc\u00e9 tr\u00e8s tardivement apr\u00e8s des vents contraires. Il n'a jamais l\u00e2ch\u00e9 et a fini par gagner. Fragilis\u00e9 par une extr\u00eame m\u00e9lancolie, le chanteur Renaud a plong\u00e9 \u00e0 plusieurs reprises et s'est relev\u00e9 \u00e0 chaque fois. Al", "start_date": "2026-08-28T19:36:00+00:00", "title": "Archives secr\u00e8tes"}, {"desc": "Chaque semaine dans \"Samedi d'en rire\", Jean-Luc Lemoine plonge dans le patrimoine humoristique et musical des ann\u00e9es 70 \u00e0 nos jours \u00e0 travers images d'archives et chroniques.", "start_date": "2026-08-28T21:33:00+00:00", "title": "Samedi d'en rire"}, {"desc": "Flavie Flament red\u00e9couvre les richesses des territoires de France, et invite leurs habitants \u00e0 rejouer \u00e0 un jeu mythique de la t\u00e9l\u00e9vision : le Schmilblic. L'objectif : deviner un objet ou l'origine d'un son \u00e0 partir d'un indice visuel ou sonore.", "start_date": "2026-08-28T22:27:00+00:00", "title": "Flavie en France"}, {"desc": "Dans les Outre-mer, des personnages en prise \u00e0 des difficult\u00e9s dans leur couple ou dans leur famille tentent de se frayer un chemin vers le bonheur.", "start_date": "2026-08-28T23:02:00+00:00", "title": "L'amour \u00e0 l'\u00e9preuve"}, {"desc": null, "start_date": "2026-08-28T23:09:00+00:00", "title": "Zik en stock"}, {"desc": null, "start_date": "2026-08-28T23:18:00+00:00", "title": "Zik en stock"}, {"desc": "Au programme :- Pourquoi recevoir est essentiel \u00e0 notre sant\u00e9 ?", "start_date": "2026-08-28T23:27:00+00:00", "title": "Bel & Bien ensemble"}, {"desc": "Un talk-show matinal en public \u00e0 la d\u00e9couverte de nouvelles solutions pour apprendre \u00e0 prendre soin de soi et aussi des autres au quotidien.", "start_date": "2026-08-29T00:06:00+00:00", "title": "Bel & Bien ensemble"}, {"desc": null, "start_date": "2026-08-29T00:49:00+00:00", "title": "Journal Mayotte"}, {"desc": null, "start_date": "2026-08-29T01:14:00+00:00", "title": "Le Journal de 19h de La R\u00e9union"}, {"desc": null, "start_date": "2026-08-29T01:46:00+00:00", "title": "Outremer.l'info"}, {"desc": "En provenance d'une \u00eele lointaine, Julia a emm\u00e9nag\u00e9 avec sa maman dans la m\u00eame r\u00e9sidence que Sam. Le souriceau, qui grandit entour\u00e9 d'une grande famille, aide sa petite voisine \u00e0 se familiariser avec sa nouvelle vie. Les aventures rigolotes qu'ils vivent d'un palier \u00e0 l'autre vont permettre \u00e0 Julia de mieux s'int\u00e9grer dans cet environnement diff\u00e9rent qui, jour apr\u00e8s jour, lui devient un peu plus f", "start_date": "2026-08-29T02:00:00+00:00", "title": "Sam et Julia"}, {"desc": "En provenance d'une \u00eele lointaine, Julia a emm\u00e9nag\u00e9 avec sa maman dans la m\u00eame r\u00e9sidence que Sam. Le souriceau, qui grandit entour\u00e9 d'une grande famille, aide sa petite voisine \u00e0 se familiariser avec sa nouvelle vie. Les aventures rigolotes qu'ils vivent d'un palier \u00e0 l'autre vont permettre \u00e0 Julia de mieux s'int\u00e9grer dans cet environnement diff\u00e9rent qui, jour apr\u00e8s jour, lui devient un peu plus f", "start_date": "2026-08-29T02:07:00+00:00", "title": "Sam et Julia"}, {"desc": "En provenance d'une \u00eele lointaine, Julia a emm\u00e9nag\u00e9 avec sa maman dans la m\u00eame r\u00e9sidence que Sam. Le souriceau, qui grandit entour\u00e9 d'une grande famille, aide sa petite voisine \u00e0 se familiariser avec sa nouvelle vie. Les aventures rigolotes qu'ils vivent d'un palier \u00e0 l'autre vont permettre \u00e0 Julia de mieux s'int\u00e9grer dans cet environnement diff\u00e9rent qui, jour apr\u00e8s jour, lui devient un peu plus f", "start_date": "2026-08-29T02:14:00+00:00", "title": "Sam et Julia"}, {"desc": "Pompon, petit ourson, a 6 ans. Il est espi\u00e8gle, gai et joueur mais, surtout, il poss\u00e8de un talent qui fait la joie de sa meilleure amie Rita et de ses parents.", "start_date": "2026-08-29T02:21:00+00:00", "title": "Pompon Ours"}, {"desc": "Pompon, petit ourson, a 6 ans. Il est espi\u00e8gle, gai et joueur mais, surtout, il poss\u00e8de un talent qui fait la joie de sa meilleure amie Rita et de ses parents.", "start_date": "2026-08-29T02:28:00+00:00", "title": "Pompon Ours"}, {"desc": "Au Y\u00e9ti qui lit, Nina et L\u00e9on, deux petites souris, retrouvent Y\u00e9tili la mascotte de la librairie du quartier. Quand celle-ci est ferm\u00e9e, Y\u00e9tili prend vie et\u2026 C'est l'heure de l'histoire\u00a0! Ensemble, ils lisent des livres et voyagent au pays des albums jeunesse!", "start_date": "2026-08-29T02:35:00+00:00", "title": "Y\u00e9tili"}, {"desc": "Au Y\u00e9ti qui lit, Nina et L\u00e9on, deux petites souris, retrouvent Y\u00e9tili la mascotte de la librairie du quartier. Quand celle-ci est ferm\u00e9e, Y\u00e9tili prend vie et\u2026 C'est l'heure de l'histoire\u00a0! Ensemble, ils lisent des livres et voyagent au pays des albums jeunesse!", "start_date": "2026-08-29T02:42:00+00:00", "title": "Y\u00e9tili"}, {"desc": "Vida est une v\u00e9t\u00e9rinaire en herbe qui s'occupe de tous les charmants animaux vivant juste \u00e0 l'ext\u00e9rieur de sa maison, \u00e0 Bois-Joli. D'un renard avec une patte qui d\u00e9mange \u00e0 une tortue avec un mal de ventre ou un tigre avec une dent douloureuse, Vida gu\u00e9rit tout le monde en un rien de temps !", "start_date": "2026-08-29T02:51:00+00:00", "title": "Vida la v\u00e9to"}, {"desc": "Vida est une v\u00e9t\u00e9rinaire en herbe qui s'occupe de tous les charmants animaux vivant juste \u00e0 l'ext\u00e9rieur de sa maison, \u00e0 Bois-Joli. D'un renard avec une patte qui d\u00e9mange \u00e0 une tortue avec un mal de ventre ou un tigre avec une dent douloureuse, Vida gu\u00e9rit tout le monde en un rien de temps !", "start_date": "2026-08-29T03:02:00+00:00", "title": "Vida la v\u00e9to"}, {"desc": "Jean-Michel, le super caribou des bois super \u00e9motif, veille sur les habitants du petit village de Vlalbonvent comme Superman sur M\u00e9tropolis.", "start_date": "2026-08-29T03:14:00+00:00", "title": "Jean-Michel, Super Caribou"}, {"desc": "Jean-Michel, le super caribou des bois super \u00e9motif, veille sur les habitants du petit village de Vlalbonvent comme Superman sur M\u00e9tropolis.", "start_date": "2026-08-29T03:25:00+00:00", "title": "Jean-Michel, Super Caribou"}, {"desc": "Louis et Abacus veulent faire une partie de leur jeu pr\u00e9f\u00e9r\u00e9 mais ils ne trouvent pas de place confortable, calme et tranquille, malgr\u00e9 avoir tout essay\u00e9.", "start_date": "2026-08-29T03:36:00+00:00", "title": "Bienvenue chez les Mouche"}, {"desc": "Louis et Abacus veulent faire une partie de leur jeu pr\u00e9f\u00e9r\u00e9 mais ils ne trouvent pas de place confortable, calme et tranquille, malgr\u00e9 avoir tout essay\u00e9.", "start_date": "2026-08-29T03:47:00+00:00", "title": "Bienvenue chez les Mouche"}, {"desc": "Audrey, 7 ans, partage son quotidien avec toutes sortes d'animaux. La fillette est d\u00e9termin\u00e9e \u00e0 prouver qu'humains et animaux peuvent vivre en harmonie, \u00e0 condition de faire preuve de tendresse et d'empathie.", "start_date": "2026-08-29T03:58:00+00:00", "title": "Le refuge d'Audrey"}, {"desc": "Audrey, 7 ans, partage son quotidien avec toutes sortes d'animaux. La fillette est d\u00e9termin\u00e9e \u00e0 prouver qu'humains et animaux peuvent vivre en harmonie, \u00e0 condition de faire preuve de tendresse et d'empathie.", "start_date": "2026-08-29T04:09:00+00:00", "title": "Le refuge d'Audrey"}, {"desc": "Six mois apr\u00e8s avoir d\u00e9couvert la premi\u00e8re cit\u00e9 d'or, et de retour \u00e0 Barcelone, Esteban, Zia et Tao sont \u00e0 la recherche des 6 cit\u00e9s manquantes. \u00c0 bord de leur grand condor, ils s'embarquent \u00e0 destination de l'Asie, plus particuli\u00e8rement vers la Chine et le Tibet.", "start_date": "2026-08-29T04:20:00+00:00", "title": "Les myst\u00e9rieuses cit\u00e9s d'or"}, {"desc": "Les Nekton sont une famille d'aventuriers qui vivent au sein de l'Aronnax, une base sous-marine \u00e0 la pointe de la technologie. Ils explorent les fonds des mers et des oc\u00e9ans, \u00e0 la recherche des myst\u00e8res qui s'y cachent. Des v\u00e9hicules amphibies et des outils dernier cri leur permettent de mener \u00e0 bien leurs missions qui les am\u00e8nent parfois \u00e0 rencontrer des cr\u00e9atures surprenantes. Une s\u00e9rie d'animat", "start_date": "2026-08-29T04:44:00+00:00", "title": "Sous les mers"}, {"desc": null, "start_date": "2026-08-29T05:06:00+00:00", "title": "Scooby-Doo : mission environnement"}, {"desc": "Une ann\u00e9e a pass\u00e9. De retour \u00e0 la colo, les adolescents occupent d\u00e9sormais des places diff\u00e9rentes. Ceux qui d\u00e9couvraient le myst\u00e8re du totem l'\u00e9t\u00e9 dernier en sont d\u00e9sormais les gardiens. Il leur faut maintenir la l\u00e9gende vivante aupr\u00e8s des plus jeunes, ce qui demande organisation, discr\u00e9tion et quelques arrangements. Un nouveau myst\u00e8re va bouleverser l'\u00e9t\u00e9. En trouvant une capsule temporelle oubli", "start_date": "2026-08-29T05:20:00+00:00", "title": "La Colo"}, {"desc": "Ti baba revient pour informer et conseiller les jeunes et futurs parents : de la grossesse au nouveau-n\u00e9, de la maternit\u00e9 \u00e0 ses premiers pas et au-del\u00e0.", "start_date": "2026-08-29T05:46:00+00:00", "title": "Ti Baba"}, {"desc": "\"Rencontre : La famille Lewis\". Depuis trente ans, les Lewis ont quitt\u00e9 le Pays de Galles pour inventer une vie autonome autour du potager. - \"D\u00e9couverte : L'art et l'\u00e9cologie\". Lart peut-il \u00e9veiller les consciences face aux enjeux \u00e9cologiques ? - \"Visite de jardin : Le jardin de Maizicourt\". Autour d'un ch\u00e2teau du XVIIIe si\u00e8cle, Catherine Gu\u00e9venoux cultive avec passion un jardin unique, quelle a ", "start_date": "2026-08-29T05:55:00+00:00", "title": "Silence, \u00e7a pousse !"}, {"desc": "Pour les amoureux des paysages grandioses, les passionn\u00e9s d'histoire et de vieilles pierres ou les gourmands \u00e0 la recherche de produits authentiques, cette 11e saison continue son exploration du patrimoine fran\u00e7ais. Ces voyages, con\u00e7us comme de v\u00e9ritables cartes postales vivantes, m\u00e9ritent le d\u00e9tour. Ils sont charg\u00e9s de petites et grandes histoires et se font en compagnie d'enfants du pays passion", "start_date": "2026-08-29T06:47:00+00:00", "title": "Les 100 lieux qu'il faut voir"}, {"desc": "\"Les 100 lieux qu'il faut voir\" propose des balades inoubliables en compagnie d'authentiques enfants du pays. Du plus merveilleux au plus secret, ce qu'il faut voir absolument une fois dans sa vie.", "start_date": "2026-08-29T07:14:00+00:00", "title": "Les 100 lieux qu'il faut voir"}, {"desc": "Deux duos s'affrontent : m\u00e8re et fille, en couple ou meilleur(e)s ami(e)s. Ils doivent endosser le temps d'une semaine le r\u00f4le de relookeurs et de relook\u00e9s.", "start_date": "2026-08-29T07:43:00+00:00", "title": "Un look d'enfer"}, {"desc": "L'\u00e9mission hebdomadaire propose un p\u00e9riple \u00e0 la crois\u00e9e du terroir R\u00e9unionnais et de toutes ces \u00e2mes qui, avec fiert\u00e9, les pr\u00e9servent et les font vivre. Une pinc\u00e9e de comp\u00e9tences, quelques grammes de tradition, des d'astuces et des conseils. L'\u00e9mission raconte l'histoire de produits souvent oubli\u00e9s, tels que le songe, la patate, le manioc, mais aussi celle de ces hommes qui font perdurer les tradi", "start_date": "2026-08-29T08:11:00+00:00", "title": "Epicurien \u00e0 table"}, {"desc": null, "start_date": "2026-08-29T08:29:00+00:00", "title": "Le Journal de 12h30 de La R\u00e9union"}, {"desc": null, "start_date": "2026-08-29T09:07:00+00:00", "title": "M\u00e9t\u00e9o Midi - R\u00e9union"}, {"desc": "Un rendez-vous qui met \u00e0 l'honneur des sujets en lien avec la sant\u00e9 sur l'\u00eele de la R\u00e9union : pr\u00e9vention, social, environnement ou encore enjeux de sant\u00e9 publique.", "start_date": "2026-08-29T09:11:00+00:00", "title": "Vital"}, {"desc": "Des histoires de vie, des histoires de sant\u00e9, des histoires qui vous permettront de mieux comprendre les maux de notre si\u00e8cle.", "start_date": "2026-08-29T09:19:00+00:00", "title": "Histoires 2 m\u00e9decins"}, {"desc": "\" Archipels \" dresse le portrait des Outre-mer, en particulier de l'Oc\u00e9an Indien. Des histoires de femmes et d'hommes qui racontent les soci\u00e9t\u00e9s d'hier et d'aujourd'hui : fi\u00e8res, m\u00e9tiss\u00e9es et confront\u00e9es aux enjeux des grandes nations, tout en pratiquant au quotidien le m\u00e9lange des cultures et des religions.", "start_date": "2026-08-29T09:28:00+00:00", "title": "Archipels R\u00e9union"}, {"desc": "\u00c0 l'heure de la musique assist\u00e9e par ordinateur, \u00e0 l'heure de l'individualisme, \u00e0 l'heure de l'omnipr\u00e9sence de l'IA dans la faune musicale, un village r\u00e9siste \u00e0 Babylone en maintenant un sch\u00e9ma cr\u00e9atif traditionnel. Quel est son secret ? Pourquoi le village est le lieu de rencontre des artistes locaux, nationaux et internationaux ? Le film suit, entre autres, la pr\u00e9paration collective de la f\u00eate d", "start_date": "2026-08-29T09:30:00+00:00", "title": "Vilaz"}, {"desc": "\" Archipels \" dresse le portrait des Outre-mer, en particulier de l'Oc\u00e9an Indien. Des histoires de femmes et d'hommes qui racontent les soci\u00e9t\u00e9s d'hier et d'aujourd'hui : fi\u00e8res, m\u00e9tiss\u00e9es et confront\u00e9es aux enjeux des grandes nations, tout en pratiquant au quotidien le m\u00e9lange des cultures et des religions.", "start_date": "2026-08-29T10:36:00+00:00", "title": "Archipels R\u00e9union"}, {"desc": "Anna Lidman, 35 ans, capitaine de gendarmerie, c\u00e9libataire, se retrouve devant une affaire complexe : Myl\u00e8ne Kalbat, 60 ans, une pianiste concertiste de renomm\u00e9e internationale, est retrouv\u00e9e morte dans sa maison de campagne, \u00e9touff\u00e9e dans son sommeil. La m\u00e8re d'Anna, Catherine, 58 ans, journaliste, vient de d\u00e9barquer de Paris pour un mois de vacances, et s'impose sur l'enqu\u00eate pour faire un artic", "start_date": "2026-08-29T10:40:00+00:00", "title": "Les myst\u00e8res du Clos des Lilas"}, {"desc": "A Paris, en 2005, Johanna, Amandine et Vivian, qui travaillent tous les trois dans le milieu de la restauration, veulent vivre de leur passion pour la gastronomie. Pourtant, force est de constater qu'ils ne se reconnaissent ni dans les pratiques archa\u00efques qui ont toujours cours dans les cuisines d'un restaurant \u00e9toil\u00e9 ni dans les compromissions d'un grand guide. Le trio r\u00eave d'ouvrir un restauran", "start_date": "2026-08-29T12:14:00+00:00", "title": "Bistronomia"}, {"desc": "Constance Meyer poursuit son stage avec le juge d'instruction Boris Delcourt. Les affaires qu'ils sont amen\u00e9s \u00e0 suivre sont vari\u00e9es : disparition d'une fillette et de la m\u00e8re de sa famille d'accueil, mort myst\u00e9rieuse d'un m\u00e9decin, adolescente d\u00e9c\u00e9d\u00e9e dans un internat ou encore un homme qui s'accuse d'un meurtre qu'il n'a pas pu commettre. Par ailleurs, le procureur Quiring d\u00e9couvre une paternit\u00e9 q", "start_date": "2026-08-29T12:43:00+00:00", "title": "La stagiaire"}, {"desc": "Constance Meyer poursuit son stage avec le juge d'instruction Boris Delcourt. Les affaires qu'ils sont amen\u00e9s \u00e0 suivre sont vari\u00e9es : disparition d'une fillette et de la m\u00e8re de sa famille d'accueil, mort myst\u00e9rieuse d'un m\u00e9decin, adolescente d\u00e9c\u00e9d\u00e9e dans un internat ou encore un homme qui s'accuse d'un meurtre qu'il n'a pas pu commettre. Par ailleurs, le procureur Quiring d\u00e9couvre une paternit\u00e9 q", "start_date": "2026-08-29T13:30:00+00:00", "title": "La stagiaire"}, {"desc": "Chaque semaine, l'essai d'un nouveau v\u00e9hicule permet \u00e0 une personnalit\u00e9 du 974 de le tester dans les conditions r\u00e9elles d'utilisation, et de donner son avis.", "start_date": "2026-08-29T14:20:00+00:00", "title": "Code phare"}, {"desc": null, "start_date": "2026-08-29T14:35:00+00:00", "title": "Nout Terre, Nout Ker"}, {"desc": null, "start_date": "2026-08-29T14:54:00+00:00", "title": "M\u00e9t\u00e9o \u2013 R\u00e9union soir"}, {"desc": null, "start_date": "2026-08-29T14:59:00+00:00", "title": "Le Journal de 19h de La R\u00e9union"}, {"desc": null, "start_date": "2026-08-29T15:32:00+00:00", "title": "M\u00e9t\u00e9o \u2013 R\u00e9union soir"}, {"desc": "Une \u00e9mission musicale 100 % live qui met en lumi\u00e8re les talents musicaux de La R\u00e9union et d'ailleurs lors d'une performance authentique et vibrante.", "start_date": "2026-08-29T15:35:00+00:00", "title": "Z\u00e9twal"}, {"desc": "\u00c9lev\u00e9e par sa grand-m\u00e8re depuis l'\u00e2ge de quatre ans \u00e0 Petr\u00f3polis, Beatriz d\u00e9cide de se rendre \u00e0 Rio de Janeiro lorsqu'elle tombe sur une photo de sa m\u00e8re disparue, Clarice, dans un magazine.", "start_date": "2026-08-29T16:05:00+00:00", "title": "L'\u00e9toile du jour"}, {"desc": "Au cours de d\u00e9fis cr\u00e9atifs, dix nouvelles queens s'affrontent lors de cette 3e saison de Drag Race France toujours pr\u00e9sent\u00e9e par Nicky Doll, Kiddy Smile et Daphn\u00e9 B\u00fcrki.", "start_date": "2026-08-29T17:31:00+00:00", "title": "Drag Race France : une seule sera la reine"}, {"desc": "Oxmo Puccino, le po\u00e8te du rap fran\u00e7ais, te donne rendez-vous pour un concert exceptionnel \u00e0 l'adidas arena ! Pr\u00e9pare-toi \u00e0 vibrer au rythme de ses classiques et de ses textes l\u00e9gendaires dans le meilleur spot de Paris. Une soir\u00e9e inoubliable en perspective, \u00e0 ne pas manquer !", "start_date": "2026-08-29T18:33:00+00:00", "title": "Oxmo puccino en concert \u00e0 l'adidas arena"}, {"desc": "Un concours de beaut\u00e9 au masculin qui ambitionne de donner une vision nouvelle de l'homme guadeloup\u00e9en en se d\u00e9marquant des usages habituels.", "start_date": "2026-08-29T20:27:00+00:00", "title": "Mister Guadeloupe"}, {"desc": "Le temps d'un week-end de confidences et de partage, Fr\u00e9d\u00e9ric Lopez re\u00e7oit la com\u00e9dienne Natacha Lindinger, Lo\u00efck Peyron, l\u00e9gende de la voile, et l'humoriste Thomas Angelvy.", "start_date": "2026-08-29T20:29:00+00:00", "title": "Un dimanche \u00e0 la campagne"}, {"desc": "Mervin Wilson, nouvel inspecteur int\u00e9rimaire de la police de Sainte-Marie, n'a qu'une id\u00e9e en t\u00eate : fuir la chaleur tropicale de l'\u00eele et retrouver enfin Londres et sa vie tr\u00e9pidante, faite de soir\u00e9es au pub et de matchs de foot endiabl\u00e9s. Malheureusement pour lui, les meurtres s'encha\u00eenent, lui donnant l'impression que les \u00e9v\u00e9nements se liguent contre lui pour l'emp\u00eacher de partir. Apr\u00e8s sa prem", "start_date": "2026-08-29T22:17:00+00:00", "title": "Meurtres au paradis"}, {"desc": null, "start_date": "2026-08-29T23:20:00+00:00", "title": "Zik en stock"}, {"desc": null, "start_date": "2026-08-29T23:21:00+00:00", "title": "Zik en stock"}, {"desc": "Originaire de Futuna, en plein c\u0153ur du Pacifique, Manae Feleu, future m\u00e9decin, co-capitaine de l'\u00e9quipe de France f\u00e9minine de rugby, incarne, \u00e0 25 ans, une jeunesse ultramarine partag\u00e9e entre enracinement et exil, tradition et modernit\u00e9, maillot bleu et blouse blanche. Port\u00e9e par son double engagement, Manae dessine le parcours d'une femme d'exception, symbole des enjeux identitaires, sociaux et e", "start_date": "2026-08-29T23:36:00+00:00", "title": "Manae Feleu, Captain Futuna"}], "offset": "+00:00", "timezone": "UTC", "error_code": -1, "start_date": "2026-08-28", "icon": ""}