{"end_date": "2026-08-31", "name": "R\u00e9union 1\u00e8re", "info_url": "https://epg.pw/channels/516380/20260830.html", "country": "France", "description": null, "error_message": "", "provider": "", "source_url": "https://epg.pw/api/epg.json?channel_id=516380&date=20260830&timezone=None", "epg_list": [{"desc": "M\u00ealant immersion, confidences et regards crois\u00e9s, une mise en avant d'une parole f\u00e9minine rare sur le monde maritime qui r\u00e9v\u00e8le des parcours inspirants, bien ancr\u00e9s dans leur territoire.", "start_date": "2026-08-30T00:29:00+00:00", "title": "A la vie comme \u00e0 la mer"}, {"desc": null, "start_date": "2026-08-30T00:57:00+00:00", "title": "Journal Mayotte"}, {"desc": null, "start_date": "2026-08-30T01:14:00+00:00", "title": "Le Journal de 19h de La R\u00e9union"}, {"desc": null, "start_date": "2026-08-30T01:46:00+00:00", "title": "Outremer.l'info"}, {"desc": "En provenance d'une \u00eele lointaine, Julia a emm\u00e9nag\u00e9 avec sa maman dans la m\u00eame r\u00e9sidence que Sam. Le souriceau, qui grandit entour\u00e9 d'une grande famille, aide sa petite voisine \u00e0 se familiariser avec sa nouvelle vie. Les aventures rigolotes qu'ils vivent d'un palier \u00e0 l'autre vont permettre \u00e0 Julia de mieux s'int\u00e9grer dans cet environnement diff\u00e9rent qui, jour apr\u00e8s jour, lui devient un peu plus f", "start_date": "2026-08-30T02:00:00+00:00", "title": "Sam et Julia"}, {"desc": "En provenance d'une \u00eele lointaine, Julia a emm\u00e9nag\u00e9 avec sa maman dans la m\u00eame r\u00e9sidence que Sam. Le souriceau, qui grandit entour\u00e9 d'une grande famille, aide sa petite voisine \u00e0 se familiariser avec sa nouvelle vie. Les aventures rigolotes qu'ils vivent d'un palier \u00e0 l'autre vont permettre \u00e0 Julia de mieux s'int\u00e9grer dans cet environnement diff\u00e9rent qui, jour apr\u00e8s jour, lui devient un peu plus f", "start_date": "2026-08-30T02:07:00+00:00", "title": "Sam et Julia"}, {"desc": "En provenance d'une \u00eele lointaine, Julia a emm\u00e9nag\u00e9 avec sa maman dans la m\u00eame r\u00e9sidence que Sam. Le souriceau, qui grandit entour\u00e9 d'une grande famille, aide sa petite voisine \u00e0 se familiariser avec sa nouvelle vie. Les aventures rigolotes qu'ils vivent d'un palier \u00e0 l'autre vont permettre \u00e0 Julia de mieux s'int\u00e9grer dans cet environnement diff\u00e9rent qui, jour apr\u00e8s jour, lui devient un peu plus f", "start_date": "2026-08-30T02:14:00+00:00", "title": "Sam et Julia"}, {"desc": "Pompon, petit ourson, a 6 ans. Il est espi\u00e8gle, gai et joueur mais, surtout, il poss\u00e8de un talent qui fait la joie de sa meilleure amie Rita et de ses parents.", "start_date": "2026-08-30T02:21:00+00:00", "title": "Pompon Ours"}, {"desc": "Pompon, petit ourson, a 6 ans. Il est espi\u00e8gle, gai et joueur mais, surtout, il poss\u00e8de un talent qui fait la joie de sa meilleure amie Rita et de ses parents.", "start_date": "2026-08-30T02:28:00+00:00", "title": "Pompon Ours"}, {"desc": "Au Y\u00e9ti qui lit, Nina et L\u00e9on, deux petites souris, retrouvent Y\u00e9tili la mascotte de la librairie du quartier. Quand celle-ci est ferm\u00e9e, Y\u00e9tili prend vie et\u2026 C'est l'heure de l'histoire\u00a0! Ensemble, ils lisent des livres et voyagent au pays des albums jeunesse!", "start_date": "2026-08-30T02:35:00+00:00", "title": "Y\u00e9tili"}, {"desc": "Au Y\u00e9ti qui lit, Nina et L\u00e9on, deux petites souris, retrouvent Y\u00e9tili la mascotte de la librairie du quartier. Quand celle-ci est ferm\u00e9e, Y\u00e9tili prend vie et\u2026 C'est l'heure de l'histoire\u00a0! Ensemble, ils lisent des livres et voyagent au pays des albums jeunesse!", "start_date": "2026-08-30T02:42:00+00:00", "title": "Y\u00e9tili"}, {"desc": "Vida est une v\u00e9t\u00e9rinaire en herbe qui s'occupe de tous les charmants animaux vivant juste \u00e0 l'ext\u00e9rieur de sa maison, \u00e0 Bois-Joli. D'un renard avec une patte qui d\u00e9mange \u00e0 une tortue avec un mal de ventre ou un tigre avec une dent douloureuse, Vida gu\u00e9rit tout le monde en un rien de temps !", "start_date": "2026-08-30T02:51:00+00:00", "title": "Vida la v\u00e9to"}, {"desc": "Vida est une v\u00e9t\u00e9rinaire en herbe qui s'occupe de tous les charmants animaux vivant juste \u00e0 l'ext\u00e9rieur de sa maison, \u00e0 Bois-Joli. D'un renard avec une patte qui d\u00e9mange \u00e0 une tortue avec un mal de ventre ou un tigre avec une dent douloureuse, Vida gu\u00e9rit tout le monde en un rien de temps !", "start_date": "2026-08-30T03:02:00+00:00", "title": "Vida la v\u00e9to"}, {"desc": "Jean-Michel, le super caribou des bois super \u00e9motif, veille sur les habitants du petit village de Vlalbonvent comme Superman sur M\u00e9tropolis.", "start_date": "2026-08-30T03:14:00+00:00", "title": "Jean-Michel, Super Caribou"}, {"desc": "Jean-Michel, le super caribou des bois super \u00e9motif, veille sur les habitants du petit village de Vlalbonvent comme Superman sur M\u00e9tropolis.", "start_date": "2026-08-30T03:25:00+00:00", "title": "Jean-Michel, Super Caribou"}, {"desc": "Louis et Abacus veulent faire une partie de leur jeu pr\u00e9f\u00e9r\u00e9 mais ils ne trouvent pas de place confortable, calme et tranquille, malgr\u00e9 avoir tout essay\u00e9.", "start_date": "2026-08-30T03:36:00+00:00", "title": "Bienvenue chez les Mouche"}, {"desc": "Louis et Abacus veulent faire une partie de leur jeu pr\u00e9f\u00e9r\u00e9 mais ils ne trouvent pas de place confortable, calme et tranquille, malgr\u00e9 avoir tout essay\u00e9.", "start_date": "2026-08-30T03:47:00+00:00", "title": "Bienvenue chez les Mouche"}, {"desc": "Audrey, 7 ans, partage son quotidien avec toutes sortes d'animaux. La fillette est d\u00e9termin\u00e9e \u00e0 prouver qu'humains et animaux peuvent vivre en harmonie, \u00e0 condition de faire preuve de tendresse et d'empathie.", "start_date": "2026-08-30T03:58:00+00:00", "title": "Le refuge d'Audrey"}, {"desc": "Audrey, 7 ans, partage son quotidien avec toutes sortes d'animaux. La fillette est d\u00e9termin\u00e9e \u00e0 prouver qu'humains et animaux peuvent vivre en harmonie, \u00e0 condition de faire preuve de tendresse et d'empathie.", "start_date": "2026-08-30T04:09:00+00:00", "title": "Le refuge d'Audrey"}, {"desc": "Six mois apr\u00e8s avoir d\u00e9couvert la premi\u00e8re cit\u00e9 d'or, et de retour \u00e0 Barcelone, Esteban, Zia et Tao sont \u00e0 la recherche des 6 cit\u00e9s manquantes. \u00c0 bord de leur grand condor, ils s'embarquent \u00e0 destination de l'Asie, plus particuli\u00e8rement vers la Chine et le Tibet.", "start_date": "2026-08-30T04:20:00+00:00", "title": "Les myst\u00e9rieuses cit\u00e9s d'or"}, {"desc": "Th\u00e9o Curin re\u00e7oit Gustave, 8 ans, qui trouve qu'il n'a pas une vraie famille, ils seront rejoints par le sp\u00e9cialiste Fabien Richard.", "start_date": "2026-08-30T04:45:00+00:00", "title": "T'es au top"}, {"desc": null, "start_date": "2026-08-30T05:00:00+00:00", "title": "Tous Fr\u00e8res"}, {"desc": null, "start_date": "2026-08-30T05:31:00+00:00", "title": "Le jour du Seigneur"}, {"desc": "Un homme retrouv\u00e9 mort empoisonn\u00e9 \u00e0 la strychnine pr\u00e8s d'une plage, une femme poignard\u00e9e chez elle, alors que son ancien amant vient juste de sortir de prison, un cadavre qui dispara\u00eet, un chauffeur de bus dans une mise en sc\u00e8ne macabre : Candice Renoir est confront\u00e9e \u00e0 une succession d'affaires qui lui laissent \u00e0 peine le temps de s'occuper de sa vie priv\u00e9e, alors que celle-ci r\u00e9clame toute son a", "start_date": "2026-08-30T06:00:00+00:00", "title": "Candice Renoir"}, {"desc": "Un homme retrouv\u00e9 mort empoisonn\u00e9 \u00e0 la strychnine pr\u00e8s d'une plage, une femme poignard\u00e9e chez elle, alors que son ancien amant vient juste de sortir de prison, un cadavre qui dispara\u00eet, un chauffeur de bus dans une mise en sc\u00e8ne macabre : Candice Renoir est confront\u00e9e \u00e0 une succession d'affaires qui lui laissent \u00e0 peine le temps de s'occuper de sa vie priv\u00e9e, alors que celle-ci r\u00e9clame toute son a", "start_date": "2026-08-30T06:50:00+00:00", "title": "Candice Renoir"}, {"desc": "Chaque semaine, l'essai d'un nouveau v\u00e9hicule permet \u00e0 une personnalit\u00e9 du 974 de le tester dans les conditions r\u00e9elles d'utilisation, et de donner son avis.", "start_date": "2026-08-30T07:45:00+00:00", "title": "Code phare"}, {"desc": "\"Chers amis bonjour !\" : c'est la phrase qu'il prononce chaque jour lors du \"Jeu des 1000 euros\". Nicolas Stoufflet esp\u00e8re faire un super banco en cuisine aujourd'hui avec Brice Laurent Dubois. Ils s'att\u00e8lent \u00e0 confectionner une tarte antillaise \u00e0 la cr\u00e8me de patate douce et \u00e0 la chiquetaille de morue. Nini Pomp\u00e9i, danseuse au Crazy Horse, les accompagnera lors de ce repas.", "start_date": "2026-08-30T08:00:00+00:00", "title": "Outremer.gourmand"}, {"desc": null, "start_date": "2026-08-30T08:29:00+00:00", "title": "Le Journal de 12h30 de La R\u00e9union"}, {"desc": null, "start_date": "2026-08-30T08:56:00+00:00", "title": "M\u00e9t\u00e9o Midi - R\u00e9union"}, {"desc": "Gros plan sur les probl\u00e9matiques auxquelles sont confront\u00e9s les territoires d'Outre-mer avant de proposer des solutions et des actions concr\u00e8tes pour y rem\u00e9dier.", "start_date": "2026-08-30T09:01:00+00:00", "title": "Loca'Terre"}, {"desc": null, "start_date": "2026-08-30T09:10:00+00:00", "title": "Ardennes"}, {"desc": null, "start_date": "2026-08-30T10:42:00+00:00", "title": "Escales en France"}, {"desc": "Winnifred est atteinte de tuberculose. Le m\u00e9decin annonce \u00e0 sa jeune s\u0153ur, Trixie, que Winnifred mourra lorsque la derni\u00e8re feuille de l'automne tombera.", "start_date": "2026-08-30T11:19:00+00:00", "title": "Falling leaves"}, {"desc": null, "start_date": "2026-08-30T11:33:00+00:00", "title": "Windeck : les origines de l'ambition"}, {"desc": null, "start_date": "2026-08-30T12:13:00+00:00", "title": "Windeck : les origines de l'ambition"}, {"desc": null, "start_date": "2026-08-30T12:52:00+00:00", "title": "Windeck : les origines de l'ambition"}, {"desc": null, "start_date": "2026-08-30T13:33:00+00:00", "title": "Windeck : les origines de l'ambition"}, {"desc": "L'\u00e9mission hebdomadaire propose un p\u00e9riple \u00e0 la crois\u00e9e du terroir R\u00e9unionnais et de toutes ces \u00e2mes qui, avec fiert\u00e9, les pr\u00e9servent et les font vivre. Une pinc\u00e9e de comp\u00e9tences, quelques grammes de tradition, des d'astuces et des conseils. L'\u00e9mission raconte l'histoire de produits souvent oubli\u00e9s, tels que le songe, la patate, le manioc, mais aussi celle de ces hommes qui font perdurer les tradi", "start_date": "2026-08-30T14:12:00+00:00", "title": "Epicurien \u00e0 table"}, {"desc": "Des responsables politiques et personnalit\u00e9s publiques d\u00e9battent des sujets majeurs qui concernent les R\u00e9unionnais, qu'ils soient locaux, nationaux ou internationaux.", "start_date": "2026-08-30T14:30:00+00:00", "title": "Dimanche politique"}, {"desc": null, "start_date": "2026-08-30T14:54:00+00:00", "title": "M\u00e9t\u00e9o \u2013 R\u00e9union soir"}, {"desc": null, "start_date": "2026-08-30T14:59:00+00:00", "title": "Le Journal de 19h de La R\u00e9union"}, {"desc": "L'\u00e9mission pr\u00e9sente des enfants et des adolescents qui pratiquent un sport particulier. On suit leurs entra\u00eenements quotidiens, leurs d\u00e9fis et r\u00e9sultats.", "start_date": "2026-08-30T15:37:00+00:00", "title": "Champions la kour"}, {"desc": null, "start_date": "2026-08-30T15:52:00+00:00", "title": "M\u00e9t\u00e9o \u2013 R\u00e9union soir"}, {"desc": "Joe Baylor est un officier de police qui travaille actuellement comme op\u00e9rateur dans un centre d'appel du 911 \u00e0 Los Angeles. Il re\u00e7oit chaque jour un grand nombre d'appels, mais son attention est surtout occup\u00e9e par l'appel d'une femme qui semble avoir \u00e9t\u00e9 kidnapp\u00e9e. Avec presque aucun indice, aucune adresse, aucun d\u00e9tail, et juste avec l'aide d'un appel t\u00e9l\u00e9phonique, Joe doit tout essayer pour sa", "start_date": "2026-08-30T15:55:00+00:00", "title": "The Guilty"}, {"desc": "Mervin Wilson, nouvel inspecteur int\u00e9rimaire de la police de Sainte-Marie, n'a qu'une id\u00e9e en t\u00eate : fuir la chaleur tropicale de l'\u00eele et retrouver enfin Londres et sa vie tr\u00e9pidante, faite de soir\u00e9es au pub et de matchs de foot endiabl\u00e9s. Malheureusement pour lui, les meurtres s'encha\u00eenent, lui donnant l'impression que les \u00e9v\u00e9nements se liguent contre lui pour l'emp\u00eacher de partir. Apr\u00e8s sa prem", "start_date": "2026-08-30T17:26:00+00:00", "title": "Meurtres au paradis"}, {"desc": "Derri\u00e8re la r\u00e9volution technologique de l'IA g\u00e9n\u00e9rative se cache une guerre entre deux empires, les Etats-Unis et la Chine. L'issue de cette bataille d'algorithmes, de puces et de data centers d\u00e9cidera qui contr\u00f4lera l'infrastructure de l'intelligence et, avec elle, la hi\u00e9rarchie du monde.", "start_date": "2026-08-30T18:26:00+00:00", "title": "C dans l'air"}, {"desc": "Cette enqu\u00eate scientifique et arch\u00e9ologique propose un surprenant voyage dans le pass\u00e9 \u00e0 la recherche des premiers musiciens de l'Histoire. Bien avant d'\u00eatre un art et un divertissement, la musique fut une arme, l'alli\u00e9e de la guerre et du pouvoir mais aussi un langage sacr\u00e9 pour parler aux dieux et certainement, \u00e0 l'aube de l'humanit\u00e9, la bande sonore de rites ancestraux. En redonnant vie \u00e0 des i", "start_date": "2026-08-30T19:58:00+00:00", "title": "Premi\u00e8res notes"}, {"desc": "SYFY Apr\u00e8s la derni\u00e8re r\u00e9v\u00e9lation sur Rittenhouse et les complications qui en d\u00e9coulent, le trio repart pour de nouvelles aventures spatio-temporelles.", "start_date": "2026-08-30T21:28:00+00:00", "title": "Timeless"}, {"desc": "SYFY Apr\u00e8s la derni\u00e8re r\u00e9v\u00e9lation sur Rittenhouse et les complications qui en d\u00e9coulent, le trio repart pour de nouvelles aventures spatio-temporelles.", "start_date": "2026-08-30T22:09:00+00:00", "title": "Timeless"}, {"desc": null, "start_date": "2026-08-30T22:51:00+00:00", "title": "Outremer.l'info"}, {"desc": "Dans les Outre-mer, des personnages en prise \u00e0 des difficult\u00e9s dans leur couple ou dans leur famille tentent de se frayer un chemin vers le bonheur.", "start_date": "2026-08-30T23:07:00+00:00", "title": "L'amour \u00e0 l'\u00e9preuve"}, {"desc": "Gr\u00e2ce au t\u00e9moignage d'Angela Davis, entre archives et r\u00e9cits personnels, retour sur une rencontre d\u00e9cisive et l'histoire de Gerty Archim\u00e8de, grande figure des luttes f\u00e9ministes et antiracistes. Un documentaire qui \u00e9claire le pr\u00e9sent et rappelle que certaines voix, m\u00eame bri\u00e8vement crois\u00e9es, ont le pouvoir de changer le cours d'une vie et parfois de l'Histoire.", "start_date": "2026-08-30T23:33:00+00:00", "title": "Les destins crois\u00e9s de Gerty Archim\u00e8de et Ang\u00e9la Davis"}, {"desc": null, "start_date": "2026-08-31T00:28:00+00:00", "title": "Journal Mayotte"}, {"desc": null, "start_date": "2026-08-31T00:44:00+00:00", "title": "Le Journal de 19h de La R\u00e9union"}, {"desc": null, "start_date": "2026-08-31T01:19:00+00:00", "title": "Outremer.l'info"}, {"desc": "Aux commandes de la matinale, Ga\u00ebl Le Dantec et Isabelle Hoarau r\u00e9veillent les auditeurs t\u00e9l\u00e9spectateurs et les accompagnent jusqu'\u00e0 l'\u00e9cole ou au travail.", "start_date": "2026-08-31T01:30:00+00:00", "title": "Gran Matin"}, {"desc": null, "start_date": "2026-08-31T04:11:00+00:00", "title": "Tout le monde veut prendre sa place"}, {"desc": "\"Attache ta ceinture et mets ton casque\" : c'est l'injonction r\u00e9unionnaise qui invite \u00e0 se pr\u00e9parer \u00e0 toutes les \u00e9ventualit\u00e9s, m\u00eame les plus d\u00e9coiffantes.", "start_date": "2026-08-31T05:00:00+00:00", "title": "Atas sintir"}, {"desc": "Suhani Sharma, une jeune femme discr\u00e8te, brillante et profond\u00e9ment attach\u00e9e \u00e0 sa famille r\u00eave de devenir m\u00e9decin. Mais son destin bascule lorsqu'elle rencontre Ranveer Oberoi, un \u00e9tudiant charismatique et capitaine de son universit\u00e9 \u00e0 la personnalit\u00e9 aussi fascinante qu'explosive. Tr\u00e8s vite, l'amour qu'il porte \u00e0 Suhani tourne \u00e0 l'obsession...", "start_date": "2026-08-31T05:30:00+00:00", "title": "Seulement toi"}, {"desc": "Trois fr\u00e8res s\u00e9par\u00e9s \u00e0 la mort de leur p\u00e8re et r\u00e9partis entre diff\u00e9rentes familles se retrouvent apr\u00e8s bien des ann\u00e9es et jurent de se venger du responsable de leur malheur.", "start_date": "2026-08-31T06:14:00+00:00", "title": "Coeur guerrier"}, {"desc": "Claudio, un personnage attachant et maladroit, se rend chez les t\u00e9l\u00e9spectateurs accompagn\u00e9 d'un expert en bricolage pour r\u00e9soudre les petits tracas domestiques du quotidien.", "start_date": "2026-08-31T06:57:00+00:00", "title": "SOS Claudio"}, {"desc": null, "start_date": "2026-08-31T07:06:00+00:00", "title": "Zik en stock"}, {"desc": "De nombreux experts interviennent sur le plateau pour r\u00e9pondre \u00e0 des questions sur une grande vari\u00e9t\u00e9 de sujets. L'id\u00e9e est de r\u00e9soudre un probl\u00e8me.", "start_date": "2026-08-31T07:20:00+00:00", "title": "Vos experts"}, {"desc": "Le chef Meidhy Galas revisite un classique de la cuisine antillaise, les dombr\u00e9s, avec de la banane plantain et de la patate douce. L'occasion pour Brice Laurent Dubois et ses invit\u00e9s d'\u00e9voquer l'histoire de ce plat et sa version sucr\u00e9e.", "start_date": "2026-08-31T07:49:00+00:00", "title": "Chef pays"}, {"desc": "Deux duos s'affrontent : m\u00e8re et fille, en couple ou meilleur(e)s ami(e)s. Ils doivent endosser le temps d'une semaine le r\u00f4le de relookeurs et de relook\u00e9s.", "start_date": "2026-08-31T08:19:00+00:00", "title": "Un look d'enfer"}, {"desc": null, "start_date": "2026-08-31T08:29:00+00:00", "title": "Le Journal de 12h30 de La R\u00e9union"}, {"desc": null, "start_date": "2026-08-31T09:17:00+00:00", "title": "M\u00e9t\u00e9o Midi - R\u00e9union"}, {"desc": "Invit\u00e9s :- Eric Jeuffrault, Directeur R\u00e9gional CIRAD- Martine Nourry, Sp\u00e9cialiste de s\u00e9curit\u00e9 alimentaire.", "start_date": "2026-08-31T09:21:00+00:00", "title": "C pas si loin"}, {"desc": "Une promenade \u00e0 la d\u00e9couverte des meilleures adresses gourmande de La R\u00e9union.", "start_date": "2026-08-31T09:49:00+00:00", "title": "Bat kari"}, {"desc": "Cacau, une talentueuse artisane chocolati\u00e8re, r\u00eave d'obtenir un dipl\u00f4me international en p\u00e2tisserie et chocolat, mais son chemin semble bloqu\u00e9 par des obstacles financiers. L'intrigue prend vie lorsque son p\u00e8re d\u00e9cide de r\u00e9v\u00e9ler sa v\u00e9ritable identit\u00e9 au puissant Justino Vaz Pereira, propri\u00e9taire de la ferme o\u00f9 ils vivent. Il d\u00e9couvre alors qu'il a eu une fille avec une ancienne institutrice du dom", "start_date": "2026-08-31T09:57:00+00:00", "title": "Cacao"}, {"desc": "Cacau, une talentueuse artisane chocolati\u00e8re, r\u00eave d'obtenir un dipl\u00f4me international en p\u00e2tisserie et chocolat, mais son chemin semble bloqu\u00e9 par des obstacles financiers. L'intrigue prend vie lorsque son p\u00e8re d\u00e9cide de r\u00e9v\u00e9ler sa v\u00e9ritable identit\u00e9 au puissant Justino Vaz Pereira, propri\u00e9taire de la ferme o\u00f9 ils vivent. Il d\u00e9couvre alors qu'il a eu une fille avec une ancienne institutrice du dom", "start_date": "2026-08-31T10:41:00+00:00", "title": "Cacao"}, {"desc": "A la fronti\u00e8re avec le Suriname, les rives du fleuve Maroni, le plus long de Guyane, sont peupl\u00e9es par de nombreuses tribus. Rencontre avec quelques habitants.", "start_date": "2026-08-31T11:24:00+00:00", "title": "Outremer.story"}, {"desc": "Romina, jeune femme intr\u00e9pide et comp\u00e9titive, passionn\u00e9e de VTT de descente, d\u00e9couvre qu'elle a une soeur jumelle pr\u00e9nomm\u00e9e Laura. Lorsque celle-ci est assassin\u00e9e par la mafia ainsi que leur m\u00e8re, Romina d\u00e9cide de prendre l'identit\u00e9 de sa soeur afin de traquer les responsables et obtenir justice. Elle se retrouve alors plong\u00e9e dans un univers de luxe et de danger qui lui est totalement \u00e9tranger.", "start_date": "2026-08-31T11:55:00+00:00", "title": "Romina Poderosa"}, {"desc": "Romina, jeune femme intr\u00e9pide et comp\u00e9titive, passionn\u00e9e de VTT de descente, d\u00e9couvre qu'elle a une soeur jumelle pr\u00e9nomm\u00e9e Laura. Lorsque celle-ci est assassin\u00e9e par la mafia ainsi que leur m\u00e8re, Romina d\u00e9cide de prendre l'identit\u00e9 de sa soeur afin de traquer les responsables et obtenir justice. Elle se retrouve alors plong\u00e9e dans un univers de luxe et de danger qui lui est totalement \u00e9tranger.", "start_date": "2026-08-31T12:18:00+00:00", "title": "Romina Poderosa"}, {"desc": null, "start_date": "2026-08-31T12:45:00+00:00", "title": "Velvet, le nouvel empire"}, {"desc": null, "start_date": "2026-08-31T13:06:00+00:00", "title": "Velvet, le nouvel empire"}, {"desc": "Suhani Sharma, une jeune femme discr\u00e8te, brillante et profond\u00e9ment attach\u00e9e \u00e0 sa famille r\u00eave de devenir m\u00e9decin. Mais son destin bascule lorsqu'elle rencontre Ranveer Oberoi, un \u00e9tudiant charismatique et capitaine de son universit\u00e9 \u00e0 la personnalit\u00e9 aussi fascinante qu'explosive. Tr\u00e8s vite, l'amour qu'il porte \u00e0 Suhani tourne \u00e0 l'obsession...", "start_date": "2026-08-31T13:31:00+00:00", "title": "Seulement toi"}, {"desc": "\"Attache ta ceinture et mets ton casque\" : c'est l'injonction r\u00e9unionnaise qui invite \u00e0 se pr\u00e9parer \u00e0 toutes les \u00e9ventualit\u00e9s, m\u00eame les plus d\u00e9coiffantes.", "start_date": "2026-08-31T14:15:00+00:00", "title": "Atas sintir"}, {"desc": "Une promenade \u00e0 la d\u00e9couverte des meilleures adresses gourmande de La R\u00e9union.", "start_date": "2026-08-31T14:46:00+00:00", "title": "Bat kari"}, {"desc": null, "start_date": "2026-08-31T14:54:00+00:00", "title": "M\u00e9t\u00e9o \u2013 R\u00e9union soir"}, {"desc": null, "start_date": "2026-08-31T14:59:00+00:00", "title": "Le Journal de 19h de La R\u00e9union"}, {"desc": null, "start_date": "2026-08-31T15:33:00+00:00", "title": "M\u00e9t\u00e9o \u2013 R\u00e9union soir"}, {"desc": "Claudio, un personnage attachant et maladroit, se rend chez les t\u00e9l\u00e9spectateurs accompagn\u00e9 d'un expert en bricolage pour r\u00e9soudre les petits tracas domestiques du quotidien.", "start_date": "2026-08-31T15:36:00+00:00", "title": "SOS Claudio"}, {"desc": "Une couverture compl\u00e8te et diversifi\u00e9e du football \u00e0 La R\u00e9union, avec une priorit\u00e9 donn\u00e9e \u00e0 l'\u00e9lite r\u00e9unionnaise et aux matchs du championnat de l'\u00eele.", "start_date": "2026-08-31T15:42:00+00:00", "title": "Foot.1"}, {"desc": "Tom et Lola tentent de se conformer aux attentes de la soci\u00e9t\u00e9 en normalisant leurs relations amoureuses. Mais pour tous les deux, cet effort pour rentrer dans le moule en mode va in\u00e9luctablement se transformer en d\u00e9senchantement. Car aucun des deux ne peut mettre d'\u00e9tiquettes sur ses relations. Une saison 2 toujours plaisante, en phase avec les interrogations de son \u00e9poque.", "start_date": "2026-08-31T15:56:00+00:00", "title": "Tom et Lola"}, {"desc": "Tom et Lola tentent de se conformer aux attentes de la soci\u00e9t\u00e9 en normalisant leurs relations amoureuses. Mais pour tous les deux, cet effort pour rentrer dans le moule en mode va in\u00e9luctablement se transformer en d\u00e9senchantement. Car aucun des deux ne peut mettre d'\u00e9tiquettes sur ses relations. Une saison 2 toujours plaisante, en phase avec les interrogations de son \u00e9poque.", "start_date": "2026-08-31T16:47:00+00:00", "title": "Tom et Lola"}, {"desc": "Laura, pharmacienne et m\u00e8re de famille, a fond\u00e9 une association d'aide aux femmes victimes de violences : Femmes Debout. Lorsqu'elle assiste, impuissante, au meurtre d'une de ses membres, son existence vacille. Profond\u00e9ment traumatis\u00e9e par ce f\u00e9minicide et r\u00e9volt\u00e9e par l'inaction de la police et de la justice, elle d\u00e9cide d'agir pour prot\u00e9ger les femmes qui l'entourent, ignorant les difficult\u00e9s qu", "start_date": "2026-08-31T17:36:00+00:00", "title": "L'affaire Laura Stern"}, {"desc": "Laura, pharmacienne et m\u00e8re de famille, a fond\u00e9 une association d'aide aux femmes victimes de violences : Femmes Debout. Lorsqu'elle assiste, impuissante, au meurtre d'une de ses membres, son existence vacille. Profond\u00e9ment traumatis\u00e9e par ce f\u00e9minicide et r\u00e9volt\u00e9e par l'inaction de la police et de la justice, elle d\u00e9cide d'agir pour prot\u00e9ger les femmes qui l'entourent, ignorant les difficult\u00e9s qu", "start_date": "2026-08-31T18:30:00+00:00", "title": "L'affaire Laura Stern"}, {"desc": "\" Archipels \" dresse le portrait des Outre-mer, en particulier de l'Oc\u00e9an Indien. Des histoires de femmes et d'hommes qui racontent les soci\u00e9t\u00e9s d'hier et d'aujourd'hui : fi\u00e8res, m\u00e9tiss\u00e9es et confront\u00e9es aux enjeux des grandes nations, tout en pratiquant au quotidien le m\u00e9lange des cultures et des religions.", "start_date": "2026-08-31T19:18:00+00:00", "title": "Archipels R\u00e9union"}, {"desc": "De son enfance pauvre \u00e0 Salazie \u00e0 la cr\u00e9ation d'une grande soci\u00e9t\u00e9 de transports \u00e0 La R\u00e9union, Osmann Mooland incarne le combat d'un homme pour d\u00e9senclaver les zones isol\u00e9es de l'\u00eele et changer le quotidien des habitants. Entre histoire familiale et impasses entrepreneuriales, il conciliera passion, responsabilit\u00e9s et transmission d'un h\u00e9ritage. \"Takdeer\" interroge les enjeux du transport sur un t", "start_date": "2026-08-31T19:20:00+00:00", "title": "Osmann Mooland"}, {"desc": "\" Archipels \" dresse le portrait des Outre-mer, en particulier de l'Oc\u00e9an Indien. Des histoires de femmes et d'hommes qui racontent les soci\u00e9t\u00e9s d'hier et d'aujourd'hui : fi\u00e8res, m\u00e9tiss\u00e9es et confront\u00e9es aux enjeux des grandes nations, tout en pratiquant au quotidien le m\u00e9lange des cultures et des religions.", "start_date": "2026-08-31T20:24:00+00:00", "title": "Archipels R\u00e9union"}, {"desc": "Au bord de la mer, sur une plage publique de Beyrouth fr\u00e9quent\u00e9e uniquement par des hommes, Reda, Adel et Qassem attendent que leur pays tout entier tombe en ruine, plut\u00f4t qu'un miracle. Unis par un sentiment collectif de d\u00e9sillusion, ils portent avec une pudeur vibrante devant la cam\u00e9ra de Dima El-Horr le poids de leur m\u00e9lancolie, peupl\u00e9e des fant\u00f4mes de la guerre civile, et des r\u00e9alit\u00e9s tr\u00e8s con", "start_date": "2026-08-31T20:27:00+00:00", "title": "Et les poissons volent au-dessus de nos t\u00eates"}, {"desc": null, "start_date": "2026-08-31T21:38:00+00:00", "title": "Outremer.l'info"}, {"desc": "Deux amis se lancent le d\u00e9fi de partir \u00e0 la rencontre des volcans actifs fran\u00e7ais et de leurs habitants. Elle est journaliste scientifique, fascin\u00e9e par ces \u00e9difices g\u00e9ologiques, mais n'a jamais c\u00f4toy\u00e9 que les puys endormis de l'Auvergne. Il est guadeloup\u00e9en et profane en g\u00e9oscience, mais sait les r\u00e9alit\u00e9s inh\u00e9rentes \u00e0 une vie men\u00e9e au pied de ces g\u00e9ants. Ensemble, et accompagn\u00e9s d'un volcanologue", "start_date": "2026-08-31T21:49:00+00:00", "title": "A l'ombre des 4 g\u00e9ants"}, {"desc": "Dans les Outre-mer, des personnages en prise \u00e0 des difficult\u00e9s dans leur couple ou dans leur famille tentent de se frayer un chemin vers le bonheur.", "start_date": "2026-08-31T23:01:00+00:00", "title": "L'amour \u00e0 l'\u00e9preuve"}, {"desc": "Des plages paradisiaques de Sihanoukville jusqu'aux temples d'Angkor, Philippe Gougler va parcourir le Cambodge gr\u00e2ce \u00e0 l'unique ligne de chemin de fer du pays. La ligne, construite par les Fran\u00e7ais pendant la colonisation, a longtemps \u00e9t\u00e9 abandonn\u00e9e. En 2016, le train a \u00e9t\u00e9 relanc\u00e9 dans tout le pays apr\u00e8s des travaux de modernisation des voies. Le trafic lui aussi a repris progressivement. Philip", "start_date": "2026-08-31T23:29:00+00:00", "title": "Des trains pas comme les autres"}], "offset": "+00:00", "timezone": "UTC", "error_code": -1, "start_date": "2026-08-30", "icon": ""}