{"end_date": "2026-04-21", "name": "France 3 Corse Via Stella", "info_url": "https://epg.pw/channels/516397/20260420.html", "country": "France", "description": null, "error_message": "", "provider": "", "source_url": "https://epg.pw/api/epg.json?channel_id=516397&date=20260420&timezone=None", "epg_list": [{"desc": null, "start_date": "2026-04-21T18:05:00+00:00", "title": "M\u00e9t\u00e9o de la M\u00e9diterran\u00e9e - Corse"}, {"desc": null, "start_date": "2026-04-21T18:12:00+00:00", "title": "Paese"}, {"desc": "Corte Nous rencontrerons \"E cugine Corse\" (Chantal Paldacci et Laetitia Leca) qui s'appr\u00eatent \u00e0 faire le rallye A\u00efcha des gazelles 2025! L'\u00e9quipage p\u00e9tillant nous parle de cette aventure humanitaire et le d\u00e9passement de soi pour la belle cause ! Elles nous diront comment elles s'y pr\u00e9parent. Nous irons rejoindre \u00e9galement Catherine Riera pdte de l'association \"La Marido\"dont l'\u00e9quipage f\u00e9minin sou", "start_date": "2026-04-21T18:20:00+00:00", "title": "Ind'\u00e8 voi"}, {"desc": "V\u00e9ritables t\u00e9moins de l'histoire contemporaine insulaire, des anciens issus de tous horizons t\u00e9moignent de leur vision pass\u00e9e, pr\u00e9sente et \u00e0 venir de la Corse.", "start_date": "2026-04-21T18:41:00+00:00", "title": "Memoria"}, {"desc": null, "start_date": "2026-04-21T18:45:00+00:00", "title": "Democratia"}, {"desc": "Portrait de Sergione, un tatoueur de 50 ans qui a v\u00e9cu toute sa vie dans le quartier populaire de Palerme, Bosco Grande.", "start_date": "2026-04-21T19:37:00+00:00", "title": "Bosco grande"}, {"desc": null, "start_date": "2026-04-21T20:54:00+00:00", "title": "M\u00e9t\u00e9o de la M\u00e9diterran\u00e9e - Corse"}, {"desc": null, "start_date": "2026-04-21T20:56:00+00:00", "title": "ICI 19/20 - Corsica Sera"}, {"desc": "Les invit\u00e9s de Corsica Era reviennent sur des \u00e9v\u00e9nements marquants de l'histoire contemporaine de la Corse, un regard vers hier pour mieux appr\u00e9hender demain.", "start_date": "2026-04-21T21:16:00+00:00", "title": "Corsica Era"}, {"desc": null, "start_date": "2026-04-21T21:30:00+00:00", "title": "JT - U Nutiziale"}, {"desc": null, "start_date": "2026-04-21T21:40:00+00:00", "title": "M\u00e9t\u00e9o - Corse"}, {"desc": "On entend souvent dire que la Corse a \u00e9t\u00e9 vendue aux Fran\u00e7ais par les G\u00e9nois'\u0124 Une erreur historique r\u00e9pandue. Comment s'est r\u00e9ellement d\u00e9roul\u00e9 le long processus d'installation des Fran\u00e7ais dans l'\u00eele ? Quand la Corse est-elle r\u00e9ellement devenue fran\u00e7aise et comment s'est d\u00e9roul\u00e9 ce changement ? Invit\u00e9s pr\u00e9visionnels Erick Miceli Historien. Pierre-Yves Beaurepaire Professeur d'histoire. Universit\u00e9", "start_date": "2026-04-21T21:41:00+00:00", "title": "Temps d'histoire"}, {"desc": "Corte Nous rencontrerons \"E cugine Corse\" (Chantal Paldacci et Laetitia Leca) qui s'appr\u00eatent \u00e0 faire le rallye A\u00efcha des gazelles 2025! L'\u00e9quipage p\u00e9tillant nous parle de cette aventure humanitaire et le d\u00e9passement de soi pour la belle cause ! Elles nous diront comment elles s'y pr\u00e9parent. Nous irons rejoindre \u00e9galement Catherine Riera pdte de l'association \"La Marido\"dont l'\u00e9quipage f\u00e9minin sou", "start_date": "2026-04-21T22:34:00+00:00", "title": "Ind'\u00e8 voi"}, {"desc": "C'est sur le premier sentier du patrimoine du pays ajaccien \" a stretta du i mulini di Cutuli \u00e8 Curtichjatu) que notre ma\u00eetre du jeu Petru Pasqualini, a donn\u00e9 rendez-vous \u00e0 Louise, Marine, Charles et Leandru pour un d\u00e9fi exceptionnel \u00e0 plus d'un titre. Notre \" quadra di i genii ne se doute pas qu'elle va beaucoup courir sur cette ancienne route ...", "start_date": "2026-04-21T22:55:00+00:00", "title": "A sfida"}, {"desc": "A la Suite de sa r\u00e9ussite au baccalaur\u00e9at, les parents du jeune Gustave Flaubert, lui offrent un voyage en Corse. Ainsi, le 6 octobre 1840, \u00e0 peine \u00e2g\u00e9 de 19 ans, il accoste \u00e0 Ajaccio avec un ami de son p\u00e8re, le Docteur Cloquet pour un s\u00e9jour du 7 au 18 octobre.", "start_date": "2026-04-21T23:22:00+00:00", "title": "M\u00e9moires corses du jeune Flaubert"}], "offset": "+00:00", "timezone": "UTC", "error_code": -1, "start_date": "2026-04-21", "icon": ""}