{"end_date": "2026-04-27", "name": "France 3 Corse Via Stella", "info_url": "https://epg.pw/channels/516397/20260426.html", "country": "France", "description": null, "error_message": "", "provider": "", "source_url": "https://epg.pw/api/epg.json?channel_id=516397&date=20260426&timezone=None", "epg_list": [{"desc": "Rendez-vous quotidien de proximit\u00e9 sur le patrimoine de nos villages, leurs origines. Francine et Florian vont \u00e0 la rencontre d'une personnalit\u00e9 du quotidien, mettront en avant un quartier, une association, un village, son histoire et celles de ceux qui les font vivre..", "start_date": "2026-04-26T00:02:00+00:00", "title": "Ind'\u00e8 voi"}, {"desc": "Rendez-vous quotidien de proximit\u00e9 sur le patrimoine de nos villages, leurs origines. Francine et Florian vont \u00e0 la rencontre d'une personnalit\u00e9 du quotidien, mettront en avant un quartier, une association, un village, son histoire et celles de ceux qui les font vivre..", "start_date": "2026-04-26T00:18:00+00:00", "title": "Ind'\u00e8 voi"}, {"desc": "Rendez-vous quotidien de proximit\u00e9 sur le patrimoine de nos villages, leurs origines. Francine et Florian vont \u00e0 la rencontre d'une personnalit\u00e9 du quotidien, mettront en avant un quartier, une association, un village, son histoire et celles de ceux qui les font vivre..", "start_date": "2026-04-26T00:36:00+00:00", "title": "Ind'\u00e8 voi"}, {"desc": "Invit\u00e9s : Jean-Paul Poletti et Jean-Louis Blaineau Titre : De Sart\u00e8ne vers le monde : Le choeur des hommes.", "start_date": "2026-04-26T00:52:00+00:00", "title": "Baz'art Le Mag"}, {"desc": "Mario STASI (Pr\u00e9sident de la LICRA).", "start_date": "2026-04-26T01:18:00+00:00", "title": "Avec ou sans filtre"}, {"desc": null, "start_date": "2026-04-26T01:49:00+00:00", "title": "Paese"}, {"desc": "Les invit\u00e9s de Corsica Era reviennent sur des \u00e9v\u00e9nements marquants de l'histoire contemporaine de la Corse, un regard vers hier pour mieux appr\u00e9hender demain.", "start_date": "2026-04-26T02:23:00+00:00", "title": "Corsica Era"}, {"desc": "31 mai / Th\u00e8me : Revolution corse et moyen age avec Philippe Colombani.", "start_date": "2026-04-26T03:28:00+00:00", "title": "Totem"}, {"desc": null, "start_date": "2026-04-26T05:01:00+00:00", "title": "Pompon Ours"}, {"desc": "Nous sommes \u00e0 l'\u00e8re du Croustillant Sup\u00e9rieur, une p\u00e9riode o\u00f9 le monde est domin\u00e9 par les cr\u00e9atures les plus juteuses et les plus vitamin\u00e9es qui ont jamais habit\u00e9 notre plan\u00e8te: Les plantureux v\u00e9g\u00e9tosaures. Suivez les savoureuses aventures de Ginger, une jeune tricarrotops, et ses nouveaux amis les petit pois Rex.", "start_date": "2026-04-26T05:08:00+00:00", "title": "V\u00e9g\u00e9tosaures"}, {"desc": null, "start_date": "2026-04-26T05:17:00+00:00", "title": "SamSam"}, {"desc": "Anatole Latuile, un \u00e9colier dissip\u00e9 mais plein de ressources, d\u00e9pense toute son \u00e9nergie \u00e0 s'attirer des ennuis.", "start_date": "2026-04-26T05:29:00+00:00", "title": "Anatole Latuile"}, {"desc": null, "start_date": "2026-04-26T05:41:00+00:00", "title": "Anatole Latuile"}, {"desc": null, "start_date": "2026-04-26T05:54:00+00:00", "title": "T'choupi \u00e0 la campagne"}, {"desc": "Ins\u00e9parables, une soeur et deux fr\u00e8res du m\u00eame \u00e2ge passent des b\u00eatises aux mots tendres en tr\u00e8s peu de temps. Comme beaucoup d'enfants, ils savent comment obtenir des choses en se montrant adorables puis bien plus polissons et espi\u00e8gles d\u00e8s que les adultes ont le dos tourn\u00e9. Leur m\u00e8re et leur grand-p\u00e8re ont parfois bien du mal \u00e0 canaliser l'\u00e9nergie des trois bambins et \u00e0 rivaliser avec leur imagin", "start_date": "2026-04-26T06:01:00+00:00", "title": "Les tripl\u00e9s"}, {"desc": "Au Y\u00e9ti qui lit, Nina et L\u00e9on, deux petites souris, retrouvent Y\u00e9tili la mascotte de la librairie du quartier. Quand celle-ci est ferm\u00e9e, Y\u00e9tili prend vie et\u2026 C'est l'heure de l'histoire\u00a0! Ensemble, ils lisent des livres et voyagent au pays des albums jeunesse!", "start_date": "2026-04-26T06:08:00+00:00", "title": "Y\u00e9tili"}, {"desc": null, "start_date": "2026-04-26T06:16:00+00:00", "title": "Les rebelles de la for\u00eat, la s\u00e9rie"}, {"desc": "Louis et Abacus veulent faire une partie de leur jeu pr\u00e9f\u00e9r\u00e9 mais ils ne trouvent pas de place confortable, calme et tranquille, malgr\u00e9 avoir tout essay\u00e9.", "start_date": "2026-04-26T06:28:00+00:00", "title": "Bienvenue chez les Mouche"}, {"desc": "La protection de l'environnement est l'affaire de tous, des grands comme des tout-petits. Pour aider les enfants \u00e0 comprendre les enjeux environnementaux de mani\u00e8re ludique, Scooby-Doo et ses amis enqu\u00eatent sur la biodiversit\u00e9, la pollution, l'agriculture bio ou encore la d\u00e9forestation. Des r\u00e9ponses claires, de l'humour et de l'interactivit\u00e9 pour permettre aux jeunes t\u00e9l\u00e9spectateurs de mieux compr", "start_date": "2026-04-26T06:39:00+00:00", "title": "Scooby-Doo : mission environnement"}, {"desc": "Lorsqu'Erik r\u00e9ussit accidentellement un test pour int\u00e9grer un club secret, \"Les L\u00e9gendes vivantes\", il est ravi d'\u00eatre reconnu par ses pairs. Mais les d\u00e9fis \u00e0 relever pour rester dans le groupe sont de plus en plus dangereux, et ses amis tentent de l'avertir qu'il se comporte comme un imb\u00e9cile. Mais il d\u00e9couvre que le club a en fait \u00e9t\u00e9 fond\u00e9 par Olaf Fourchebarbe, et il est maintenant d\u00e9termin\u00e9 \u00e0", "start_date": "2026-04-26T06:46:00+00:00", "title": "Viking Skool"}, {"desc": "Au beau milieu des champs, une bande d'enfant vit au petit village de Bellefontaine. Rapha\u00ebl, Lina, P'tit Pied et Grande Perche remplissent leur quotidien d'aventures tr\u00e9pidantes gr\u00e2ce \u00e0 une imagination sans limites.", "start_date": "2026-04-26T07:08:00+00:00", "title": "Partie de campagne"}, {"desc": null, "start_date": "2026-04-26T07:20:00+00:00", "title": "Coop Troop"}, {"desc": null, "start_date": "2026-04-26T07:31:00+00:00", "title": "Les As de la Jungle (langue Corse)"}, {"desc": "Trotro est un petit \u00e2ne gris avec une crini\u00e8re blanche, qui vit avec ses parents dans une maison disposant d'un grand jardin. Espi\u00e8gle et toujours enthousiaste, il ne manque pas une occasion pour s'amuser. Gourmand, il adore aussi les cr\u00eapes que lui confectionne sa maman. En compagnie de sa peluche Nounours, ou avec ses amis, Boubou, Lili et Nana, il vit des aventures palpitantes. Lorsqu'il fait d", "start_date": "2026-04-26T07:42:00+00:00", "title": "Trotro"}, {"desc": "Trotro est un petit \u00e2ne gris avec une crini\u00e8re blanche, qui vit avec ses parents dans une maison disposant d'un grand jardin. Espi\u00e8gle et toujours enthousiaste, il ne manque pas une occasion pour s'amuser. Gourmand, il adore aussi les cr\u00eapes que lui confectionne sa maman. En compagnie de sa peluche Nounours, ou avec ses amis, Boubou, Lili et Nana, il vit des aventures palpitantes. Lorsqu'il fait d", "start_date": "2026-04-26T07:46:00+00:00", "title": "Trotro"}, {"desc": "Trotro est un petit \u00e2ne gris avec une crini\u00e8re blanche, qui vit avec ses parents dans une maison disposant d'un grand jardin. Espi\u00e8gle et toujours enthousiaste, il ne manque pas une occasion pour s'amuser. Gourmand, il adore aussi les cr\u00eapes que lui confectionne sa maman. En compagnie de sa peluche Nounours, ou avec ses amis, Boubou, Lili et Nana, il vit des aventures palpitantes. Lorsqu'il fait d", "start_date": "2026-04-26T07:49:00+00:00", "title": "Trotro"}, {"desc": "Le programme de divertissement en langue corse, pour les enfants de 8 \u00e0 10 ans, fait par des enfants et un \"ma\u00eetre de jeu\", charg\u00e9 de les guider.", "start_date": "2026-04-26T07:54:00+00:00", "title": "A sfida"}, {"desc": "B\u00e2tie sur les rives du Nil, Louxor abrite les plus grands monuments du Nouvel Empire. Le complexe de Karnak et le temple de Dend\u00e9rah y tr\u00f4nent majestueusement. Dans cette cit\u00e9, le fleuve a beaucoup boug\u00e9. Dans ce documentaire, les \u00e9gyptologues partent \u00e0 la recherche des tr\u00e9sors engloutis par les eaux du Nil gr\u00e2ce \u00e0 des technologies de l'arch\u00e9ologie 2.0. Ils vont marcher sur les traces de la vie qu", "start_date": "2026-04-26T08:22:00+00:00", "title": "Les myst\u00e8res du Nil"}, {"desc": "Caroline Boeglin d\u00e9couvre la maison de Nadine et Laurent, dans la banlieue de Nancy. Nadine a transform\u00e9 cette maison centenaire en ouvrant les espaces du rez-de-chauss\u00e9e.", "start_date": "2026-04-26T09:15:00+00:00", "title": "Cosy, le mag d\u00e9co"}, {"desc": "M\u00e9diterran\u00e9o traite de l'ensemble du monde m\u00e9diterran\u00e9en: son histoire, sa culture, ses sites, sa gastronomie, ses habitants. Enqu\u00eates et reportages.", "start_date": "2026-04-26T09:42:00+00:00", "title": "Mediterraneo"}, {"desc": "Pour ce nouveau num\u00e9ro du magazine de cuisine itin\u00e9rant Al Dente, le chef Romuald Royer va entrer en sc\u00e8ne dans un d\u00e9cor somptueux, et installer son food-truck dans les coulisses du village de Pioggiola, dans le Ghjunsani. C'est dans cette r\u00e9gion montagneuse, ouverte sur la Balagne, que Dorian Raffaldi et Zelda Robin ont fait le pari du mara\u00eecha...", "start_date": "2026-04-26T10:09:00+00:00", "title": "Al Dente"}, {"desc": null, "start_date": "2026-04-26T10:34:00+00:00", "title": "ICI 12/13 - Corsica Prima"}, {"desc": null, "start_date": "2026-04-26T10:45:00+00:00", "title": "M\u00e9t\u00e9o - Corse"}, {"desc": "L'histoire et l'\u00e9volution des plats m\u00e9diterran\u00e9ens au fil du temps, dans quels pays sont-ils propos\u00e9s et quelles ont \u00e9t\u00e9 ses transformations.", "start_date": "2026-04-26T10:46:00+00:00", "title": "Du soleil dans la cuisine"}, {"desc": "Invit\u00e9s : Jean-Paul Poletti et Jean-Louis Blaineau Titre : De Sart\u00e8ne vers le monde : Le choeur des hommes.", "start_date": "2026-04-26T10:52:00+00:00", "title": "Baz'art Le Mag"}, {"desc": "Un magazine de portraits consacr\u00e9 \u00e0 des figures sportives corses. Chaque \u00e9pisode propose une rencontre intime avec un invit\u00e9, d\u00e9voilant son parcours, ses racines et son univers.", "start_date": "2026-04-26T11:19:00+00:00", "title": "A domicile"}, {"desc": "Mario STASI (Pr\u00e9sident de la LICRA).", "start_date": "2026-04-26T11:33:00+00:00", "title": "Avec ou sans filtre"}, {"desc": null, "start_date": "2026-04-26T12:04:00+00:00", "title": "M\u00e9t\u00e9o - Corse"}, {"desc": null, "start_date": "2026-04-26T12:06:00+00:00", "title": "ICI 12/13 - Corsica Prima"}, {"desc": "Corte Nous serons \u00e0 Corte, \u00e0 l'universit\u00e9 en compagnie d'Elodie Pinnet, professeur d'art plastique qui nous parlera de cette grande peinture de Pascal Paoli sur le mur du campus Mariani dans le cadre de Popul'arte, ce festival d'art dans le rural qui hommage \u00e0 u Babbu di a patria dont on f\u00eate le tricentenaire de sa naissance! Nous rencontrerons ...", "start_date": "2026-04-26T12:17:00+00:00", "title": "Ind'\u00e8 voi"}, {"desc": "Corte Nous rencontrerons \"E cugine Corse\" (Chantal Paldacci et Laetitia Leca) qui s'appr\u00eatent \u00e0 faire le rallye A\u00efcha des gazelles 2025! L'\u00e9quipage p\u00e9tillant nous parle de cette aventure humanitaire et le d\u00e9passement de soi pour la belle cause ! Elles nous diront comment elles s'y pr\u00e9parent. Nous irons rejoindre \u00e9galement Catherine Riera pdte de l'association \"La Marido\"dont l'\u00e9quipage f\u00e9minin sou", "start_date": "2026-04-26T12:35:00+00:00", "title": "Ind'\u00e8 voi"}, {"desc": "Corte Nous irons \u00e0 la rencontre de Jo Orsatelli, berger dans le cortenais, d\u00e9couvrir son exploitation, cet h\u00e9ritage familial qu'il poursuit avec tant de passion et toujours en famille. Puis, nous irons au centre ville d\u00e9couvrir l'Open spaziu en Compagnie de Marc-Antoine Campana qui a cr\u00e9\u00e9 cet espace socioculturel ouvert aux entreprises et aux associations.", "start_date": "2026-04-26T12:55:00+00:00", "title": "Ind'\u00e8 voi"}, {"desc": "Un documentaire riche en images d'archives sur l'histoire de la pratique de l'alpinisme en Corse.", "start_date": "2026-04-26T13:13:00+00:00", "title": "Aldil\u00e0"}, {"desc": "C'est l'histoire d'un nuage invisible, inodore et incolore, celui de Tchernobyl. Radioactif, il n'a, officiellement jamais travers\u00e9 la Corse durant le printemps 1986. A l'appui de ce document, des notes confidentielles de l'Elys\u00e9e et Matignon, des t\u00e9moignages d'anciens ministres, de fonctionnaires de la Pr\u00e9fecture de R\u00e9gion et de scientifiques de la s\u00fbret\u00e9 nucl\u00e9aire. Ce documentaire nous plonge au", "start_date": "2026-04-26T14:06:00+00:00", "title": "Corse, le mensonge radioactif"}, {"desc": "En 1986, le nuage radioactif de Tchernobyl se serait arr\u00eat\u00e9 aux fronti\u00e8res fran\u00e7aises. Et pourtant, les histoires de maladies, vies boulevers\u00e9es et silences persistants s'accumulent. Leur point commun : toutes se d\u00e9roulent dans le sud de la France, en Corse ou en Italie, lors du passage du nuage. \u00c0 travers les t\u00e9moignages de victimes, de scientifiques et de lanceurs d'alerte, le film explore les c", "start_date": "2026-04-26T15:07:00+00:00", "title": "En travers de la gorge, Tchernobyl 40 ans apr\u00e8s"}, {"desc": "Des personnalit\u00e9s inspirantes \u00e9changent autour d'une th\u00e9matique puis\u00e9e dans le champ des sciences humaines et sociales, ou pour mieux conna\u00eetre une oeuvre et son auteur.", "start_date": "2026-04-26T16:01:00+00:00", "title": "Totem"}, {"desc": "A TRUVA CI IN LORETU Changement climatique, gestion obsol\u00e8te, infrastructures en retard et vieillissantes, la gestion de l'eau rev\u00eat de nombreux d\u00e9fis d'avenir notamment dans le rural. Si nombre de nos villages b\u00e9n\u00e9ficient toujours d'une ressource importante, tarissement des sources et besoins financiers imposent un changement de paradigme. Si n...", "start_date": "2026-04-26T16:28:00+00:00", "title": "A truva ci"}, {"desc": null, "start_date": "2026-04-26T17:03:00+00:00", "title": "ICI 19/20 - Corsica Sera"}, {"desc": null, "start_date": "2026-04-26T17:24:00+00:00", "title": "M\u00e9t\u00e9o - Corse"}, {"desc": "Un magazine de portraits consacr\u00e9 \u00e0 des figures sportives corses. Chaque \u00e9pisode propose une rencontre intime avec un invit\u00e9, d\u00e9voilant son parcours, ses racines et son univers.", "start_date": "2026-04-26T17:26:00+00:00", "title": "A domicile"}, {"desc": "Les \u00e9pisodes m\u00e9diterran\u00e9ens sont des ph\u00e9nom\u00e8nes m\u00e9t\u00e9orologiques majeurs qui touchent r\u00e9guli\u00e8rement le pourtour de la mer M\u00e9diterran\u00e9e, notamment en automne. Caract\u00e9ris\u00e9 par des pr\u00e9cipitations tr\u00e8s intenses sur une courte dur\u00e9e, ils peuvent provoquer d'importants d\u00e9g\u00e2ts mat\u00e9riels et humains. Patrick Bonicel (responsable centre m\u00e9t\u00e9o Corse) nous a...", "start_date": "2026-04-26T17:44:00+00:00", "title": "Prenons le temps"}, {"desc": "Le photographe Fran\u00e7ois Desjobert remonte le temps \u00e0 travers ses clich\u00e9s et nous confie le hors champ des photos qui ont fait sa renomm\u00e9e. Derri\u00e8re le clich\u00e9 d'un \u00e9v\u00e8nement, d'un portrait, d'un paysage, d'un instant suspendu que s'est-il pass\u00e9 ? Dans quelles conditions le photographe a-t-il d\u00e9clench\u00e9 ?", "start_date": "2026-04-26T17:47:00+00:00", "title": "L'oeil de Desjobert"}, {"desc": null, "start_date": "2026-04-26T17:52:00+00:00", "title": "M\u00e9t\u00e9o de la M\u00e9diterran\u00e9e - Corse"}, {"desc": null, "start_date": "2026-04-26T17:55:00+00:00", "title": "Paese"}, {"desc": null, "start_date": "2026-04-26T18:28:00+00:00", "title": "Paese"}, {"desc": "En quelques minutes, une d\u00e9couverte ludique du patrimoine mus\u00e9ographique de la Corse \u00e0 travers des angles inattendus.", "start_date": "2026-04-26T18:36:00+00:00", "title": "Museexpress"}, {"desc": "V\u00e9ritables t\u00e9moins de l'histoire contemporaine insulaire, des anciens issus de tous horizons t\u00e9moignent de leur vision pass\u00e9e, pr\u00e9sente et \u00e0 venir de la Corse.", "start_date": "2026-04-26T18:39:00+00:00", "title": "Memoria"}, {"desc": "Sous le soleil de Montpellier, la vie de familles et divers personnages se croisent, entrem\u00ealant \u00e9troitement les fils d'histoires amicales ou amoureuses, dans lesquelles s'invitent parfois drames, deuils ou crimes. Virgile Berville tient la paillote \"Les Sauvages\", avec son associ\u00e9e Sofia. Apr\u00e8s 16 ans pass\u00e9s en Afrique, Claire est de retour \u00e0 Montpellier pour y reconstruire sa vie avec son fils T", "start_date": "2026-04-26T18:45:00+00:00", "title": "Un si grand soleil"}, {"desc": "Sous le soleil de Montpellier, la vie de familles et divers personnages se croisent, entrem\u00ealant \u00e9troitement les fils d'histoires amicales ou amoureuses, dans lesquelles s'invitent parfois drames, deuils ou crimes. Virgile Berville tient la paillote \"Les Sauvages\", avec son associ\u00e9e Sofia. Apr\u00e8s 16 ans pass\u00e9s en Afrique, Claire est de retour \u00e0 Montpellier pour y reconstruire sa vie avec son fils T", "start_date": "2026-04-26T19:06:00+00:00", "title": "Un si grand soleil"}, {"desc": "Sous le soleil de Montpellier, la vie de familles et divers personnages se croisent, entrem\u00ealant \u00e9troitement les fils d'histoires amicales ou amoureuses, dans lesquelles s'invitent parfois drames, deuils ou crimes. Virgile Berville tient la paillote \"Les Sauvages\", avec son associ\u00e9e Sofia. Apr\u00e8s 16 ans pass\u00e9s en Afrique, Claire est de retour \u00e0 Montpellier pour y reconstruire sa vie avec son fils T", "start_date": "2026-04-26T19:28:00+00:00", "title": "Un si grand soleil"}, {"desc": "Sous le soleil de Montpellier, la vie de familles et divers personnages se croisent, entrem\u00ealant \u00e9troitement les fils d'histoires amicales ou amoureuses, dans lesquelles s'invitent parfois drames, deuils ou crimes. Virgile Berville tient la paillote \"Les Sauvages\", avec son associ\u00e9e Sofia. Apr\u00e8s 16 ans pass\u00e9s en Afrique, Claire est de retour \u00e0 Montpellier pour y reconstruire sa vie avec son fils T", "start_date": "2026-04-26T19:49:00+00:00", "title": "Un si grand soleil"}, {"desc": "Ludo fait la connaissance d'un personnage clef dans la vie de Flore, qui pourrait bien avoir des infos sur Damien. Thierry sauve la mise de Tha\u00efs au commissariat.", "start_date": "2026-04-26T20:11:00+00:00", "title": "Un si grand soleil"}, {"desc": null, "start_date": "2026-04-26T20:33:00+00:00", "title": "M\u00e9t\u00e9o de la M\u00e9diterran\u00e9e - Corse"}, {"desc": null, "start_date": "2026-04-26T20:36:00+00:00", "title": "ICI 19/20 - Corsica Sera"}, {"desc": null, "start_date": "2026-04-26T20:56:00+00:00", "title": "M\u00e9t\u00e9o - Corse"}, {"desc": "Le metteur en sc\u00e8ne Alessandro Blasetti est \u00e0 la recherche d'une petite h\u00e9ro\u00efne pour son nouveau film. Magdalena d\u00e9cide de pr\u00e9senter sa fille, Maria. Mais l'enfant se perd dans les rues de Rome. Anovazzi, un technicien de la firme cin\u00e9matographique, reconduit la petite \u00e9gar\u00e9e chez sa m\u00e8re et rassure cette derni\u00e8re en lui promettant d'intervenir en sa faveur aupr\u00e8s de Blasetti. Afin d'augmenter ses", "start_date": "2026-04-26T20:58:00+00:00", "title": "Bellissima"}, {"desc": "- Sinema Paradisu \u011e zone blanche \u011f enregistr\u00e9 (a definir) pour une diffusion le 2 avril : Au programme de Sinema Paradisu nous recevons le r\u00e9alisateur bruxellois David Noblet qui nous pr\u00e9sente son film \u011e Zone Blanche \u011fAmerigo et sa me\u00e8re \u00e9lectrosensible vivent isol\u00e9s en Corse. Ses sentiments pour Livi et la construction d'une antenne relais menacent ce fragile \u00e9quilibre.", "start_date": "2026-04-26T22:49:00+00:00", "title": "Sinema Paradisu"}, {"desc": "La vie familiale d'Imma Tataranni semble plus sereine. Sa fille Valentina est partie \u00e9tudier \u00e0 Naples et ses relations avec Pietro, son mari, sont apais\u00e9es. Sur le plan professionnel, la substitut du procureur doit composer avec l'absence provisoire de Calogiuri, qui vient \u00e0 peine de sortir du coma. Apr\u00e8s avoir enqu\u00eat\u00e9 sur le meurtre d'un h\u00f4telier, sur un suicide suspect et sur ce que les m\u00e9dias p", "start_date": "2026-04-26T23:48:00+00:00", "title": "Imma Tataranni, substitut du procureur"}, {"desc": "La vie familiale d'Imma Tataranni semble plus sereine. Sa fille Valentina est partie \u00e9tudier \u00e0 Naples et ses relations avec Pietro, son mari, sont apais\u00e9es. Sur le plan professionnel, la substitut du procureur doit composer avec l'absence provisoire de Calogiuri, qui vient \u00e0 peine de sortir du coma. Apr\u00e8s avoir enqu\u00eat\u00e9 sur le meurtre d'un h\u00f4telier, sur un suicide suspect et sur ce que les m\u00e9dias p", "start_date": "2026-04-27T00:40:00+00:00", "title": "Imma Tataranni, substitut du procureur"}, {"desc": "Via night Show Emission de divertissement / late show Coordination d'emission Colomba Casanova Pr\u00e9sentation : Florian Carri\u00e9 Chroniqueurs : Andrea Pinelli Un rendez-vous autour de l'humour et de la culture, dans lequel Florian re\u00e7oit des invit\u00e9s connus ou moins connus, issus de tous les milieux. Homme politique, artiste, sportif ou chef d'entrep...", "start_date": "2026-04-27T01:45:00+00:00", "title": "Via Night Show"}, {"desc": "M\u00e9diterran\u00e9o traite de l'ensemble du monde m\u00e9diterran\u00e9en: son histoire, sa culture, ses sites, sa gastronomie, ses habitants. Enqu\u00eates et reportages.", "start_date": "2026-04-27T02:23:00+00:00", "title": "Mediterraneo"}, {"desc": "Les invit\u00e9s de Corsica Era reviennent sur des \u00e9v\u00e9nements marquants de l'histoire contemporaine de la Corse, un regard vers hier pour mieux appr\u00e9hender demain.", "start_date": "2026-04-27T02:50:00+00:00", "title": "Corsica Era"}, {"desc": null, "start_date": "2026-04-27T04:30:00+00:00", "title": "ICI Matin - RCFM"}, {"desc": "Invit\u00e9s : Jean-Paul Poletti et Jean-Louis Blaineau Titre : De Sart\u00e8ne vers le monde : Le choeur des hommes.", "start_date": "2026-04-27T06:12:00+00:00", "title": "Baz'art Le Mag"}, {"desc": null, "start_date": "2026-04-27T06:39:00+00:00", "title": "Paese"}, {"desc": null, "start_date": "2026-04-27T06:46:00+00:00", "title": "Paese"}, {"desc": "Une vir\u00e9e sur les routes corses, terre de passion auto, moto et bateau, \u00e0 la rencontre de personnalit\u00e9s, collectionneurs, pilotes ou professionnels.", "start_date": "2026-04-27T06:53:00+00:00", "title": "A Berlina"}, {"desc": "Sous le soleil de Montpellier, la vie de familles et divers personnages se croisent, entrem\u00ealant \u00e9troitement les fils d'histoires amicales ou amoureuses, dans lesquelles s'invitent parfois drames, deuils ou crimes. Virgile Berville tient la paillote \"Les Sauvages\", avec son associ\u00e9e Sofia. Apr\u00e8s 16 ans pass\u00e9s en Afrique, Claire est de retour \u00e0 Montpellier pour y reconstruire sa vie avec son fils T", "start_date": "2026-04-27T06:58:00+00:00", "title": "Un si grand soleil"}, {"desc": "Dans le 10e arrondissement de Paris, une entreprise familiale est sp\u00e9cialis\u00e9e dans le rapatriement de cercueils dans le pays d'origine des d\u00e9funts.", "start_date": "2026-04-27T07:20:00+00:00", "title": "Paradise travel"}, {"desc": "Des personnalit\u00e9s inspirantes \u00e9changent autour d'une th\u00e9matique puis\u00e9e dans le champ des sciences humaines et sociales, ou pour mieux conna\u00eetre une oeuvre et son auteur.", "start_date": "2026-04-27T08:13:00+00:00", "title": "Totem"}, {"desc": null, "start_date": "2026-04-27T08:40:00+00:00", "title": "Paese"}, {"desc": "A TRUVA CI IN LORETU Changement climatique, gestion obsol\u00e8te, infrastructures en retard et vieillissantes, la gestion de l'eau rev\u00eat de nombreux d\u00e9fis d'avenir notamment dans le rural. Si nombre de nos villages b\u00e9n\u00e9ficient toujours d'une ressource importante, tarissement des sources et besoins financiers imposent un changement de paradigme. Si n...", "start_date": "2026-04-27T08:48:00+00:00", "title": "A truva ci"}, {"desc": null, "start_date": "2026-04-27T09:20:00+00:00", "title": "A sfida"}, {"desc": null, "start_date": "2026-04-27T09:48:00+00:00", "title": "Oghje"}, {"desc": null, "start_date": "2026-04-27T10:28:00+00:00", "title": "M\u00e9t\u00e9o - Corse"}, {"desc": null, "start_date": "2026-04-27T10:30:00+00:00", "title": "ICI 12/13 - Corsica Prima"}, {"desc": "Un magazine qui explore les enjeux \u00e9cologiques et soci\u00e9taux li\u00e9s aux mers et oc\u00e9ans, r\u00e9v\u00e9lant leur r\u00f4le vital pour la plan\u00e8te et les d\u00e9fis de leur pr\u00e9servation.", "start_date": "2026-04-27T10:52:00+00:00", "title": "Une bouteille \u00e0 la mer"}, {"desc": null, "start_date": "2026-04-27T11:29:00+00:00", "title": "D'Umani"}, {"desc": null, "start_date": "2026-04-27T11:46:00+00:00", "title": "Oghje"}, {"desc": null, "start_date": "2026-04-27T12:22:00+00:00", "title": "M\u00e9t\u00e9o - Corse"}, {"desc": null, "start_date": "2026-04-27T12:23:00+00:00", "title": "ICI 12/13 - Corsica Prima"}, {"desc": "Cet agenda de la semaine permet de retrouver les rendez-vous quotidien sur les \u00e9v\u00e9nements culturels \u00e0 venir.", "start_date": "2026-04-27T12:41:00+00:00", "title": "Agenda"}, {"desc": "Damien est pr\u00eat \u00e0 prendre un risque pour prot\u00e9ger ses proches. De leur c\u00f4t\u00e9, Louis et Laurine se rapprochent : mais cette derni\u00e8re est-elle vraiment sinc\u00e8re ?", "start_date": "2026-04-27T12:44:00+00:00", "title": "Un si grand soleil"}, {"desc": "Sous le soleil de Montpellier, la vie de familles et divers personnages se croisent, entrem\u00ealant \u00e9troitement les fils d'histoires amicales ou amoureuses, dans lesquelles s'invitent parfois drames, deuils ou crimes. Virgile Berville tient la paillote \"Les Sauvages\", avec son associ\u00e9e Sofia. Apr\u00e8s 16 ans pass\u00e9s en Afrique, Claire est de retour \u00e0 Montpellier pour y reconstruire sa vie avec son fils T", "start_date": "2026-04-27T13:06:00+00:00", "title": "Un si grand soleil"}, {"desc": null, "start_date": "2026-04-27T13:28:00+00:00", "title": "ICI 12/13 - Corsica Prima"}, {"desc": "Une \u00e9quipe internationale de volcanologues tente, malgr\u00e9 des moyens limit\u00e9s, de pr\u00e9voir les \u00e9ruptions du Stromboli en explorant ses pentes d\u00e9sormais interdites.", "start_date": "2026-04-27T13:46:00+00:00", "title": "Stromboli 22"}, {"desc": "Martin fonctionne \u00e0 l'instinct. La m\u00e9t\u00e9o guide ses pas, ses aff\u00fbts et ses bivouacs en haute montagne. Il adore la solitude, et ce temps suspendu lui permet de photographier les animaux sauvages de la montagne, avec po\u00e9sie et majest\u00e9.", "start_date": "2026-04-27T14:45:00+00:00", "title": "L'Altore, l'appel du monde sauvage"}, {"desc": "- Lucile ANDREANI (cheffe du d\u00e9partement \"Sacs et Accessoires\" chez Christie's).", "start_date": "2026-04-27T15:38:00+00:00", "title": "Avec ou sans filtre"}, {"desc": null, "start_date": "2026-04-27T16:08:00+00:00", "title": "Les grands mythes"}, {"desc": null, "start_date": "2026-04-27T16:34:00+00:00", "title": "Parolle \u00e9 parolle"}, {"desc": null, "start_date": "2026-04-27T17:00:00+00:00", "title": "ICI 19/20 - Corsica Sera"}, {"desc": "Une analyse de l'actualit\u00e9 corse et m\u00e9diterran\u00e9enne \u00e0 travers enqu\u00eates et reportages, offrant un regard clair sur la politique, la soci\u00e9t\u00e9, l'\u00e9conomie et l'environnement.", "start_date": "2026-04-27T17:22:00+00:00", "title": "D\u00e9cryptages"}, {"desc": null, "start_date": "2026-04-27T17:47:00+00:00", "title": "M\u00e9t\u00e9o - Corse"}, {"desc": null, "start_date": "2026-04-27T17:54:00+00:00", "title": "JT - U Nutiziale"}, {"desc": null, "start_date": "2026-04-27T18:04:00+00:00", "title": "M\u00e9t\u00e9o de la M\u00e9diterran\u00e9e - Corse"}, {"desc": null, "start_date": "2026-04-27T18:11:00+00:00", "title": "Paese"}, {"desc": "Rendez-vous quotidien de proximit\u00e9 sur le patrimoine de nos villages, leurs origines. Francine et Florian vont \u00e0 la rencontre d'une personnalit\u00e9 du quotidien, mettront en avant un quartier, une association, un village, son histoire et celles de ceux qui les font vivre..", "start_date": "2026-04-27T18:19:00+00:00", "title": "Ind'\u00e8 voi"}, {"desc": "Toute l'actualit\u00e9 du sport en Corse, avec des r\u00e9sultats et des invit\u00e9s, des reportages et des analyses, ainsi que des d\u00e9bats sur tous les sujets sportifs.", "start_date": "2026-04-27T18:41:00+00:00", "title": "Sport in Corsica"}, {"desc": null, "start_date": "2026-04-27T19:10:00+00:00", "title": "Imma Tataranni, substitut du procureur"}, {"desc": null, "start_date": "2026-04-27T20:04:00+00:00", "title": "Imma Tataranni, substitut du procureur"}, {"desc": null, "start_date": "2026-04-27T21:17:00+00:00", "title": "M\u00e9t\u00e9o de la M\u00e9diterran\u00e9e - Corse"}, {"desc": null, "start_date": "2026-04-27T21:19:00+00:00", "title": "ICI 19/20 - Corsica Sera"}, {"desc": "Une analyse de l'actualit\u00e9 corse et m\u00e9diterran\u00e9enne \u00e0 travers enqu\u00eates et reportages, offrant un regard clair sur la politique, la soci\u00e9t\u00e9, l'\u00e9conomie et l'environnement.", "start_date": "2026-04-27T21:41:00+00:00", "title": "D\u00e9cryptages"}, {"desc": null, "start_date": "2026-04-27T22:06:00+00:00", "title": "JT - U Nutiziale"}, {"desc": null, "start_date": "2026-04-27T22:17:00+00:00", "title": "M\u00e9t\u00e9o - Corse"}, {"desc": "Toute l'actualit\u00e9 du sport en Corse, avec des r\u00e9sultats et des invit\u00e9s, des reportages et des analyses, ainsi que des d\u00e9bats sur tous les sujets sportifs.", "start_date": "2026-04-27T22:18:00+00:00", "title": "Sport in Corsica"}, {"desc": "Gr\u00e2ce \u00e0 des reconstitutions en images de synth\u00e8se, ce documentaire retrace les secrets de fabrication de la plus grande et exceptionnelle ville de l'Antiquit\u00e9: Rome. Trois de ses plus embl\u00e9matiques reviennent \u00e0 la vie, le Panth\u00e9on, le fastueux palais de N\u00e9ron et le l\u00e9gendaire Colis\u00e9e. Mod\u00e8le d'excellence architecturale, d'innovations et d'\u00e9ternit\u00e9, ce documentaire l\u00e8ve le voile sur Rome au temps d", "start_date": "2026-04-27T22:45:00+00:00", "title": "M\u00e9gapolis, les plus grandes villes de l'Antiquit\u00e9"}, {"desc": "La Bible, le livre des livres, est le plus grand \"best-seller\" de tous les temps. L'Ancien Testament, pilier des trois religions monoth\u00e9istes, a \u00e9t\u00e9 \u00e9crit \u00e0 une \u00e9poque inconnue par des auteurs inconnus. Les manuscrits de la mer Morte, d\u00e9couverts en 1947, ainsi que les progr\u00e8s de la science et les d\u00e9couvertes arch\u00e9ologiques, permettent de lever peu \u00e0 peu le voile sur ce myst\u00e8re. Dans cette enqu\u00eate ", "start_date": "2026-04-27T23:37:00+00:00", "title": "Qui a \u00e9crit la Bible ?"}], "offset": "+00:00", "timezone": "UTC", "error_code": -1, "start_date": "2026-04-26", "icon": ""}