{"end_date": "2026-08-28", "name": "France 3 Corse Via Stella", "info_url": "https://epg.pw/channels/516397/20260827.html", "country": "France", "description": null, "error_message": "", "provider": "", "source_url": "https://epg.pw/api/epg.json?channel_id=516397&date=20260827&timezone=None", "epg_list": [{"desc": "Au Domaine des Milelli, \u00e0 Ajaccio, Thomas, chef de chantier du CPIE, nous guide dans une v\u00e9ritable chasse aux intrus : fourmis, pucerons, chenilles Il partage ses techniques d'observation et de r\u00e9gulation pour limiter les d\u00e9g\u00e2ts sans d\u00e9s\u00e9quilibrer l'\u00e9cosyst\u00e8me du potager.", "start_date": "2026-08-28T18:03:00+00:00", "title": "L'ortu"}, {"desc": "Les invit\u00e9s de Corsica Era reviennent sur des \u00e9v\u00e9nements marquants de l'histoire contemporaine de la Corse, un regard vers hier pour mieux appr\u00e9hender demain.", "start_date": "2026-08-28T18:06:00+00:00", "title": "Corsica Era"}, {"desc": "L'histoire et l'\u00e9volution des plats m\u00e9diterran\u00e9ens au fil du temps, dans quels pays sont-ils propos\u00e9s et quelles ont \u00e9t\u00e9 ses transformations.", "start_date": "2026-08-28T18:20:00+00:00", "title": "Du soleil dans la cuisine"}, {"desc": "Un magazine de portraits consacr\u00e9 \u00e0 des figures sportives corses. Chaque \u00e9pisode propose une rencontre intime avec un invit\u00e9, d\u00e9voilant son parcours, ses racines et son univers.", "start_date": "2026-08-28T18:24:00+00:00", "title": "A domicile"}, {"desc": "V\u00e9ritables t\u00e9moins de l'histoire contemporaine insulaire, des anciens issus de tous horizons t\u00e9moignent de leur vision pass\u00e9e, pr\u00e9sente et \u00e0 venir de la Corse.", "start_date": "2026-08-28T18:39:00+00:00", "title": "Memoria"}, {"desc": "Parfois r\u00e9duit \u00e0 une image d'artiste maudit, Amedeo Modigliani, admirateur des ma\u00eetres de la Renaissance italienne, a trac\u00e9 dans l'art moderne un sillon sans \u00e9gal.", "start_date": "2026-08-28T18:45:00+00:00", "title": "Modigliani et ses secrets"}, {"desc": "En offrant \u00e0 Barcelone ses b\u00e2timents les plus embl\u00e9matiques, Antoni Gaud\u00ed a accompagn\u00e9 la profonde transformation de la ville \u00e0 la fin du XIXe si\u00e8cle, entre expansion urbaine au-del\u00e0 de ses murailles et prosp\u00e9rit\u00e9 li\u00e9e \u00e0 la r\u00e9volution industrielle. Une p\u00e9riode propice \u00e0 la cr\u00e9ation architecturale au cours de laquelle surgissent le parc G\u00fcell, l'immense et inachev\u00e9e Sagrada Fam\u00edlia, mais aussi des ", "start_date": "2026-08-28T19:38:00+00:00", "title": "Gaud\u00ed, le g\u00e9nie visionnaire de Barcelone"}, {"desc": null, "start_date": "2026-08-28T20:32:00+00:00", "title": "M\u00e9t\u00e9o de la M\u00e9diterran\u00e9e - Corse"}, {"desc": null, "start_date": "2026-08-28T20:34:00+00:00", "title": "ICI 19/20 - Corsica Sera"}, {"desc": null, "start_date": "2026-08-28T20:59:00+00:00", "title": "M\u00e9t\u00e9o - Corse"}, {"desc": "Les invit\u00e9s de Corsica Era reviennent sur des \u00e9v\u00e9nements marquants de l'histoire contemporaine de la Corse, un regard vers hier pour mieux appr\u00e9hender demain.", "start_date": "2026-08-28T21:03:00+00:00", "title": "Corsica Era"}, {"desc": "Jackie Poggioli enqu\u00eate sur la quasi\u2011invisibilit\u00e9 des femmes dans les statues, st\u00e8les et bustes publics corses. Une r\u00e9flexion pionni\u00e8re sur la m\u00e9moire collective et le genre.", "start_date": "2026-08-28T21:17:00+00:00", "title": "Tamanta squassera, un si long effacement"}, {"desc": "Jean-Marc Lanfranchi et Christophe Di Caro.", "start_date": "2026-08-28T22:18:00+00:00", "title": "Totem"}, {"desc": "Raymond ACQUAVIVA (homme de th\u00e9\u00e2tre et professeur de com\u00e9die).", "start_date": "2026-08-28T22:45:00+00:00", "title": "Avec ou sans filtre"}, {"desc": null, "start_date": "2026-08-28T23:16:00+00:00", "title": "Parolle \u00e9 parolle"}, {"desc": "Daniele di Bonaventura est un compositeur et bandon\u00e9oniste italien, reconnu pour sa ma\u00eetrise du bandon\u00e9on et son style musical \u00e9clectique. Alliant jazz, musique classique, et traditions musicales du monde, il cr\u00e9e des compositions riches en \u00e9motion et en subtilit\u00e9. \u00c0 ses c\u00f4t\u00e9s, Ilaria Pilar Patassini, chanteuse et auteur-compositrice italienne, ...", "start_date": "2026-08-28T23:44:00+00:00", "title": "Dolce notte"}], "offset": "+00:00", "timezone": "UTC", "error_code": -1, "start_date": "2026-08-28", "icon": ""}