{"end_date": "2026-08-29", "name": "France 3 Corse Via Stella", "info_url": "https://epg.pw/channels/516397/20260828.html", "country": "France", "description": null, "error_message": "", "provider": "", "source_url": "https://epg.pw/api/epg.json?channel_id=516397&date=20260828&timezone=None", "epg_list": [{"desc": "Au Domaine des Milelli, \u00e0 Ajaccio, Thomas, chef de chantier du CPIE, nous guide dans une v\u00e9ritable chasse aux intrus : fourmis, pucerons, chenilles Il partage ses techniques d'observation et de r\u00e9gulation pour limiter les d\u00e9g\u00e2ts sans d\u00e9s\u00e9quilibrer l'\u00e9cosyst\u00e8me du potager.", "start_date": "2026-08-28T18:03:00+00:00", "title": "L'ortu"}, {"desc": "Les invit\u00e9s de Corsica Era reviennent sur des \u00e9v\u00e9nements marquants de l'histoire contemporaine de la Corse, un regard vers hier pour mieux appr\u00e9hender demain.", "start_date": "2026-08-28T18:06:00+00:00", "title": "Corsica Era"}, {"desc": "L'histoire et l'\u00e9volution des plats m\u00e9diterran\u00e9ens au fil du temps, dans quels pays sont-ils propos\u00e9s et quelles ont \u00e9t\u00e9 ses transformations.", "start_date": "2026-08-28T18:20:00+00:00", "title": "Du soleil dans la cuisine"}, {"desc": "Un magazine de portraits consacr\u00e9 \u00e0 des figures sportives corses. Chaque \u00e9pisode propose une rencontre intime avec un invit\u00e9, d\u00e9voilant son parcours, ses racines et son univers.", "start_date": "2026-08-28T18:24:00+00:00", "title": "A domicile"}, {"desc": "V\u00e9ritables t\u00e9moins de l'histoire contemporaine insulaire, des anciens issus de tous horizons t\u00e9moignent de leur vision pass\u00e9e, pr\u00e9sente et \u00e0 venir de la Corse.", "start_date": "2026-08-28T18:39:00+00:00", "title": "Memoria"}, {"desc": "Parfois r\u00e9duit \u00e0 une image d'artiste maudit, Amedeo Modigliani, admirateur des ma\u00eetres de la Renaissance italienne, a trac\u00e9 dans l'art moderne un sillon sans \u00e9gal.", "start_date": "2026-08-28T18:45:00+00:00", "title": "Modigliani et ses secrets"}, {"desc": "En offrant \u00e0 Barcelone ses b\u00e2timents les plus embl\u00e9matiques, Antoni Gaud\u00ed a accompagn\u00e9 la profonde transformation de la ville \u00e0 la fin du XIXe si\u00e8cle, entre expansion urbaine au-del\u00e0 de ses murailles et prosp\u00e9rit\u00e9 li\u00e9e \u00e0 la r\u00e9volution industrielle. Une p\u00e9riode propice \u00e0 la cr\u00e9ation architecturale au cours de laquelle surgissent le parc G\u00fcell, l'immense et inachev\u00e9e Sagrada Fam\u00edlia, mais aussi des ", "start_date": "2026-08-28T19:38:00+00:00", "title": "Gaud\u00ed, le g\u00e9nie visionnaire de Barcelone"}, {"desc": null, "start_date": "2026-08-28T20:32:00+00:00", "title": "M\u00e9t\u00e9o de la M\u00e9diterran\u00e9e - Corse"}, {"desc": null, "start_date": "2026-08-28T20:34:00+00:00", "title": "ICI 19/20 - Corsica Sera"}, {"desc": null, "start_date": "2026-08-28T20:59:00+00:00", "title": "M\u00e9t\u00e9o - Corse"}, {"desc": "Les invit\u00e9s de Corsica Era reviennent sur des \u00e9v\u00e9nements marquants de l'histoire contemporaine de la Corse, un regard vers hier pour mieux appr\u00e9hender demain.", "start_date": "2026-08-28T21:03:00+00:00", "title": "Corsica Era"}, {"desc": "Jackie Poggioli enqu\u00eate sur la quasi\u2011invisibilit\u00e9 des femmes dans les statues, st\u00e8les et bustes publics corses. Une r\u00e9flexion pionni\u00e8re sur la m\u00e9moire collective et le genre.", "start_date": "2026-08-28T21:17:00+00:00", "title": "Tamanta squassera, un si long effacement"}, {"desc": "Jean-Marc Lanfranchi et Christophe Di Caro.", "start_date": "2026-08-28T22:18:00+00:00", "title": "Totem"}, {"desc": "Raymond ACQUAVIVA (homme de th\u00e9\u00e2tre et professeur de com\u00e9die).", "start_date": "2026-08-28T22:45:00+00:00", "title": "Avec ou sans filtre"}, {"desc": null, "start_date": "2026-08-28T23:16:00+00:00", "title": "Parolle \u00e9 parolle"}, {"desc": "Daniele di Bonaventura est un compositeur et bandon\u00e9oniste italien, reconnu pour sa ma\u00eetrise du bandon\u00e9on et son style musical \u00e9clectique. Alliant jazz, musique classique, et traditions musicales du monde, il cr\u00e9e des compositions riches en \u00e9motion et en subtilit\u00e9. \u00c0 ses c\u00f4t\u00e9s, Ilaria Pilar Patassini, chanteuse et auteur-compositrice italienne, ...", "start_date": "2026-08-28T23:44:00+00:00", "title": "Dolce notte"}, {"desc": "Via night Show Emission de divertissement / late show Coordination d'emission Colomba Casanova Pr\u00e9sentation : Florian Carri\u00e9 Un rendez-vous autour de l'humour et de la culture, dans lequel Florian re\u00e7oit des invit\u00e9s connus ou moins connus, issus de tous les milieux. Homme politique, artiste, sportif ou chef d'entreprise, ils sont pr\u00eats \u00e0 se livr...", "start_date": "2026-08-29T00:45:00+00:00", "title": "Via Night Show"}, {"desc": null, "start_date": "2026-08-29T01:13:00+00:00", "title": "Ascolta"}, {"desc": null, "start_date": "2026-08-29T01:46:00+00:00", "title": "Parolle \u00e9 parolle"}, {"desc": "M\u00e9diterran\u00e9o traite de l'ensemble du monde m\u00e9diterran\u00e9en: son histoire, sa culture, ses sites, sa gastronomie, ses habitants. Enqu\u00eates et reportages.", "start_date": "2026-08-29T03:43:00+00:00", "title": "Mediterraneo"}, {"desc": "Apr\u00e8s un atterrissage incontr\u00f4l\u00e9, Cosima, une astronaute de 7 ans, et son p\u00e8re scientifique se retrouvent sur une plan\u00e8te pleine de plantes et cr\u00e9atures \u00e9tranges. Cosima rencontre alors Gros L\u00e9zard, un amphibien pr\u00e9historique, loufoque mais adorable, dot\u00e9 de huit doigts \u00e0 chaque main. C'est le d\u00e9but d'une amiti\u00e9 inattendue, pleine d'humour et de tendresse, o\u00f9 chacun apprend de l'autre, tout en exp", "start_date": "2026-08-29T05:01:00+00:00", "title": "Gros l\u00e9zard"}, {"desc": null, "start_date": "2026-08-29T05:08:00+00:00", "title": "Les mini-h\u00e9ros de la for\u00eat"}, {"desc": "Pompon, petit ourson, a 6 ans. Il est espi\u00e8gle, gai et joueur mais, surtout, il poss\u00e8de un talent qui fait la joie de sa meilleure amie Rita et de ses parents.", "start_date": "2026-08-29T05:15:00+00:00", "title": "Pompon Ours"}, {"desc": "Billy, un hamster tr\u00e8s malin, vit avec son papa dans un ranch en rondins, au coeur de l'Ouest sauvage, premier canyon \u00e0 gauche avant la montagne.", "start_date": "2026-08-29T05:22:00+00:00", "title": "Billy, le hamster cowboy"}, {"desc": "Nous sommes \u00e0 l'\u00e8re du Croustillant Sup\u00e9rieur, une p\u00e9riode o\u00f9 le monde est domin\u00e9 par les cr\u00e9atures les plus juteuses et les plus vitamin\u00e9es qui ont jamais habit\u00e9 notre plan\u00e8te: Les plantureux v\u00e9g\u00e9tosaures. Suivez les savoureuses aventures de Ginger, une jeune tricarrotops, et ses nouveaux amis les petit pois Rex.", "start_date": "2026-08-29T05:33:00+00:00", "title": "V\u00e9g\u00e9tosaures"}, {"desc": "Nous sommes \u00e0 l'\u00e8re du Croustillant Sup\u00e9rieur, une p\u00e9riode o\u00f9 le monde est domin\u00e9 par les cr\u00e9atures les plus juteuses et les plus vitamin\u00e9es qui ont jamais habit\u00e9 notre plan\u00e8te: Les plantureux v\u00e9g\u00e9tosaures. Suivez les savoureuses aventures de Ginger, une jeune tricarrotops, et ses nouveaux amis les petit pois Rex.", "start_date": "2026-08-29T05:38:00+00:00", "title": "V\u00e9g\u00e9tosaures"}, {"desc": null, "start_date": "2026-08-29T05:43:00+00:00", "title": "SamSam"}, {"desc": null, "start_date": "2026-08-29T05:55:00+00:00", "title": "SamSam"}, {"desc": "T'choupi quitte ses amis et sa maison pour passer les vacances d'\u00e9t\u00e9 \u00e0 la campagne, dans un g\u00eete rural au coeur de la nature, un environnement tr\u00e8s inhabituel pour le petit pingouin qui va aller de d\u00e9couverte en d\u00e9couverte et de rencontre en rencontre. Avec l'aide de Nina, sa nouvelle amie, plus \u00e0 l'aise avec les animaux qu'avec les poup\u00e9es, il parcourt de long en large ce nouveau terrain de jeux ", "start_date": "2026-08-29T06:07:00+00:00", "title": "T'choupi \u00e0 la campagne"}, {"desc": "Ins\u00e9parables, une soeur et deux fr\u00e8res du m\u00eame \u00e2ge passent des b\u00eatises aux mots tendres en tr\u00e8s peu de temps. Comme beaucoup d'enfants, ils savent comment obtenir des choses en se montrant adorables puis bien plus polissons et espi\u00e8gles d\u00e8s que les adultes ont le dos tourn\u00e9. Leur m\u00e8re et leur grand-p\u00e8re ont parfois bien du mal \u00e0 canaliser l'\u00e9nergie des trois bambins et \u00e0 rivaliser avec leur imagin", "start_date": "2026-08-29T06:14:00+00:00", "title": "Les tripl\u00e9s"}, {"desc": null, "start_date": "2026-08-29T06:21:00+00:00", "title": "Y\u00e9tili"}, {"desc": null, "start_date": "2026-08-29T06:28:00+00:00", "title": "Les gardes chim\u00e8res"}, {"desc": "Boog et Elliot d\u00e9couvrent un endroit isol\u00e9 en pleine for\u00eat. Aussit\u00f4t, ils d\u00e9cident d'y construire un havre de paix pour tous les animaux, afin qu'ils puissent y vivre en toute s\u00e9curit\u00e9. Mais cr\u00e9er une communaut\u00e9 est plus difficile \u00e0 faire que de l'imaginer. Ils doivent apprendre \u00e0 s'entraider, se souder les coudes et trouver des solutions \u00e0 de nombreux petits et gros tracas. Une s\u00e9rie d'animation ", "start_date": "2026-08-29T06:39:00+00:00", "title": "Les rebelles de la for\u00eat, la s\u00e9rie"}, {"desc": null, "start_date": "2026-08-29T06:51:00+00:00", "title": "Il \u00e9tait une fois... ces dr\u00f4les d'objets"}, {"desc": "Louis et Abacus veulent faire une partie de leur jeu pr\u00e9f\u00e9r\u00e9 mais ils ne trouvent pas de place confortable, calme et tranquille, malgr\u00e9 avoir tout essay\u00e9.", "start_date": "2026-08-29T06:58:00+00:00", "title": "Bienvenue chez les Mouche"}, {"desc": "En utilisant la m\u00eame technique que celle du programme A\u011e Scooby-Doo mission environnement A\u011f (d\u00e9tournement et ajouts de photos, de videos et d'\u00e9l\u00e9ments graphiques), Kayenta nous propose nla cr\u00e9ation de 20 modules d'environ 5mn autour de la s\u00e9rie A\u011e Quoi de neuf Scooby-Doo? A\u011f. Dans chaque \u00e9pisode, et par th\u00e9matique, le Scooby-Gang se rend aux 4 coins du globe pour enqu\u00eater net nous faire d\u00e9couvrir", "start_date": "2026-08-29T07:09:00+00:00", "title": "Scooby Doo et les myst\u00e8res de la nature"}, {"desc": "La protection de l'environnement est l'affaire de tous, des grands comme des tout-petits. Pour aider les enfants \u00e0 comprendre les enjeux environnementaux de mani\u00e8re ludique, Scooby-Doo et ses amis enqu\u00eatent sur la biodiversit\u00e9, la pollution, l'agriculture bio ou encore la d\u00e9forestation. Des r\u00e9ponses claires, de l'humour et de l'interactivit\u00e9 pour permettre aux jeunes t\u00e9l\u00e9spectateurs de mieux compr", "start_date": "2026-08-29T07:15:00+00:00", "title": "Scooby-Doo : mission environnement"}, {"desc": "Au beau milieu des champs, une bande d'enfant vit au petit village de Bellefontaine. Rapha\u00ebl, Lina, P'tit Pied et Grande Perche remplissent leur quotidien d'aventures tr\u00e9pidantes gr\u00e2ce \u00e0 une imagination sans limites.", "start_date": "2026-08-29T07:21:00+00:00", "title": "Partie de campagne"}, {"desc": null, "start_date": "2026-08-29T07:33:00+00:00", "title": "Les As de la Jungle (langue Corse)"}, {"desc": "DANS CHAQUE EPISODES UNE PETITE FILLE ET SON FRERE OBSERVATEURS CURIEUX ET BIENVEILLANTS DECOUVRENT UN ANIMAL FILME DANS SON HABITAT NATUREL . LES ENFANTS SONT DES TEMOIns PRIVILEGIES DES GRANDES ETAPES D'APPRENTISSAGE DE L'ANIMAL DE LA NAISSANCE A L'AGE ADULTE ETABLISSANT AINSI UN PARALLELE ETONNANT AVEC LEUR PROPRE VIE.", "start_date": "2026-08-29T07:44:00+00:00", "title": "Si j'\u00e9tais un animal"}, {"desc": null, "start_date": "2026-08-29T07:50:00+00:00", "title": "Trotro"}, {"desc": null, "start_date": "2026-08-29T07:53:00+00:00", "title": "Trotro"}, {"desc": null, "start_date": "2026-08-29T07:58:00+00:00", "title": "Les grands mythes"}, {"desc": "Les tr\u00e9sors apparaissent \u00e0 ceux qui savent les chercher. Au palais de Monaco, ceux-l\u00e0 ont pris la forme de fabuleuses et gigantesques fresques de la Renaissance, dissimul\u00e9es sous des repeints depuis plusieurs si\u00e8cles et remises au jour en 2013. 600 m2 de d\u00e9cors o\u00f9 se m\u00ealent th\u00e8mes mythologiques et grotesques d'une qualit\u00e9 exceptionnelle. Qui en sont les auteurs ? Et quelles sont leurs significatio", "start_date": "2026-08-29T08:24:00+00:00", "title": "Palais de Monaco : dans le secret des fresques oubli\u00e9es"}, {"desc": "Anne-Catherine Verwaerde, fondatrice de \"La Petite Brocante\", et habitu\u00e9e de l'\u00e9mission \"Affaire conclue\", est le chef de bande d'une \u00e9quipe de passionn\u00e9s qui, chaque semaine, d\u00e9couvrent les nouvelles tendances de la d\u00e9coration int\u00e9rieure, en pensant aussi consommation et \u00e9cologie.", "start_date": "2026-08-29T09:18:00+00:00", "title": "Int\u00e9rieurs"}, {"desc": null, "start_date": "2026-08-29T09:47:00+00:00", "title": "Al Dente"}, {"desc": null, "start_date": "2026-08-29T10:26:00+00:00", "title": "M\u00e9t\u00e9o - Corse"}, {"desc": null, "start_date": "2026-08-29T10:30:00+00:00", "title": "ICI 12/13 - Corsica Prima"}, {"desc": "Une d\u00e9couverte de la richesse du patrimoine de la Corse \u00e0 travers plusieurs grandes th\u00e9matiques, comme les fortifications, le patrimoine civil, l'architecture publique et la statuaire, l'art religieux ou encore le patrimoine industriel. Les \u00e9volutions du b\u00e2ti insulaire sont racont\u00e9es de fa\u00e7on chronologique \u00e0 l'aide d'exemples r\u00e9partis sur l'ensemble de l'\u00eele. La visite et le d\u00e9cryptage de ces lieu", "start_date": "2026-08-29T10:40:00+00:00", "title": "Les tr\u00e9sors du patrimoine corse"}, {"desc": "Un regard in\u00e9dit sur les jardins contemporains. Plongez au coeur de la cr\u00e9ation paysag\u00e8re la plus r\u00e9cente avec ceux qui s'attachent A inventer des solutions innovantes pour offrir des espaces de respiration et de po\u00e9sie dans un monde de plus en plus urbanis\u00e9.", "start_date": "2026-08-29T10:52:00+00:00", "title": "Jardins d'ici et d'ailleurs"}, {"desc": "Le symposium est l'\u00e9v\u00e9nement social, le plus embl\u00e9matique du monde antique. Lors de ce banquet aux rituels bien pr\u00e9cis et sacr\u00e9s, le vin tenait une place centrale, a tel point que le po\u00e8te grecque Eubule, alerte sur les 10 stades de l'ivresse ! Mais encore aujourd'hui, f\u00eate et vin restent indissociables Que nous reste-t'il de ce vieux couple...", "start_date": "2026-08-29T11:18:00+00:00", "title": "In Vino Veritas"}, {"desc": "Rencontre avec Jean-Charles Ricci v\u00e9ritable passionn\u00e9 qui poss\u00e8de une collection aussi riche qu'\u00e9clectique. C'est aussi le d\u00e9l\u00e9gu\u00e9 r\u00e9gional de la FFVE, l'occasion d'expliquer l'utilit\u00e9 d'une telle f\u00e9d\u00e9ration dans le monde du v\u00e9hicule ancien et d'assister \u00e0 un rassemblement \"toutes marques et toutes \u00e9poques\". Cinq motards qui se retrouvent 50 ans...", "start_date": "2026-08-29T11:32:00+00:00", "title": "A Berlina"}, {"desc": null, "start_date": "2026-08-29T12:01:00+00:00", "title": "ICI 12/13 - Corsica Prima"}, {"desc": null, "start_date": "2026-08-29T12:11:00+00:00", "title": "M\u00e9t\u00e9o - Corse"}, {"desc": "H\u00e9rv\u00e9 Lucchini Villa Cardelini / + MAIRE ?", "start_date": "2026-08-29T12:17:00+00:00", "title": "Ind'\u00e8 voi"}, {"desc": "Nous irons voir l'exposition dans la Citerne \u00e0 Corte qui se trouve dans la citadelle, une exposition de photos d'un photographe Turc. Un partenariat mis en place par la Fondation Universitaire, Popul'arte et l'ambassade Turque en compagnie d'Elodie Pinet ainsi que de 2 \u00e9tudiants qui ont particip\u00e9 \u00e0 la sc\u00e9nographie.", "start_date": "2026-08-29T12:37:00+00:00", "title": "Ind'\u00e8 voi"}, {"desc": "Gilles et Alex Lucchini. H\u00f4tel de la poste restaurant.", "start_date": "2026-08-29T12:56:00+00:00", "title": "Ind'\u00e8 voi"}, {"desc": "Nous irons \u00e0 la rencontre de Vannina une jeune poti\u00e8re qui nous parle de sa reconversion professionnelle et des ateliers de poterie qu'elle donne au village, puis nous irons \u00e0 Lama pour rencontrer l'association du festival du film sur sa programmation hivernale.", "start_date": "2026-08-29T13:16:00+00:00", "title": "Ind'\u00e8 voi"}, {"desc": "Caroline Boeglin pousse la porte d'un h\u00f4tel particulier r\u00e9mois de 1890, transform\u00e9 par Eric et Catherine, en un \u00e9l\u00e9gant et lumineux appartement. Dans cet \u00e9pisode, Caroline et Eric vont aussi \u00e0 la rencontre de S\u00e9bastien, chineur et collectionneur de plaques \u00e9maill\u00e9es, de J\u00e9r\u00f4me Leclere, artisan m\u00e9tallier r\u00e9mois, v\u00e9ritable artiste du m\u00e9tal, ainsi ...", "start_date": "2026-08-29T13:35:00+00:00", "title": "Cosy, le mag d\u00e9co"}, {"desc": "Au nord-est de l'Italie, en V\u00e9n\u00e9tie, Padoue abrite le plus ancien jardin botanique au monde, fond\u00e9 en 1545, et \u00e0 l'origine de la science botanique.", "start_date": "2026-08-29T14:02:00+00:00", "title": "Jardins d'ici et d'ailleurs"}, {"desc": "Durant des si\u00e8cles la M\u00e9diterran\u00e9e a \u00e9t\u00e9 sillonn\u00e9e par des corsaires op\u00e9rant de fa\u00e7on l\u00e9gale pour le compte des grandes puissances rivales musulmanes et chr\u00e9tiennes avec l'objectif de s'emparer de butins mais aussi d'\u00eatre humains r\u00e9duits A l'esclavage. Comment est n\u00e9 le ph\u00e9nom\u00e8ne de la guerre de course ? Pourquoi a-t-il dur\u00e9 si longtemps ? Quell...", "start_date": "2026-08-29T14:29:00+00:00", "title": "Temps d'histoire"}, {"desc": "La Corse a toujours \u00e9t\u00e9 l'une des \u00eeles les plus riches en eau de la M\u00e9diterran\u00e9e. Une ressource pr\u00e9cieuse que les populations ont sans cesse cherch\u00e9 \u00e0 recueillir et \u00e0 ma\u00eetriser. Une volont\u00e9 qui a entrain\u00e9 les insulaires \u00e0 rivaliser d'ing\u00e9niosit\u00e9 pour b\u00e2tir de tr\u00e8s nombreux \u00e9difices et ouvrages d'art qui ont jou\u00e9 un r\u00f4le essentiel dans l'histoire de l'\u00eele. Les citernes, fontaines et lavoirs remplis", "start_date": "2026-08-29T15:22:00+00:00", "title": "Les tr\u00e9sors du patrimoine corse"}, {"desc": "Apr\u00e8s avoir \u00e9gren\u00e9, dans une premi\u00e8re saison, les destins des dieux et h\u00e9ros de la mythologie grecque, Fran\u00e7ois Busnel s'empare ici de l'Iliade, \u00e9pop\u00e9e hom\u00e9rique contant la guerre de Troie. Au fil d'un r\u00e9cit aussi pr\u00e9cis qu'enlev\u00e9, il convoque po\u00e9tiques animations en 2D et 3D, aux noires silhouettes inspir\u00e9es des vases antiques, et abondante iconographie traversant l'histoire de l'art, des statues", "start_date": "2026-08-29T16:15:00+00:00", "title": "Les grands mythes"}, {"desc": "Estelle Giacometti et J\u00e9r\u00e9my Leandri nous emm\u00e8nent en balade au d\u00e9part du col de Vizzavona. Le fort, la rivi\u00e8re, les bergeries de Turtetu et le majestueux Monte d'Oru nous accompagnent pour une vir\u00e9e aux allures automnales. H\u00e9l\u00e8ne Paolini-Saez et Nadia Federzoni, arch\u00e9ologues, nous expliquent la promenade jusqu'\u00e0 l'abri Southwell et Alexandre Honore-Giacomoni, garde forestier nous raconte la for\u00eat", "start_date": "2026-08-29T16:42:00+00:00", "title": "Andemu"}, {"desc": null, "start_date": "2026-08-29T17:00:00+00:00", "title": "ICI 19/20 - Corsica Sera"}, {"desc": null, "start_date": "2026-08-29T17:18:00+00:00", "title": "M\u00e9t\u00e9o - Corse"}, {"desc": "La sortie de l'\u00e9t\u00e9 ouvre une \u00e9tape essentielle dans la cycle de la vigne. Apr\u00e8s 1 an d'observation, d'attention et de stress, les grappes sont enfin l\u00e0, pr\u00eatent \u00e0 \u00eatre r\u00e9colt\u00e9es. Les vendanges peuvent d\u00e9marrer ! Les raisins, gorg\u00e9s de soleil et d'ar\u00f4mes, donneront du jus,Jus qui se transformera en VIN.", "start_date": "2026-08-29T17:24:00+00:00", "title": "In Vino Veritas"}, {"desc": "Dans la vall\u00e9e de la Casaluna, sur la commune de Cambia, un oc\u00e9an de verdure abrite d'\u00e9tranges traces du pass\u00e9. D'embl\u00e9e, le territoire d'A Petra Frisgiata, ne laisse pas indiff\u00e9rent, il faut savoir le traverser, se laisser porter par son \u00e9nergie et surtout ouvrir l'oeil et le bon. Avec Antonia Colonna, ma\u00eetre de conf\u00e9rences en arch\u00e9ologie et pr\u00e9histoire.", "start_date": "2026-08-29T17:36:00+00:00", "title": "Au commencement"}, {"desc": null, "start_date": "2026-08-29T17:47:00+00:00", "title": "M\u00e9t\u00e9o de la M\u00e9diterran\u00e9e - Corse"}, {"desc": "Une d\u00e9couverte de la richesse du patrimoine de la Corse \u00e0 travers plusieurs grandes th\u00e9matiques, comme les fortifications, le patrimoine civil, l'architecture publique et la statuaire, l'art religieux ou encore le patrimoine industriel. Les \u00e9volutions du b\u00e2ti insulaire sont racont\u00e9es de fa\u00e7on chronologique \u00e0 l'aide d'exemples r\u00e9partis sur l'ensemble de l'\u00eele. La visite et le d\u00e9cryptage de ces lieu", "start_date": "2026-08-29T17:49:00+00:00", "title": "Les tr\u00e9sors du patrimoine corse"}, {"desc": "Le photographe Fran\u00e7ois Desjobert remonte le temps \u00e0 travers ses clich\u00e9s et nous confie le hors champ des photos qui ont fait sa renomm\u00e9e. Derri\u00e8re le clich\u00e9 d'un \u00e9v\u00e8nement, d'un portrait, d'un paysage, d'un instant suspendu que s'est-il pass\u00e9? Dans quelles conditions le photographe a-t-il d\u00e9clench\u00e9?", "start_date": "2026-08-29T17:58:00+00:00", "title": "L'oeil de Desjobert"}, {"desc": "Au coeur de l'actualit\u00e9, ils font les affaires de certains particuliers et la perte des h\u00f4teliers ; les meubl\u00e9s de tourisme fleurissent en Corse comme ailleurs via des plateformes en ligne bien connues. Quel impact sur le logement ? Les prix du foncier ? Et le mode de vie insulaire ? Apmlus et professionnels d\u00e9battent d'une r\u00e9gulation.", "start_date": "2026-08-29T18:03:00+00:00", "title": "A truva ci"}, {"desc": "Une \u00e9quipe de t\u00e9l\u00e9vision corse r\u00e9alise un documentaire sur le personnage historique pr\u00e9f\u00e9r\u00e9 de l'\u00eele, Pasquale Paoli, h\u00e9ros de jeunesse du c\u00e9l\u00e9brissime Napol\u00e9on, lorsqu'elle se rend compte, au cours de ses interviews, que de nombreux insulaires attendent qu'un c\u00e9l\u00e8bre r\u00e9alisateur hollywoodien propulse la vie du Babbu di a Patria sur grand \u00e9cran. Si la vie de Paoli ferait \u00e9videmment une fresque his", "start_date": "2026-08-29T18:34:00+00:00", "title": "Paoliwood"}, {"desc": "V\u00e9ritables t\u00e9moins de l'histoire contemporaine insulaire, des anciens issus de tous horizons t\u00e9moignent de leur vision pass\u00e9e, pr\u00e9sente et \u00e0 venir de la Corse.", "start_date": "2026-08-29T18:40:00+00:00", "title": "Memoria"}, {"desc": "La Chica, chanteuse franco-v\u00e9n\u00e9zu\u00e9lienne, est une artiste unique dont l'univers musical fusionne les influences de ses deux cultures. Elle combine des rythmes latins traditionnels avec des \u00e9l\u00e9ments modernes de pop, de hip-hop et d'\u00e9lectro. Avec une voix puissante et expressive, La Chica explore des th\u00e8mes comme l'identit\u00e9, la r\u00e9silience et la sp...", "start_date": "2026-08-29T18:45:00+00:00", "title": "Dolce notte"}, {"desc": "Qu'\u00e9coutent majoritairement les jeunes Corses aujourd'hui ? Canta, I Muvrini ? Oui un peu, mais avant tout Aya Nakamura, Jul, Dadju ou Orelsan, comme les jeunes continentaux ! Que dansent ces m\u00eames jeunes ? Le quadrille corse ? Pas vraiment, plut\u00f4t le hip-hop, le shuffle ou le floss, dont on retrouve aujourd'hui les plus belles repr\u00e9sentations s...", "start_date": "2026-08-29T19:45:00+00:00", "title": "Corsica urbana"}, {"desc": null, "start_date": "2026-08-29T20:38:00+00:00", "title": "M\u00e9t\u00e9o de la M\u00e9diterran\u00e9e - Corse"}, {"desc": null, "start_date": "2026-08-29T20:41:00+00:00", "title": "ICI 19/20 - Corsica Sera"}, {"desc": null, "start_date": "2026-08-29T20:59:00+00:00", "title": "M\u00e9t\u00e9o - Corse"}, {"desc": null, "start_date": "2026-08-29T21:03:00+00:00", "title": "Paese"}, {"desc": "Rendez-vous quotidien de proximit\u00e9 sur le patrimoine de nos villages, leurs origines. Francine et Florian vont \u00e0 la rencontre d'une personnalit\u00e9 du quotidien, mettront en avant un quartier, une association, un village, son histoire et celles de ceux qui les font vivre..", "start_date": "2026-08-29T21:36:00+00:00", "title": "Ind'\u00e8 voi"}, {"desc": "Nous irons dans la citadelle rencontrer Anne-Marie Piazzoli directrice de l'office de tourisme de Calvi qui nous parle de la visite g\u00e9n\u00e9r\u00e9e par l'IA \u00e0 la rencontre de Christophe Colomb. Une application qui nous permet d'avoir une visite singuli\u00e8re et sur mesure en fonction des questions pos\u00e9es \u00e0 LIV, un outil cr\u00e9e par Romain Deceuninck que nous rejoindrons pour la visite in situ \u00e0 la rencontre du ", "start_date": "2026-08-29T21:52:00+00:00", "title": "Ind'\u00e8 voi"}, {"desc": "Rendez-vous quotidien de proximit\u00e9 sur le patrimoine de nos villages, leurs origines. Francine et Florian vont \u00e0 la rencontre d'une personnalit\u00e9 du quotidien, mettront en avant un quartier, une association, un village, son histoire et celles de ceux qui les font vivre..", "start_date": "2026-08-29T22:12:00+00:00", "title": "Ind'\u00e8 voi"}, {"desc": "Nous irons \u00e0 la rencontre de Stella Massoni une jeune d\u00e9coratrice d'int\u00e9rieur qui nous fait d\u00e9couvrir ses cr\u00e9ations et la mani\u00e8re dont elle r\u00e9invente les lieux avec des mat\u00e9riaux orignaux et des tissus qu'elle d\u00e9niche avec talent ! Nous irons la rencontrer o\u00f9 elle cr\u00e9e et elle nous emm\u00e8nera dans les lieux qu'elle \u00e0 transform\u00e9!", "start_date": "2026-08-29T22:29:00+00:00", "title": "Ind'\u00e8 voi"}, {"desc": "Via night Show Emission de divertissement / late show Coordination d'emission Colomba Casanova Pr\u00e9sentation : Florian Carri\u00e9 Un rendez-vous autour de l'humour et de la culture, dans lequel Florian re\u00e7oit des invit\u00e9s connus ou moins connus, issus de tous les milieux. Homme politique, artiste, sportif ou chef d'entreprise, ils sont pr\u00eats \u00e0 se livr...", "start_date": "2026-08-29T22:48:00+00:00", "title": "Via Night Show"}, {"desc": null, "start_date": "2026-08-29T23:17:00+00:00", "title": "Parolle \u00e9 parolle"}], "offset": "+00:00", "timezone": "UTC", "error_code": -1, "start_date": "2026-08-28", "icon": ""}