{"end_date": "2026-08-30", "name": "France 3 Corse Via Stella", "info_url": "https://epg.pw/channels/516397/20260829.html", "country": "France", "description": null, "error_message": "", "provider": "", "source_url": "https://epg.pw/api/epg.json?channel_id=516397&date=20260829&timezone=None", "epg_list": [{"desc": "Via night Show Emission de divertissement / late show Coordination d'emission Colomba Casanova Pr\u00e9sentation : Florian Carri\u00e9 Un rendez-vous autour de l'humour et de la culture, dans lequel Florian re\u00e7oit des invit\u00e9s connus ou moins connus, issus de tous les milieux. Homme politique, artiste, sportif ou chef d'entreprise, ils sont pr\u00eats \u00e0 se livr...", "start_date": "2026-08-29T00:45:00+00:00", "title": "Via Night Show"}, {"desc": null, "start_date": "2026-08-29T01:13:00+00:00", "title": "Ascolta"}, {"desc": null, "start_date": "2026-08-29T01:46:00+00:00", "title": "Parolle \u00e9 parolle"}, {"desc": "M\u00e9diterran\u00e9o traite de l'ensemble du monde m\u00e9diterran\u00e9en: son histoire, sa culture, ses sites, sa gastronomie, ses habitants. Enqu\u00eates et reportages.", "start_date": "2026-08-29T03:43:00+00:00", "title": "Mediterraneo"}, {"desc": "Apr\u00e8s un atterrissage incontr\u00f4l\u00e9, Cosima, une astronaute de 7 ans, et son p\u00e8re scientifique se retrouvent sur une plan\u00e8te pleine de plantes et cr\u00e9atures \u00e9tranges. Cosima rencontre alors Gros L\u00e9zard, un amphibien pr\u00e9historique, loufoque mais adorable, dot\u00e9 de huit doigts \u00e0 chaque main. C'est le d\u00e9but d'une amiti\u00e9 inattendue, pleine d'humour et de tendresse, o\u00f9 chacun apprend de l'autre, tout en exp", "start_date": "2026-08-29T05:01:00+00:00", "title": "Gros l\u00e9zard"}, {"desc": null, "start_date": "2026-08-29T05:08:00+00:00", "title": "Les mini-h\u00e9ros de la for\u00eat"}, {"desc": "Pompon, petit ourson, a 6 ans. Il est espi\u00e8gle, gai et joueur mais, surtout, il poss\u00e8de un talent qui fait la joie de sa meilleure amie Rita et de ses parents.", "start_date": "2026-08-29T05:15:00+00:00", "title": "Pompon Ours"}, {"desc": "Billy, un hamster tr\u00e8s malin, vit avec son papa dans un ranch en rondins, au coeur de l'Ouest sauvage, premier canyon \u00e0 gauche avant la montagne.", "start_date": "2026-08-29T05:22:00+00:00", "title": "Billy, le hamster cowboy"}, {"desc": "Nous sommes \u00e0 l'\u00e8re du Croustillant Sup\u00e9rieur, une p\u00e9riode o\u00f9 le monde est domin\u00e9 par les cr\u00e9atures les plus juteuses et les plus vitamin\u00e9es qui ont jamais habit\u00e9 notre plan\u00e8te: Les plantureux v\u00e9g\u00e9tosaures. Suivez les savoureuses aventures de Ginger, une jeune tricarrotops, et ses nouveaux amis les petit pois Rex.", "start_date": "2026-08-29T05:33:00+00:00", "title": "V\u00e9g\u00e9tosaures"}, {"desc": "Nous sommes \u00e0 l'\u00e8re du Croustillant Sup\u00e9rieur, une p\u00e9riode o\u00f9 le monde est domin\u00e9 par les cr\u00e9atures les plus juteuses et les plus vitamin\u00e9es qui ont jamais habit\u00e9 notre plan\u00e8te: Les plantureux v\u00e9g\u00e9tosaures. Suivez les savoureuses aventures de Ginger, une jeune tricarrotops, et ses nouveaux amis les petit pois Rex.", "start_date": "2026-08-29T05:38:00+00:00", "title": "V\u00e9g\u00e9tosaures"}, {"desc": null, "start_date": "2026-08-29T05:43:00+00:00", "title": "SamSam"}, {"desc": null, "start_date": "2026-08-29T05:55:00+00:00", "title": "SamSam"}, {"desc": "T'choupi quitte ses amis et sa maison pour passer les vacances d'\u00e9t\u00e9 \u00e0 la campagne, dans un g\u00eete rural au coeur de la nature, un environnement tr\u00e8s inhabituel pour le petit pingouin qui va aller de d\u00e9couverte en d\u00e9couverte et de rencontre en rencontre. Avec l'aide de Nina, sa nouvelle amie, plus \u00e0 l'aise avec les animaux qu'avec les poup\u00e9es, il parcourt de long en large ce nouveau terrain de jeux ", "start_date": "2026-08-29T06:07:00+00:00", "title": "T'choupi \u00e0 la campagne"}, {"desc": "Ins\u00e9parables, une soeur et deux fr\u00e8res du m\u00eame \u00e2ge passent des b\u00eatises aux mots tendres en tr\u00e8s peu de temps. Comme beaucoup d'enfants, ils savent comment obtenir des choses en se montrant adorables puis bien plus polissons et espi\u00e8gles d\u00e8s que les adultes ont le dos tourn\u00e9. Leur m\u00e8re et leur grand-p\u00e8re ont parfois bien du mal \u00e0 canaliser l'\u00e9nergie des trois bambins et \u00e0 rivaliser avec leur imagin", "start_date": "2026-08-29T06:14:00+00:00", "title": "Les tripl\u00e9s"}, {"desc": null, "start_date": "2026-08-29T06:21:00+00:00", "title": "Y\u00e9tili"}, {"desc": null, "start_date": "2026-08-29T06:28:00+00:00", "title": "Les gardes chim\u00e8res"}, {"desc": "Boog et Elliot d\u00e9couvrent un endroit isol\u00e9 en pleine for\u00eat. Aussit\u00f4t, ils d\u00e9cident d'y construire un havre de paix pour tous les animaux, afin qu'ils puissent y vivre en toute s\u00e9curit\u00e9. Mais cr\u00e9er une communaut\u00e9 est plus difficile \u00e0 faire que de l'imaginer. Ils doivent apprendre \u00e0 s'entraider, se souder les coudes et trouver des solutions \u00e0 de nombreux petits et gros tracas. Une s\u00e9rie d'animation ", "start_date": "2026-08-29T06:39:00+00:00", "title": "Les rebelles de la for\u00eat, la s\u00e9rie"}, {"desc": null, "start_date": "2026-08-29T06:51:00+00:00", "title": "Il \u00e9tait une fois... ces dr\u00f4les d'objets"}, {"desc": "Louis et Abacus veulent faire une partie de leur jeu pr\u00e9f\u00e9r\u00e9 mais ils ne trouvent pas de place confortable, calme et tranquille, malgr\u00e9 avoir tout essay\u00e9.", "start_date": "2026-08-29T06:58:00+00:00", "title": "Bienvenue chez les Mouche"}, {"desc": "En utilisant la m\u00eame technique que celle du programme A\u011e Scooby-Doo mission environnement A\u011f (d\u00e9tournement et ajouts de photos, de videos et d'\u00e9l\u00e9ments graphiques), Kayenta nous propose nla cr\u00e9ation de 20 modules d'environ 5mn autour de la s\u00e9rie A\u011e Quoi de neuf Scooby-Doo? A\u011f. Dans chaque \u00e9pisode, et par th\u00e9matique, le Scooby-Gang se rend aux 4 coins du globe pour enqu\u00eater net nous faire d\u00e9couvrir", "start_date": "2026-08-29T07:09:00+00:00", "title": "Scooby Doo et les myst\u00e8res de la nature"}, {"desc": "La protection de l'environnement est l'affaire de tous, des grands comme des tout-petits. Pour aider les enfants \u00e0 comprendre les enjeux environnementaux de mani\u00e8re ludique, Scooby-Doo et ses amis enqu\u00eatent sur la biodiversit\u00e9, la pollution, l'agriculture bio ou encore la d\u00e9forestation. Des r\u00e9ponses claires, de l'humour et de l'interactivit\u00e9 pour permettre aux jeunes t\u00e9l\u00e9spectateurs de mieux compr", "start_date": "2026-08-29T07:15:00+00:00", "title": "Scooby-Doo : mission environnement"}, {"desc": "Au beau milieu des champs, une bande d'enfant vit au petit village de Bellefontaine. Rapha\u00ebl, Lina, P'tit Pied et Grande Perche remplissent leur quotidien d'aventures tr\u00e9pidantes gr\u00e2ce \u00e0 une imagination sans limites.", "start_date": "2026-08-29T07:21:00+00:00", "title": "Partie de campagne"}, {"desc": null, "start_date": "2026-08-29T07:33:00+00:00", "title": "Les As de la Jungle (langue Corse)"}, {"desc": "DANS CHAQUE EPISODES UNE PETITE FILLE ET SON FRERE OBSERVATEURS CURIEUX ET BIENVEILLANTS DECOUVRENT UN ANIMAL FILME DANS SON HABITAT NATUREL . LES ENFANTS SONT DES TEMOIns PRIVILEGIES DES GRANDES ETAPES D'APPRENTISSAGE DE L'ANIMAL DE LA NAISSANCE A L'AGE ADULTE ETABLISSANT AINSI UN PARALLELE ETONNANT AVEC LEUR PROPRE VIE.", "start_date": "2026-08-29T07:44:00+00:00", "title": "Si j'\u00e9tais un animal"}, {"desc": null, "start_date": "2026-08-29T07:50:00+00:00", "title": "Trotro"}, {"desc": null, "start_date": "2026-08-29T07:53:00+00:00", "title": "Trotro"}, {"desc": null, "start_date": "2026-08-29T07:58:00+00:00", "title": "Les grands mythes"}, {"desc": "Les tr\u00e9sors apparaissent \u00e0 ceux qui savent les chercher. Au palais de Monaco, ceux-l\u00e0 ont pris la forme de fabuleuses et gigantesques fresques de la Renaissance, dissimul\u00e9es sous des repeints depuis plusieurs si\u00e8cles et remises au jour en 2013. 600 m2 de d\u00e9cors o\u00f9 se m\u00ealent th\u00e8mes mythologiques et grotesques d'une qualit\u00e9 exceptionnelle. Qui en sont les auteurs ? Et quelles sont leurs significatio", "start_date": "2026-08-29T08:24:00+00:00", "title": "Palais de Monaco : dans le secret des fresques oubli\u00e9es"}, {"desc": "Anne-Catherine Verwaerde, fondatrice de \"La Petite Brocante\", et habitu\u00e9e de l'\u00e9mission \"Affaire conclue\", est le chef de bande d'une \u00e9quipe de passionn\u00e9s qui, chaque semaine, d\u00e9couvrent les nouvelles tendances de la d\u00e9coration int\u00e9rieure, en pensant aussi consommation et \u00e9cologie.", "start_date": "2026-08-29T09:18:00+00:00", "title": "Int\u00e9rieurs"}, {"desc": null, "start_date": "2026-08-29T09:47:00+00:00", "title": "Al Dente"}, {"desc": null, "start_date": "2026-08-29T10:26:00+00:00", "title": "M\u00e9t\u00e9o - Corse"}, {"desc": null, "start_date": "2026-08-29T10:30:00+00:00", "title": "ICI 12/13 - Corsica Prima"}, {"desc": "Une d\u00e9couverte de la richesse du patrimoine de la Corse \u00e0 travers plusieurs grandes th\u00e9matiques, comme les fortifications, le patrimoine civil, l'architecture publique et la statuaire, l'art religieux ou encore le patrimoine industriel. Les \u00e9volutions du b\u00e2ti insulaire sont racont\u00e9es de fa\u00e7on chronologique \u00e0 l'aide d'exemples r\u00e9partis sur l'ensemble de l'\u00eele. La visite et le d\u00e9cryptage de ces lieu", "start_date": "2026-08-29T10:40:00+00:00", "title": "Les tr\u00e9sors du patrimoine corse"}, {"desc": "Un regard in\u00e9dit sur les jardins contemporains. Plongez au coeur de la cr\u00e9ation paysag\u00e8re la plus r\u00e9cente avec ceux qui s'attachent A inventer des solutions innovantes pour offrir des espaces de respiration et de po\u00e9sie dans un monde de plus en plus urbanis\u00e9.", "start_date": "2026-08-29T10:52:00+00:00", "title": "Jardins d'ici et d'ailleurs"}, {"desc": "Le symposium est l'\u00e9v\u00e9nement social, le plus embl\u00e9matique du monde antique. Lors de ce banquet aux rituels bien pr\u00e9cis et sacr\u00e9s, le vin tenait une place centrale, a tel point que le po\u00e8te grecque Eubule, alerte sur les 10 stades de l'ivresse ! Mais encore aujourd'hui, f\u00eate et vin restent indissociables Que nous reste-t'il de ce vieux couple...", "start_date": "2026-08-29T11:18:00+00:00", "title": "In Vino Veritas"}, {"desc": "Rencontre avec Jean-Charles Ricci v\u00e9ritable passionn\u00e9 qui poss\u00e8de une collection aussi riche qu'\u00e9clectique. C'est aussi le d\u00e9l\u00e9gu\u00e9 r\u00e9gional de la FFVE, l'occasion d'expliquer l'utilit\u00e9 d'une telle f\u00e9d\u00e9ration dans le monde du v\u00e9hicule ancien et d'assister \u00e0 un rassemblement \"toutes marques et toutes \u00e9poques\". Cinq motards qui se retrouvent 50 ans...", "start_date": "2026-08-29T11:32:00+00:00", "title": "A Berlina"}, {"desc": null, "start_date": "2026-08-29T12:01:00+00:00", "title": "ICI 12/13 - Corsica Prima"}, {"desc": null, "start_date": "2026-08-29T12:11:00+00:00", "title": "M\u00e9t\u00e9o - Corse"}, {"desc": "H\u00e9rv\u00e9 Lucchini Villa Cardelini / + MAIRE ?", "start_date": "2026-08-29T12:17:00+00:00", "title": "Ind'\u00e8 voi"}, {"desc": "Nous irons voir l'exposition dans la Citerne \u00e0 Corte qui se trouve dans la citadelle, une exposition de photos d'un photographe Turc. Un partenariat mis en place par la Fondation Universitaire, Popul'arte et l'ambassade Turque en compagnie d'Elodie Pinet ainsi que de 2 \u00e9tudiants qui ont particip\u00e9 \u00e0 la sc\u00e9nographie.", "start_date": "2026-08-29T12:37:00+00:00", "title": "Ind'\u00e8 voi"}, {"desc": "Gilles et Alex Lucchini. H\u00f4tel de la poste restaurant.", "start_date": "2026-08-29T12:56:00+00:00", "title": "Ind'\u00e8 voi"}, {"desc": "Nous irons \u00e0 la rencontre de Vannina une jeune poti\u00e8re qui nous parle de sa reconversion professionnelle et des ateliers de poterie qu'elle donne au village, puis nous irons \u00e0 Lama pour rencontrer l'association du festival du film sur sa programmation hivernale.", "start_date": "2026-08-29T13:16:00+00:00", "title": "Ind'\u00e8 voi"}, {"desc": "Caroline Boeglin pousse la porte d'un h\u00f4tel particulier r\u00e9mois de 1890, transform\u00e9 par Eric et Catherine, en un \u00e9l\u00e9gant et lumineux appartement. Dans cet \u00e9pisode, Caroline et Eric vont aussi \u00e0 la rencontre de S\u00e9bastien, chineur et collectionneur de plaques \u00e9maill\u00e9es, de J\u00e9r\u00f4me Leclere, artisan m\u00e9tallier r\u00e9mois, v\u00e9ritable artiste du m\u00e9tal, ainsi ...", "start_date": "2026-08-29T13:35:00+00:00", "title": "Cosy, le mag d\u00e9co"}, {"desc": "Au nord-est de l'Italie, en V\u00e9n\u00e9tie, Padoue abrite le plus ancien jardin botanique au monde, fond\u00e9 en 1545, et \u00e0 l'origine de la science botanique.", "start_date": "2026-08-29T14:02:00+00:00", "title": "Jardins d'ici et d'ailleurs"}, {"desc": "Durant des si\u00e8cles la M\u00e9diterran\u00e9e a \u00e9t\u00e9 sillonn\u00e9e par des corsaires op\u00e9rant de fa\u00e7on l\u00e9gale pour le compte des grandes puissances rivales musulmanes et chr\u00e9tiennes avec l'objectif de s'emparer de butins mais aussi d'\u00eatre humains r\u00e9duits A l'esclavage. Comment est n\u00e9 le ph\u00e9nom\u00e8ne de la guerre de course ? Pourquoi a-t-il dur\u00e9 si longtemps ? Quell...", "start_date": "2026-08-29T14:29:00+00:00", "title": "Temps d'histoire"}, {"desc": "La Corse a toujours \u00e9t\u00e9 l'une des \u00eeles les plus riches en eau de la M\u00e9diterran\u00e9e. Une ressource pr\u00e9cieuse que les populations ont sans cesse cherch\u00e9 \u00e0 recueillir et \u00e0 ma\u00eetriser. Une volont\u00e9 qui a entrain\u00e9 les insulaires \u00e0 rivaliser d'ing\u00e9niosit\u00e9 pour b\u00e2tir de tr\u00e8s nombreux \u00e9difices et ouvrages d'art qui ont jou\u00e9 un r\u00f4le essentiel dans l'histoire de l'\u00eele. Les citernes, fontaines et lavoirs remplis", "start_date": "2026-08-29T15:22:00+00:00", "title": "Les tr\u00e9sors du patrimoine corse"}, {"desc": "Apr\u00e8s avoir \u00e9gren\u00e9, dans une premi\u00e8re saison, les destins des dieux et h\u00e9ros de la mythologie grecque, Fran\u00e7ois Busnel s'empare ici de l'Iliade, \u00e9pop\u00e9e hom\u00e9rique contant la guerre de Troie. Au fil d'un r\u00e9cit aussi pr\u00e9cis qu'enlev\u00e9, il convoque po\u00e9tiques animations en 2D et 3D, aux noires silhouettes inspir\u00e9es des vases antiques, et abondante iconographie traversant l'histoire de l'art, des statues", "start_date": "2026-08-29T16:15:00+00:00", "title": "Les grands mythes"}, {"desc": "Estelle Giacometti et J\u00e9r\u00e9my Leandri nous emm\u00e8nent en balade au d\u00e9part du col de Vizzavona. Le fort, la rivi\u00e8re, les bergeries de Turtetu et le majestueux Monte d'Oru nous accompagnent pour une vir\u00e9e aux allures automnales. H\u00e9l\u00e8ne Paolini-Saez et Nadia Federzoni, arch\u00e9ologues, nous expliquent la promenade jusqu'\u00e0 l'abri Southwell et Alexandre Honore-Giacomoni, garde forestier nous raconte la for\u00eat", "start_date": "2026-08-29T16:42:00+00:00", "title": "Andemu"}, {"desc": null, "start_date": "2026-08-29T17:00:00+00:00", "title": "ICI 19/20 - Corsica Sera"}, {"desc": null, "start_date": "2026-08-29T17:18:00+00:00", "title": "M\u00e9t\u00e9o - Corse"}, {"desc": "La sortie de l'\u00e9t\u00e9 ouvre une \u00e9tape essentielle dans la cycle de la vigne. Apr\u00e8s 1 an d'observation, d'attention et de stress, les grappes sont enfin l\u00e0, pr\u00eatent \u00e0 \u00eatre r\u00e9colt\u00e9es. Les vendanges peuvent d\u00e9marrer ! Les raisins, gorg\u00e9s de soleil et d'ar\u00f4mes, donneront du jus,Jus qui se transformera en VIN.", "start_date": "2026-08-29T17:24:00+00:00", "title": "In Vino Veritas"}, {"desc": "Dans la vall\u00e9e de la Casaluna, sur la commune de Cambia, un oc\u00e9an de verdure abrite d'\u00e9tranges traces du pass\u00e9. D'embl\u00e9e, le territoire d'A Petra Frisgiata, ne laisse pas indiff\u00e9rent, il faut savoir le traverser, se laisser porter par son \u00e9nergie et surtout ouvrir l'oeil et le bon. Avec Antonia Colonna, ma\u00eetre de conf\u00e9rences en arch\u00e9ologie et pr\u00e9histoire.", "start_date": "2026-08-29T17:36:00+00:00", "title": "Au commencement"}, {"desc": null, "start_date": "2026-08-29T17:47:00+00:00", "title": "M\u00e9t\u00e9o de la M\u00e9diterran\u00e9e - Corse"}, {"desc": "Une d\u00e9couverte de la richesse du patrimoine de la Corse \u00e0 travers plusieurs grandes th\u00e9matiques, comme les fortifications, le patrimoine civil, l'architecture publique et la statuaire, l'art religieux ou encore le patrimoine industriel. Les \u00e9volutions du b\u00e2ti insulaire sont racont\u00e9es de fa\u00e7on chronologique \u00e0 l'aide d'exemples r\u00e9partis sur l'ensemble de l'\u00eele. La visite et le d\u00e9cryptage de ces lieu", "start_date": "2026-08-29T17:49:00+00:00", "title": "Les tr\u00e9sors du patrimoine corse"}, {"desc": "Le photographe Fran\u00e7ois Desjobert remonte le temps \u00e0 travers ses clich\u00e9s et nous confie le hors champ des photos qui ont fait sa renomm\u00e9e. Derri\u00e8re le clich\u00e9 d'un \u00e9v\u00e8nement, d'un portrait, d'un paysage, d'un instant suspendu que s'est-il pass\u00e9? Dans quelles conditions le photographe a-t-il d\u00e9clench\u00e9?", "start_date": "2026-08-29T17:58:00+00:00", "title": "L'oeil de Desjobert"}, {"desc": "Au coeur de l'actualit\u00e9, ils font les affaires de certains particuliers et la perte des h\u00f4teliers ; les meubl\u00e9s de tourisme fleurissent en Corse comme ailleurs via des plateformes en ligne bien connues. Quel impact sur le logement ? Les prix du foncier ? Et le mode de vie insulaire ? Apmlus et professionnels d\u00e9battent d'une r\u00e9gulation.", "start_date": "2026-08-29T18:03:00+00:00", "title": "A truva ci"}, {"desc": "Une \u00e9quipe de t\u00e9l\u00e9vision corse r\u00e9alise un documentaire sur le personnage historique pr\u00e9f\u00e9r\u00e9 de l'\u00eele, Pasquale Paoli, h\u00e9ros de jeunesse du c\u00e9l\u00e9brissime Napol\u00e9on, lorsqu'elle se rend compte, au cours de ses interviews, que de nombreux insulaires attendent qu'un c\u00e9l\u00e8bre r\u00e9alisateur hollywoodien propulse la vie du Babbu di a Patria sur grand \u00e9cran. Si la vie de Paoli ferait \u00e9videmment une fresque his", "start_date": "2026-08-29T18:34:00+00:00", "title": "Paoliwood"}, {"desc": "V\u00e9ritables t\u00e9moins de l'histoire contemporaine insulaire, des anciens issus de tous horizons t\u00e9moignent de leur vision pass\u00e9e, pr\u00e9sente et \u00e0 venir de la Corse.", "start_date": "2026-08-29T18:40:00+00:00", "title": "Memoria"}, {"desc": "La Chica, chanteuse franco-v\u00e9n\u00e9zu\u00e9lienne, est une artiste unique dont l'univers musical fusionne les influences de ses deux cultures. Elle combine des rythmes latins traditionnels avec des \u00e9l\u00e9ments modernes de pop, de hip-hop et d'\u00e9lectro. Avec une voix puissante et expressive, La Chica explore des th\u00e8mes comme l'identit\u00e9, la r\u00e9silience et la sp...", "start_date": "2026-08-29T18:45:00+00:00", "title": "Dolce notte"}, {"desc": "Qu'\u00e9coutent majoritairement les jeunes Corses aujourd'hui ? Canta, I Muvrini ? Oui un peu, mais avant tout Aya Nakamura, Jul, Dadju ou Orelsan, comme les jeunes continentaux ! Que dansent ces m\u00eames jeunes ? Le quadrille corse ? Pas vraiment, plut\u00f4t le hip-hop, le shuffle ou le floss, dont on retrouve aujourd'hui les plus belles repr\u00e9sentations s...", "start_date": "2026-08-29T19:45:00+00:00", "title": "Corsica urbana"}, {"desc": null, "start_date": "2026-08-29T20:38:00+00:00", "title": "M\u00e9t\u00e9o de la M\u00e9diterran\u00e9e - Corse"}, {"desc": null, "start_date": "2026-08-29T20:41:00+00:00", "title": "ICI 19/20 - Corsica Sera"}, {"desc": null, "start_date": "2026-08-29T20:59:00+00:00", "title": "M\u00e9t\u00e9o - Corse"}, {"desc": null, "start_date": "2026-08-29T21:03:00+00:00", "title": "Paese"}, {"desc": "Rendez-vous quotidien de proximit\u00e9 sur le patrimoine de nos villages, leurs origines. Francine et Florian vont \u00e0 la rencontre d'une personnalit\u00e9 du quotidien, mettront en avant un quartier, une association, un village, son histoire et celles de ceux qui les font vivre..", "start_date": "2026-08-29T21:36:00+00:00", "title": "Ind'\u00e8 voi"}, {"desc": "Nous irons dans la citadelle rencontrer Anne-Marie Piazzoli directrice de l'office de tourisme de Calvi qui nous parle de la visite g\u00e9n\u00e9r\u00e9e par l'IA \u00e0 la rencontre de Christophe Colomb. Une application qui nous permet d'avoir une visite singuli\u00e8re et sur mesure en fonction des questions pos\u00e9es \u00e0 LIV, un outil cr\u00e9e par Romain Deceuninck que nous rejoindrons pour la visite in situ \u00e0 la rencontre du ", "start_date": "2026-08-29T21:52:00+00:00", "title": "Ind'\u00e8 voi"}, {"desc": "Rendez-vous quotidien de proximit\u00e9 sur le patrimoine de nos villages, leurs origines. Francine et Florian vont \u00e0 la rencontre d'une personnalit\u00e9 du quotidien, mettront en avant un quartier, une association, un village, son histoire et celles de ceux qui les font vivre..", "start_date": "2026-08-29T22:12:00+00:00", "title": "Ind'\u00e8 voi"}, {"desc": "Nous irons \u00e0 la rencontre de Stella Massoni une jeune d\u00e9coratrice d'int\u00e9rieur qui nous fait d\u00e9couvrir ses cr\u00e9ations et la mani\u00e8re dont elle r\u00e9invente les lieux avec des mat\u00e9riaux orignaux et des tissus qu'elle d\u00e9niche avec talent ! Nous irons la rencontrer o\u00f9 elle cr\u00e9e et elle nous emm\u00e8nera dans les lieux qu'elle \u00e0 transform\u00e9!", "start_date": "2026-08-29T22:29:00+00:00", "title": "Ind'\u00e8 voi"}, {"desc": "Via night Show Emission de divertissement / late show Coordination d'emission Colomba Casanova Pr\u00e9sentation : Florian Carri\u00e9 Un rendez-vous autour de l'humour et de la culture, dans lequel Florian re\u00e7oit des invit\u00e9s connus ou moins connus, issus de tous les milieux. Homme politique, artiste, sportif ou chef d'entreprise, ils sont pr\u00eats \u00e0 se livr...", "start_date": "2026-08-29T22:48:00+00:00", "title": "Via Night Show"}, {"desc": null, "start_date": "2026-08-29T23:17:00+00:00", "title": "Parolle \u00e9 parolle"}, {"desc": "Parfois r\u00e9duit \u00e0 une image d'artiste maudit, Amedeo Modigliani, admirateur des ma\u00eetres de la Renaissance italienne, a trac\u00e9 dans l'art moderne un sillon sans \u00e9gal.", "start_date": "2026-08-30T00:58:00+00:00", "title": "Modigliani et ses secrets"}, {"desc": null, "start_date": "2026-08-30T01:51:00+00:00", "title": "Ascolta"}, {"desc": "Les invit\u00e9s de Corsica Era reviennent sur des \u00e9v\u00e9nements marquants de l'histoire contemporaine de la Corse, un regard vers hier pour mieux appr\u00e9hender demain.", "start_date": "2026-08-30T02:24:00+00:00", "title": "Corsica Era"}, {"desc": "Des personnalit\u00e9s inspirantes \u00e9changent autour d'une th\u00e9matique puis\u00e9e dans le champ des sciences humaines et sociales,.", "start_date": "2026-08-30T03:28:00+00:00", "title": "Totem"}, {"desc": "Apr\u00e8s un atterrissage incontr\u00f4l\u00e9, Cosima, une astronaute de 7 ans, et son p\u00e8re scientifique se retrouvent sur une plan\u00e8te pleine de plantes et cr\u00e9atures \u00e9tranges. Cosima rencontre alors Gros L\u00e9zard, un amphibien pr\u00e9historique, loufoque mais adorable, dot\u00e9 de huit doigts \u00e0 chaque main. C'est le d\u00e9but d'une amiti\u00e9 inattendue, pleine d'humour et de tendresse, o\u00f9 chacun apprend de l'autre, tout en exp", "start_date": "2026-08-30T05:01:00+00:00", "title": "Gros l\u00e9zard"}, {"desc": null, "start_date": "2026-08-30T05:08:00+00:00", "title": "Les mini-h\u00e9ros de la for\u00eat"}, {"desc": null, "start_date": "2026-08-30T05:15:00+00:00", "title": "Pompon Ours"}, {"desc": "Nous sommes \u00e0 l'\u00e8re du Croustillant Sup\u00e9rieur, une p\u00e9riode o\u00f9 le monde est domin\u00e9 par les cr\u00e9atures les plus juteuses et les plus vitamin\u00e9es qui ont jamais habit\u00e9 notre plan\u00e8te: Les plantureux v\u00e9g\u00e9tosaures. Suivez les savoureuses aventures de Ginger, une jeune tricarrotops, et ses nouveaux amis les petit pois Rex.", "start_date": "2026-08-30T05:22:00+00:00", "title": "V\u00e9g\u00e9tosaures"}, {"desc": "Un programme court qui m\u00e8ne la lutte contre les st\u00e9r\u00e9otypes sexistes d\u00e9s le plus jeune \u00e2ge, avec des histoires v\u00e9cues par des animaux, tous amis et tous diff\u00e9rents.", "start_date": "2026-08-30T05:27:00+00:00", "title": "Chouette, pas chouette"}, {"desc": null, "start_date": "2026-08-30T05:29:00+00:00", "title": "SamSam"}, {"desc": null, "start_date": "2026-08-30T05:40:00+00:00", "title": "SamSam"}, {"desc": null, "start_date": "2026-08-30T05:52:00+00:00", "title": "SamSam"}, {"desc": "T'choupi quitte ses amis et sa maison pour passer les vacances d'\u00e9t\u00e9 \u00e0 la campagne, dans un g\u00eete rural au coeur de la nature, un environnement tr\u00e8s inhabituel pour le petit pingouin qui va aller de d\u00e9couverte en d\u00e9couverte et de rencontre en rencontre. Avec l'aide de Nina, sa nouvelle amie, plus \u00e0 l'aise avec les animaux qu'avec les poup\u00e9es, il parcourt de long en large ce nouveau terrain de jeux ", "start_date": "2026-08-30T06:04:00+00:00", "title": "T'choupi \u00e0 la campagne"}, {"desc": "Ins\u00e9parables, une soeur et deux fr\u00e8res du m\u00eame \u00e2ge passent des b\u00eatises aux mots tendres en tr\u00e8s peu de temps. Comme beaucoup d'enfants, ils savent comment obtenir des choses en se montrant adorables puis bien plus polissons et espi\u00e8gles d\u00e8s que les adultes ont le dos tourn\u00e9. Leur m\u00e8re et leur grand-p\u00e8re ont parfois bien du mal \u00e0 canaliser l'\u00e9nergie des trois bambins et \u00e0 rivaliser avec leur imagin", "start_date": "2026-08-30T06:11:00+00:00", "title": "Les tripl\u00e9s"}, {"desc": "Au Y\u00e9ti qui lit, Nina et L\u00e9on, deux petites souris, retrouvent Y\u00e9tili la mascotte de la librairie du quartier. Quand celle-ci est ferm\u00e9e, Y\u00e9tili prend vie et\u2026 C'est l'heure de l'histoire\u00a0! Ensemble, ils lisent des livres et voyagent au pays des albums jeunesse!", "start_date": "2026-08-30T06:18:00+00:00", "title": "Y\u00e9tili"}, {"desc": null, "start_date": "2026-08-30T06:26:00+00:00", "title": "Les gardes chim\u00e8res"}, {"desc": "Boog et Elliot d\u00e9couvrent un endroit isol\u00e9 en pleine for\u00eat. Aussit\u00f4t, ils d\u00e9cident d'y construire un havre de paix pour tous les animaux, afin qu'ils puissent y vivre en toute s\u00e9curit\u00e9. Mais cr\u00e9er une communaut\u00e9 est plus difficile \u00e0 faire que de l'imaginer. Ils doivent apprendre \u00e0 s'entraider, se souder les coudes et trouver des solutions \u00e0 de nombreux petits et gros tracas. Une s\u00e9rie d'animation ", "start_date": "2026-08-30T06:37:00+00:00", "title": "Les rebelles de la for\u00eat, la s\u00e9rie"}, {"desc": null, "start_date": "2026-08-30T06:48:00+00:00", "title": "Il \u00e9tait une fois... ces dr\u00f4les d'objets"}, {"desc": "Louis et Abacus veulent faire une partie de leur jeu pr\u00e9f\u00e9r\u00e9 mais ils ne trouvent pas de place confortable, calme et tranquille, malgr\u00e9 avoir tout essay\u00e9.", "start_date": "2026-08-30T06:55:00+00:00", "title": "Bienvenue chez les Mouche"}, {"desc": "Louis et Abacus veulent faire une partie de leur jeu pr\u00e9f\u00e9r\u00e9 mais ils ne trouvent pas de place confortable, calme et tranquille, malgr\u00e9 avoir tout essay\u00e9.", "start_date": "2026-08-30T07:06:00+00:00", "title": "Bienvenue chez les Mouche"}, {"desc": "La protection de l'environnement est l'affaire de tous, des grands comme des tout-petits. Pour aider les enfants \u00e0 comprendre les enjeux environnementaux de mani\u00e8re ludique, Scooby-Doo et ses amis enqu\u00eatent sur la biodiversit\u00e9, la pollution, l'agriculture bio ou encore la d\u00e9forestation. Des r\u00e9ponses claires, de l'humour et de l'interactivit\u00e9 pour permettre aux jeunes t\u00e9l\u00e9spectateurs de mieux compr", "start_date": "2026-08-30T07:17:00+00:00", "title": "Scooby-Doo : mission environnement"}, {"desc": null, "start_date": "2026-08-30T07:23:00+00:00", "title": "Les As de la Jungle (langue Corse)"}, {"desc": "Les enfants curieux d\u00e9couvrent le monde des animaux en posant des questions et en apprenant comment ils traversent diverses \u00e9tapes de leur vie, de la naissance \u00e0 l'\u00e2ge adulte.", "start_date": "2026-08-30T07:35:00+00:00", "title": "Si j'\u00e9tais un animal"}, {"desc": null, "start_date": "2026-08-30T07:40:00+00:00", "title": "Trotro"}, {"desc": "Trotro est un petit \u00e2ne gris avec une crini\u00e8re blanche, qui vit avec ses parents dans une maison disposant d'un grand jardin. Espi\u00e8gle et toujours enthousiaste, il ne manque pas une occasion pour s'amuser. Gourmand, il adore aussi les cr\u00eapes que lui confectionne sa maman. En compagnie de sa peluche Nounours, ou avec ses amis, Boubou, Lili et Nana, il vit des aventures palpitantes. Lorsqu'il fait d", "start_date": "2026-08-30T07:44:00+00:00", "title": "Trotro"}, {"desc": "Dans les jardins du palais de l'Alcazar, \u00e0 S\u00e9ville, cr\u00e9\u00e9s au IXe si\u00e8cle au bord du Guadalquivir, se m\u00ealent des influences mauresques, gothiques et renaissance.", "start_date": "2026-08-30T07:48:00+00:00", "title": "Jardins d'ici et d'ailleurs"}, {"desc": "Les marins inhalent sa flagrance en pleine mer, bien avant d'apercevoir les c\u00f4tes de l'\u00eele, tant il embaume l'air de ses parfums enivrants de thym, de myrte, de romarin, de lavande, et de beaucoup d'autres essences aux senteurs puissantes. Les visiteurs d\u00e9couvrent une v\u00e9g\u00e9tation dense, si enchev\u00eatr\u00e9e qu'elle \u00e9voque instantan\u00e9ment quelque chose de touffue et d'imp\u00e9n\u00e9trable, un effroyable labyrinthe", "start_date": "2026-08-30T08:15:00+00:00", "title": "Corsica Salvatica"}, {"desc": "Rencontre avec Micka Pisano, ancien pilote moto pass\u00e9 sur 4 roues et sp\u00e9cialiste du rallye raid. Avant le prochain Dakar, balade \u00e0 moto, entra\u00eenement \u00e0 bord d'un buggy terre et l'occasion de rencontrer ses enfants qui suivent les traces du p\u00e8re avant de faire une halte chez Pierre Peretti, son \u00e9picerie est depuis longtemps un lieu incontournable pour les amateurs de rallyes et les pilotes de renom", "start_date": "2026-08-30T09:07:00+00:00", "title": "A Berlina"}, {"desc": "Caroline Boeglin pousse la porte d'un h\u00f4tel particulier r\u00e9mois de 1890, transform\u00e9 par Eric et Catherine, en un \u00e9l\u00e9gant et lumineux appartement. Dans cet \u00e9pisode, Caroline et Eric vont aussi \u00e0 la rencontre de S\u00e9bastien, chineur et collectionneur de plaques \u00e9maill\u00e9es, de J\u00e9r\u00f4me Leclere, artisan m\u00e9tallier r\u00e9mois, v\u00e9ritable artiste du m\u00e9tal, ainsi ...", "start_date": "2026-08-30T09:36:00+00:00", "title": "Cosy, le mag d\u00e9co"}, {"desc": "Romuald Royer visite le village de Castifau pour r\u00e9aliser une recette \u00e0 base de miel en compagnie de la chef Roselyne Paccioni. Il d\u00e9couvre le patrimoine de la r\u00e9gion.", "start_date": "2026-08-30T10:03:00+00:00", "title": "Al Dente"}, {"desc": null, "start_date": "2026-08-30T10:34:00+00:00", "title": "ICI 12/13 - Corsica Prima"}, {"desc": null, "start_date": "2026-08-30T10:52:00+00:00", "title": "M\u00e9t\u00e9o - Corse"}, {"desc": "L'histoire et l'\u00e9volution des plats m\u00e9diterran\u00e9ens au fil du temps, dans quels pays sont-ils propos\u00e9s et quelles ont \u00e9t\u00e9 ses transformations.", "start_date": "2026-08-30T10:53:00+00:00", "title": "Du soleil dans la cuisine"}, {"desc": "Premier d\u00e9partement lib\u00e9r\u00e9 en octobre 1943, la Corse a vu d\u00e9barquer plus de 80 000 soldats alli\u00e9s dont une majorit\u00e9 d'Am\u00e9ricains qui ont transform\u00e9 l'\u00eele en un gigantesque porte-avions pour mener leurs missions a\u00e9riennes de soutien au forces charg\u00e9es de lib\u00e9rer l'Italie des arm\u00e9es nazies. Ces dix-huit mois de pr\u00e9sence am\u00e9ricaine ont marqu\u00e9 cultu...", "start_date": "2026-08-30T10:55:00+00:00", "title": "Temps d'histoire"}, {"desc": "A 800 m d'altitude dominant Patrimonio d'un c\u00f4t\u00e9 et Bastia de l'autre Au milieu d'un maquis bas ou se prom\u00e8ne randonneurs et curieux S'\u00e9levent de dr\u00f4les de constructions : Les Nivere de Pietrabugno Avec Fran\u00e7ois Bartolomei, doctorant contractuel CNRS.", "start_date": "2026-08-30T11:44:00+00:00", "title": "Au commencement"}, {"desc": null, "start_date": "2026-08-30T11:54:00+00:00", "title": "M\u00e9t\u00e9o - Corse"}, {"desc": null, "start_date": "2026-08-30T11:55:00+00:00", "title": "ICI 12/13 - Corsica Prima"}, {"desc": "Les invit\u00e9s de Corsica Era reviennent sur des \u00e9v\u00e9nements marquants de l'histoire contemporaine de la Corse, un regard vers hier pour mieux appr\u00e9hender demain.", "start_date": "2026-08-30T12:06:00+00:00", "title": "Corsica Era"}, {"desc": "The Sleuth se d\u00e9roule A Milan et raconte l'histoire de Luca Travaglia, un ancien inspecteur en chef de la lutte contre le terrorisme qui a quitt\u00e9 la police apr\u00e8s une tentative d'assassinat qui a co\u00fbt\u00e9 la vie A sa femme et l'usage des jambes du plus jeune de ses officiers. Incapable de se pardonner ce qui s'est pass\u00e9, Luca quitte Rome pour Milan, oA\u0131 il travaille comme videur dans des clubs louches", "start_date": "2026-08-30T13:12:00+00:00", "title": "The Sleuth - In the shadows of Milan"}, {"desc": "The Sleuth se d\u00e9roule A Milan et raconte l'histoire de Luca Travaglia, un ancien inspecteur en chef de la lutte contre le terrorisme qui a quitt\u00e9 la police apr\u00e8s une tentative d'assassinat qui a co\u00fbt\u00e9 la vie A sa femme et l'usage des jambes du plus jeune de ses officiers. Incapable de se pardonner ce qui s'est pass\u00e9, Luca quitte Rome pour Milan, oA\u0131 il travaille comme videur dans des clubs louches", "start_date": "2026-08-30T14:03:00+00:00", "title": "The Sleuth - In the shadows of Milan"}, {"desc": null, "start_date": "2026-08-30T14:55:00+00:00", "title": "Les grands mythes"}, {"desc": "Parfois r\u00e9duit \u00e0 une image d'artiste maudit, Amedeo Modigliani, admirateur des ma\u00eetres de la Renaissance italienne, a trac\u00e9 dans l'art moderne un sillon sans \u00e9gal.", "start_date": "2026-08-30T15:22:00+00:00", "title": "Modigliani et ses secrets"}, {"desc": "En 1948, Salvador Dal\u00ed annonce son retour \u00e0 l'Eglise catholique, amor\u00e7ant sa p\u00e9riode \"mystique nucl\u00e9aire\". Pendant pr\u00e8s de trente ans, il peint des Christs, des saints et des anges, explorant une spiritualit\u00e9 inattendue. Pourquoi cet artiste provocateur retourne-t-il \u00e0 la foi de son enfance ? Que racontent ses \u0153uvres religieuses ? Biographes, historiens et archives in\u00e9dites d\u00e9voilent un Dal\u00ed en qu", "start_date": "2026-08-30T16:16:00+00:00", "title": "Dal\u00ed, surr\u00e9aliste et mystique"}, {"desc": "Des personnalit\u00e9s inspirantes \u00e9changent autour d'une th\u00e9matique puis\u00e9e dans le champ des sciences humaines et sociales,.", "start_date": "2026-08-30T16:43:00+00:00", "title": "Totem"}, {"desc": null, "start_date": "2026-08-30T17:03:00+00:00", "title": "ICI 19/20 - Corsica Sera"}, {"desc": null, "start_date": "2026-08-30T17:21:00+00:00", "title": "M\u00e9t\u00e9o des plages - Corse"}, {"desc": null, "start_date": "2026-08-30T17:23:00+00:00", "title": "M\u00e9t\u00e9o - Corse"}, {"desc": "Emission Portraits sport Diff janvier 2026 Enregistrement 1ere session de 12 num\u00e9ros, du 17 au 21.11.", "start_date": "2026-08-30T17:24:00+00:00", "title": "A domicile"}, {"desc": null, "start_date": "2026-08-30T17:47:00+00:00", "title": "D'Umani"}, {"desc": "Le photographe Fran\u00e7ois Desjobert remonte le temps \u00e0 travers ses clich\u00e9s et nous confie le hors champ des photos qui ont fait sa renomm\u00e9e. Derri\u00e8re le clich\u00e9 d'un \u00e9v\u00e8nement, d'un portrait, d'un paysage, d'un instant suspendu que s'est-il pass\u00e9? Dans quelles conditions le photographe a-t-il d\u00e9clench\u00e9?", "start_date": "2026-08-30T17:53:00+00:00", "title": "L'oeil de Desjobert"}, {"desc": null, "start_date": "2026-08-30T17:58:00+00:00", "title": "Le journal des talents"}, {"desc": null, "start_date": "2026-08-30T18:05:00+00:00", "title": "M\u00e9t\u00e9o de la M\u00e9diterran\u00e9e - Corse"}, {"desc": "Chaque semaine, une personnalit\u00e9 corse ou amie de la Corse est plac\u00e9e face aux photos de sa vie. Luc Mondoloni.", "start_date": "2026-08-30T18:08:00+00:00", "title": "Avec ou sans filtre"}, {"desc": "En quelques minutes, une d\u00e9couverte ludique du patrimoine mus\u00e9ographique de la Corse \u00e0 travers des angles inattendus.", "start_date": "2026-08-30T18:39:00+00:00", "title": "Museexpress"}, {"desc": "V\u00e9ritables t\u00e9moins de l'histoire contemporaine insulaire, des anciens issus de tous horizons t\u00e9moignent de leur vision pass\u00e9e, pr\u00e9sente et \u00e0 venir de la Corse.", "start_date": "2026-08-30T18:42:00+00:00", "title": "Memoria"}, {"desc": "Au pied du mur, Louis acceptera-t-il sa d\u00e9faite ? Quant \u00e0 Catherine, elle s'appr\u00eate \u00e0 pr\u00e9senter son nouveau ch\u00e9ri \u00e0 ses enfants. Comment l'accueilleront-ils ?", "start_date": "2026-08-30T18:45:00+00:00", "title": "Un si grand soleil"}, {"desc": "Tandis qu'Eliott se voit offrir une opportunit\u00e9 en or pour son business, la police retrouve enfin la trace de Fabrice Guillon, leur suspect disparu.", "start_date": "2026-08-30T19:07:00+00:00", "title": "Un si grand soleil"}, {"desc": "Alors qu'Eliott esp\u00e8re d\u00e9sesp\u00e9r\u00e9ment reconqu\u00e9rir le coeur de Muriel, Emma ne remarque pas qu'aux Sauvages, quelqu'un l'observe sans \u00eatre vu.", "start_date": "2026-08-30T19:29:00+00:00", "title": "Un si grand soleil"}, {"desc": "Tandis que l'\u00e9quipe de Becker commence \u00e0 se demander s'ils ne se seraient pas tromp\u00e9s de suspect, Boris et Muriel peinent \u00e0 garder leur relation secr\u00e8te.", "start_date": "2026-08-30T19:51:00+00:00", "title": "Un si grand soleil"}, {"desc": "Alors que l'enqu\u00eate prend une tournure inattendue, C\u00e9cile se retrouve confront\u00e9e \u00e0 ses nombreuses erreurs. De son c\u00f4t\u00e9, Elisabeth comprend sa d\u00e9faite.", "start_date": "2026-08-30T20:13:00+00:00", "title": "Un si grand soleil"}, {"desc": null, "start_date": "2026-08-30T20:35:00+00:00", "title": "M\u00e9t\u00e9o de la M\u00e9diterran\u00e9e - Corse"}, {"desc": null, "start_date": "2026-08-30T20:38:00+00:00", "title": "ICI 19/20 - Corsica Sera"}, {"desc": null, "start_date": "2026-08-30T20:56:00+00:00", "title": "M\u00e9t\u00e9o - Corse"}, {"desc": "Se trouvant \u00e0 seulement quelques kilom\u00e8tres des c\u00f4tes fran\u00e7aises et italiennes, la faune p\u00e9lagique reste pourtant tr\u00e8s m\u00e9connue ! Pour r\u00e9v\u00e9ler en images tout un \u00e9cosyst\u00e8me, partons au large de Marseille \u00e0 la rencontre des animaux de haute-mer : de la g\u00e9ante baleine au minuscule plancton ! Malgr\u00e9 les fortes pressions anthropiques li\u00e9es aux pollutions plastiques, sonores, la surp\u00eache ou bien encore ", "start_date": "2026-08-30T21:01:00+00:00", "title": "Pelagos, au coeur de la M\u00e9diterran\u00e9e"}, {"desc": "\u00c9mission musicale. Pr\u00e9sentation Francine Massiani. 2 \u00e0 3 invit\u00e9s (chanteurs et chanteuses) qui s'approprient le r\u00e9pertoire musical m\u00e9diterran\u00e9en. En plateau, 1 pr\u00e9sentateur + 4 musiciens + invites (2 \u00e0 3).", "start_date": "2026-08-30T21:54:00+00:00", "title": "Aldimusica"}, {"desc": "The Sleuth se d\u00e9roule \u00e0 Milan et raconte l'histoire de Luca Travaglia, un ancien inspecteur en chef de la lutte contre le terrorisme qui a quitt\u00e9 la police apr\u00e8s une tentative d'assassinat qui a co\u00fbt\u00e9 la vie \u00e0 sa femme et l'usage des jambes du plus jeune de ses officiers. Incapable de se pardonner ce qui s'est pass\u00e9, Luca quitte Rome pour Milan, o\u00f9 il travaille comme videur dans des clubs louches.", "start_date": "2026-08-30T23:02:00+00:00", "title": "The Sleuth - In the shadows of Milan"}, {"desc": "The Sleuth se d\u00e9roule A Milan et raconte l'histoire de Luca Travaglia, un ancien inspecteur en chef de la lutte contre le terrorisme qui a quitt\u00e9 la police apr\u00e8s une tentative d'assassinat qui a co\u00fbt\u00e9 la vie A sa femme et l'usage des jambes du plus jeune de ses officiers. Incapable de se pardonner ce qui s'est pass\u00e9, Luca quitte Rome pour Milan, oA\u0131 il travaille comme videur dans des clubs louches", "start_date": "2026-08-30T23:56:00+00:00", "title": "The Sleuth - In the shadows of Milan"}], "offset": "+00:00", "timezone": "UTC", "error_code": -1, "start_date": "2026-08-29", "icon": ""}