{"end_date": "2026-08-28", "name": "SRF 1", "info_url": "https://epg.pw/channels/516411/20260827.html", "country": "France", "description": null, "error_message": "", "provider": "", "source_url": "https://epg.pw/api/epg.json?channel_id=516411&date=20260827&timezone=None", "epg_list": [{"desc": null, "start_date": "2026-08-28T18:05:00+00:00", "title": "Der Engelmacher - Vatti und seine Engel"}, {"desc": null, "start_date": "2026-08-28T18:55:00+00:00", "title": "Der Engelmacher - Engelskinder"}, {"desc": null, "start_date": "2026-08-28T19:50:00+00:00", "title": "10 vor 10"}, {"desc": null, "start_date": "2026-08-28T20:15:00+00:00", "title": "Meteo"}, {"desc": "Welche Themen sind gerade f\u00fcr die Menschen von Bedeutung? Die Antwort auf diese Frage liefert Urs Gredig. In dieser w\u00f6chentlichen Talksendung spricht der Journalist mit prominenten G\u00e4sten aus Politik, Wirtschaft, Unterhaltung, Sport und Gesellschaft \u00fcber aktuelle Themen. In jeder Folge hat Gredig eine Person f\u00fcr ein Zwiegespr\u00e4ch zu Gast. Der Themenwahl sind dabei kaum Grenzen gesetzt.", "start_date": "2026-08-28T20:25:00+00:00", "title": "Gredig direkt"}, {"desc": "Seit Jahren steigt der Kokainkonsum in Europa und beschert kriminellen Banden eintr\u00e4gliche Gesch\u00e4fte. Nun wird Spaniens S\u00fcden zu einem immer wichtigeren Umschlagsort f\u00fcr die Schmuggler. F\u00fcr die Menschen in den beschaulichen K\u00fcstenorten hat das zum Teil dramatische Folgen.", "start_date": "2026-08-28T21:05:00+00:00", "title": "NZZ Format"}, {"desc": null, "start_date": "2026-08-28T21:40:00+00:00", "title": "Newsflash SRF 1"}, {"desc": "Zwischen Body Positivity und Ozempic-Boom: Philosophin Kate Manne zeigt, warum Fettfeindlichkeit mehr ist als eine Gesundheitsdebatte, und stellt verbreitete Vorurteile \u00fcber K\u00f6rper infrage.", "start_date": "2026-08-28T21:50:00+00:00", "title": "Sternstunde Philosophie"}, {"desc": null, "start_date": "2026-08-28T22:55:00+00:00", "title": "Der Engelmacher - Vatti und seine Engel"}, {"desc": null, "start_date": "2026-08-28T23:45:00+00:00", "title": "Der Engelmacher - Engelskinder"}], "offset": "+00:00", "timezone": "UTC", "error_code": -1, "start_date": "2026-08-28", "icon": ""}