{"end_date": "2026-08-29", "name": "SRF 1", "info_url": "https://epg.pw/channels/516411/20260828.html", "country": "France", "description": null, "error_message": "", "provider": "", "source_url": "https://epg.pw/api/epg.json?channel_id=516411&date=20260828&timezone=None", "epg_list": [{"desc": null, "start_date": "2026-08-28T18:05:00+00:00", "title": "Der Engelmacher - Vatti und seine Engel"}, {"desc": null, "start_date": "2026-08-28T18:55:00+00:00", "title": "Der Engelmacher - Engelskinder"}, {"desc": null, "start_date": "2026-08-28T19:50:00+00:00", "title": "10 vor 10"}, {"desc": null, "start_date": "2026-08-28T20:15:00+00:00", "title": "Meteo"}, {"desc": "Welche Themen sind gerade f\u00fcr die Menschen von Bedeutung? Die Antwort auf diese Frage liefert Urs Gredig. In dieser w\u00f6chentlichen Talksendung spricht der Journalist mit prominenten G\u00e4sten aus Politik, Wirtschaft, Unterhaltung, Sport und Gesellschaft \u00fcber aktuelle Themen. In jeder Folge hat Gredig eine Person f\u00fcr ein Zwiegespr\u00e4ch zu Gast. Der Themenwahl sind dabei kaum Grenzen gesetzt.", "start_date": "2026-08-28T20:25:00+00:00", "title": "Gredig direkt"}, {"desc": "Seit Jahren steigt der Kokainkonsum in Europa und beschert kriminellen Banden eintr\u00e4gliche Gesch\u00e4fte. Nun wird Spaniens S\u00fcden zu einem immer wichtigeren Umschlagsort f\u00fcr die Schmuggler. F\u00fcr die Menschen in den beschaulichen K\u00fcstenorten hat das zum Teil dramatische Folgen.", "start_date": "2026-08-28T21:05:00+00:00", "title": "NZZ Format"}, {"desc": null, "start_date": "2026-08-28T21:40:00+00:00", "title": "Newsflash SRF 1"}, {"desc": "Zwischen Body Positivity und Ozempic-Boom: Philosophin Kate Manne zeigt, warum Fettfeindlichkeit mehr ist als eine Gesundheitsdebatte, und stellt verbreitete Vorurteile \u00fcber K\u00f6rper infrage.", "start_date": "2026-08-28T21:50:00+00:00", "title": "Sternstunde Philosophie"}, {"desc": null, "start_date": "2026-08-28T22:55:00+00:00", "title": "Der Engelmacher - Vatti und seine Engel"}, {"desc": null, "start_date": "2026-08-28T23:45:00+00:00", "title": "Der Engelmacher - Engelskinder"}, {"desc": "Welche Themen sind gerade f\u00fcr die Menschen von Bedeutung? Die Antwort auf diese Frage liefert Urs Gredig. In dieser w\u00f6chentlichen Talksendung spricht der Journalist mit prominenten G\u00e4sten aus Politik, Wirtschaft, Unterhaltung, Sport und Gesellschaft \u00fcber aktuelle Themen. In jeder Folge hat Gredig eine Person f\u00fcr ein Zwiegespr\u00e4ch zu Gast. Der Themenwahl sind dabei kaum Grenzen gesetzt.", "start_date": "2026-08-29T00:30:00+00:00", "title": "Gredig direkt"}, {"desc": "Kimberly aus R\u00fctschelen BE wagt sich als Vierte an das Motto \"\u00d6ppis mit Honig\". Die 33-J\u00e4hrige hat das Stricken f\u00fcr sich entdeckt und strickt die Tischdeko f\u00fcr ihre G\u00e4ste glatt selber. Kimberly bereitet einen Pulled Chicken Burger zu mit ganz viel Honig in den einzelnen Komponenten.", "start_date": "2026-08-29T01:05:00+00:00", "title": "Mini Chuchi, dini Chuchi"}, {"desc": "Die Moderatorin Eveline Kobler begr\u00fc\u00dft in dieser Talkshow f\u00fchrende Vertreter der Schweizer Wirtschaft, die \u00fcber ihre Erfahrungen, Grunds\u00e4tze, ihre gesellschaftliche Veranwortung sowie \u00fcber aktuelle \u00f6konomische Themen sprechen.", "start_date": "2026-08-29T01:20:00+00:00", "title": "Eco Talk"}, {"desc": "Der \"Club\" ist die prominente Diskussionssendung des Schweizer Radio und Fernsehens. Es werden Themen aus den unterschiedlichsten Lebensbereichen diskutiert. Interessante G\u00e4ste mit ihren authentischen Geschichten und ihrem Fachwissen pr\u00e4gen das Gesicht der Sendung.", "start_date": "2026-08-29T01:55:00+00:00", "title": "Club"}, {"desc": "Escapade gourmande \u00e0 Matera, cit\u00e9 troglodytique italienne aux traditions culinaires simples et conviviales, en compagnie de la famille Sigilino.", "start_date": "2026-08-29T03:00:00+00:00", "title": "Zu Tisch"}, {"desc": "Volksmusik und Techno haben durchaus Gemeinsamkeiten. Beides ist im Grunde Tanzmusik. Diese Ansicht vertritt der Kontrabassist Pirmin Huber, der zurzeit in einem Atelier in Berlin weilt. Er hat an der Hochschule Luzern studiert, spielt traditionelle Volksmusik, aber sucht auch seinen eigenen Sound.", "start_date": "2026-08-29T03:25:00+00:00", "title": "Typisch Volksmusik? - Zwischen Techno und Alpsegen"}, {"desc": "Wissenschaftliche Themen werden f\u00fcr jedermann verst\u00e4ndlich aufgearbeitet und in dieser Sendung pr\u00e4sentiert. Schon seit Dezember 1999 erfreut sich das Magazin gro\u00dfer Beliebtheit. In den Bereichen Technik, Medizin, Wissenschaft und Forschung gibt es immer wieder neue Erkenntnisse, Durchbr\u00fcche und innovative Ideen. Vieles davon bewirkt sp\u00fcrbare Ver\u00e4nderungen in unser aller Alltagsleben.", "start_date": "2026-08-29T03:55:00+00:00", "title": "nano"}, {"desc": null, "start_date": "2026-08-29T04:25:00+00:00", "title": "News-Schlagzeilen"}, {"desc": null, "start_date": "2026-08-29T05:30:00+00:00", "title": "Wetterkanal"}, {"desc": "Depuis le d\u00e9c\u00e8s de son \u00e9pouse, Oscar B\u00e4nz, chauffeur de taxi, consacre sa vie \u00e0 sa fille Irma, \u00e9tudiante en m\u00e9decine. Afin de financer sa scolarit\u00e9, il loue une chambre \u00e0 un jeune footballeur, Toni Schellenberg, qui poursuit lui aussi des \u00e9tudes. Mais ce dernier n'arrive pas \u00e0 s'adapter \u00e0 sa nouvelle vie d'\u00e9tudiant et abandonne peu \u00e0 peu les entra\u00eenements de football et les cours. A la demande d'I", "start_date": "2026-08-29T07:05:00+00:00", "title": "Taxichauffeur B\u00e4nz"}, {"desc": null, "start_date": "2026-08-29T08:45:00+00:00", "title": "Der Engelmacher - Vatti und seine Engel"}, {"desc": null, "start_date": "2026-08-29T09:30:00+00:00", "title": "Der Engelmacher - Engelskinder"}, {"desc": "Kimberly aus R\u00fctschelen BE wagt sich als Vierte an das Motto \"\u00d6ppis mit Honig\". Die 33-J\u00e4hrige hat das Stricken f\u00fcr sich entdeckt und strickt die Tischdeko f\u00fcr ihre G\u00e4ste glatt selber. Kimberly bereitet einen Pulled Chicken Burger zu mit ganz viel Honig in den einzelnen Komponenten.", "start_date": "2026-08-29T10:25:00+00:00", "title": "Mini Chuchi, dini Chuchi"}, {"desc": null, "start_date": "2026-08-29T10:45:00+00:00", "title": "Tagesschau kompakt"}, {"desc": null, "start_date": "2026-08-29T10:50:00+00:00", "title": "Meteo"}, {"desc": "Escapade gourmande \u00e0 Matera, cit\u00e9 troglodytique italienne aux traditions culinaires simples et conviviales, en compagnie de la famille Sigilino.", "start_date": "2026-08-29T11:05:00+00:00", "title": "Zu Tisch"}, {"desc": "Nik Hartmann zeigt die Schweiz von ihrer unbekannten und sch\u00f6nsten Seite. In dieser Episode reist er in ein Seitental der Rhone, dass im franz\u00f6sischsprachigen Teil des Kantons Wallis liegt.", "start_date": "2026-08-29T11:35:00+00:00", "title": "SRF bi de L\u00fct"}, {"desc": null, "start_date": "2026-08-29T12:25:00+00:00", "title": "SF bi de L\u00fct"}, {"desc": "Volksmusik und Techno haben durchaus Gemeinsamkeiten. Beides ist im Grunde Tanzmusik. Diese Ansicht vertritt der Kontrabassist Pirmin Huber, der zurzeit in einem Atelier in Berlin weilt. Er hat an der Hochschule Luzern studiert, spielt traditionelle Volksmusik, aber sucht auch seinen eigenen Sound.", "start_date": "2026-08-29T13:15:00+00:00", "title": "Typisch Volksmusik? - Zwischen Techno und Alpsegen"}, {"desc": "Le docteur Paul Flanner se rend en Caroline du Nord pour se r\u00e9concilier avec son fils et fuir son quotidien. Il d\u00e9cide de faire une escale dans un h\u00f4tel situ\u00e9 dans le petit village c\u00f4tier de Rodanthe car un ouragan est annonc\u00e9 pour la soir\u00e9e. Il y fait la connaissance d'Adrienne Willis, qui s'occupe de l'h\u00f4tel d'une amie pour le week-end. Cet isolement permet \u00e0 Adrienne de s'\u00e9loigner un temps des ", "start_date": "2026-08-29T13:50:00+00:00", "title": "Das L\u00e4cheln der Sterne"}, {"desc": "Kiri f\u00fchlt sich ausgegrenzt, als Lou mit seinem neuen Freund Sorry spielt. Aber dann entdeckt sie, wie lustig es sein kann, einen imagin\u00e4ren Freund zu haben.", "start_date": "2026-08-29T15:30:00+00:00", "title": "Guetnachtgschichtli"}, {"desc": null, "start_date": "2026-08-29T15:40:00+00:00", "title": "Telesguard"}, {"desc": null, "start_date": "2026-08-29T16:00:00+00:00", "title": "Tagesschau kompakt"}, {"desc": null, "start_date": "2026-08-29T16:05:00+00:00", "title": "Meteo"}, {"desc": "Wochenfinale bei \"Mini Chuchi, dini Chuchi\" zum Thema \"\u00d6ppis mit Honig\". Joel aus Walkringen BE powert sich gerne beim Eishockeyspielen aus und hat in seiner Freizeit immer Programm. Der 27-J\u00e4hrige kombiniert das s\u00fcsse Gold mit Schweinsfilet und Sp\u00e4tzli. Wer holt sich heute den Sieg?", "start_date": "2026-08-29T16:10:00+00:00", "title": "Mini Chuchi, dini Chuchi"}, {"desc": "Les Guillot et leurs enfants habitent dans le Marais poitevin. Estelle cuisine des \u00e9crevisses, tandis que Matthieu pr\u00e9pare un farci mara\u00eechin.", "start_date": "2026-08-29T16:25:00+00:00", "title": "Zu Tisch"}, {"desc": null, "start_date": "2026-08-29T17:00:00+00:00", "title": "Schweiz aktuell"}, {"desc": "\"SRF B\u00f6rse\" berichtet \u00fcber die t\u00e4glichen Entwicklungen an der Schweizer B\u00f6rse. Sie beobachtet und analysiert Trends und Perspektiven und holt dazu die Meinung von Konzernchefs und anderen wichtigen Entscheidungstr\u00e4gern der Wirtschaft ein.", "start_date": "2026-08-29T17:25:00+00:00", "title": "SRF B\u00f6rse"}, {"desc": null, "start_date": "2026-08-29T17:30:00+00:00", "title": "Tagesschau"}, {"desc": null, "start_date": "2026-08-29T17:55:00+00:00", "title": "Meteo"}, {"desc": null, "start_date": "2026-08-29T18:05:00+00:00", "title": "SRF bi de L\u00fct - Im Einsatz"}, {"desc": null, "start_date": "2026-08-29T19:00:00+00:00", "title": "F\u00fcr immer und WG"}, {"desc": null, "start_date": "2026-08-29T19:20:00+00:00", "title": "F\u00fcr immer und WG"}, {"desc": null, "start_date": "2026-08-29T19:50:00+00:00", "title": "10 vor 10"}, {"desc": null, "start_date": "2026-08-29T20:15:00+00:00", "title": "Meteo"}, {"desc": "In der \"Arena\" werden innenpolitische Themen diskutiert. Vor Studiopublikum debattieren Politiker, Spitzenvertreter der Verb\u00e4nde, Experten und Meinungsmacher das spannendste Thema der Woche.", "start_date": "2026-08-29T20:25:00+00:00", "title": "Arena"}, {"desc": null, "start_date": "2026-08-29T21:40:00+00:00", "title": "Newsflash SRF 1"}, {"desc": "Julian Kay, 30 ans, vit \u00e0 Los Angeles. Beau, libre et ind\u00e9pendant, il monnaie ses charmes aupr\u00e8s de dames riches et esseul\u00e9es. Il accepte un jour de se rendre \u00e0 Palm Springs, aupr\u00e8s de la femme d'un financier sadique et voyeur. Le lendemain, sa cliente est retrouv\u00e9e morte. Julian est imm\u00e9diatement soup\u00e7onn\u00e9 par la police, qui confie l'enqu\u00eate \u00e0 l'inspecteur Sunday. Tout indique qu'il s'agit d'un c", "start_date": "2026-08-29T21:55:00+00:00", "title": "Ein Mann f\u00fcr gewisse Stunden"}, {"desc": "Une s\u00e9rie de t\u00e9l\u00e9vision suisse qui essaie de nous \u00e9voquer une culture populaire dans sa diversit\u00e9. On apprend tout de la culture suisse quotidienne contemporaine.", "start_date": "2026-08-29T23:45:00+00:00", "title": "SRF bi de L\u00fct - Ein Wiedersehen"}], "offset": "+00:00", "timezone": "UTC", "error_code": -1, "start_date": "2026-08-28", "icon": ""}