{"end_date": "2026-09-01", "name": "SRF 1", "info_url": "https://epg.pw/channels/516411/20260830.html", "country": "France", "description": null, "error_message": "", "provider": "", "source_url": "https://epg.pw/api/epg.json?channel_id=516411&date=20260830&timezone=None", "epg_list": [{"desc": "Une s\u00e9rie documentaire qui part \u00e0 la d\u00e9couverte de la Suisse vue du ciel.", "start_date": "2026-08-30T01:20:00+00:00", "title": "Die Schweiz von oben: Alpstein"}, {"desc": null, "start_date": "2026-08-30T01:40:00+00:00", "title": "F\u00fcr immer und WG"}, {"desc": null, "start_date": "2026-08-30T02:00:00+00:00", "title": "F\u00fcr immer und WG"}, {"desc": null, "start_date": "2026-08-30T02:25:00+00:00", "title": "SRF bi de L\u00fct - Im Einsatz"}, {"desc": null, "start_date": "2026-08-30T03:10:00+00:00", "title": "SRF bi de L\u00fct - Im Einsatz"}, {"desc": "Das Appenzeller L\u00e4ndlerfest feiert sein 30-j\u00e4hriges Jubil\u00e4um. Nicolas Senn besucht das traditionsreiche Volksmusikfest, trifft in den malerischen Gassen und bekannten L\u00e4ndlerbeizen von Appenzell erstklassige Volksmusikanten und gutgelaunte Festbesucher von nah und fern.", "start_date": "2026-08-30T03:55:00+00:00", "title": "Potzmusig"}, {"desc": null, "start_date": "2026-08-30T04:25:00+00:00", "title": "News-Schlagzeilen"}, {"desc": null, "start_date": "2026-08-30T05:30:00+00:00", "title": "Wetterkanal"}, {"desc": "Kinder ja, vielleicht, aber sicher nicht jetzt: Social Egg Freezing verspricht mehr Zeit und Freiheit bei der Familienplanung. \"Puls\" zeigt, was die Methode tats\u00e4chlich leistet - und wo sie medizinisch, rechtlich und emotional an Grenzen st\u00f6sst.", "start_date": "2026-08-30T06:50:00+00:00", "title": "Puls in Geb\u00e4rdensprache"}, {"desc": "Der Graue Star betrifft fast alle Menschen im Laufe des Lebens. Doch welche Kunstlinse ist die richtige? Zudem zeigt die Sendung eine neue Behandlung gegen starkes Zittern und kl\u00e4rt, wie sinnvoll Fitnesstracker tats\u00e4chlich sind.", "start_date": "2026-08-30T07:30:00+00:00", "title": "GESUNDHEITHEUTE - Die Gesundheitssendung mit Dr. Jeanne F\u00fcrst"}, {"desc": "En Direct.", "start_date": "2026-08-30T08:00:00+00:00", "title": "Gottesdienst"}, {"desc": "En Direct.", "start_date": "2026-08-30T08:45:00+00:00", "title": "Nachgefragt"}, {"desc": "Lange galt das Bewusstsein des Todes als letzte Bastion menschlicher Einzigartigkeit. Doch die spanische Philosophin und Tierethikerin Susana Mons\u00f3 stellt diese Gewissheit infrage. Sie erkl\u00e4rt, was Tiere \u00fcber den Tod verstehen und warum diese Erkenntnisse unser Bild vom Menschen ver\u00e4ndern.", "start_date": "2026-08-30T09:00:00+00:00", "title": "Sternstunde Philosophie"}, {"desc": "Herbie Hancock galt als Klavier-Wunderkind. Schon mit elf Jahren spielte er Mozart mit dem Chicago Symphony Orchestra. Sp\u00e4ter studierte er Elektrotechnik und liess sich im Jazz von Legenden wie Oscar Peterson oder Bill Evans inspirieren. Der Film blickt zur\u00fcck auf seine fr\u00fchen Arbeiten mit Donald Byrd und Eric Dolphy, sein 1962 bei Blue Note erschienenes Solodeb\u00fct \"Takin' Off\", seine wegweisende Z", "start_date": "2026-08-30T10:00:00+00:00", "title": "Sternstunde Musik"}, {"desc": "Die Schweiz hat eine lange Tradition freiheitlicher Politik. Dennoch w\u00e4chst die hiesige Staatsquote stetig, angetrieben durch die ewige Versuchung staatlicher Eingriffe und Unterst\u00fctzungsmassnahmen. Nun braucht die Armee wieder mehr Mittel. Es fragt sich: Wohin geht eigentlich das Geld des Bundes?", "start_date": "2026-08-30T11:00:00+00:00", "title": "NZZ Standpunkte"}, {"desc": "Ein Gast - eine Stunde. \"Focus\" ist der SRF-Talk, der Tiefe mit Leichtigkeit verbindet. Nirgends lernt man Pers\u00f6nlichkeiten besser kennen.", "start_date": "2026-08-30T12:00:00+00:00", "title": "Focus"}, {"desc": "Rund jeder f\u00fcnfte Haustierbesitzer gibt an, mehr um sein Haustier als um einen nahestehenden Menschen getrauert zu haben. Warum bauen Menschen eine so starke Beziehung zu Haustieren auf? \"rec.\"-Reporterin Lia Perbo spricht mit Betroffenen und einem Tierarzt \u00fcber die Trauer um verstorbene Haustiere.", "start_date": "2026-08-30T12:45:00+00:00", "title": "rec. Reportage"}, {"desc": null, "start_date": "2026-08-30T12:50:00+00:00", "title": "Einsatzprogramm"}, {"desc": null, "start_date": "2026-08-30T13:25:00+00:00", "title": "F\u00fcr immer und WG"}, {"desc": null, "start_date": "2026-08-30T13:45:00+00:00", "title": "F\u00fcr immer und WG"}, {"desc": null, "start_date": "2026-08-30T14:20:00+00:00", "title": "SRF bi de L\u00fct - Im Einsatz"}, {"desc": null, "start_date": "2026-08-30T15:10:00+00:00", "title": "Minisguard"}, {"desc": "Das Magazin beleuchtet in kurzen Reportagen und Dokumentationen interessante, abwechslungsreiche und aktuelle Themen aus der Rumantschia.", "start_date": "2026-08-30T15:25:00+00:00", "title": "Cuntrasts"}, {"desc": null, "start_date": "2026-08-30T16:00:00+00:00", "title": "Tagesschau"}, {"desc": null, "start_date": "2026-08-30T16:05:00+00:00", "title": "Meteo - 18.00 SO"}, {"desc": "A travers tous les cantons de Suisse, d\u00e9couverte et visites de maisons insolites et de leurs habitants, qui en expliquent l'histoire et la mani\u00e8re dont ils les habitent.", "start_date": "2026-08-30T16:15:00+00:00", "title": "Ding Dong"}, {"desc": "Die Dokumentationsreihe stellt in jeder Folge eine andere bekannte Baumart in all ihren Facetten vor: von der Evolution der Pflanze selbst bis hin zu ihrer kulturellen Bedeutung f\u00fcr den Menschen.", "start_date": "2026-08-30T16:50:00+00:00", "title": "Die magische Welt der B\u00e4ume"}, {"desc": "Studien belegen, dass Kinder, die fr\u00fch mit B\u00fcchern vertraut gemacht werden, beim Lesen- und Schreibenlernen in der Schule weniger Schwierigkeiten haben. Deshalb bem\u00fchen sich die Freiwilligen des Vereins PIP, bereits den J\u00fcngsten B\u00fccher schmackhaft zu machen. Ein Bericht von Francois Jeannet.", "start_date": "2026-08-30T17:15:00+00:00", "title": "mitenand"}, {"desc": null, "start_date": "2026-08-30T17:30:00+00:00", "title": "Tagesschau"}, {"desc": null, "start_date": "2026-08-30T17:55:00+00:00", "title": "Meteo"}, {"desc": "Pendant la Seconde Guerre mondiale, le vagabond, Ernst Schr\u00e4mli, vend des informations appartenant \u00e0 l'arm\u00e9e suisse \u00e0 un agent secret nazi dans l'espoir de recevoir un visa qui lui permettra de s'installer en Allemagne et de devenir un grand chanteur.", "start_date": "2026-08-30T18:10:00+00:00", "title": "Landesverr\u00e4ter"}, {"desc": "In der Reihe \"Comedy Showcase\" pr\u00e4sentiert SRF Ausschnitte von B\u00fchnenprogrammen von Komikerinnen und Kabarettisten. In dieser Sendung ist B\u00e4nz Friedli mit seinem Programm \"B\u00e4nz Friedli r\u00e4umt auf\" an der Reihe.", "start_date": "2026-08-30T20:10:00+00:00", "title": "Comedy Showcase"}, {"desc": null, "start_date": "2026-08-30T20:55:00+00:00", "title": "Tagesschau"}, {"desc": null, "start_date": "2026-08-30T21:05:00+00:00", "title": "Meteo"}, {"desc": null, "start_date": "2026-08-30T21:10:00+00:00", "title": "Der Engelmacher - Fall der Engel"}, {"desc": null, "start_date": "2026-08-30T22:10:00+00:00", "title": "Der Engelmacher - Vattis Schatten"}, {"desc": "En pleine nuit, Terry Lennox demande \u00e0 son ami Philip Marlowe, d\u00e9tective priv\u00e9, de le conduire de toute urgence au Mexique. Sans exiger d'explication suppl\u00e9mentaire, Marlowe s'ex\u00e9cute mais, au matin, la police l'attend \u00e0 son domicile. Interrog\u00e9 puis plac\u00e9 en garde \u00e0 vue, il apprend que Sylvia, l'\u00e9pouse de Lennox, a \u00e9t\u00e9 retrouv\u00e9e assassin\u00e9e et qu'il est soup\u00e7onn\u00e9 de complicit\u00e9. Le d\u00e9tective est fin", "start_date": "2026-08-30T23:00:00+00:00", "title": "Der Tod kennt keine Wiederkehr"}, {"desc": "Lange galt das Bewusstsein des Todes als letzte Bastion menschlicher Einzigartigkeit. Doch die spanische Philosophin und Tierethikerin Susana Mons\u00f3 stellt diese Gewissheit infrage. Sie erkl\u00e4rt, was Tiere \u00fcber den Tod verstehen und warum diese Erkenntnisse unser Bild vom Menschen ver\u00e4ndern.", "start_date": "2026-08-31T00:45:00+00:00", "title": "Sternstunde Philosophie"}, {"desc": null, "start_date": "2026-08-31T01:45:00+00:00", "title": "F\u00fcr immer und WG"}, {"desc": null, "start_date": "2026-08-31T02:05:00+00:00", "title": "F\u00fcr immer und WG"}, {"desc": "Une s\u00e9rie documentaire qui part \u00e0 la d\u00e9couverte de la Suisse vue du ciel.", "start_date": "2026-08-31T02:30:00+00:00", "title": "Die Schweiz von oben: Z\u00fcrich"}, {"desc": "Die Sendung m\u00f6chte f\u00fcr Kultur begeistern und beh\u00e4lt wichtige Akteure und Ereignisse des Kulturbetriebes im Blick.", "start_date": "2026-08-31T02:40:00+00:00", "title": "Kulturplatz"}, {"desc": "Welche Themen sind gerade f\u00fcr die Menschen von Bedeutung? Die Antwort auf diese Frage liefert Urs Gredig. In dieser w\u00f6chentlichen Talksendung spricht der Journalist mit prominenten G\u00e4sten aus Politik, Wirtschaft, Unterhaltung, Sport und Gesellschaft \u00fcber aktuelle Themen. In jeder Folge hat Gredig eine Person f\u00fcr ein Zwiegespr\u00e4ch zu Gast. Der Themenwahl sind dabei kaum Grenzen gesetzt.", "start_date": "2026-08-31T03:10:00+00:00", "title": "Gredig direkt"}, {"desc": null, "start_date": "2026-08-31T03:40:00+00:00", "title": "SRF bi de L\u00fct - Im Einsatz"}, {"desc": null, "start_date": "2026-08-31T04:25:00+00:00", "title": "News-Schlagzeilen"}, {"desc": null, "start_date": "2026-08-31T05:30:00+00:00", "title": "Wetterkanal"}, {"desc": "Le docteur Paul Flanner se rend en Caroline du Nord pour se r\u00e9concilier avec son fils et fuir son quotidien. Il d\u00e9cide de faire une escale dans un h\u00f4tel situ\u00e9 dans le petit village c\u00f4tier de Rodanthe car un ouragan est annonc\u00e9 pour la soir\u00e9e. Il y fait la connaissance d'Adrienne Willis, qui s'occupe de l'h\u00f4tel d'une amie pour le week-end. Cet isolement permet \u00e0 Adrienne de s'\u00e9loigner un temps des ", "start_date": "2026-08-31T06:50:00+00:00", "title": "Das L\u00e4cheln der Sterne"}, {"desc": null, "start_date": "2026-08-31T08:35:00+00:00", "title": "Der Engelmacher - Fall der Engel"}, {"desc": null, "start_date": "2026-08-31T09:30:00+00:00", "title": "Der Engelmacher - Vattis Schatten"}, {"desc": "Wochenfinale bei \"Mini Chuchi, dini Chuchi\" zum Thema \"\u00d6ppis mit Honig\". Joel aus Walkringen BE powert sich gerne beim Eishockeyspielen aus und hat in seiner Freizeit immer Programm. Der 27-J\u00e4hrige kombiniert das s\u00fcsse Gold mit Schweinsfilet und Sp\u00e4tzli. Wer holt sich heute den Sieg?", "start_date": "2026-08-31T10:25:00+00:00", "title": "Mini Chuchi, dini Chuchi"}, {"desc": null, "start_date": "2026-08-31T10:45:00+00:00", "title": "Tagesschau kompakt"}, {"desc": null, "start_date": "2026-08-31T10:50:00+00:00", "title": "Meteo"}, {"desc": "Les Guillot et leurs enfants habitent dans le Marais poitevin. Estelle cuisine des \u00e9crevisses, tandis que Matthieu pr\u00e9pare un farci mara\u00eechin.", "start_date": "2026-08-31T11:00:00+00:00", "title": "Zu Tisch"}, {"desc": null, "start_date": "2026-08-31T11:30:00+00:00", "title": "SF bi de L\u00fct"}, {"desc": "\"SF bi de L\u00fct\" ist eine Woche lang zu Besuch auf dem Gubel mit Blick \u00fcber das Zugerland und guckt dabei Heidi Schmid in den Kochtopf: bodenst\u00e4ndig, farbenfroh und einfach - so kocht sie. Ob Heidi mit ihrem panierten Geissk\u00e4se, dem Kalbsragout und dem selbstkreierten Gubelkrapfen-Parfait bei den anderen Landfrauen punkten kann?", "start_date": "2026-08-31T12:25:00+00:00", "title": "SF bi de L\u00fct"}, {"desc": "Rund jeder f\u00fcnfte Haustierbesitzer gibt an, mehr um sein Haustier als um einen nahestehenden Menschen getrauert zu haben. Warum bauen Menschen eine so starke Beziehung zu Haustieren auf? \"rec.\"-Reporterin Lia Perbo spricht mit Betroffenen und einem Tierarzt \u00fcber die Trauer um verstorbene Haustiere.", "start_date": "2026-08-31T13:15:00+00:00", "title": "rec."}, {"desc": "Docteur Martin Gruber n'aurais jamais pens\u00e9 abandonn\u00e9 son poste \u00e0 New York pour revenir \u00e0 Ellmau, son village des Alpes. En retrouvant sa famille, il apprend que la petite Lilli est sa fille. Martin doit donc remettre de l'ordre dans sa vie familiale et se confronter aux probl\u00e8mes de sant\u00e9 des habitants du village. \u00catre m\u00e9decin de campagne n'est pas de tout repos.", "start_date": "2026-08-31T13:55:00+00:00", "title": "Der Bergdoktor"}, {"desc": "Docteur Martin Gruber n'aurais jamais pens\u00e9 abandonn\u00e9 son poste \u00e0 New York pour revenir \u00e0 Ellmau, son village des Alpes. En retrouvant sa famille, il apprend que la petite Lilli est sa fille. Martin doit donc remettre de l'ordre dans sa vie familiale et se confronter aux probl\u00e8mes de sant\u00e9 des habitants du village. \u00catre m\u00e9decin de campagne n'est pas de tout repos.", "start_date": "2026-08-31T14:45:00+00:00", "title": "Der Bergdoktor"}, {"desc": "Eine Gute Nacht f\u00fcr die Kleinsten - mit den \"Guetnachtgschichtli\" von Dominik Dachs, Pingu und vielen anderen Helden, die sich auf spannende Reisen begeben.", "start_date": "2026-08-31T15:30:00+00:00", "title": "Guetnachtgschichtli"}, {"desc": null, "start_date": "2026-08-31T15:40:00+00:00", "title": "Telesguard"}, {"desc": null, "start_date": "2026-08-31T16:00:00+00:00", "title": "Tagesschau kompakt"}, {"desc": null, "start_date": "2026-08-31T16:05:00+00:00", "title": "Meteo"}, {"desc": "In der neuen \"Mini Chuchi, dini Chuchi\"-Woche dreht sich alles um den \"Egli\". Miriam aus Bischofszell TG hat in ihrem Garten eigene Bienen und geht gerne wandern. Die 50-J\u00e4hrige umh\u00fcllt ihre Eglifilets mit einem Knuspermantel und kombiniert das mit Spargeln und selbstgemachter Mayonnaise.", "start_date": "2026-08-31T16:10:00+00:00", "title": "Mini Chuchi, dini Chuchi"}, {"desc": "En Suisse orientale, pr\u00e8s du lac de Constance, Thomas Oeler et sa femme Jacqueline pressent, s\u00e8chent ou font compoter des poires au go\u00fbt subtil et d\u00e9licat.", "start_date": "2026-08-31T16:25:00+00:00", "title": "Zu Tisch"}, {"desc": null, "start_date": "2026-08-31T17:00:00+00:00", "title": "Schweiz aktuell"}, {"desc": "\"SRF B\u00f6rse\" berichtet \u00fcber die t\u00e4glichen Entwicklungen an der Schweizer B\u00f6rse. Sie beobachtet und analysiert Trends und Perspektiven und holt dazu die Meinung von Konzernchefs und anderen wichtigen Entscheidungstr\u00e4gern der Wirtschaft ein.", "start_date": "2026-08-31T17:25:00+00:00", "title": "SRF B\u00f6rse"}, {"desc": null, "start_date": "2026-08-31T17:30:00+00:00", "title": "Tagesschau"}, {"desc": null, "start_date": "2026-08-31T17:55:00+00:00", "title": "Meteo"}, {"desc": null, "start_date": "2026-08-31T18:10:00+00:00", "title": "1 gegen 100"}, {"desc": "Die Schweiz wird heisser. Und Hitze ist Stress f\u00fcr K\u00f6rper und Geist, f\u00fchrt an Tagen \u00fcber 30 Grad zu mehr Notf\u00e4llen, Unf\u00e4llen, Todesf\u00e4llen. Was k\u00f6nnen wir heute schon tun, um mit k\u00fcnftigen Extremtemperaturen besser zu leben? \"Puls\" begibt sich auf eine Hitzetour und liefert Antworten.", "start_date": "2026-08-31T19:10:00+00:00", "title": "Puls"}, {"desc": null, "start_date": "2026-08-31T19:50:00+00:00", "title": "10 vor 10"}, {"desc": null, "start_date": "2026-08-31T20:15:00+00:00", "title": "Meteo"}, {"desc": "Die Moderatorin Eveline Kobler begr\u00fc\u00dft in dieser Talkshow f\u00fchrende Vertreter der Schweizer Wirtschaft, die \u00fcber ihre Erfahrungen, Grunds\u00e4tze, ihre gesellschaftliche Veranwortung sowie \u00fcber aktuelle \u00f6konomische Themen sprechen.", "start_date": "2026-08-31T20:25:00+00:00", "title": "Eco Talk"}, {"desc": "Nach einem Unfall steigt Ingrid Huser sogleich ins Unfallauto und bittet den Fahrer wegzufahren. Es ist der Industrielle Peter Frank, in den sie sich verguckt. Doch ihr Vater ist gegen das Verh\u00e4ltnis.", "start_date": "2026-08-31T21:05:00+00:00", "title": "Fr\u00e4ulein Huser"}, {"desc": null, "start_date": "2026-08-31T22:40:00+00:00", "title": "Newsflash SRF 1"}, {"desc": null, "start_date": "2026-08-31T22:50:00+00:00", "title": "1 gegen 100"}, {"desc": "In der neuen \"Mini Chuchi, dini Chuchi\"-Woche dreht sich alles um den \"Egli\". Miriam aus Bischofszell TG hat in ihrem Garten eigene Bienen und geht gerne wandern. Die 50-J\u00e4hrige umh\u00fcllt ihre Eglifilets mit einem Knuspermantel und kombiniert das mit Spargeln und selbstgemachter Mayonnaise.", "start_date": "2026-08-31T23:45:00+00:00", "title": "Mini Chuchi, dini Chuchi"}, {"desc": "Die Moderatorin Eveline Kobler begr\u00fc\u00dft in dieser Talkshow f\u00fchrende Vertreter der Schweizer Wirtschaft, die \u00fcber ihre Erfahrungen, Grunds\u00e4tze, ihre gesellschaftliche Veranwortung sowie \u00fcber aktuelle \u00f6konomische Themen sprechen.", "start_date": "2026-09-01T00:00:00+00:00", "title": "Eco Talk"}], "offset": "+00:00", "timezone": "UTC", "error_code": -1, "start_date": "2026-08-30", "icon": ""}