{"end_date": "2026-08-28", "name": "La Trois", "info_url": "https://epg.pw/channels/516415/20260827.html", "country": "France", "description": null, "error_message": "", "provider": "", "source_url": "https://epg.pw/api/epg.json?channel_id=516415&date=20260827&timezone=None", "epg_list": [{"desc": "Magazine cin\u00e9ma de la rtbf, l'agenda cin\u00e9 pr\u00e9sente, de mani\u00e8re hebdomadaire, toutes les sorties cin\u00e9ma de la semaine.", "start_date": "2026-08-28T18:33:00+00:00", "title": "L'agenda cin\u00e9"}, {"desc": "Le com\u00e9dien Patrick Timsit part \u00e0 la rencontre des Mentawai, peuple primitif d\u00e9couvert il y a quelques ann\u00e9es par des surfers australiens qui fr\u00e9quentaient l'\u00eele de Nias, sur un archipel voisin. Depuis plus de 3000 ans, ils vivent en harmonie quasi fusionnelle avec la jungle tropicale, sur l'\u00eele de Sibeirut, au large de Sumatra. La for\u00eat est leur jardin, la maison collective leur univers. Les Ment", "start_date": "2026-08-28T18:39:00+00:00", "title": "Rendez-vous en terre inconnue"}, {"desc": "Le voyage \u00e0 travers l'Afrique du Sud continue dans le fracas des chutes Victoria, gigantesques cascades visibles \u00e0 70 kilom\u00e8tres de distance. Premier arr\u00eat \u00e0 Johannesburg, la plus grande ville d'Afrique du Sud, dont les mines d'or et de diamants fascinent le monde entier. Puis, d\u00e9tour par Soweto, ancien ghetto de la banlieue de Johannesburg, o\u00f9 les Noirs \u00e9taient contraints de r\u00e9sider jusqu'\u00e0 la fi", "start_date": "2026-08-28T20:04:00+00:00", "title": "Des trains pas comme les autres"}, {"desc": "Le 15 place Vend\u00f4me, dans le Ier arrondissement de Paris, est l'une des adresses les plus c\u00e9l\u00e8bres au monde, celle d'un h\u00f4tel qui a marqu\u00e9 l'histoire de l'h\u00f4tellerie de luxe : le Ritz, r\u00e9sultat du travail de C\u00e9sar et Marie-Louise Ritz qui consid\u00e9raient cette maison comme leur fille, donnant toute leur place aux femmes et \u00e0 la modernit\u00e9. De 1898 \u00e0 l'\u00e9poque actuelle, c'est \u00e0 la fois la petite et la ", "start_date": "2026-08-28T20:56:00+00:00", "title": "Maisons et h\u00f4tels de l\u00e9gende"}, {"desc": "M\u00eame si on ne pr\u00e9sente plus Dany Boon, c\u00e9l\u00e8bre acteur, sc\u00e9nariste et r\u00e9alisateur, sa rencontre avec les journalistes atypiques du Papotin promet de nous en faire d\u00e9couvrir un peu plus sur l'artiste touche-\u00e0-tout.", "start_date": "2026-08-28T21:41:00+00:00", "title": "Les rencontres du Papotin"}, {"desc": null, "start_date": "2026-08-28T22:12:00+00:00", "title": "JT 19h30 avec interpr\u00e9tation en langue des signes"}, {"desc": null, "start_date": "2026-08-28T22:44:00+00:00", "title": "M\u00e9t\u00e9o"}], "offset": "+00:00", "timezone": "UTC", "error_code": -1, "start_date": "2026-08-28", "icon": ""}