{"end_date": "2026-04-28", "name": "Guadeloupe 1\u00e8re", "info_url": "https://epg.pw/channels/516419/20260419.html", "country": "France", "description": null, "error_message": "", "provider": "", "source_url": "https://epg.pw/api/epg.json?channel_id=516419&date=20260419&timezone=None", "epg_list": [{"desc": "Courtney travaille pour \"Belle la vie\", une agence de conciergerie de luxe, qui r\u00e9pond \u00e0 la moindre demande de ses clients VIP. Sa patronne, Dana, lui propose une nouvelle mission : accompagner un client milliardaire, Joe Franklin, \u00e0 Banff, au Canada, pour des vacances au ski. Courtney r\u00e9alise rapidement que Joe n'est pas un client normal : il s'extasie devant le jet priv\u00e9, la suite luxueuse et l'", "start_date": "2026-04-27T00:00:00+00:00", "title": "Milliardaire ou presque"}, {"desc": "Les Desva et les Ahitey, deux grandes familles rivales du cacao, se battent pour le contr\u00f4le du n\u00e9goce cacaoyer de la r\u00e9gion de Caodji, en C\u00f4te d'Ivoire. A leur t\u00eate, deux patriarches sans scrupules : l'influent et riche Elie Desva, issu de l'aristocratie ivoirienne du cacao, et le brut et excessif \"self-made man\" Jean Ahitey. Anthony Desva, jeune et brillant financier r\u00e9sidant au Canada, est cont", "start_date": "2026-04-27T01:25:00+00:00", "title": "Cacao"}, {"desc": "Les Desva et les Ahitey, deux grandes familles rivales du cacao, se battent pour le contr\u00f4le du n\u00e9goce cacaoyer de la r\u00e9gion de Caodji, en C\u00f4te d'Ivoire. A leur t\u00eate, deux patriarches sans scrupules : l'influent et riche Elie Desva, issu de l'aristocratie ivoirienne du cacao, et le brut et excessif \"self-made man\" Jean Ahitey. Anthony Desva, jeune et brillant financier r\u00e9sidant au Canada, est cont", "start_date": "2026-04-27T02:15:00+00:00", "title": "Cacao"}, {"desc": null, "start_date": "2026-04-27T03:10:00+00:00", "title": "Couleurs Sport"}, {"desc": null, "start_date": "2026-04-27T03:40:00+00:00", "title": "Stade 2"}, {"desc": "C'est depuis l'imposante esplanade du rosaire du sanctuaire Notre-Dame de Lourdes, qui peut accueillir pr\u00e8s de 40 000 fid\u00e8les, que St\u00e9phane Bern d\u00e9marre son incroyable voyage sur les pas de Bernadette Soubirous. C'est ici, \u00e0 quelques pas de la grotte myst\u00e9rieuse de Massabielle, que cette jeune fille aux r\u00eaves simples confie avoir rencontr\u00e9 la Vierge Marie, une apparition divine survenue 18 fois.", "start_date": "2026-04-27T04:35:00+00:00", "title": "Secrets d'histoire"}, {"desc": "Infatigable voyageur, Fran\u00e7ois P\u00e9cheux embarque pour une nouvelle saison de d\u00e9couverte des fleuves les plus mythiques du monde. De l'Uruguay \u00e0 la Tha\u00eflande et de la Su\u00e8de \u00e0 l'Irlande, en passant par la Laponie, il voyage \u00e0 bord de bateaux et d'embarcations de tous types et descend ces fleuves jusqu'\u00e0 leur embouchure, \u00e0 la rencontre de tous ceux qui vivent sur leurs rives ou sur l'eau.", "start_date": "2026-04-27T06:35:00+00:00", "title": "Au bout c'est la mer"}, {"desc": "Au d\u00e9but du XXe si\u00e8cle, appel\u00e9e en pleine nuit pour assister un accouchement dans une famille juive pauvre et nombreuse, Emma Goldman s'efforce de soulager les souffrances de la parturiente. De retour \u00e0 son domicile, elle se trouve confront\u00e9e \u00e0 son compagnon Ed, \u00e9puis\u00e9 par ses absences. Contrainte de choisir entre son amour pour lui et son engagement militant, elle \u00e9labore un discours intitul\u00e9 \"La", "start_date": "2026-04-27T07:05:00+00:00", "title": "Emma la rouge"}, {"desc": "Avec la nature pour t\u00e9moin, un homme seul au monde et sans aucun bien rena\u00eet et \u00e9tablit un pacte qui l'accompagnera tout au long de sa carri\u00e8re.", "start_date": "2026-04-27T07:20:00+00:00", "title": "Les racines du coeur"}, {"desc": "Avec la nature pour t\u00e9moin, un homme seul au monde et sans aucun bien rena\u00eet et \u00e9tablit un pacte qui l'accompagnera tout au long de sa carri\u00e8re.", "start_date": "2026-04-27T08:08:00+00:00", "title": "Les racines du coeur"}, {"desc": "\"C pas si loin\" d\u00e9crypte le r\u00f4le des Outre-mer dans la construction de la France et analyse leur place dans le monde. Deux reportages abordent un th\u00e8me en lien avec les territoires ultramarins et leur environnement direct. Des invit\u00e9s en duplex r\u00e9agissent et apportent leur analyse. Des cartes et des donn\u00e9es chiffr\u00e9es viennent illustrer la th\u00e9matique abord\u00e9e. Tous les vendredis, un grand t\u00e9moin rev", "start_date": "2026-04-27T09:00:00+00:00", "title": "C pas si loin"}, {"desc": "Tous les mercredis, Ayma se rend dans les quartiers pour nous permettre de d\u00e9couvrir, en immersion, les acteurs de la soci\u00e9t\u00e9 Guadeloup\u00e9enne.", "start_date": "2026-04-27T09:26:00+00:00", "title": "Bo kaz"}, {"desc": "Tous les mercredis, Ayma se rend dans les quartiers pour nous permettre de d\u00e9couvrir, en immersion, les acteurs de la soci\u00e9t\u00e9 Guadeloup\u00e9enne.", "start_date": "2026-04-27T09:51:00+00:00", "title": "Bo kaz"}, {"desc": null, "start_date": "2026-04-27T09:58:00+00:00", "title": "Journal radio - 06h00"}, {"desc": null, "start_date": "2026-04-27T10:29:00+00:00", "title": "Franceinfo"}, {"desc": null, "start_date": "2026-04-27T10:58:00+00:00", "title": "Journal radio - 07h00"}, {"desc": "Juana Levy et Jorge sont un couple qui veut lancer une entreprise de cosm\u00e9tiques tout en essayant de garder leur amour, mais des menaces rendent la route vers le succ\u00e8s compliqu\u00e9e.", "start_date": "2026-04-27T11:25:00+00:00", "title": "Rouge Carmin"}, {"desc": "Juana Levy et Jorge sont un couple qui veut lancer une entreprise de cosm\u00e9tiques tout en essayant de garder leur amour, mais des menaces rendent la route vers le succ\u00e8s compliqu\u00e9e.", "start_date": "2026-04-27T11:48:00+00:00", "title": "Rouge Carmin"}, {"desc": null, "start_date": "2026-04-27T12:12:00+00:00", "title": "La lumi\u00e8re de mes yeux"}, {"desc": "Tous les jours, Faustine Bollaert accueille sur le plateau de \"\u00c7a commence aujourd'hui\" des hommes et des femmes qui \u00e9voquent des \u00e9v\u00e9nements marquants de leur existence, pour permettre \u00e0 d'autres d'avancer dans leur parcours: un rendez-vous positif et optimiste.", "start_date": "2026-04-27T13:05:00+00:00", "title": "\u00c7a commence aujourd'hui"}, {"desc": "Une grande entrevue avec un invit\u00e9 sp\u00e9cial, autour d'un sujet de soci\u00e9t\u00e9, enrichie par la participation en direct des auditeurs et spectateurs.", "start_date": "2026-04-27T14:05:00+00:00", "title": "Didi'co - radiovision"}, {"desc": "En Guadeloupe, le jardin est plus qu'un loisir : c'est une culture, une tradition, un art de vivre. Avec Koud Pouss, le jardinage devient un rendez-vous court, pratique et inspirant : un concentr\u00e9 d'astuces concr\u00e8tes \u00e0 appliquer imm\u00e9diatement, chez soi, sur son balcon, dans son jardin ou m\u00eame en pot dans sa cuisine.", "start_date": "2026-04-27T15:03:00+00:00", "title": "Koud pouss"}, {"desc": "Au carrefour de l'actualit\u00e9 sociale, culturelle, \u00e9conomique, et sportive, ce rendez-vous quotidien sera l'occasion de recevoir des invit\u00e9s de tous horizons.", "start_date": "2026-04-27T15:15:00+00:00", "title": "I ja l\u00e8"}, {"desc": null, "start_date": "2026-04-27T16:10:00+00:00", "title": "Outremer.l'info"}, {"desc": "La groseille p\u00e9yi, c'est l'hibiscus des Antilles que l'on retrouve dans la recette de poires poch\u00e9es et arlettes \u00e9pic\u00e9es de Le\u00efla Albert. Son dessert est l'occasion pour Brice Laurent Dubois d'\u00e9voquer avec ses invit\u00e9s l'art du pochage de fruits et de d\u00e9couvrir les secrets de fabrication de la p\u00e2te feuillet\u00e9e.", "start_date": "2026-04-27T16:20:00+00:00", "title": "Chef pays"}, {"desc": "L'agenda : une s\u00e9lection d'\u00e9v\u00e9nements artistiques, musique, th\u00e9\u00e2tre, arts plastiques, etc\u2026.", "start_date": "2026-04-27T16:51:00+00:00", "title": "Agenda"}, {"desc": null, "start_date": "2026-04-27T16:58:00+00:00", "title": "M\u00e9t\u00e9o Guadeloupe"}, {"desc": null, "start_date": "2026-04-27T17:00:00+00:00", "title": "Le 13H en Guadeloupe"}, {"desc": "\"C pas si loin\" d\u00e9crypte le r\u00f4le des Outre-mer dans la construction de la France et analyse leur place dans le monde. Deux reportages abordent un th\u00e8me en lien avec les territoires ultramarins et leur environnement direct. Des invit\u00e9s en duplex r\u00e9agissent et apportent leur analyse. Des cartes et des donn\u00e9es chiffr\u00e9es viennent illustrer la th\u00e9matique abord\u00e9e. Tous les vendredis, un grand t\u00e9moin rev", "start_date": "2026-04-27T17:25:00+00:00", "title": "C pas si loin"}, {"desc": "Avec la nature pour t\u00e9moin, un homme seul au monde et sans aucun bien rena\u00eet et \u00e9tablit un pacte qui l'accompagnera tout au long de sa carri\u00e8re.", "start_date": "2026-04-27T17:55:00+00:00", "title": "Les racines du coeur"}, {"desc": "Avec la nature pour t\u00e9moin, un homme seul au monde et sans aucun bien rena\u00eet et \u00e9tablit un pacte qui l'accompagnera tout au long de sa carri\u00e8re.", "start_date": "2026-04-27T18:45:00+00:00", "title": "Les racines du coeur"}, {"desc": null, "start_date": "2026-04-27T19:35:00+00:00", "title": "Hollyoaks"}, {"desc": "La roue tourne soudainement pour J\u00e9r\u00e9my, mais dans le mauvais sens. Au commissariat, les r\u00e9v\u00e9lations de Charlotte ont de graves cons\u00e9quences.", "start_date": "2026-04-27T20:00:00+00:00", "title": "Un si grand soleil"}, {"desc": "Soledad est aveugle et r\u00eave de devenir une chanteuse c\u00e9l\u00e8bre. Elle tombe amoureuse de Vicente et, malgr\u00e9 les obstacles que le destin met sur leur chemin, ils se battent pour rester ensemble.", "start_date": "2026-04-27T20:23:00+00:00", "title": "La lumi\u00e8re de mes yeux"}, {"desc": "Juana Levy et Jorge sont un couple qui veut lancer une entreprise de cosm\u00e9tiques tout en essayant de garder leur amour, mais des menaces rendent la route vers le succ\u00e8s compliqu\u00e9e.", "start_date": "2026-04-27T21:10:00+00:00", "title": "Rouge Carmin"}, {"desc": "Juana Levy et Jorge sont un couple qui veut lancer une entreprise de cosm\u00e9tiques tout en essayant de garder leur amour, mais des menaces rendent la route vers le succ\u00e8s compliqu\u00e9e.", "start_date": "2026-04-27T21:33:00+00:00", "title": "Rouge Carmin"}, {"desc": "Au carrefour de l'actualit\u00e9 sociale, culturelle, \u00e9conomique, et sportive, ce rendez-vous quotidien sera l'occasion de recevoir des invit\u00e9s de tous horizons.", "start_date": "2026-04-27T22:00:00+00:00", "title": "I ja l\u00e8"}, {"desc": "L'agenda : une s\u00e9lection d'\u00e9v\u00e9nements artistiques, musique, th\u00e9\u00e2tre, arts plastiques, etc\u2026.", "start_date": "2026-04-27T22:51:00+00:00", "title": "Agenda"}, {"desc": null, "start_date": "2026-04-27T23:00:00+00:00", "title": "Guadeloupe soir, les titres"}, {"desc": null, "start_date": "2026-04-27T23:02:00+00:00", "title": "Guadeloupe soir - journal national"}, {"desc": null, "start_date": "2026-04-27T23:24:00+00:00", "title": "M\u00e9t\u00e9o Guadeloupe"}, {"desc": null, "start_date": "2026-04-27T23:30:00+00:00", "title": "Guadeloupe soir 19h30"}, {"desc": null, "start_date": "2026-04-27T23:57:00+00:00", "title": "JTI Kr\u00e9yol"}, {"desc": "En Guadeloupe, le jardin est plus qu'un loisir : c'est une culture, une tradition, un art de vivre. Avec Koud Pouss, le jardinage devient un rendez-vous court, pratique et inspirant : un concentr\u00e9 d'astuces concr\u00e8tes \u00e0 appliquer imm\u00e9diatement, chez soi, sur son balcon, dans son jardin ou m\u00eame en pot dans sa cuisine.", "start_date": "2026-04-28T00:04:00+00:00", "title": "Koud pouss"}, {"desc": "Le \"Club\" pr\u00e9sente les derniers r\u00e9sultats sportifs et propose des portraits de champions.", "start_date": "2026-04-28T00:05:00+00:00", "title": "Club"}, {"desc": "Un magazine politique qui revient sur des grands d\u00e9bats et sujets qui pr\u00e9occupent les citoyens. Diff\u00e9rents invit\u00e9s sont pr\u00e9sents sur le plateau.", "start_date": "2026-04-28T00:50:00+00:00", "title": "Politique 1\u00e8re - radiovision"}, {"desc": "Mackenzie Clarke, inspectrice de la police de Londres, retourne \u00e0 contrecoeur dans sa ville natale, en Australie. Six ans plus t\u00f4t, elle a en effet abandonn\u00e9 son fianc\u00e9 le jour de leur mariage. Entra\u00een\u00e9e malgr\u00e9 elle dans une affaire criminelle, elle se retrouve \u00e0 travailler sous les ordres de son ex-belle-m\u00e8re cheffe de la police locale, une femme \u00e9nergique et d\u00e9termin\u00e9e, qui lui fait bien compren", "start_date": "2026-04-28T01:35:00+00:00", "title": "Enqu\u00eates au paradis"}, {"desc": "Mackenzie Clarke, inspectrice de la police de Londres, retourne \u00e0 contrecoeur dans sa ville natale, en Australie. Six ans plus t\u00f4t, elle a en effet abandonn\u00e9 son fianc\u00e9 le jour de leur mariage. Entra\u00een\u00e9e malgr\u00e9 elle dans une affaire criminelle, elle se retrouve \u00e0 travailler sous les ordres de son ex-belle-m\u00e8re cheffe de la police locale, une femme \u00e9nergique et d\u00e9termin\u00e9e, qui lui fait bien compren", "start_date": "2026-04-28T02:28:00+00:00", "title": "Enqu\u00eates au paradis"}, {"desc": "Trois m\u00e8res de famille, Ruby, Beth et Annie, vivent dans la banlieue de D\u00e9troit. Chacune lutte pour sauver sa famille et ses enfants. Beth, m\u00e8re de quatre enfants, vit avec un mari infid\u00e8le et d\u00e9pensier. Alors que Ruby cherche comment soigner sa fille, Annie craint de perdre la garde de la sienne. Un jour, elles d\u00e9cident de braquer un supermarch\u00e9 avec une arme factice. Alors qu'elles pensaient ne ", "start_date": "2026-04-28T03:25:00+00:00", "title": "Good Girls"}, {"desc": "Trois m\u00e8res de famille, Ruby, Beth et Annie, vivent dans la banlieue de D\u00e9troit. Chacune lutte pour sauver sa famille et ses enfants. Beth, m\u00e8re de quatre enfants, vit avec un mari infid\u00e8le et d\u00e9pensier. Alors que Ruby cherche comment soigner sa fille, Annie craint de perdre la garde de la sienne. Un jour, elles d\u00e9cident de braquer un supermarch\u00e9 avec une arme factice. Alors qu'elles pensaient ne ", "start_date": "2026-04-28T04:08:00+00:00", "title": "Good Girls"}, {"desc": "Le fant\u00f4me d'un chirurgien arrogant et talentueux prend possession du corps d'un \u00e9tudiant de premi\u00e8re ann\u00e9e, faisant instantan\u00e9ment de lui le m\u00e9decin le plus convoit\u00e9.", "start_date": "2026-04-28T04:50:00+00:00", "title": "Ghost Doctor"}, {"desc": "En Normandie, au XIIIe si\u00e8cle, un chanoine anonyme invente la l\u00e9gende d'un h\u00e9ros mal\u00e9fique qu'il associe \u00e0 l'histoire des ducs de Normandie : Robert le Diable.", "start_date": "2026-04-28T06:00:00+00:00", "title": "Robert et le diable"}, {"desc": "Vingt minutes d'\u00e9clairage quotidien complet sur les Outre-mer.", "start_date": "2026-04-28T07:05:00+00:00", "title": "Outremer l'actu"}, {"desc": "Avec la nature pour t\u00e9moin, un homme seul au monde et sans aucun bien rena\u00eet et \u00e9tablit un pacte qui l'accompagnera tout au long de sa carri\u00e8re.", "start_date": "2026-04-28T07:20:00+00:00", "title": "Les racines du coeur"}, {"desc": "Avec la nature pour t\u00e9moin, un homme seul au monde et sans aucun bien rena\u00eet et \u00e9tablit un pacte qui l'accompagnera tout au long de sa carri\u00e8re.", "start_date": "2026-04-28T08:09:00+00:00", "title": "Les racines du coeur"}, {"desc": "\"C pas si loin\" d\u00e9crypte le r\u00f4le des Outre-mer dans la construction de la France et analyse leur place dans le monde. Deux reportages abordent un th\u00e8me en lien avec les territoires ultramarins et leur environnement direct. Des invit\u00e9s en duplex r\u00e9agissent et apportent leur analyse. Des cartes et des donn\u00e9es chiffr\u00e9es viennent illustrer la th\u00e9matique abord\u00e9e. Tous les vendredis, un grand t\u00e9moin rev", "start_date": "2026-04-28T09:00:00+00:00", "title": "C pas si loin"}, {"desc": "Les territoires ultramarins abritent une faune et une flore d'une richesse exceptionnelle. A eux seuls, ils concentrent pr\u00e8s de 80 % de la biodiversit\u00e9 fran\u00e7aise.", "start_date": "2026-04-28T09:26:00+00:00", "title": "Outremer.story"}, {"desc": null, "start_date": "2026-04-28T09:52:00+00:00", "title": "JTI Kr\u00e9yol"}, {"desc": null, "start_date": "2026-04-28T09:58:00+00:00", "title": "Journal radio - 06h00"}, {"desc": null, "start_date": "2026-04-28T10:29:00+00:00", "title": "Franceinfo"}, {"desc": null, "start_date": "2026-04-28T10:58:00+00:00", "title": "Journal radio - 07h00"}, {"desc": "L'agenda : une s\u00e9lection d'\u00e9v\u00e9nements artistiques, musique, th\u00e9\u00e2tre, arts plastiques, etc\u2026.", "start_date": "2026-04-28T11:20:00+00:00", "title": "Agenda"}, {"desc": "Juana Levy et Jorge sont un couple qui veut lancer une entreprise de cosm\u00e9tiques tout en essayant de garder leur amour, mais des menaces rendent la route vers le succ\u00e8s compliqu\u00e9e.", "start_date": "2026-04-28T11:25:00+00:00", "title": "Rouge Carmin"}, {"desc": "Juana Levy et Jorge sont un couple qui veut lancer une entreprise de cosm\u00e9tiques tout en essayant de garder leur amour, mais des menaces rendent la route vers le succ\u00e8s compliqu\u00e9e.", "start_date": "2026-04-28T11:48:00+00:00", "title": "Rouge Carmin"}, {"desc": "Soledad est aveugle et r\u00eave de devenir une chanteuse c\u00e9l\u00e8bre. Elle tombe amoureuse de Vicente et, malgr\u00e9 les obstacles que le destin met sur leur chemin, ils se battent pour rester ensemble.", "start_date": "2026-04-28T12:12:00+00:00", "title": "La lumi\u00e8re de mes yeux"}, {"desc": "Tous les jours, Faustine Bollaert accueille sur le plateau de \"\u00c7a commence aujourd'hui\" des hommes et des femmes qui \u00e9voquent des \u00e9v\u00e9nements marquants de leur existence, pour permettre \u00e0 d'autres d'avancer dans leur parcours: un rendez-vous positif et optimiste.", "start_date": "2026-04-28T13:05:00+00:00", "title": "\u00c7a commence aujourd'hui"}, {"desc": "Une grande entrevue avec un invit\u00e9 sp\u00e9cial, autour d'un sujet de soci\u00e9t\u00e9, enrichie par la participation en direct des auditeurs et spectateurs.", "start_date": "2026-04-28T14:05:00+00:00", "title": "Didi'co - radiovision"}, {"desc": "En Guadeloupe, le jardin est plus qu'un loisir : c'est une culture, une tradition, un art de vivre. Avec Koud Pouss, le jardinage devient un rendez-vous court, pratique et inspirant : un concentr\u00e9 d'astuces concr\u00e8tes \u00e0 appliquer imm\u00e9diatement, chez soi, sur son balcon, dans son jardin ou m\u00eame en pot dans sa cuisine.", "start_date": "2026-04-28T15:02:00+00:00", "title": "Koud pouss"}, {"desc": "Au carrefour de l'actualit\u00e9 sociale, culturelle, \u00e9conomique, et sportive, ce rendez-vous quotidien sera l'occasion de recevoir des invit\u00e9s de tous horizons.", "start_date": "2026-04-28T15:15:00+00:00", "title": "I ja l\u00e8"}, {"desc": null, "start_date": "2026-04-28T16:10:00+00:00", "title": "Outremer.l'info"}, {"desc": "Epice m\u00e9connue au go\u00fbt puissant, la cardamome est la star de Chef Pays. Tandis que Bruce Laurent Dubois et ses invit\u00e9s nous d\u00e9voilent tout de cette plante tr\u00e8s parfum\u00e9e, la cheffe Yin-Line nous proose une recette de c\u00f4telettes d'agneau accompagn\u00e9e d'une gremolata aux amades et \u00e0 la cardamome.", "start_date": "2026-04-28T16:20:00+00:00", "title": "Chef pays"}, {"desc": "L'agenda : une s\u00e9lection d'\u00e9v\u00e9nements artistiques, musique, th\u00e9\u00e2tre, arts plastiques, etc\u2026.", "start_date": "2026-04-28T16:51:00+00:00", "title": "Agenda"}, {"desc": null, "start_date": "2026-04-28T16:58:00+00:00", "title": "M\u00e9t\u00e9o Guadeloupe"}, {"desc": null, "start_date": "2026-04-28T17:00:00+00:00", "title": "Le 13H en Guadeloupe"}, {"desc": "\"C pas si loin\" d\u00e9crypte le r\u00f4le des Outre-mer dans la construction de la France et analyse leur place dans le monde. Deux reportages abordent un th\u00e8me en lien avec les territoires ultramarins et leur environnement direct. Des invit\u00e9s en duplex r\u00e9agissent et apportent leur analyse. Des cartes et des donn\u00e9es chiffr\u00e9es viennent illustrer la th\u00e9matique abord\u00e9e. Tous les vendredis, un grand t\u00e9moin rev", "start_date": "2026-04-28T17:25:00+00:00", "title": "C pas si loin"}, {"desc": "Avec la nature pour t\u00e9moin, un homme seul au monde et sans aucun bien rena\u00eet et \u00e9tablit un pacte qui l'accompagnera tout au long de sa carri\u00e8re.", "start_date": "2026-04-28T17:55:00+00:00", "title": "Les racines du coeur"}, {"desc": "Avec la nature pour t\u00e9moin, un homme seul au monde et sans aucun bien rena\u00eet et \u00e9tablit un pacte qui l'accompagnera tout au long de sa carri\u00e8re.", "start_date": "2026-04-28T18:44:00+00:00", "title": "Les racines du coeur"}, {"desc": null, "start_date": "2026-04-28T19:35:00+00:00", "title": "Hollyoaks"}, {"desc": "Tandis qu'Aude d\u00e9couvre un \u00e9l\u00e9ment qui pourrait faire basculer son enqu\u00eate, Alix organise un \u00e9v\u00e9nement en grandes pompes. Parviendra-t-elle \u00e0 y attirer le tout Montpellier ?", "start_date": "2026-04-28T20:00:00+00:00", "title": "Un si grand soleil"}, {"desc": "Soledad est aveugle et r\u00eave de devenir une chanteuse c\u00e9l\u00e8bre. Elle tombe amoureuse de Vicente et, malgr\u00e9 les obstacles que le destin met sur leur chemin, ils se battent pour rester ensemble.", "start_date": "2026-04-28T20:23:00+00:00", "title": "La lumi\u00e8re de mes yeux"}, {"desc": "Juana Levy et Jorge sont un couple qui veut lancer une entreprise de cosm\u00e9tiques tout en essayant de garder leur amour, mais des menaces rendent la route vers le succ\u00e8s compliqu\u00e9e.", "start_date": "2026-04-28T21:10:00+00:00", "title": "Rouge Carmin"}, {"desc": "Juana Levy et Jorge sont un couple qui veut lancer une entreprise de cosm\u00e9tiques tout en essayant de garder leur amour, mais des menaces rendent la route vers le succ\u00e8s compliqu\u00e9e.", "start_date": "2026-04-28T21:33:00+00:00", "title": "Rouge Carmin"}, {"desc": "Au carrefour de l'actualit\u00e9 sociale, culturelle, \u00e9conomique, et sportive, ce rendez-vous quotidien sera l'occasion de recevoir des invit\u00e9s de tous horizons.", "start_date": "2026-04-28T22:00:00+00:00", "title": "I ja l\u00e8"}, {"desc": "L'agenda et une s\u00e9lection d'\u00e9v\u00e9nements et de manifestations culturelles des associations de la Guadeloupe.", "start_date": "2026-04-28T22:51:00+00:00", "title": "Blok'not"}, {"desc": null, "start_date": "2026-04-28T23:00:00+00:00", "title": "Guadeloupe soir, les titres"}, {"desc": null, "start_date": "2026-04-28T23:02:00+00:00", "title": "Guadeloupe soir - journal national"}, {"desc": null, "start_date": "2026-04-28T23:24:00+00:00", "title": "M\u00e9t\u00e9o Guadeloupe"}, {"desc": null, "start_date": "2026-04-28T23:30:00+00:00", "title": "Guadeloupe soir 19h30"}, {"desc": null, "start_date": "2026-04-28T23:57:00+00:00", "title": "JTI Kr\u00e9yol"}], "offset": "+00:00", "timezone": "UTC", "error_code": -1, "start_date": "2026-04-27", "icon": ""}