{"end_date": "2026-08-29", "name": "Martinique 1\u00e8re", "info_url": "https://epg.pw/channels/516427/20260828.html", "country": "France", "description": null, "error_message": "", "provider": "", "source_url": "https://epg.pw/api/epg.json?channel_id=516427&date=20260828&timezone=None", "epg_list": [{"desc": "A Itacar\u00e9, au Br\u00e9sil, Cacau, 22 ans, travaille sur une plantation de cacao qui appartient \u00e0 Justino Vaz. La jeune femme r\u00eave de suivre une formation prestigieuse en p\u00e2tisserie et chocolaterie, bien qu'elle n'ait pas les moyens de la financer. Son destin bascule lorsque son p\u00e8re lui r\u00e9v\u00e8le un secret : elle n'est pas sa fille, mais celle, ill\u00e9gitime, de Justino Vaz. Cette r\u00e9v\u00e9lation d\u00e9clenche confli", "start_date": "2026-08-28T18:24:00+00:00", "title": "Cacao"}, {"desc": "A Itacar\u00e9, au Br\u00e9sil, Cacau, 22 ans, travaille sur une plantation de cacao qui appartient \u00e0 Justino Vaz. La jeune femme r\u00eave de suivre une formation prestigieuse en p\u00e2tisserie et chocolaterie, bien qu'elle n'ait pas les moyens de la financer. Son destin bascule lorsque son p\u00e8re lui r\u00e9v\u00e8le un secret : elle n'est pas sa fille, mais celle, ill\u00e9gitime, de Justino Vaz. Cette r\u00e9v\u00e9lation d\u00e9clenche confli", "start_date": "2026-08-28T19:07:00+00:00", "title": "Cacao"}, {"desc": "A Itacar\u00e9, au Br\u00e9sil, Cacau, 22 ans, travaille sur une plantation de cacao qui appartient \u00e0 Justino Vaz. La jeune femme r\u00eave de suivre une formation prestigieuse en p\u00e2tisserie et chocolaterie, bien qu'elle n'ait pas les moyens de la financer. Son destin bascule lorsque son p\u00e8re lui r\u00e9v\u00e8le un secret : elle n'est pas sa fille, mais celle, ill\u00e9gitime, de Justino Vaz. Cette r\u00e9v\u00e9lation d\u00e9clenche confli", "start_date": "2026-08-28T19:50:00+00:00", "title": "Cacao"}, {"desc": "A Itacar\u00e9, au Br\u00e9sil, Cacau, 22 ans, travaille sur une plantation de cacao qui appartient \u00e0 Justino Vaz. La jeune femme r\u00eave de suivre une formation prestigieuse en p\u00e2tisserie et chocolaterie, bien qu'elle n'ait pas les moyens de la financer. Son destin bascule lorsque son p\u00e8re lui r\u00e9v\u00e8le un secret : elle n'est pas sa fille, mais celle, ill\u00e9gitime, de Justino Vaz. Cette r\u00e9v\u00e9lation d\u00e9clenche confli", "start_date": "2026-08-28T20:31:00+00:00", "title": "Cacao"}, {"desc": "Th\u00e9o Curin re\u00e7oit Adeline, 12 ans, qui est complex\u00e9e par sa grande taille, ils seront rejoint par la sp\u00e9cialiste Alicia Cohen-Freoua.", "start_date": "2026-08-28T21:15:00+00:00", "title": "T'es au top"}, {"desc": "Au beau milieu des champs, une bande d'enfant vit au petit village de Bellefontaine. Rapha\u00ebl, Lina, P'tit Pied et Grande Perche remplissent leur quotidien d'aventures tr\u00e9pidantes gr\u00e2ce \u00e0 une imagination sans limites.", "start_date": "2026-08-28T21:31:00+00:00", "title": "Partie de campagne"}, {"desc": "Au beau milieu des champs, une bande d'enfant vit au petit village de Bellefontaine. Rapha\u00ebl, Lina, P'tit Pied et Grande Perche remplissent leur quotidien d'aventures tr\u00e9pidantes gr\u00e2ce \u00e0 une imagination sans limites.", "start_date": "2026-08-28T21:43:00+00:00", "title": "Partie de campagne"}, {"desc": null, "start_date": "2026-08-28T21:55:00+00:00", "title": "Scooby Doo et les myst\u00e8res de la nature"}, {"desc": null, "start_date": "2026-08-28T22:00:00+00:00", "title": "Scooby Doo et les myst\u00e8res de la nature"}, {"desc": null, "start_date": "2026-08-28T22:07:00+00:00", "title": "Velvet, le nouvel empire"}, {"desc": null, "start_date": "2026-08-28T22:33:00+00:00", "title": "Velvet, le nouvel empire"}, {"desc": null, "start_date": "2026-08-28T22:57:00+00:00", "title": "Journal Martinique"}, {"desc": null, "start_date": "2026-08-28T23:19:00+00:00", "title": "Journal Martinique"}, {"desc": null, "start_date": "2026-08-28T23:43:00+00:00", "title": "M\u00e9t\u00e9o \u2013 Martinique matin"}, {"desc": null, "start_date": "2026-08-28T23:47:00+00:00", "title": "M\u00e9t\u00e9o des cyclones"}, {"desc": "Chaque \u00e9quipe fait tout son possible pour remporter un tr\u00e9sor pouvant aller jusqu'\u00e0 50 000 \u20ac pour l'association qu'elle repr\u00e9sente. Cette fois, les valeureux candidats paient de leur personne pour le compte de la SPA et de l'association \"Tout le monde contre le cancer\". Endurance, courage, sagacit\u00e9 : ils et elles ont fort \u00e0 faire pour venir \u00e0 bout des \u00e9preuves qui se dressent sur leur route.", "start_date": "2026-08-28T23:55:00+00:00", "title": "Fort Boyard"}, {"desc": "Le corps de Yann Privat, restaurateur r\u00e9put\u00e9, est retrouv\u00e9 empoisonn\u00e9 et flottant dans un lac du C\u00e9zallier. L'homme \u00e9tait magouilleur en affaire et les suspects ne manquent pas. Mais ici les locaux pr\u00e9f\u00e8rent dire que c'est un m\u00e9fait du Drac, un lutin malfaisant qui empoisonne la vie des gens. Quand un second chef est lui aussi victime d'un empoisonnement fatal, les gendarmes, les capitaines Fr\u00e9d\u00e9r", "start_date": "2026-08-29T02:05:00+00:00", "title": "Meurtres \u00e0..."}, {"desc": "Toujours reclus en montagne o\u00f9 il occupe un poste dans la police rurale, l'ancien grand flic marseillais est confront\u00e9 \u00e0 trois nouvelles enqu\u00eates. C'est d'abord la fugue de deux adolescents arm\u00e9s qui donne du fil \u00e0 retordre \u00e0 \"La Tendresse\" avant qu'un accident de voiture ne le rende amn\u00e9sique. Enfin, un b\u00e9b\u00e9 abandonn\u00e9 fait soudainement irruption dans sa vie. L'enqu\u00eateur se met aussit\u00f4t \u00e0 la reche", "start_date": "2026-08-29T03:41:00+00:00", "title": "Alex Hugo"}, {"desc": "Apr\u00e8s avoir parcouru la France et le monde pendant treize saisons, Nans et Mouts invitent certaines des personnes rencontr\u00e9es au fil de leurs voyages sur leur terre, la Dr\u00f4me. Leur premier rendez-vous est avec Zo\u00e9 et Louise, leurs homologues f\u00e9minines. Ils retrouvent ensuite le duo hilarant d'entrepreneurs belges, Peter et Ronald, le couple si \u00e9mouvant de Camargue, Jean-Phi et Laure, et la famille", "start_date": "2026-08-29T05:12:00+00:00", "title": "Nus et culott\u00e9s"}, {"desc": "Chaque semaine dans \"Samedi d'en rire\", Jean-Luc Lemoine plonge dans le patrimoine humoristique et musical des ann\u00e9es 70 \u00e0 nos jours \u00e0 travers images d'archives et chroniques.", "start_date": "2026-08-29T06:48:00+00:00", "title": "Samedi d'en rire"}, {"desc": null, "start_date": "2026-08-29T07:40:00+00:00", "title": "Hollyoaks"}, {"desc": null, "start_date": "2026-08-29T08:02:00+00:00", "title": "Hollyoaks"}, {"desc": "Des reportages r\u00e9alis\u00e9s par les enfants pour les enfants, qui abordent chaque semaine un nouveau th\u00e8me : environnement, d\u00e9couverte de m\u00e9tiers, culture, sport ou sciences.", "start_date": "2026-08-29T08:25:00+00:00", "title": "Kid reporters"}, {"desc": "Un rendez-vous \u00e9clair\u00e9 pour comprendre et d\u00e9crypter le r\u00f4le des Outre-mer dans la construction de la France et leur place dans la marche du monde.", "start_date": "2026-08-29T08:48:00+00:00", "title": "L'instant outremer"}, {"desc": "Un rendez-vous \u00e9clair\u00e9 pour comprendre et d\u00e9crypter le r\u00f4le des Outre-mer dans la construction de la France et leur place dans la marche du monde.", "start_date": "2026-08-29T08:51:00+00:00", "title": "L'instant outremer"}, {"desc": null, "start_date": "2026-08-29T08:55:00+00:00", "title": "Silence, \u00e7a pousse !"}, {"desc": null, "start_date": "2026-08-29T09:46:00+00:00", "title": "Journal Martinique"}, {"desc": "Au programme :- Pourquoi recevoir est essentiel \u00e0 notre sant\u00e9 ?", "start_date": "2026-08-29T10:07:00+00:00", "title": "Bel & Bien ensemble"}, {"desc": "Au programme :- Comment l'activit\u00e9 physique peut soigner nos douleurs quotidiennes ?", "start_date": "2026-08-29T10:46:00+00:00", "title": "Bel & Bien ensemble"}, {"desc": null, "start_date": "2026-08-29T11:28:00+00:00", "title": "Bouge !"}, {"desc": null, "start_date": "2026-08-29T11:54:00+00:00", "title": "M\u00e9t\u00e9o \u2013 Martinique matin"}, {"desc": null, "start_date": "2026-08-29T11:56:00+00:00", "title": "Journal week-end"}, {"desc": "Un autre regard sur l'actualit\u00e9 avec des images, des \u00e9motions et une \u00e9criture sensible aux aventures humaines: des histoires fran\u00e7aises, le feuilleton de la politique, les coulisses de la vie de tous les jours, les sagas familiales, les confidences des grands t\u00e9moins.", "start_date": "2026-08-29T12:17:00+00:00", "title": "13h15, le samedi"}, {"desc": "Vida est une v\u00e9t\u00e9rinaire en herbe qui s'occupe de tous les charmants animaux vivant juste \u00e0 l'ext\u00e9rieur de sa maison, \u00e0 Bois-Joli. D'un renard avec une patte qui d\u00e9mange \u00e0 une tortue avec un mal de ventre ou un tigre avec une dent douloureuse, Vida gu\u00e9rit tout le monde en un rien de temps !", "start_date": "2026-08-29T12:48:00+00:00", "title": "Vida la v\u00e9to"}, {"desc": "Vida est une v\u00e9t\u00e9rinaire en herbe qui s'occupe de tous les charmants animaux vivant juste \u00e0 l'ext\u00e9rieur de sa maison, \u00e0 Bois-Joli. D'un renard avec une patte qui d\u00e9mange \u00e0 une tortue avec un mal de ventre ou un tigre avec une dent douloureuse, Vida gu\u00e9rit tout le monde en un rien de temps !", "start_date": "2026-08-29T13:00:00+00:00", "title": "Vida la v\u00e9to"}, {"desc": "Vida est une v\u00e9t\u00e9rinaire en herbe qui s'occupe de tous les charmants animaux vivant juste \u00e0 l'ext\u00e9rieur de sa maison, \u00e0 Bois-Joli. D'un renard avec une patte qui d\u00e9mange \u00e0 une tortue avec un mal de ventre ou un tigre avec une dent douloureuse, Vida gu\u00e9rit tout le monde en un rien de temps !", "start_date": "2026-08-29T13:11:00+00:00", "title": "Vida la v\u00e9to"}, {"desc": "Vida est une v\u00e9t\u00e9rinaire en herbe qui s'occupe de tous les charmants animaux vivant juste \u00e0 l'ext\u00e9rieur de sa maison, \u00e0 Bois-Joli. D'un renard avec une patte qui d\u00e9mange \u00e0 une tortue avec un mal de ventre ou un tigre avec une dent douloureuse, Vida gu\u00e9rit tout le monde en un rien de temps !", "start_date": "2026-08-29T13:24:00+00:00", "title": "Vida la v\u00e9to"}, {"desc": "Audrey, 7 ans, partage son quotidien avec toutes sortes d'animaux. La fillette est d\u00e9termin\u00e9e \u00e0 prouver qu'humains et animaux peuvent vivre en harmonie, \u00e0 condition de faire preuve de tendresse et d'empathie.", "start_date": "2026-08-29T13:36:00+00:00", "title": "Le refuge d'Audrey"}, {"desc": "Audrey, 7 ans, partage son quotidien avec toutes sortes d'animaux. La fillette est d\u00e9termin\u00e9e \u00e0 prouver qu'humains et animaux peuvent vivre en harmonie, \u00e0 condition de faire preuve de tendresse et d'empathie.", "start_date": "2026-08-29T13:47:00+00:00", "title": "Le refuge d'Audrey"}, {"desc": "Audrey, 7 ans, partage son quotidien avec toutes sortes d'animaux. La fillette est d\u00e9termin\u00e9e \u00e0 prouver qu'humains et animaux peuvent vivre en harmonie, \u00e0 condition de faire preuve de tendresse et d'empathie.", "start_date": "2026-08-29T13:58:00+00:00", "title": "Le refuge d'Audrey"}, {"desc": "Retrouvez votre feuilleton quotidien du lundi au vendredi \u00e0 20h45 sur France 3.", "start_date": "2026-08-29T14:09:00+00:00", "title": "Scooby Doo et les myst\u00e8res de la nature"}, {"desc": null, "start_date": "2026-08-29T14:14:00+00:00", "title": "Scooby Doo et les myst\u00e8res de la nature"}, {"desc": "Direction le Rock'n Toques \u00e0 Saint Brieuc pour partager le savoir-faire de quatre candidats qui vont pr\u00e9parer des recettes renouvel\u00e9es de galettes bretonnes.", "start_date": "2026-08-29T14:20:00+00:00", "title": "Le meilleur de la cr\u00eape"}, {"desc": null, "start_date": "2026-08-29T14:54:00+00:00", "title": "M\u00e9t\u00e9o \u2013 Martinique matin"}, {"desc": "Au bord de la mer, sur une plage publique de Beyrouth fr\u00e9quent\u00e9e uniquement par des hommes, Reda, Adel et Qassem attendent que leur pays tout entier tombe en ruine, plut\u00f4t qu'un miracle. Unis par un sentiment collectif de d\u00e9sillusion, ils portent avec une pudeur vibrante devant la cam\u00e9ra de Dima El-Horr le poids de leur m\u00e9lancolie, peupl\u00e9e des fant\u00f4mes de la guerre civile, et des r\u00e9alit\u00e9s tr\u00e8s con", "start_date": "2026-08-29T14:56:00+00:00", "title": "Et les poissons volent au-dessus de nos t\u00eates"}, {"desc": "Gros plan sur l'actualit\u00e9 cin\u00e9matographique, avec les derni\u00e8res sorties en salle, des mises en perspective et des infos sur les films et les acteurs.", "start_date": "2026-08-29T16:05:00+00:00", "title": "Cin\u00e9 clap"}, {"desc": "Un voyage sur les traces des marins les plus fascinants et les plus populaires de l'histoire : les pirates et les corsaires. De l'oc\u00e9an Indien, \u00e0 l'\u00eele de la R\u00e9union et l'\u00eele Maurice, \u00e0 Saint-Malo, ces aventuriers ont fait r\u00e9gner la terreur et accumul\u00e9 des fortunes sur les mers entre le XVIIe et le XIXe si\u00e8cle. Qu'ils soient pirates comme Jack Rackham, William Kidd, Barbe Noire, La Buse, ou corsai", "start_date": "2026-08-29T16:12:00+00:00", "title": "Laissez-vous conter"}, {"desc": "Caudry est une petite ville au coeur du Cambr\u00e9sis. Discr\u00e8te et sans histoire en apparence, elle est en fait le coeur de la dentelle fran\u00e7aise. Depuis 150 ans, toute une communaut\u00e9 s'est organis\u00e9e autour de cette industrie. Aussi, lorsque Marie Ballette, h\u00e9riti\u00e8re brillante de la prestigieuse maison qui porte son nom, est retrouv\u00e9e assassin\u00e9e dans son atelier, c'est la stup\u00e9faction. Au moment o\u00f9 le", "start_date": "2026-08-29T17:09:00+00:00", "title": "Meurtres en dentelles"}, {"desc": "Chantal, la m\u00e8re de Barth, vient troubler le calme retrouv\u00e9 des Meyer en interrompant son tour du monde pour rendre visite \u00e0 son fils et sa belle-fille. Boris, lui, vit une belle histoire d'amour avec Sol\u00e8ne, la secr\u00e9taire de son p\u00e8re, qui semble press\u00e9e de vivre \u00e0 ses c\u00f4t\u00e9s. Le juge et sa stagiaire doivent composer entre imp\u00e9ratifs professionnels et une vie priv\u00e9e parfois envahissante. Quant au p", "start_date": "2026-08-29T18:44:00+00:00", "title": "La stagiaire"}, {"desc": "Chantal, la m\u00e8re de Barth, vient troubler le calme retrouv\u00e9 des Meyer en interrompant son tour du monde pour rendre visite \u00e0 son fils et sa belle-fille. Boris, lui, vit une belle histoire d'amour avec Sol\u00e8ne, la secr\u00e9taire de son p\u00e8re, qui semble press\u00e9e de vivre \u00e0 ses c\u00f4t\u00e9s. Le juge et sa stagiaire doivent composer entre imp\u00e9ratifs professionnels et une vie priv\u00e9e parfois envahissante. Quant au p", "start_date": "2026-08-29T19:37:00+00:00", "title": "La stagiaire"}, {"desc": null, "start_date": "2026-08-29T20:29:00+00:00", "title": "Ardennes"}, {"desc": "Une \u00e9mission culinaire qui met en lumi\u00e8re la richesse du patrimoine gastronomique martiniquais tout en sensibilisant aux enjeux de sant\u00e9 publique et de lutte contre le gaspillage.", "start_date": "2026-08-29T22:03:00+00:00", "title": "A table avec Kopa"}, {"desc": "Pour les amoureux des paysages grandioses, les passionn\u00e9s d'histoire et de vieilles pierres ou les gourmands \u00e0 la recherche de produits authentiques, cette 11e saison continue son exploration du patrimoine fran\u00e7ais. Ces voyages, con\u00e7us comme de v\u00e9ritables cartes postales vivantes, m\u00e9ritent le d\u00e9tour. Ils sont charg\u00e9s de petites et grandes histoires et se font en compagnie d'enfants du pays passion", "start_date": "2026-08-29T22:19:00+00:00", "title": "Les 100 lieux qu'il faut voir"}, {"desc": null, "start_date": "2026-08-29T22:57:00+00:00", "title": "Journal Martinique"}, {"desc": null, "start_date": "2026-08-29T23:19:00+00:00", "title": "Journal Martinique"}, {"desc": null, "start_date": "2026-08-29T23:43:00+00:00", "title": "M\u00e9t\u00e9o \u2013 Martinique matin"}, {"desc": null, "start_date": "2026-08-29T23:47:00+00:00", "title": "M\u00e9t\u00e9o des cyclones"}, {"desc": "Oxmo Puccino, le po\u00e8te du rap fran\u00e7ais, te donne rendez-vous pour un concert exceptionnel \u00e0 l'adidas arena ! Pr\u00e9pare-toi \u00e0 vibrer au rythme de ses classiques et de ses textes l\u00e9gendaires dans le meilleur spot de Paris. Une soir\u00e9e inoubliable en perspective, \u00e0 ne pas manquer !", "start_date": "2026-08-29T23:51:00+00:00", "title": "Oxmo Puccino \u00e0 l'Adidas Arena"}], "offset": "+00:00", "timezone": "UTC", "error_code": -1, "start_date": "2026-08-28", "icon": ""}