{"end_date": "2026-08-31", "name": "Martinique 1\u00e8re", "info_url": "https://epg.pw/channels/516427/20260830.html", "country": "France", "description": null, "error_message": "", "provider": "", "source_url": "https://epg.pw/api/epg.json?channel_id=516427&date=20260830&timezone=None", "epg_list": [{"desc": "Mervin Wilson, nouvel inspecteur int\u00e9rimaire de la police de Sainte-Marie, n'a qu'une id\u00e9e en t\u00eate : fuir la chaleur tropicale de l'\u00eele et retrouver enfin Londres et sa vie tr\u00e9pidante, faite de soir\u00e9es au pub et de matchs de foot endiabl\u00e9s. Malheureusement pour lui, les meurtres s'encha\u00eenent, lui donnant l'impression que les \u00e9v\u00e9nements se liguent contre lui pour l'emp\u00eacher de partir. Apr\u00e8s sa prem", "start_date": "2026-08-30T01:46:00+00:00", "title": "Meurtres au paradis"}, {"desc": "Deux amis se lancent le d\u00e9fi de partir \u00e0 la rencontre des volcans actifs fran\u00e7ais et de leurs habitants. Elle est journaliste scientifique, fascin\u00e9e par ces \u00e9difices g\u00e9ologiques, mais n'a jamais c\u00f4toy\u00e9 que les puys endormis de l'Auvergne. Il est guadeloup\u00e9en et profane en g\u00e9oscience, mais sait les r\u00e9alit\u00e9s inh\u00e9rentes \u00e0 une vie men\u00e9e au pied de ces g\u00e9ants. Ensemble, et accompagn\u00e9s d'un volcanologue", "start_date": "2026-08-30T02:45:00+00:00", "title": "A l'ombre des 4 g\u00e9ants"}, {"desc": "Au cours de d\u00e9fis cr\u00e9atifs, dix nouvelles queens s'affrontent lors de cette 3e saison de Drag Race France toujours pr\u00e9sent\u00e9e par Nicky Doll, Kiddy Smile et Daphn\u00e9 B\u00fcrki.", "start_date": "2026-08-30T03:55:00+00:00", "title": "Drag Race France : une seule sera la reine"}, {"desc": "Ancien international de rugby, aujourd'hui consultant pour la t\u00e9l\u00e9vision, le rugbyman Vincent Clerc revient sur son parcours. \u00c1 ses c\u00f4t\u00e9s, le r\u00e9alisateur Christophe Barratier et la com\u00e9dienne, animatrice et \u00e9crivaine La\u00ebtitia Milot.", "start_date": "2026-08-30T04:56:00+00:00", "title": "Un dimanche \u00e0 la campagne"}, {"desc": null, "start_date": "2026-08-30T06:43:00+00:00", "title": "Hollyoaks"}, {"desc": null, "start_date": "2026-08-30T07:06:00+00:00", "title": "Hollyoaks"}, {"desc": null, "start_date": "2026-08-30T07:29:00+00:00", "title": "Hollyoaks"}, {"desc": "Dans les Outre-mer, des personnages en prise \u00e0 des difficult\u00e9s dans leur couple ou dans leur famille tentent de se frayer un chemin vers le bonheur.", "start_date": "2026-08-30T07:58:00+00:00", "title": "L'amour \u00e0 l'\u00e9preuve"}, {"desc": "Dans les Outre-mer, des personnages en prise \u00e0 des difficult\u00e9s dans leur couple ou dans leur famille tentent de se frayer un chemin vers le bonheur.", "start_date": "2026-08-30T08:22:00+00:00", "title": "L'amour \u00e0 l'\u00e9preuve"}, {"desc": "Dans les Outre-mer, des personnages en prise \u00e0 des difficult\u00e9s dans leur couple ou dans leur famille tentent de se frayer un chemin vers le bonheur.", "start_date": "2026-08-30T08:48:00+00:00", "title": "L'amour \u00e0 l'\u00e9preuve"}, {"desc": "Un rendez-vous \u00e9clair\u00e9 pour comprendre et d\u00e9crypter le r\u00f4le des Outre-mer dans la construction de la France et leur place dans la marche du monde.", "start_date": "2026-08-30T09:14:00+00:00", "title": "L'instant outremer"}, {"desc": null, "start_date": "2026-08-30T09:18:00+00:00", "title": "Journal Martinique"}, {"desc": null, "start_date": "2026-08-30T09:38:00+00:00", "title": "Tous Fr\u00e8res"}, {"desc": "Depuis l'\u00e9glise Saint-Pierre-en-Outremeuse de Huy en Belgique, cette messe est c\u00e9l\u00e9br\u00e9e dans le cadre des F\u00eates septennales, un rendez-vous embl\u00e9matique de la cit\u00e9 mosane. Tous les sept ans, Huy fait m\u00e9moire de son histoire et de sa tradition mariale en se rassemblant autour de Notre-Dame de la Sarte, dans un t\u00e9moignage de foi profond\u00e9ment enracin\u00e9 dans son patrimoine.", "start_date": "2026-08-30T10:00:00+00:00", "title": "Messe"}, {"desc": "Producteur : MERAPI PRODUCTIONS \u00bf NC La 1\u00e8re Laurent Calleja est n\u00e9 \u00e0 Magenta. Dans ce quartier, aid\u00e9 par des subventions d'Etat, il vient d'ouvrir un dojo solidaire, o\u00f9 les jeunes pourront d\u00e9couvrir le judo mais aussi \u00e9tudier avec l'aide de b\u00e9n\u00e9voles.", "start_date": "2026-08-30T10:54:00+00:00", "title": "Laurent Calleja"}, {"desc": null, "start_date": "2026-08-30T11:47:00+00:00", "title": "M\u00e9t\u00e9o \u2013 Martinique matin"}, {"desc": "Un rendez-vous \u00e9clair\u00e9 pour comprendre et d\u00e9crypter le r\u00f4le des Outre-mer dans la construction de la France et leur place dans la marche du monde.", "start_date": "2026-08-30T11:50:00+00:00", "title": "L'instant outremer"}, {"desc": null, "start_date": "2026-08-30T11:58:00+00:00", "title": "Journal week-end"}, {"desc": "R\u00e9alis\u00e9 par Virginie Tetoofa La 3e feuille c'est : d\u00e9couvrir la m\u00e9decine traditionnelle polyn\u00e9sienne, les secrets des plantes et partager la qu\u00eate de reconnaissance d'une pratique et d'un savoir \u00e0 travers trois histoires qui se croisent : - La famille Maunier, famille de soignants qui, depuis quatre g\u00e9n\u00e9rations, perp\u00e9tue les connaissances des plantes et les traitements de Mama Vahinerii, une gu\u00e9ri", "start_date": "2026-08-30T12:19:00+00:00", "title": "La 3\u00e8me feuille"}, {"desc": "Ils ont 16 ans et des r\u00eaves de gloire plein la t\u00eate. Ces jeunes champions s'entra\u00eenent d\u00e9sormais sur les terrains de rugby de la Section Paloise mais leur histoire \u00e0 commenc\u00e9 \u00e0 des milliers de kilom\u00e8tres, en Nouvelle-Cal\u00e9donie. Ilestio et Ma\u00efwen ont \u00e9t\u00e9 recrut\u00e9s par la Section Paloise dans le club n\u00e9o-cal\u00e9donien de Dumb\u00e9a, la p\u00e9pini\u00e8re qui a r\u00e9v\u00e9l\u00e9 de tr\u00e8s grands joueurs de rugby fran\u00e7ais. Pour Il", "start_date": "2026-08-30T13:22:00+00:00", "title": "Les guerriers du Pacifique, n\u00e9s pour le rugby"}, {"desc": "\"Chers amis bonjour !\" : c'est la phrase qu'il prononce chaque jour lors du \"Jeu des 1000 euros\". Nicolas Stoufflet esp\u00e8re faire un super banco en cuisine aujourd'hui avec Brice Laurent Dubois. Ils s'att\u00e8lent \u00e0 confectionner une tarte antillaise \u00e0 la cr\u00e8me de patate douce et \u00e0 la chiquetaille de morue. Nini Pomp\u00e9i, danseuse au Crazy Horse, les accompagnera lors de ce repas.", "start_date": "2026-08-30T14:15:00+00:00", "title": "Outremer.gourmand"}, {"desc": null, "start_date": "2026-08-30T14:41:00+00:00", "title": "Bouge !"}, {"desc": null, "start_date": "2026-08-30T15:09:00+00:00", "title": "M\u00e9t\u00e9o \u2013 Martinique matin"}, {"desc": "Une \u00e9mission culinaire qui met en lumi\u00e8re la richesse du patrimoine gastronomique martiniquais tout en sensibilisant aux enjeux de sant\u00e9 publique et de lutte contre le gaspillage.", "start_date": "2026-08-30T15:12:00+00:00", "title": "A table avec Kopa"}, {"desc": "Un magazine musical qui plonge dans la cr\u00e9ation de tubes antillais, d\u00e9cryptant avec les artistes ce qui a fait le succ\u00e8s de ces chansons marquantes d'hier et d'aujourd'hui.", "start_date": "2026-08-30T15:26:00+00:00", "title": "Histoire d'un tube"}, {"desc": "Chartres, le Pays catalan, Caudry, les Marquises, le P\u00e9rigord vert, Douai, la Balagne, Mont-de-Marsan, Millau, Concarneau, Bussang, ou encore la Gironde : tous les coins de France sont susceptibles d'\u00eatre le th\u00e9\u00e2tre d'affaires criminelles vari\u00e9es. Dans cette s\u00e9rie de polici\u00e8re, les membres des forces de l'ordre charg\u00e9es de mener l'enqu\u00eate sont incarn\u00e9s par des acteurs vari\u00e9s, de Gil Alma \u00e0 Blandin", "start_date": "2026-08-30T15:45:00+00:00", "title": "Meurtres \u00e0..."}, {"desc": null, "start_date": "2026-08-30T17:20:00+00:00", "title": "En boucle"}, {"desc": null, "start_date": "2026-08-30T18:33:00+00:00", "title": "En boucle"}, {"desc": "Iris et Jim \u00e9lucident des affaires a priori simples mais qui finissent toujours par d\u00e9voiler leur part de myst\u00e8re. Fid\u00e8les au poste, leurs coll\u00e8gues ne sont pas en reste. Pauline et Ryem s'efforcent de trouver un nouvel \u00e9quilibre apr\u00e8s leur rapprochement manqu\u00e9. David doit g\u00e9rer la garde exclusive de ses enfants, et Nesrine d\u00e9cide de se donner les moyens de son ambition. Tandis que Jules s'entiche", "start_date": "2026-08-30T19:38:00+00:00", "title": "A priori"}, {"desc": "Iris et Jim \u00e9lucident des affaires a priori simples mais qui finissent toujours par d\u00e9voiler leur part de myst\u00e8re. Fid\u00e8les au poste, leurs coll\u00e8gues ne sont pas en reste. Pauline et Ryem s'efforcent de trouver un nouvel \u00e9quilibre apr\u00e8s leur rapprochement manqu\u00e9. David doit g\u00e9rer la garde exclusive de ses enfants, et Nesrine d\u00e9cide de se donner les moyens de son ambition. Tandis que Jules s'entiche", "start_date": "2026-08-30T20:30:00+00:00", "title": "A priori"}, {"desc": "Il y a 30 ans, S\u00e9bastian Price a fond\u00e9 un empire colossal. Lorsqu'il annonce sa future retraite, les membres de sa richissime famille s'observent et placent leur pion dans l'espoir de le remplacer. Quand une trag\u00e9die survient et que S\u00e9bastian meurt pr\u00e9matur\u00e9ment, la lutte pour le pouvoir devient effroyable, entre Ang\u00e9lique, son ex-femme, Felicity, son impitoyable fille a\u00een\u00e9e, Dineo, sa seconde \u00e9po", "start_date": "2026-08-30T21:25:00+00:00", "title": "Legacy"}, {"desc": "Trente ans auparavant, Sebastian Price a fond\u00e9 un empire colossal. Aujourd'hui, le patriarche de cette richissime famille a les cheveux gris et s'appr\u00eate \u00e0 prendre sa retraite. Un des membres de sa famille aura bient\u00f4t \u00e0 reprendre les r\u00eanes. Mais qui ? Et \u00e0 quel prix ? D'un c\u00f4t\u00e9, il y a Ang\u00e9lique, l'ex-femme, am\u00e8re, de Sebastian, et l'impitoyable Felicity, la premi\u00e8re fille du couple. En face, il ", "start_date": "2026-08-30T22:08:00+00:00", "title": "Legacy"}, {"desc": null, "start_date": "2026-08-30T22:57:00+00:00", "title": "Journal Martinique"}, {"desc": null, "start_date": "2026-08-30T23:19:00+00:00", "title": "Journal Martinique"}, {"desc": null, "start_date": "2026-08-30T23:45:00+00:00", "title": "M\u00e9t\u00e9o \u2013 Martinique matin"}, {"desc": null, "start_date": "2026-08-30T23:49:00+00:00", "title": "M\u00e9t\u00e9o des cyclones"}, {"desc": "Joe Baylor est un officier de police qui travaille actuellement comme op\u00e9rateur dans un centre d'appel du 911 \u00e0 Los Angeles. Il re\u00e7oit chaque jour un grand nombre d'appels, mais son attention est surtout occup\u00e9e par l'appel d'une femme qui semble avoir \u00e9t\u00e9 kidnapp\u00e9e. Avec presque aucun indice, aucune adresse, aucun d\u00e9tail, et juste avec l'aide d'un appel t\u00e9l\u00e9phonique, Joe doit tout essayer pour sa", "start_date": "2026-08-30T23:55:00+00:00", "title": "The Guilty"}, {"desc": "Mervin Wilson, nouvel inspecteur int\u00e9rimaire de la police de Sainte-Marie, n'a qu'une id\u00e9e en t\u00eate : fuir la chaleur tropicale de l'\u00eele et retrouver enfin Londres et sa vie tr\u00e9pidante, faite de soir\u00e9es au pub et de matchs de foot endiabl\u00e9s. Malheureusement pour lui, les meurtres s'encha\u00eenent, lui donnant l'impression que les \u00e9v\u00e9nements se liguent contre lui pour l'emp\u00eacher de partir. Apr\u00e8s sa prem", "start_date": "2026-08-31T01:26:00+00:00", "title": "Meurtres au paradis"}, {"desc": null, "start_date": "2026-08-31T02:25:00+00:00", "title": "Stade 2"}, {"desc": "Laura, pharmacienne et m\u00e8re de famille, a fond\u00e9 une association d'aide aux femmes victimes de violences : Femmes Debout. Lorsqu'elle assiste, impuissante, au meurtre d'une de ses membres, son existence vacille. Profond\u00e9ment traumatis\u00e9e par ce f\u00e9minicide et r\u00e9volt\u00e9e par l'inaction de la police et de la justice, elle d\u00e9cide d'agir pour prot\u00e9ger les femmes qui l'entourent, ignorant les difficult\u00e9s qu", "start_date": "2026-08-31T03:28:00+00:00", "title": "L'affaire Laura Stern"}, {"desc": "Laura, pharmacienne et m\u00e8re de famille, a fond\u00e9 une association d'aide aux femmes victimes de violences : Femmes Debout. Lorsqu'elle assiste, impuissante, au meurtre d'une de ses membres, son existence vacille. Profond\u00e9ment traumatis\u00e9e par ce f\u00e9minicide et r\u00e9volt\u00e9e par l'inaction de la police et de la justice, elle d\u00e9cide d'agir pour prot\u00e9ger les femmes qui l'entourent, ignorant les difficult\u00e9s qu", "start_date": "2026-08-31T04:22:00+00:00", "title": "L'affaire Laura Stern"}, {"desc": "Le naturaliste et d\u00e9fenseur de l'environnement Steve Backshall part \u00e0 la rencontre des baleines les plus embl\u00e9matiques, myst\u00e9rieuses et menac\u00e9es, ainsi que de leurs cousins les dauphins. Il explique leurs relations sociales complexes ou leurs techniques de chasse surprenantes. Confront\u00e9 aux probl\u00e8mes cruciaux de la surp\u00eache, de la pollution et de la destruction de l'habitat de ces esp\u00e8ces, Steve p", "start_date": "2026-08-31T05:09:00+00:00", "title": "A la rencontre des baleines avec Steve Backshall"}, {"desc": "Originaire de Futuna, en plein c\u0153ur du Pacifique, Manae Feleu, future m\u00e9decin, co-capitaine de l'\u00e9quipe de France f\u00e9minine de rugby, incarne, \u00e0 25 ans, une jeunesse ultramarine partag\u00e9e entre enracinement et exil, tradition et modernit\u00e9, maillot bleu et blouse blanche. Port\u00e9e par son double engagement, Manae dessine le parcours d'une femme d'exception, symbole des enjeux identitaires, sociaux et e", "start_date": "2026-08-31T05:59:00+00:00", "title": "Manae Feleu, Captain Futuna"}, {"desc": "Adam, 11 ans, et Lina, 8 ans, sont fr\u00e8re et soeur. Le jour o\u00f9 Lina \u00e9chappe volontairement \u00e0 la surveillance de son grand fr\u00e8re, Adam part \u00e0 sa recherche.", "start_date": "2026-08-31T06:51:00+00:00", "title": "Le g\u00e9nie"}, {"desc": "Comme dans une conversation entre amies, quatre jeunes femmes t\u00e9moignent des abus sexuels qu'elles ont v\u00e9cu dans des lieux familiers du quotidien.", "start_date": "2026-08-31T07:07:00+00:00", "title": "En ces lieux"}, {"desc": null, "start_date": "2026-08-31T07:22:00+00:00", "title": "Hollyoaks"}, {"desc": null, "start_date": "2026-08-31T07:46:00+00:00", "title": "Hollyoaks"}, {"desc": "Dans les Outre-mer, des personnages en prise \u00e0 des difficult\u00e9s dans leur couple ou dans leur famille tentent de se frayer un chemin vers le bonheur.", "start_date": "2026-08-31T08:09:00+00:00", "title": "L'amour \u00e0 l'\u00e9preuve"}, {"desc": "Dans les Outre-mer, des personnages en prise \u00e0 des difficult\u00e9s dans leur couple ou dans leur famille tentent de se frayer un chemin vers le bonheur.", "start_date": "2026-08-31T08:33:00+00:00", "title": "L'amour \u00e0 l'\u00e9preuve"}, {"desc": "Un rendez-vous \u00e9clair\u00e9 pour comprendre et d\u00e9crypter le r\u00f4le des Outre-mer dans la construction de la France et leur place dans la marche du monde.", "start_date": "2026-08-31T08:57:00+00:00", "title": "L'instant outremer"}, {"desc": "Un rendez-vous \u00e9clair\u00e9 pour comprendre et d\u00e9crypter le r\u00f4le des Outre-mer dans la construction de la France et leur place dans la marche du monde.", "start_date": "2026-08-31T09:02:00+00:00", "title": "L'instant outremer"}, {"desc": "Un rendez-vous \u00e9clair\u00e9 pour comprendre et d\u00e9crypter le r\u00f4le des Outre-mer dans la construction de la France et leur place dans la marche du monde.", "start_date": "2026-08-31T09:07:00+00:00", "title": "L'instant outremer"}, {"desc": "Un rendez-vous \u00e9clair\u00e9 pour comprendre et d\u00e9crypter le r\u00f4le des Outre-mer dans la construction de la France et leur place dans la marche du monde.", "start_date": "2026-08-31T09:11:00+00:00", "title": "L'instant outremer"}, {"desc": "Un rendez-vous \u00e9clair\u00e9 pour comprendre et d\u00e9crypter le r\u00f4le des Outre-mer dans la construction de la France et leur place dans la marche du monde.", "start_date": "2026-08-31T09:16:00+00:00", "title": "L'instant outremer"}, {"desc": "Chaque jour le docteur Jimmy Mohammed et la journaliste Emma Strack proposent 2 reportages de 26' qui sont des immersions avec des patients et des professionnels de la sant\u00e9 dans toute la France.", "start_date": "2026-08-31T09:20:00+00:00", "title": "Le doc du Mag"}, {"desc": null, "start_date": "2026-08-31T10:22:00+00:00", "title": "Escales en France"}, {"desc": null, "start_date": "2026-08-31T10:48:00+00:00", "title": "Journal Martinique"}, {"desc": null, "start_date": "2026-08-31T11:00:00+00:00", "title": "Radio film\u00e9e"}, {"desc": "La petite Maddie, une enfant malvoyante de 7 ans, habite avec ses parents dans la ville color\u00e9e de Higgledy-Piggledy. La fillette est curieuse de d\u00e9couvrir le monde, passionn\u00e9e de musique et surtout toujours pr\u00eate \u00e0 partir \u00e0 l'aventure avec son meilleur ami Triggs, un chien espi\u00e8gle et gourmand. Ensemble, ils explorent la musique cach\u00e9e dans les sons du quotidien.", "start_date": "2026-08-31T11:15:00+00:00", "title": "Maddie et Triggs"}, {"desc": "La petite Maddie, une enfant malvoyante de 7 ans, habite avec ses parents dans la ville color\u00e9e de Higgledy-Piggledy. La fillette est curieuse de d\u00e9couvrir le monde, passionn\u00e9e de musique et surtout toujours pr\u00eate \u00e0 partir \u00e0 l'aventure avec son meilleur ami Triggs, un chien espi\u00e8gle et gourmand. Ensemble, ils explorent la musique cach\u00e9e dans les sons du quotidien.", "start_date": "2026-08-31T11:22:00+00:00", "title": "Maddie et Triggs"}, {"desc": "La petite Maddie, une enfant malvoyante de 7 ans, habite avec ses parents dans la ville color\u00e9e de Higgledy-Piggledy. La fillette est curieuse de d\u00e9couvrir le monde, passionn\u00e9e de musique et surtout toujours pr\u00eate \u00e0 partir \u00e0 l'aventure avec son meilleur ami Triggs, un chien espi\u00e8gle et gourmand. Ensemble, ils explorent la musique cach\u00e9e dans les sons du quotidien.", "start_date": "2026-08-31T11:29:00+00:00", "title": "Maddie et Triggs"}, {"desc": "Nouvellement arriv\u00e9 en ville, Monsieur Crocodile, un reptile tout en dents mais n\u00e9anmoins amical et attachant, sympathise avec Daisy, une enfant de 8 ans curieuse et ind\u00e9pendante. Tous deux vivent dans un parc de mobile homes, o\u00f9 tous leurs voisins sont \u00e9galement leurs amis et o\u00f9 il y a toujours quelque chose d'amusant \u00e0 faire. Monsieur Crocodile peut compter sur Daisy pour lui apprendre les r\u00e8gle", "start_date": "2026-08-31T11:36:00+00:00", "title": "Monsieur Crocodile"}, {"desc": "En utilisant la m\u00eame technique que celle du programme A\u011e Scooby-Doo mission environnement A\u011f (d\u00e9tournement et ajouts de photos, de videos et d'\u00e9l\u00e9ments graphiques), Kayenta nous propose nla cr\u00e9ation de 20 modules d'environ 5mn autour de la s\u00e9rie A\u011e Quoi de neuf Scooby-Doo ? A\u011f. Dans chaque \u00e9pisode, et par th\u00e9matique, le Scooby-Gang se rend aux 4 coins du globe pour enqu\u00eater net nous faire d\u00e9couvri", "start_date": "2026-08-31T11:47:00+00:00", "title": "Scooby Doo et les myst\u00e8res de la nature"}, {"desc": null, "start_date": "2026-08-31T11:53:00+00:00", "title": "Marcus Level"}, {"desc": null, "start_date": "2026-08-31T11:55:00+00:00", "title": "M\u00e9t\u00e9o \u2013 Martinique matin"}, {"desc": null, "start_date": "2026-08-31T11:58:00+00:00", "title": "Journal 13h00"}, {"desc": "La situation des Perrot s\u00e8me le trouble au sein de leur famille. Pendant ce temps, en plein proc\u00e8s, Nathalie Gimenez s'en prend \u00e0 Eve.", "start_date": "2026-08-31T12:35:00+00:00", "title": "Un si grand soleil"}, {"desc": "Trois fr\u00e8res s\u00e9par\u00e9s \u00e0 la mort de leur p\u00e8re et r\u00e9partis entre diff\u00e9rentes familles se retrouvent apr\u00e8s bien des ann\u00e9es et jurent de se venger du responsable de leur malheur.", "start_date": "2026-08-31T13:00:00+00:00", "title": "Coeur guerrier"}, {"desc": "Regarder la vid\u00e9o \u00c9mission du vendredi 05 juillet 2024 sur france.tv.", "start_date": "2026-08-31T13:44:00+00:00", "title": "Coeur guerrier"}, {"desc": "Regarder la vid\u00e9o \u00c9mission du vendredi 05 juillet 2024 sur france.tv.", "start_date": "2026-08-31T14:27:00+00:00", "title": "Coeur guerrier"}, {"desc": null, "start_date": "2026-08-31T15:11:00+00:00", "title": "M\u00e9t\u00e9o \u2013 Martinique matin"}, {"desc": null, "start_date": "2026-08-31T15:14:00+00:00", "title": "Clips"}, {"desc": "Le chef Meidhy Galas revisite un classique de la cuisine antillaise, les dombr\u00e9s, avec de la banane plantain et de la patate douce. L'occasion pour Brice Laurent Dubois et ses invit\u00e9s d'\u00e9voquer l'histoire de ce plat et sa version sucr\u00e9e.", "start_date": "2026-08-31T15:20:00+00:00", "title": "Chef pays"}, {"desc": null, "start_date": "2026-08-31T15:48:00+00:00", "title": "Velvet, le nouvel empire"}, {"desc": null, "start_date": "2026-08-31T16:13:00+00:00", "title": "Velvet, le nouvel empire"}, {"desc": "Pens\u00e9 comme une v\u00e9ritable \"vitamine technique\" pour les t\u00e9l\u00e9spectateurs curieux, \u00c7a D\u00e9marre explore l'univers des moteurs sous toutes leurs formes : nautisme, p\u00eache embarqu\u00e9e, mobilit\u00e9 \u00e9lectrique, \u00e9quipements motoris\u00e9s, innovations m\u00e9caniques, s\u00e9curit\u00e9 et r\u00e9glementation.", "start_date": "2026-08-31T16:36:00+00:00", "title": "\u00c7a d\u00e9marre !"}, {"desc": "A travers le t\u00e9moignage d'une personnalit\u00e9 martiniquaise, Zi\u00e9taj propose de d\u00e9couvrir la culture de l'\u00efle. Ecrivains, sportifs et artistes pr\u00e9sentent leur Martinique.", "start_date": "2026-08-31T16:54:00+00:00", "title": "Zi\u00e9taj"}, {"desc": "quatre jeunes filles de Mayotte d\u00e9cident de vivre ensemble malgr\u00e9 le refus de leurs parents. La colocation est le point de d\u00e9part des aventures de ce groupe de jeunes filles qui cherchent l'ind\u00e9pendance, la libert\u00e9 et leur place dans la soci\u00e9t\u00e9 Mahoraise.", "start_date": "2026-08-31T17:29:00+00:00", "title": "Colocs !"}, {"desc": "Cacau, une talentueuse artisane chocolati\u00e8re, r\u00eave d'obtenir un dipl\u00f4me international en p\u00e2tisserie et chocolat, mais son chemin semble bloqu\u00e9 par des obstacles financiers. L'intrigue prend vie lorsque son p\u00e8re d\u00e9cide de r\u00e9v\u00e9ler sa v\u00e9ritable identit\u00e9 au puissant Justino Vaz Pereira, propri\u00e9taire de la ferme o\u00f9 ils vivent. Il d\u00e9couvre alors qu'il a eu une fille avec une ancienne institutrice du dom", "start_date": "2026-08-31T17:57:00+00:00", "title": "Cacao"}, {"desc": "Cacau, une talentueuse artisane chocolati\u00e8re, r\u00eave d'obtenir un dipl\u00f4me international en p\u00e2tisserie et chocolat, mais son chemin semble bloqu\u00e9 par des obstacles financiers. L'intrigue prend vie lorsque son p\u00e8re d\u00e9cide de r\u00e9v\u00e9ler sa v\u00e9ritable identit\u00e9 au puissant Justino Vaz Pereira, propri\u00e9taire de la ferme o\u00f9 ils vivent. Il d\u00e9couvre alors qu'il a eu une fille avec une ancienne institutrice du dom", "start_date": "2026-08-31T18:39:00+00:00", "title": "Cacao"}, {"desc": "Cacau, une talentueuse artisane chocolati\u00e8re, r\u00eave d'obtenir un dipl\u00f4me international en p\u00e2tisserie et chocolat, mais son chemin semble bloqu\u00e9 par des obstacles financiers. L'intrigue prend vie lorsque son p\u00e8re d\u00e9cide de r\u00e9v\u00e9ler sa v\u00e9ritable identit\u00e9 au puissant Justino Vaz Pereira, propri\u00e9taire de la ferme o\u00f9 ils vivent. Il d\u00e9couvre alors qu'il a eu une fille avec une ancienne institutrice du dom", "start_date": "2026-08-31T19:21:00+00:00", "title": "Cacao"}, {"desc": null, "start_date": "2026-08-31T20:05:00+00:00", "title": "Windeck : les origines de l'ambition"}, {"desc": "Une s\u00e9rie anim\u00e9e pour comprendre le fonctionnement du corps humain.", "start_date": "2026-08-31T20:46:00+00:00", "title": "Il \u00e9tait une fois... la vie"}, {"desc": "Th\u00e9o Curin re\u00e7oit Zakary, 9 ans, qui est complex\u00e9 par son b\u00e9gaiement, ils seront rejoints par la sp\u00e9cialiste Alicia Cohen-Freoua.", "start_date": "2026-08-31T21:12:00+00:00", "title": "T'es au top"}, {"desc": "Dans un petit immeuble d'une grande ville, Charlie, 6 ans et demi, et son fr\u00e8re Zach, 11 ans, deviennent amis avec Compostman, un monstre v\u00e9g\u00e9tal aussi \u00e9trange que gentil. Celui-ci apprend aux deux enfants et \u00e0 leurs copains Bintou et L\u00e9on \u00e0 toujours prendre soin de la nature. Tous ensemble, ils vivent des aventures quotidiennes \u00e0 la fois p\u00e9dagogiques et pleines d'humour.", "start_date": "2026-08-31T21:27:00+00:00", "title": "Compostman et moi"}, {"desc": "Dans un petit immeuble d'une grande ville, Charlie, 6 ans et demi, et son fr\u00e8re Zach, 11 ans, deviennent amis avec Compostman, un monstre v\u00e9g\u00e9tal aussi \u00e9trange que gentil. Celui-ci apprend aux deux enfants et \u00e0 leurs copains Bintou et L\u00e9on \u00e0 toujours prendre soin de la nature. Tous ensemble, ils vivent des aventures quotidiennes \u00e0 la fois p\u00e9dagogiques et pleines d'humour.", "start_date": "2026-08-31T21:38:00+00:00", "title": "Compostman et moi"}, {"desc": null, "start_date": "2026-08-31T21:49:00+00:00", "title": "Scooby Doo et les myst\u00e8res de la nature"}, {"desc": null, "start_date": "2026-08-31T21:55:00+00:00", "title": "Stade 2 la quotidienne"}, {"desc": null, "start_date": "2026-08-31T22:09:00+00:00", "title": "Velvet, le nouvel empire"}, {"desc": null, "start_date": "2026-08-31T22:31:00+00:00", "title": "Velvet, le nouvel empire"}, {"desc": null, "start_date": "2026-08-31T22:57:00+00:00", "title": "Journal Martinique"}, {"desc": null, "start_date": "2026-08-31T23:21:00+00:00", "title": "Journal Martinique"}, {"desc": null, "start_date": "2026-08-31T23:46:00+00:00", "title": "M\u00e9t\u00e9o \u2013 Martinique matin"}, {"desc": null, "start_date": "2026-08-31T23:50:00+00:00", "title": "M\u00e9t\u00e9o des cyclones"}, {"desc": "Laura, pharmacienne et m\u00e8re de famille, a fond\u00e9 une association d'aide aux femmes victimes de violences : Femmes Debout. Lorsqu'elle assiste, impuissante, au meurtre d'une de ses membres, son existence vacille. Profond\u00e9ment traumatis\u00e9e par ce f\u00e9minicide et r\u00e9volt\u00e9e par l'inaction de la police et de la justice, elle d\u00e9cide d'agir pour prot\u00e9ger les femmes qui l'entourent, ignorant les difficult\u00e9s qu", "start_date": "2026-08-31T23:56:00+00:00", "title": "L'affaire Laura Stern"}], "offset": "+00:00", "timezone": "UTC", "error_code": -1, "start_date": "2026-08-30", "icon": ""}