{"end_date": "2026-08-31", "name": "CNEWS", "info_url": "https://epg.pw/channels/51767/20260829.html", "country": "France", "description": null, "error_message": "", "provider": "", "source_url": "https://epg.pw/api/epg.json?channel_id=51767&date=20260829&timezone=None", "epg_list": [{"desc": null, "start_date": "2026-08-29T00:02:00+00:00", "title": "M\u00e9t\u00e9o des plages"}, {"desc": null, "start_date": "2026-08-29T00:03:00+00:00", "title": "M\u00e9t\u00e9o"}, {"desc": null, "start_date": "2026-08-29T00:04:00+00:00", "title": "Edition de la nuit"}, {"desc": null, "start_date": "2026-08-29T00:28:00+00:00", "title": "M\u00e9t\u00e9o des plages"}, {"desc": null, "start_date": "2026-08-29T00:29:00+00:00", "title": "M\u00e9t\u00e9o"}, {"desc": null, "start_date": "2026-08-29T00:31:00+00:00", "title": "Edition de la nuit"}, {"desc": null, "start_date": "2026-08-29T00:54:00+00:00", "title": "M\u00e9t\u00e9o des plages"}, {"desc": null, "start_date": "2026-08-29T00:55:00+00:00", "title": "M\u00e9t\u00e9o"}, {"desc": null, "start_date": "2026-08-29T00:57:00+00:00", "title": "Edition de la nuit"}, {"desc": "Anne Fulda re\u00e7oit Fran\u00e7ois C\u00e9r\u00e9sa pour son livre \\\"Nos amis les tra\u00eetres - Retour sur une sp\u00e9cialit\u00e9 fran\u00e7aise : la trahison\\\" dans #HDLivres.", "start_date": "2026-08-29T01:19:00+00:00", "title": "L'heure des livres"}, {"desc": null, "start_date": "2026-08-29T01:29:00+00:00", "title": "M\u00e9t\u00e9o des plages"}, {"desc": null, "start_date": "2026-08-29T01:30:00+00:00", "title": "M\u00e9t\u00e9o"}, {"desc": null, "start_date": "2026-08-29T01:31:00+00:00", "title": "Edition de la nuit"}, {"desc": null, "start_date": "2026-08-29T01:55:00+00:00", "title": "M\u00e9t\u00e9o des plages"}, {"desc": null, "start_date": "2026-08-29T01:56:00+00:00", "title": "M\u00e9t\u00e9o"}, {"desc": null, "start_date": "2026-08-29T01:58:00+00:00", "title": "Edition de la nuit"}, {"desc": null, "start_date": "2026-08-29T02:58:00+00:00", "title": "M\u00e9t\u00e9o"}, {"desc": null, "start_date": "2026-08-29T02:59:00+00:00", "title": "Edition de la nuit"}, {"desc": null, "start_date": "2026-08-29T03:23:00+00:00", "title": "M\u00e9t\u00e9o des plages"}, {"desc": null, "start_date": "2026-08-29T03:24:00+00:00", "title": "M\u00e9t\u00e9o"}, {"desc": null, "start_date": "2026-08-29T03:26:00+00:00", "title": "Edition de la nuit"}, {"desc": "En Direct.", "start_date": "2026-08-29T03:54:00+00:00", "title": "La Matinale"}, {"desc": "En Direct.", "start_date": "2026-08-29T03:56:00+00:00", "title": "M\u00e9t\u00e9o"}, {"desc": "En Direct. L'actualit\u00e9 \u00e0 travers les JT, les invit\u00e9s et les experts en plateau, les chroniques sur les sujets du moment, les revues de presse et les reportages et interviews.", "start_date": "2026-08-29T03:58:00+00:00", "title": "La Matinale Week-End"}, {"desc": null, "start_date": "2026-08-29T06:49:00+00:00", "title": "M\u00e9t\u00e9o des plages"}, {"desc": "En Direct.", "start_date": "2026-08-29T06:50:00+00:00", "title": "M\u00e9t\u00e9o 9h"}, {"desc": "En Direct. Eliot Deval et ses invit\u00e9s d\u00e9battent des grands th\u00e8mes de l'actualit\u00e9 dans #HDProsWE \u00e0 9h le samedi et le dimanche.", "start_date": "2026-08-29T06:58:00+00:00", "title": "L'Heure des Pros Week-End"}, {"desc": null, "start_date": "2026-08-29T08:56:00+00:00", "title": "M\u00e9t\u00e9o des plages"}, {"desc": null, "start_date": "2026-08-29T08:57:00+00:00", "title": "M\u00e9t\u00e9o 9h"}, {"desc": "Les conseils de la docteure Brigitte Milhau sur les sujets sant\u00e9 qui concernent le plus grand nombre.", "start_date": "2026-08-29T08:59:00+00:00", "title": "Bonjour Dr Milhau"}, {"desc": null, "start_date": "2026-08-29T09:25:00+00:00", "title": "M\u00e9t\u00e9o des plages"}, {"desc": null, "start_date": "2026-08-29T09:26:00+00:00", "title": "M\u00e9t\u00e9o 9h"}, {"desc": "Retour chronologique sur les grands personnages de l'histoire avec V\u00e9ronique Jacquier et ses invit\u00e9s dans #LBFDLH.", "start_date": "2026-08-29T09:28:00+00:00", "title": "Les belles figures de l'histoire"}, {"desc": "Une courte pr\u00e9sentation de l'histoire du saint du jour qui se conclut par un dicton.", "start_date": "2026-08-29T09:48:00+00:00", "title": "L'\u00e9ph\u00e9m\u00e9ride"}, {"desc": null, "start_date": "2026-08-29T09:56:00+00:00", "title": "M\u00e9t\u00e9o des plages"}, {"desc": null, "start_date": "2026-08-29T09:58:00+00:00", "title": "M\u00e9t\u00e9o"}, {"desc": "En Direct.", "start_date": "2026-08-29T09:59:00+00:00", "title": "100% Actu"}, {"desc": null, "start_date": "2026-08-29T10:56:00+00:00", "title": "M\u00e9t\u00e9o des plages"}, {"desc": null, "start_date": "2026-08-29T10:57:00+00:00", "title": "M\u00e9t\u00e9o"}, {"desc": "Aux c\u00f4t\u00e9s de Laurence Ferrari, l'essayiste \u00e0 succ\u00e8s Michel Onfray analyse, avec du recul, les mouvements qui traversent la soci\u00e9t\u00e9, en France et dans le monde.", "start_date": "2026-08-29T10:59:00+00:00", "title": "Face \u00e0 Michel Onfray"}, {"desc": null, "start_date": "2026-08-29T11:56:00+00:00", "title": "M\u00e9t\u00e9o des plages"}, {"desc": null, "start_date": "2026-08-29T11:58:00+00:00", "title": "M\u00e9t\u00e9o"}, {"desc": null, "start_date": "2026-08-29T11:59:00+00:00", "title": "Police Justice 7 jours en France"}, {"desc": null, "start_date": "2026-08-29T12:56:00+00:00", "title": "M\u00e9t\u00e9o des plages"}, {"desc": null, "start_date": "2026-08-29T12:57:00+00:00", "title": "M\u00e9t\u00e9o"}, {"desc": null, "start_date": "2026-08-29T12:59:00+00:00", "title": "100% Actu"}, {"desc": "Retour sur l'actualit\u00e9 de la semaine en photos et en audio-description.", "start_date": "2026-08-29T14:47:00+00:00", "title": "A l'\u00e9coute du monde"}, {"desc": null, "start_date": "2026-08-29T14:49:00+00:00", "title": "M\u00e9t\u00e9o des plages"}, {"desc": null, "start_date": "2026-08-29T14:50:00+00:00", "title": "M\u00e9t\u00e9o"}, {"desc": "En Direct. Une s\u00e9lection d'images et de th\u00e8mes qui ont marqu\u00e9 l'actualit\u00e9 internationale.", "start_date": "2026-08-29T14:52:00+00:00", "title": "Version Originale"}, {"desc": "En Direct. Les invit\u00e9s de Thierry Cabannes d\u00e9battent de l'actualit\u00e9 dans #PunchlineWE du vendredi au dimanche.", "start_date": "2026-08-29T14:59:00+00:00", "title": "Punchline Week-End"}, {"desc": null, "start_date": "2026-08-29T16:56:00+00:00", "title": "M\u00e9t\u00e9o des plages"}, {"desc": null, "start_date": "2026-08-29T16:57:00+00:00", "title": "M\u00e9t\u00e9o"}, {"desc": "En Direct. Mathieu Bock-C\u00f4t\u00e9 propose un d\u00e9cryptage de l'actualit\u00e9 mais aussi une analyse des enjeux fondamentaux qui secouent les soci\u00e9t\u00e9s occidentales des deux c\u00f4t\u00e9s de l'Atlantique.", "start_date": "2026-08-29T16:59:00+00:00", "title": "Face \u00e0 Bock-C\u00f4t\u00e9"}, {"desc": null, "start_date": "2026-08-29T17:56:00+00:00", "title": "M\u00e9t\u00e9o des plages"}, {"desc": null, "start_date": "2026-08-29T17:57:00+00:00", "title": "M\u00e9t\u00e9o"}, {"desc": "En Direct. Eliot Deval et ses diff\u00e9rents invit\u00e9s, tous experts sportifs, d\u00e9battent des grands th\u00e8mes de l'actualit\u00e9 dans #HDPros2WE \u00e0 20h du vendredi au dimanche.", "start_date": "2026-08-29T17:59:00+00:00", "title": "L'Heure des Pros 2 Week-End"}, {"desc": null, "start_date": "2026-08-29T18:56:00+00:00", "title": "M\u00e9t\u00e9o des plages"}, {"desc": null, "start_date": "2026-08-29T18:57:00+00:00", "title": "M\u00e9t\u00e9o"}, {"desc": "Aux c\u00f4t\u00e9s de Laurence Ferrari, l'essayiste \u00e0 succ\u00e8s Michel Onfray analyse, avec du recul, les mouvements qui traversent la soci\u00e9t\u00e9, en France et dans le monde.", "start_date": "2026-08-29T18:59:00+00:00", "title": "Face \u00e0 Michel Onfray"}, {"desc": null, "start_date": "2026-08-29T19:56:00+00:00", "title": "M\u00e9t\u00e9o des plages"}, {"desc": null, "start_date": "2026-08-29T19:57:00+00:00", "title": "M\u00e9t\u00e9o"}, {"desc": "En Direct. CNEWS vous propose un rendez-vous 100% politique pr\u00e9sent\u00e9 par Olivier de K\u00e9ranflec'h du vendredi au dimanche de 21h \u00e0 minuit.", "start_date": "2026-08-29T19:59:00+00:00", "title": "100% Politique Week-End"}, {"desc": "En Direct.", "start_date": "2026-08-29T20:59:00+00:00", "title": "Soir Info Week-End"}, {"desc": null, "start_date": "2026-08-29T22:27:00+00:00", "title": "M\u00e9t\u00e9o des plages"}, {"desc": null, "start_date": "2026-08-29T22:28:00+00:00", "title": "M\u00e9t\u00e9o"}, {"desc": "En Direct.", "start_date": "2026-08-29T22:29:00+00:00", "title": "Edition de la nuit"}, {"desc": "Eric de Riedmatten re\u00e7oit chaque week-end un invit\u00e9 dans #LHebdoDeLEco pour approfondir un sujet \u00e9conomique.", "start_date": "2026-08-29T22:51:00+00:00", "title": "L'hebdo de l'\u00e9co"}, {"desc": null, "start_date": "2026-08-29T23:06:00+00:00", "title": "M\u00e9t\u00e9o des plages"}, {"desc": null, "start_date": "2026-08-29T23:07:00+00:00", "title": "M\u00e9t\u00e9o"}, {"desc": null, "start_date": "2026-08-29T23:08:00+00:00", "title": "Edition de la nuit"}, {"desc": "Une courte pr\u00e9sentation de l'histoire du saint du jour qui se conclut par un dicton.", "start_date": "2026-08-29T23:30:00+00:00", "title": "L'\u00e9ph\u00e9m\u00e9ride"}, {"desc": null, "start_date": "2026-08-29T23:32:00+00:00", "title": "M\u00e9t\u00e9o des plages"}, {"desc": null, "start_date": "2026-08-29T23:33:00+00:00", "title": "M\u00e9t\u00e9o"}, {"desc": null, "start_date": "2026-08-29T23:35:00+00:00", "title": "Edition de la nuit"}, {"desc": null, "start_date": "2026-08-29T23:58:00+00:00", "title": "M\u00e9t\u00e9o des plages"}, {"desc": null, "start_date": "2026-08-29T23:59:00+00:00", "title": "M\u00e9t\u00e9o"}, {"desc": null, "start_date": "2026-08-30T00:01:00+00:00", "title": "Edition de la nuit"}, {"desc": "Retour sur l'actualit\u00e9 de la semaine en photos et en audio-description.", "start_date": "2026-08-30T00:23:00+00:00", "title": "A l'\u00e9coute du monde"}, {"desc": null, "start_date": "2026-08-30T00:28:00+00:00", "title": "M\u00e9t\u00e9o des plages"}, {"desc": null, "start_date": "2026-08-30T00:29:00+00:00", "title": "M\u00e9t\u00e9o"}, {"desc": null, "start_date": "2026-08-30T00:31:00+00:00", "title": "Edition de la nuit"}, {"desc": "Anne Fulda re\u00e7oit M\u00e9lissa Da Costa pour son livre \\\"Fauves\\\" dans #HDLivres.", "start_date": "2026-08-30T00:52:00+00:00", "title": "L'heure des livres"}, {"desc": null, "start_date": "2026-08-30T01:02:00+00:00", "title": "M\u00e9t\u00e9o des plages"}, {"desc": null, "start_date": "2026-08-30T01:03:00+00:00", "title": "M\u00e9t\u00e9o"}, {"desc": null, "start_date": "2026-08-30T01:05:00+00:00", "title": "Edition de la nuit"}, {"desc": "Retour sur l'actualit\u00e9 de la semaine en photos et en audio-description.", "start_date": "2026-08-30T01:27:00+00:00", "title": "A l'\u00e9coute du monde"}, {"desc": null, "start_date": "2026-08-30T01:30:00+00:00", "title": "M\u00e9t\u00e9o des plages"}, {"desc": null, "start_date": "2026-08-30T01:31:00+00:00", "title": "M\u00e9t\u00e9o"}, {"desc": null, "start_date": "2026-08-30T01:33:00+00:00", "title": "Edition de la nuit"}, {"desc": "Les conseils de la docteure Brigitte Milhau sur les sujets sant\u00e9 qui concernent le plus grand nombre.", "start_date": "2026-08-30T01:52:00+00:00", "title": "Bonjour Dr Milhau"}, {"desc": null, "start_date": "2026-08-30T01:56:00+00:00", "title": "M\u00e9t\u00e9o des plages"}, {"desc": null, "start_date": "2026-08-30T01:57:00+00:00", "title": "M\u00e9t\u00e9o"}, {"desc": "Les conseils de la docteure Brigitte Milhau sur les sujets sant\u00e9 qui concernent le plus grand nombre.", "start_date": "2026-08-30T01:59:00+00:00", "title": "Bonjour Dr Milhau"}, {"desc": null, "start_date": "2026-08-30T02:58:00+00:00", "title": "M\u00e9t\u00e9o"}, {"desc": null, "start_date": "2026-08-30T02:59:00+00:00", "title": "Edition de la nuit"}, {"desc": null, "start_date": "2026-08-30T03:23:00+00:00", "title": "M\u00e9t\u00e9o des plages"}, {"desc": null, "start_date": "2026-08-30T03:24:00+00:00", "title": "M\u00e9t\u00e9o"}, {"desc": null, "start_date": "2026-08-30T03:26:00+00:00", "title": "Edition de la nuit"}, {"desc": "Une s\u00e9lection d'images et de th\u00e8mes qui ont marqu\u00e9 l'actualit\u00e9 internationale.", "start_date": "2026-08-30T03:46:00+00:00", "title": "Version Originale"}, {"desc": "Une s\u00e9lection d'images et de th\u00e8mes qui ont marqu\u00e9 l'actualit\u00e9 internationale.", "start_date": "2026-08-30T03:47:00+00:00", "title": "Version Originale"}, {"desc": "En Direct.", "start_date": "2026-08-30T03:58:00+00:00", "title": "La Matinale"}, {"desc": "En Direct.", "start_date": "2026-08-30T04:00:00+00:00", "title": "M\u00e9t\u00e9o"}, {"desc": "En Direct. L'actualit\u00e9 \u00e0 travers les JT, les invit\u00e9s et les experts en plateau, les chroniques sur les sujets du moment, les revues de presse et les reportages et interviews.", "start_date": "2026-08-30T04:02:00+00:00", "title": "La Matinale Week-End"}, {"desc": null, "start_date": "2026-08-30T06:49:00+00:00", "title": "M\u00e9t\u00e9o des plages"}, {"desc": "En Direct.", "start_date": "2026-08-30T06:50:00+00:00", "title": "M\u00e9t\u00e9o 9h"}, {"desc": "En Direct. Eliot Deval et ses invit\u00e9s d\u00e9battent des grands th\u00e8mes de l'actualit\u00e9 dans #HDProsWE \u00e0 9h le samedi et le dimanche.", "start_date": "2026-08-30T06:59:00+00:00", "title": "L'Heure des Pros Week-End"}, {"desc": null, "start_date": "2026-08-30T08:56:00+00:00", "title": "M\u00e9t\u00e9o des plages"}, {"desc": null, "start_date": "2026-08-30T08:57:00+00:00", "title": "M\u00e9t\u00e9o 9h"}, {"desc": "Une heure d'entretien incontournable en partenariat avec CNEWS et Les Echos. Une personnalit\u00e9 politique, un dirigeant \u00e9conomique ou un intellectuel revient sur les grands th\u00e8mes de l'actualit\u00e9 pour apporter des r\u00e9ponses concr\u00e8tes aux Fran\u00e7ais.", "start_date": "2026-08-30T09:02:00+00:00", "title": "Le grand rendez-vous"}, {"desc": null, "start_date": "2026-08-30T09:58:00+00:00", "title": "M\u00e9t\u00e9o des plages"}, {"desc": "En Direct.", "start_date": "2026-08-30T09:59:00+00:00", "title": "100% Actu"}, {"desc": null, "start_date": "2026-08-30T10:58:00+00:00", "title": "M\u00e9t\u00e9o des plages"}, {"desc": null, "start_date": "2026-08-30T10:59:00+00:00", "title": "M\u00e9t\u00e9o"}, {"desc": "Aymeric Pourbaix et ses invit\u00e9s abordent l'actualit\u00e9 d'un point de vue spirituel et philosophique dans #EQE.", "start_date": "2026-08-30T11:00:00+00:00", "title": "En qu\u00eate d'esprit"}, {"desc": "Une courte pr\u00e9sentation de l'histoire du saint du jour qui se conclut par un dicton.", "start_date": "2026-08-30T11:46:00+00:00", "title": "L'\u00e9ph\u00e9m\u00e9ride"}, {"desc": "Cette \u00e9mission part \u00e0 la d\u00e9couverte des plus belles \u00e9glises et cath\u00e9drales orthodoxes de France et d'Europe.", "start_date": "2026-08-30T11:47:00+00:00", "title": "Lumi\u00e8res orthodoxes"}, {"desc": null, "start_date": "2026-08-30T11:56:00+00:00", "title": "M\u00e9t\u00e9o des plages"}, {"desc": null, "start_date": "2026-08-30T11:57:00+00:00", "title": "M\u00e9t\u00e9o"}, {"desc": "Lorsque les faits divers deviennent des faits de soci\u00e9t\u00e9, ils racontent la France d'aujourd'hui. La parole est donn\u00e9e \u00e0 ceux qui vivent ces \u00e9v\u00e9nements ou y sont confront\u00e9s.", "start_date": "2026-08-30T11:59:00+00:00", "title": "Police Justice 7 jours en France"}, {"desc": null, "start_date": "2026-08-30T12:57:00+00:00", "title": "M\u00e9t\u00e9o des plages"}, {"desc": null, "start_date": "2026-08-30T12:58:00+00:00", "title": "M\u00e9t\u00e9o"}, {"desc": null, "start_date": "2026-08-30T12:59:00+00:00", "title": "100% Actu"}, {"desc": "Retour sur l'actualit\u00e9 de la semaine en photos et en audio-description.", "start_date": "2026-08-30T13:56:00+00:00", "title": "A l'\u00e9coute du monde"}, {"desc": "En Direct. Un d\u00e9cryptage de l'actualit\u00e9 internationale pr\u00e9sent\u00e9 par Gauthier Le Bret le mercredi \u00e0 21h et par Olivier de Keranflec'h le dimanche \u00e0 16h : #LHeureInter.", "start_date": "2026-08-30T13:59:00+00:00", "title": "L'Heure Inter"}, {"desc": null, "start_date": "2026-08-30T14:56:00+00:00", "title": "M\u00e9t\u00e9o des plages"}, {"desc": null, "start_date": "2026-08-30T14:57:00+00:00", "title": "M\u00e9t\u00e9o"}, {"desc": "En Direct. Les invit\u00e9s de Thierry Cabannes d\u00e9battent de l'actualit\u00e9 dans #PunchlineWE du vendredi au dimanche.", "start_date": "2026-08-30T14:59:00+00:00", "title": "Punchline Week-End"}, {"desc": null, "start_date": "2026-08-30T16:56:00+00:00", "title": "M\u00e9t\u00e9o des plages"}, {"desc": null, "start_date": "2026-08-30T16:57:00+00:00", "title": "M\u00e9t\u00e9o"}, {"desc": "En Direct. Eliot Deval re\u00e7oit Gilles-William Goldnadel et Julien Dray, deux \u00e9ditorialistes aux id\u00e9es diam\u00e9tralement oppos\u00e9es, dans #FaceaFace le dimanche \u00e0 19h.", "start_date": "2026-08-30T16:59:00+00:00", "title": "Face \u00e0 Face"}, {"desc": null, "start_date": "2026-08-30T17:56:00+00:00", "title": "M\u00e9t\u00e9o des plages"}, {"desc": null, "start_date": "2026-08-30T17:57:00+00:00", "title": "M\u00e9t\u00e9o"}, {"desc": "En Direct. Eliot Deval et ses diff\u00e9rents invit\u00e9s, tous experts sportifs, d\u00e9battent des grands th\u00e8mes de l'actualit\u00e9 dans #HDPros2WE \u00e0 20h du vendredi au dimanche.", "start_date": "2026-08-30T17:59:00+00:00", "title": "L'Heure des Pros 2 Week-End"}, {"desc": null, "start_date": "2026-08-30T18:56:00+00:00", "title": "M\u00e9t\u00e9o des plages"}, {"desc": null, "start_date": "2026-08-30T18:57:00+00:00", "title": "M\u00e9t\u00e9o"}, {"desc": "Aymeric Pourbaix et ses invit\u00e9s abordent l'actualit\u00e9 d'un point de vue spirituel et philosophique dans #EQE.", "start_date": "2026-08-30T18:59:00+00:00", "title": "En qu\u00eate d'esprit"}, {"desc": "Cette \u00e9mission part \u00e0 la d\u00e9couverte des plus belles \u00e9glises et cath\u00e9drales orthodoxes de France et d'Europe.", "start_date": "2026-08-30T19:47:00+00:00", "title": "Lumi\u00e8res orthodoxes"}, {"desc": null, "start_date": "2026-08-30T19:56:00+00:00", "title": "M\u00e9t\u00e9o des plages"}, {"desc": null, "start_date": "2026-08-30T19:58:00+00:00", "title": "M\u00e9t\u00e9o"}, {"desc": "Un d\u00e9cryptage de l'actualit\u00e9 internationale pr\u00e9sent\u00e9 par Gauthier Le Bret le mercredi \u00e0 21h et par Olivier de Keranflec'h le dimanche \u00e0 16h : #LHeureInter.", "start_date": "2026-08-30T19:59:00+00:00", "title": "L'Heure Inter"}, {"desc": null, "start_date": "2026-08-30T20:56:00+00:00", "title": "M\u00e9t\u00e9o des plages"}, {"desc": null, "start_date": "2026-08-30T20:57:00+00:00", "title": "M\u00e9t\u00e9o"}, {"desc": "En Direct.", "start_date": "2026-08-30T20:59:00+00:00", "title": "Soir Info Week-End"}, {"desc": null, "start_date": "2026-08-30T22:27:00+00:00", "title": "M\u00e9t\u00e9o des plages"}, {"desc": null, "start_date": "2026-08-30T22:28:00+00:00", "title": "M\u00e9t\u00e9o"}, {"desc": "En Direct.", "start_date": "2026-08-30T22:30:00+00:00", "title": "Edition de la nuit"}, {"desc": "Eric de Riedmatten re\u00e7oit chaque week-end un invit\u00e9 dans #LHebdoDeLEco pour approfondir un sujet \u00e9conomique.", "start_date": "2026-08-30T22:52:00+00:00", "title": "L'hebdo de l'\u00e9co"}, {"desc": null, "start_date": "2026-08-30T23:06:00+00:00", "title": "M\u00e9t\u00e9o des plages"}, {"desc": null, "start_date": "2026-08-30T23:07:00+00:00", "title": "M\u00e9t\u00e9o"}, {"desc": null, "start_date": "2026-08-30T23:08:00+00:00", "title": "Edition de la nuit"}, {"desc": null, "start_date": "2026-08-30T23:09:00+00:00", "title": "Edition de la nuit"}, {"desc": "Une courte pr\u00e9sentation de l'histoire du saint du jour qui se conclut par un dicton.", "start_date": "2026-08-30T23:31:00+00:00", "title": "L'\u00e9ph\u00e9m\u00e9ride"}, {"desc": null, "start_date": "2026-08-30T23:32:00+00:00", "title": "M\u00e9t\u00e9o"}, {"desc": null, "start_date": "2026-08-30T23:33:00+00:00", "title": "M\u00e9t\u00e9o des plages"}, {"desc": null, "start_date": "2026-08-30T23:34:00+00:00", "title": "Edition de la nuit"}, {"desc": null, "start_date": "2026-08-30T23:35:00+00:00", "title": "Edition de la nuit"}, {"desc": "Retour sur l'actualit\u00e9 de la semaine en photos et en audio-description.", "start_date": "2026-08-30T23:57:00+00:00", "title": "A l'\u00e9coute du monde"}, {"desc": null, "start_date": "2026-08-31T00:00:00+00:00", "title": "M\u00e9t\u00e9o"}], "offset": "+00:00", "timezone": "UTC", "error_code": -1, "start_date": "2026-08-29", "icon": ""}