{"end_date": "2026-08-28", "name": "Toute L'Histoire", "info_url": "https://epg.pw/channels/51894/20260827.html", "country": "France", "description": null, "error_message": "", "provider": "", "source_url": "https://epg.pw/api/epg.json?channel_id=51894&date=20260827&timezone=None", "epg_list": [{"desc": "Au milieu des ann\u00e9es 1930, l'Allemagne conna\u00eet de nouveau le plein emploi. En France, le Front populaire arrive au pouvoir tandis qu'en Espagne, Franco d\u00e9clare la guerre aux r\u00e9publicains. Combl\u00e9e, Unity Mitford accompagne Hitler aux Jeux olympiques de Berlin. A Moscou, l'\u00e9tudiant en m\u00e9decine Stepan Podlubny est forc\u00e9 par le NKVD \u00e0 espionner son entourage. Au \"One-Two-Two\", \u00e0 Paris, Marcel Jamet do", "start_date": "2026-08-28T18:40:00+00:00", "title": "Les r\u00eaves bris\u00e9s de l'entre-deux-guerres 1918-1939"}, {"desc": "L'Allemagne attaque la Pologne le 1er septembre 1939. La Seconde Guerre mondiale commence. Pour Edith Wellspacher, l'Anschluss est un choc. Max est intern\u00e9 \u00e0 Dachau.", "start_date": "2026-08-28T19:36:00+00:00", "title": "Les r\u00eaves bris\u00e9s de l'entre-deux-guerres 1918-1939"}, {"desc": "Entre photographies particuli\u00e8res, images d'actualit\u00e9s et archives allemandes, ce documentaire explique comment Paris et ses habitants ont trouv\u00e9 les ressources pour r\u00e9sister \u00e0 l'Occupation allemande et finalement gagner leur Lib\u00e9ration au combat pour faire de Paris la capitale de la R\u00e9sistance.", "start_date": "2026-08-28T20:32:00+00:00", "title": "Paris fait de la R\u00e9sistance"}, {"desc": "Certains ch\u00e2teaux fran\u00e7ais, comme Versailles, le Louvre ou Chambord, ont travers\u00e9 les si\u00e8cles et abrit\u00e9 des tr\u00e9sors de l'Etat. Mais la Seconde Guerre mondiale change tout : occup\u00e9s par les nazis, ils sont pill\u00e9s par Goering. Comment ces lieux prestigieux ont-ils prot\u00e9g\u00e9 leurs chefs-d'oeuvre ?", "start_date": "2026-08-28T21:30:00+00:00", "title": "Les ch\u00e2teaux font de la R\u00e9sistance"}, {"desc": "Le 21 f\u00e9vrier 1944, les 22 combattants du groupe Manouchian de l'Affiche rouge \u00e9taient ex\u00e9cut\u00e9s par les nazis dans la clairi\u00e8re de la forteresse du Mont Val\u00e9rien. Missak Manouchian et les r\u00e9sistants de L'Affiche rouge incarnent la lutte des r\u00e9sistants \u00e9trangers pour la France Libre. Durant la Seconde Guerre mondiale, la r\u00e9sistance au nazisme en France fut l'oeuvre d'hommes et de femmes de toutes o", "start_date": "2026-08-28T22:26:00+00:00", "title": "Les r\u00e9sistants de l'affiche rouge"}, {"desc": "Du d\u00e9but de la Seconde Guerre mondiale jusqu'au D Day, lorsque les soldats alli\u00e9s se sont \u00e9cras\u00e9s pour reconqu\u00e9rir l'Europe, des raids audacieux ont choqu\u00e9 et battu la machine de guerre allemande, inventant de nouvelles formes de guerre et \u00e9tablissant de nouvelles normes de bravoure et de leadership.", "start_date": "2026-08-28T23:21:00+00:00", "title": "Les raids les plus audacieux de la Seconde Guerre mondiale"}], "offset": "+00:00", "timezone": "UTC", "error_code": -1, "start_date": "2026-08-28", "icon": ""}