{"end_date": "2026-04-27", "name": "TV Cultura", "info_url": "https://epg.pw/channels/523305/20260425.html", "country": "Brazil", "description": null, "error_message": "", "provider": "", "source_url": "https://epg.pw/api/epg.json?channel_id=523305&date=20260425&timezone=None", "epg_list": [{"desc": null, "start_date": "2026-04-26T18:15:00+00:00", "title": "Bluey"}, {"desc": null, "start_date": "2026-04-26T18:30:00+00:00", "title": "Turma da M\u00f4nica"}, {"desc": null, "start_date": "2026-04-26T18:40:00+00:00", "title": "Weme e a Natureza"}, {"desc": null, "start_date": "2026-04-26T19:00:00+00:00", "title": "Vamos Pedalar"}, {"desc": null, "start_date": "2026-04-26T19:30:00+00:00", "title": "Perisc\u00f3pio"}, {"desc": null, "start_date": "2026-04-26T20:00:00+00:00", "title": "Planeta Terra"}, {"desc": null, "start_date": "2026-04-26T21:00:00+00:00", "title": "Rep\u00f3rter Eco"}, {"desc": null, "start_date": "2026-04-26T21:30:00+00:00", "title": "Document\u00e1rio: Inf\u00e2ncia, o Futuro em Alerta"}, {"desc": null, "start_date": "2026-04-26T22:30:00+00:00", "title": "Opini\u00e3o"}, {"desc": null, "start_date": "2026-04-26T23:00:00+00:00", "title": "Caf\u00e9 Filos\u00f3fico"}, {"desc": null, "start_date": "2026-04-27T00:00:00+00:00", "title": "Persona em Foco"}], "offset": "+00:00", "timezone": "UTC", "error_code": -1, "start_date": "2026-04-26", "icon": ""}