{"end_date": "2026-05-02", "name": "TV Senado", "info_url": "https://epg.pw/channels/523335/20260430.html", "country": "Brazil", "description": null, "error_message": "", "provider": "", "source_url": "https://epg.pw/api/epg.json?channel_id=523335&date=20260430&timezone=None", "epg_list": [{"desc": null, "start_date": "2026-04-30T00:00:00+00:00", "title": "Comiss\u00e3o"}, {"desc": null, "start_date": "2026-04-30T03:00:00+00:00", "title": "Senadoc: Em Busca de Iara"}, {"desc": null, "start_date": "2026-04-30T04:31:00+00:00", "title": "Senadoc: Fico Te Devendo Uma Carta Sobre O Brasil"}, {"desc": null, "start_date": "2026-04-30T06:00:00+00:00", "title": "Que Brasil \u00e9 Este?"}, {"desc": null, "start_date": "2026-04-30T06:30:00+00:00", "title": "Em Discuss\u00e3o"}, {"desc": null, "start_date": "2026-04-30T07:00:00+00:00", "title": "TV Senado Live"}, {"desc": null, "start_date": "2026-04-30T07:30:00+00:00", "title": "Parlamento Brasil"}, {"desc": null, "start_date": "2026-04-30T08:00:00+00:00", "title": "Assunto de Estado"}, {"desc": null, "start_date": "2026-04-30T08:30:00+00:00", "title": "Agenda Econ\u00f4mica"}, {"desc": null, "start_date": "2026-04-30T09:00:00+00:00", "title": "Senadoc Acervo: 1932 - A Guerra Civil"}, {"desc": null, "start_date": "2026-04-30T10:00:00+00:00", "title": "Tela Brasil: Deu Bola - Refugiados"}, {"desc": null, "start_date": "2026-04-30T10:30:00+00:00", "title": "Agenda Econ\u00f4mica"}, {"desc": null, "start_date": "2026-04-30T11:00:00+00:00", "title": "Cidadania"}, {"desc": null, "start_date": "2026-04-30T11:30:00+00:00", "title": "Senado Not\u00edcias: Boletim"}, {"desc": null, "start_date": "2026-04-30T12:00:00+00:00", "title": "Comiss\u00e3o: Comiss\u00e3o de Agricultura e Reforma Agr\u00e1ria"}, {"desc": null, "start_date": "2026-04-30T13:00:00+00:00", "title": "Comiss\u00e3o: Comiss\u00e3o de Rela\u00e7\u00f5es Exteriores e Defesa Nacional"}, {"desc": null, "start_date": "2026-04-30T16:30:00+00:00", "title": "Senado Not\u00edcias: Boletim"}, {"desc": null, "start_date": "2026-04-30T17:00:00+00:00", "title": "Sess\u00e3o Plen\u00e1ria"}, {"desc": null, "start_date": "2026-04-30T22:30:00+00:00", "title": "Senado Not\u00edcias: Boletim"}, {"desc": null, "start_date": "2026-04-30T23:00:00+00:00", "title": "Em Discuss\u00e3o"}, {"desc": null, "start_date": "2026-04-30T23:30:00+00:00", "title": "Que Brasil \u00e9 Este?"}, {"desc": null, "start_date": "2026-05-01T00:00:00+00:00", "title": "Comiss\u00e3o"}, {"desc": null, "start_date": "2026-05-01T03:00:00+00:00", "title": "Senadoc: Capara\u00f3"}, {"desc": null, "start_date": "2026-05-01T04:30:00+00:00", "title": "Senadoc: O Dia Que Durou 21 Anos"}, {"desc": null, "start_date": "2026-05-01T06:00:00+00:00", "title": "Em Discuss\u00e3o"}, {"desc": null, "start_date": "2026-05-01T06:30:00+00:00", "title": "TV Senado Live"}, {"desc": null, "start_date": "2026-05-01T07:00:00+00:00", "title": "Parlamento Brasil"}, {"desc": null, "start_date": "2026-05-01T07:30:00+00:00", "title": "Assunto de Estado"}, {"desc": null, "start_date": "2026-05-01T08:00:00+00:00", "title": "Agenda Econ\u00f4mica"}, {"desc": null, "start_date": "2026-05-01T08:30:00+00:00", "title": "Que Brasil \u00e9 Este?"}, {"desc": null, "start_date": "2026-05-01T09:00:00+00:00", "title": "Senadoc Acervo"}, {"desc": null, "start_date": "2026-05-01T10:00:00+00:00", "title": "Tela Brasil: Deu Bola - Narradores"}, {"desc": null, "start_date": "2026-05-01T10:30:00+00:00", "title": "Que Brasil \u00e9 Este?"}, {"desc": null, "start_date": "2026-05-01T11:00:00+00:00", "title": "Cidadania"}, {"desc": null, "start_date": "2026-05-01T11:30:00+00:00", "title": "Di\u00e1logos com TCU"}, {"desc": null, "start_date": "2026-05-01T12:00:00+00:00", "title": "TV Senado Live"}, {"desc": null, "start_date": "2026-05-01T12:30:00+00:00", "title": "Sess\u00e3o Plen\u00e1ria"}, {"desc": null, "start_date": "2026-05-01T16:30:00+00:00", "title": "Senado Not\u00edcias Revista"}, {"desc": null, "start_date": "2026-05-01T17:00:00+00:00", "title": "Comiss\u00e3o"}, {"desc": null, "start_date": "2026-05-01T22:30:00+00:00", "title": "Senado Not\u00edcias Revista"}, {"desc": null, "start_date": "2026-05-01T23:00:00+00:00", "title": "Parlamento Brasil"}, {"desc": null, "start_date": "2026-05-01T23:30:00+00:00", "title": "TV Senado Live"}, {"desc": null, "start_date": "2026-05-02T00:00:00+00:00", "title": "Mostra Senadoc"}], "offset": "+00:00", "timezone": "UTC", "error_code": -1, "start_date": "2026-04-30", "icon": ""}