{"end_date": "2026-04-29", "name": "Rede Vida", "info_url": "https://epg.pw/channels/523337/20260428.html", "country": "Brazil", "description": null, "error_message": "", "provider": "", "source_url": "https://epg.pw/api/epg.json?channel_id=523337&date=20260428&timezone=None", "epg_list": [{"desc": null, "start_date": "2026-04-28T01:30:00+00:00", "title": "Di\u00e1logo dos Bispos"}, {"desc": null, "start_date": "2026-04-28T02:30:00+00:00", "title": "JCTV Edi\u00e7\u00e3o da Noite"}, {"desc": null, "start_date": "2026-04-28T03:00:00+00:00", "title": "Conta Comigo"}, {"desc": null, "start_date": "2026-04-28T04:00:00+00:00", "title": "Conta Comigo"}, {"desc": null, "start_date": "2026-04-28T04:45:00+00:00", "title": "Novena dos Filhos e Filhas de S\u00e3o Jos\u00e9"}, {"desc": null, "start_date": "2026-04-28T05:15:00+00:00", "title": "Missa do Santu\u00e1rio da Vida"}, {"desc": null, "start_date": "2026-04-28T06:10:00+00:00", "title": "Novena Maria Passa \u00e0 Frente"}, {"desc": null, "start_date": "2026-04-28T06:40:00+00:00", "title": "Ter\u00e7o da Miseric\u00f3rdia"}, {"desc": null, "start_date": "2026-04-28T06:50:00+00:00", "title": "Juntos Com Nossa Senhora de F\u00e1tima"}, {"desc": null, "start_date": "2026-04-28T07:20:00+00:00", "title": "O P\u00e3o Nosso"}, {"desc": null, "start_date": "2026-04-28T07:30:00+00:00", "title": "Santo Ros\u00e1rio da Madrugada"}, {"desc": null, "start_date": "2026-04-28T09:10:00+00:00", "title": "Ter\u00e7o Pai Eterno"}, {"desc": null, "start_date": "2026-04-28T09:35:00+00:00", "title": "Encontro Com Cristo"}, {"desc": null, "start_date": "2026-04-28T09:45:00+00:00", "title": "A Palavra do Arcebispo - Dom Paulo Mendes Peixoto"}, {"desc": null, "start_date": "2026-04-28T09:55:00+00:00", "title": "Santa Missa Na Divina Provid\u00eancia"}, {"desc": null, "start_date": "2026-04-28T10:45:00+00:00", "title": "A Provid\u00eancia Em Miss\u00e3o"}, {"desc": null, "start_date": "2026-04-28T11:00:00+00:00", "title": "Novena Maria Passa \u00e0 Frente"}, {"desc": null, "start_date": "2026-04-28T11:25:00+00:00", "title": "Cr\u00f4nicas Cotidianas Para Vida"}, {"desc": null, "start_date": "2026-04-28T11:30:00+00:00", "title": "Medita\u00e7\u00e3o da Palavra Com Frei Gilson"}, {"desc": null, "start_date": "2026-04-28T11:40:00+00:00", "title": "Ter\u00e7o da Miseric\u00f3rdia"}, {"desc": null, "start_date": "2026-04-28T11:45:00+00:00", "title": "Palavra de Deus"}, {"desc": null, "start_date": "2026-04-28T11:50:00+00:00", "title": "Ter\u00e7o Bizantino"}, {"desc": null, "start_date": "2026-04-28T12:00:00+00:00", "title": "Missa Padre Robson"}, {"desc": null, "start_date": "2026-04-28T13:00:00+00:00", "title": "Ter\u00e7o Pai Eterno"}, {"desc": null, "start_date": "2026-04-28T13:30:00+00:00", "title": "Novena dos Filhos e Filhas de S\u00e3o Jos\u00e9"}, {"desc": null, "start_date": "2026-04-28T14:00:00+00:00", "title": "Escolhas da Vida"}, {"desc": null, "start_date": "2026-04-28T15:00:00+00:00", "title": "Ros\u00e1rio da Vida"}, {"desc": null, "start_date": "2026-04-28T15:30:00+00:00", "title": "Vida Melhor"}, {"desc": null, "start_date": "2026-04-28T17:30:00+00:00", "title": "Juntos Com Nossa Senhora de F\u00e1tima"}, {"desc": null, "start_date": "2026-04-28T18:00:00+00:00", "title": "Medita\u00e7\u00e3o da Palavra Com Frei Gilson"}, {"desc": null, "start_date": "2026-04-28T18:10:00+00:00", "title": "Bendita Hora"}, {"desc": null, "start_date": "2026-04-28T19:15:00+00:00", "title": "Escolhas da Vida"}, {"desc": null, "start_date": "2026-04-28T20:00:00+00:00", "title": "Novena dos Filhos e Filhas de S\u00e3o Jos\u00e9"}, {"desc": null, "start_date": "2026-04-28T20:30:00+00:00", "title": "Encontro Com Cristo"}, {"desc": null, "start_date": "2026-04-28T20:45:00+00:00", "title": "Ter\u00e7o Bizantino"}, {"desc": null, "start_date": "2026-04-28T21:00:00+00:00", "title": "O Santo Ter\u00e7o"}, {"desc": null, "start_date": "2026-04-28T21:30:00+00:00", "title": "JCTV"}, {"desc": null, "start_date": "2026-04-28T21:55:00+00:00", "title": "Ora\u00e7\u00e3o No Santu\u00e1rio Rezando No Tempo Pascal"}, {"desc": null, "start_date": "2026-04-28T22:00:00+00:00", "title": "Missa do Santu\u00e1rio da Vida"}, {"desc": null, "start_date": "2026-04-28T22:55:00+00:00", "title": "Cr\u00f4nicas de F\u00e9 e Afeto"}, {"desc": null, "start_date": "2026-04-28T23:00:00+00:00", "title": "Ter\u00e7o Pai Eterno"}, {"desc": null, "start_date": "2026-04-28T23:30:00+00:00", "title": "Viva a Vida"}, {"desc": null, "start_date": "2026-04-29T02:00:00+00:00", "title": "Frente a Frente"}, {"desc": null, "start_date": "2026-04-29T02:55:00+00:00", "title": "Ter\u00e7o Bizantino"}, {"desc": null, "start_date": "2026-04-29T03:00:00+00:00", "title": "Conta Comigo"}, {"desc": null, "start_date": "2026-04-29T04:00:00+00:00", "title": "Conta Comigo"}, {"desc": null, "start_date": "2026-04-29T04:45:00+00:00", "title": "Novena dos Filhos e Filhas de S\u00e3o Jos\u00e9"}, {"desc": null, "start_date": "2026-04-29T05:15:00+00:00", "title": "Missa do Santu\u00e1rio da Vida"}, {"desc": null, "start_date": "2026-04-29T06:10:00+00:00", "title": "Novena Maria Passa \u00e0 Frente"}, {"desc": null, "start_date": "2026-04-29T06:40:00+00:00", "title": "Ter\u00e7o da Miseric\u00f3rdia"}, {"desc": null, "start_date": "2026-04-29T06:50:00+00:00", "title": "Juntos Com Nossa Senhora de F\u00e1tima"}, {"desc": null, "start_date": "2026-04-29T07:20:00+00:00", "title": "O P\u00e3o Nosso"}, {"desc": null, "start_date": "2026-04-29T07:30:00+00:00", "title": "Santo Ros\u00e1rio da Madrugada"}, {"desc": null, "start_date": "2026-04-29T09:10:00+00:00", "title": "Ter\u00e7o Pai Eterno"}, {"desc": null, "start_date": "2026-04-29T09:35:00+00:00", "title": "Encontro Com Cristo"}, {"desc": null, "start_date": "2026-04-29T09:45:00+00:00", "title": "Palavra do Cardeal - Dom Orani Jo\u00e3o Tempesta"}, {"desc": null, "start_date": "2026-04-29T09:55:00+00:00", "title": "Santa Missa Na Divina Provid\u00eancia"}, {"desc": null, "start_date": "2026-04-29T10:45:00+00:00", "title": "A Provid\u00eancia Em Miss\u00e3o"}, {"desc": null, "start_date": "2026-04-29T11:00:00+00:00", "title": "Novena Maria Passa \u00e0 Frente"}, {"desc": null, "start_date": "2026-04-29T11:25:00+00:00", "title": "Cr\u00f4nicas Cotidianas Para Vida"}, {"desc": null, "start_date": "2026-04-29T11:30:00+00:00", "title": "Medita\u00e7\u00e3o da Palavra Com Frei Gilson"}, {"desc": null, "start_date": "2026-04-29T11:40:00+00:00", "title": "Ter\u00e7o da Miseric\u00f3rdia"}, {"desc": null, "start_date": "2026-04-29T11:45:00+00:00", "title": "Palavra de Deus"}, {"desc": null, "start_date": "2026-04-29T11:50:00+00:00", "title": "Ter\u00e7o Bizantino"}, {"desc": null, "start_date": "2026-04-29T12:00:00+00:00", "title": "Missa Padre Robson"}, {"desc": null, "start_date": "2026-04-29T13:00:00+00:00", "title": "Ter\u00e7o Pai Eterno"}, {"desc": null, "start_date": "2026-04-29T13:30:00+00:00", "title": "Novena dos Filhos e Filhas de S\u00e3o Jos\u00e9"}, {"desc": null, "start_date": "2026-04-29T14:00:00+00:00", "title": "Escolhas da Vida"}, {"desc": null, "start_date": "2026-04-29T15:00:00+00:00", "title": "Ros\u00e1rio da Vida"}, {"desc": null, "start_date": "2026-04-29T15:30:00+00:00", "title": "Vida Melhor"}, {"desc": null, "start_date": "2026-04-29T17:30:00+00:00", "title": "Juntos Com Nossa Senhora de F\u00e1tima"}, {"desc": null, "start_date": "2026-04-29T18:00:00+00:00", "title": "Medita\u00e7\u00e3o da Palavra Com Frei Gilson"}, {"desc": null, "start_date": "2026-04-29T18:10:00+00:00", "title": "Bendita Hora"}, {"desc": null, "start_date": "2026-04-29T19:15:00+00:00", "title": "Escolhas da Vida"}, {"desc": null, "start_date": "2026-04-29T20:00:00+00:00", "title": "Novena dos Filhos e Filhas de S\u00e3o Jos\u00e9"}, {"desc": null, "start_date": "2026-04-29T20:30:00+00:00", "title": "Encontro Com Cristo"}, {"desc": null, "start_date": "2026-04-29T20:45:00+00:00", "title": "Ter\u00e7o Bizantino"}, {"desc": null, "start_date": "2026-04-29T21:00:00+00:00", "title": "O Santo Ter\u00e7o"}, {"desc": null, "start_date": "2026-04-29T21:30:00+00:00", "title": "JCTV"}, {"desc": null, "start_date": "2026-04-29T21:55:00+00:00", "title": "Ora\u00e7\u00e3o No Santu\u00e1rio Rezando No Tempo Pascal"}, {"desc": null, "start_date": "2026-04-29T22:00:00+00:00", "title": "Missa do Santu\u00e1rio da Vida"}, {"desc": null, "start_date": "2026-04-29T22:55:00+00:00", "title": "Cr\u00f4nicas de F\u00e9 e Afeto"}, {"desc": null, "start_date": "2026-04-29T23:00:00+00:00", "title": "Ter\u00e7o Pai Eterno"}, {"desc": null, "start_date": "2026-04-29T23:30:00+00:00", "title": "Redevida Evangeliza"}], "offset": "+00:00", "timezone": "UTC", "error_code": -1, "start_date": "2026-04-28", "icon": ""}