{"end_date": "2026-05-02", "name": "Rede Vida", "info_url": "https://epg.pw/channels/523337/20260501.html", "country": "Brazil", "description": null, "error_message": "", "provider": "", "source_url": "https://epg.pw/api/epg.json?channel_id=523337&date=20260501&timezone=None", "epg_list": [{"desc": null, "start_date": "2026-05-01T01:00:00+00:00", "title": "Frente a Frente"}, {"desc": null, "start_date": "2026-05-01T02:00:00+00:00", "title": "JCTV Edi\u00e7\u00e3o da Noite"}, {"desc": null, "start_date": "2026-05-01T02:30:00+00:00", "title": "Medita\u00e7\u00e3o da Palavra Com Frei Gilson"}, {"desc": null, "start_date": "2026-05-01T02:40:00+00:00", "title": "Ter\u00e7o da Miseric\u00f3rdia"}, {"desc": null, "start_date": "2026-05-01T02:55:00+00:00", "title": "Ter\u00e7o Bizantino"}, {"desc": null, "start_date": "2026-05-01T03:00:00+00:00", "title": "Conta Comigo"}, {"desc": null, "start_date": "2026-05-01T04:00:00+00:00", "title": "Conta Comigo"}, {"desc": null, "start_date": "2026-05-01T04:45:00+00:00", "title": "Novena dos Filhos e Filhas de S\u00e3o Jos\u00e9"}, {"desc": null, "start_date": "2026-05-01T05:15:00+00:00", "title": "Missa do Santu\u00e1rio da Vida"}, {"desc": null, "start_date": "2026-05-01T06:10:00+00:00", "title": "Novena Maria Passa \u00e0 Frente"}, {"desc": null, "start_date": "2026-05-01T06:40:00+00:00", "title": "Ter\u00e7o da Miseric\u00f3rdia"}, {"desc": null, "start_date": "2026-05-01T06:50:00+00:00", "title": "O P\u00e3o Nosso"}, {"desc": null, "start_date": "2026-05-01T07:00:00+00:00", "title": "Santo Ros\u00e1rio Com Frei Gilson"}, {"desc": null, "start_date": "2026-05-01T09:00:00+00:00", "title": "Ter\u00e7o Pai Eterno"}, {"desc": null, "start_date": "2026-05-01T09:30:00+00:00", "title": "O P\u00e3o Nosso"}, {"desc": null, "start_date": "2026-05-01T09:35:00+00:00", "title": "Encontro Com Cristo"}, {"desc": null, "start_date": "2026-05-01T09:55:00+00:00", "title": "Santa Missa Na Divina Provid\u00eancia"}, {"desc": null, "start_date": "2026-05-01T10:45:00+00:00", "title": "A Provid\u00eancia Em Miss\u00e3o"}, {"desc": null, "start_date": "2026-05-01T11:00:00+00:00", "title": "Novena Maria Passa \u00e0 Frente"}, {"desc": null, "start_date": "2026-05-01T11:25:00+00:00", "title": "Cr\u00f4nicas Cotidianas Para Vida"}, {"desc": null, "start_date": "2026-05-01T11:30:00+00:00", "title": "Medita\u00e7\u00e3o da Palavra Com Frei Gilson"}, {"desc": null, "start_date": "2026-05-01T11:40:00+00:00", "title": "Ter\u00e7o da Miseric\u00f3rdia"}, {"desc": null, "start_date": "2026-05-01T11:45:00+00:00", "title": "Palavra de Deus"}, {"desc": null, "start_date": "2026-05-01T11:50:00+00:00", "title": "Ter\u00e7o Bizantino"}, {"desc": null, "start_date": "2026-05-01T12:00:00+00:00", "title": "Missa de Nossa Senhora de Nazar\u00e9"}, {"desc": null, "start_date": "2026-05-01T13:00:00+00:00", "title": "Ter\u00e7o Pai Eterno"}, {"desc": null, "start_date": "2026-05-01T13:30:00+00:00", "title": "Novena dos Filhos e Filhas de S\u00e3o Jos\u00e9"}, {"desc": null, "start_date": "2026-05-01T14:00:00+00:00", "title": "Escolhas da Vida"}, {"desc": null, "start_date": "2026-05-01T15:00:00+00:00", "title": "Ros\u00e1rio da Vida"}, {"desc": null, "start_date": "2026-05-01T15:30:00+00:00", "title": "Vida Melhor"}, {"desc": null, "start_date": "2026-05-01T17:30:00+00:00", "title": "Juntos Com Nossa Senhora de F\u00e1tima"}, {"desc": null, "start_date": "2026-05-01T18:00:00+00:00", "title": "Medita\u00e7\u00e3o da Palavra Com Frei Gilson"}, {"desc": null, "start_date": "2026-05-01T18:10:00+00:00", "title": "Bendita Hora"}, {"desc": null, "start_date": "2026-05-01T19:15:00+00:00", "title": "Escolhas da Vida"}, {"desc": null, "start_date": "2026-05-01T20:00:00+00:00", "title": "Novena dos Filhos e Filhas de S\u00e3o Jos\u00e9"}, {"desc": null, "start_date": "2026-05-01T20:30:00+00:00", "title": "Encontro Com Cristo"}, {"desc": null, "start_date": "2026-05-01T20:45:00+00:00", "title": "Ter\u00e7o Bizantino"}, {"desc": null, "start_date": "2026-05-01T21:00:00+00:00", "title": "O Santo Ter\u00e7o"}, {"desc": null, "start_date": "2026-05-01T21:30:00+00:00", "title": "JCTV"}, {"desc": null, "start_date": "2026-05-01T21:55:00+00:00", "title": "Ora\u00e7\u00e3o No Santu\u00e1rio Rezando No Tempo Pascal"}, {"desc": null, "start_date": "2026-05-01T22:00:00+00:00", "title": "Missa do Santu\u00e1rio da Vida"}, {"desc": null, "start_date": "2026-05-01T22:55:00+00:00", "title": "Cr\u00f4nicas de F\u00e9 e Afeto"}, {"desc": null, "start_date": "2026-05-01T23:00:00+00:00", "title": "Ter\u00e7o Pai Eterno"}, {"desc": null, "start_date": "2026-05-01T23:30:00+00:00", "title": "Redevida Sertaneja"}, {"desc": null, "start_date": "2026-05-02T01:00:00+00:00", "title": "Frente a Frente"}, {"desc": null, "start_date": "2026-05-02T02:00:00+00:00", "title": "JCTV Edi\u00e7\u00e3o da Noite"}, {"desc": null, "start_date": "2026-05-02T02:30:00+00:00", "title": "Medita\u00e7\u00e3o da Palavra Com Frei Gilson"}, {"desc": null, "start_date": "2026-05-02T02:40:00+00:00", "title": "Ter\u00e7o da Miseric\u00f3rdia"}, {"desc": null, "start_date": "2026-05-02T02:55:00+00:00", "title": "Ter\u00e7o Bizantino"}], "offset": "+00:00", "timezone": "UTC", "error_code": -1, "start_date": "2026-05-01", "icon": ""}