{"end_date": "2026-04-30", "name": "Arte 1", "info_url": "https://epg.pw/channels/523338/20260429.html", "country": "Brazil", "description": null, "error_message": "", "provider": "", "source_url": "https://epg.pw/api/epg.json?channel_id=523338&date=20260429&timezone=None", "epg_list": [{"desc": null, "start_date": "2026-04-29T00:00:00+00:00", "title": "Especial Arte 1"}, {"desc": null, "start_date": "2026-04-29T00:30:00+00:00", "title": "Arte 1 Visual: Inven\u00e7\u00f5es da Alma"}, {"desc": null, "start_date": "2026-04-29T01:00:00+00:00", "title": "Arte 1 Visual: Inven\u00e7\u00f5es da Alma"}, {"desc": null, "start_date": "2026-04-29T01:30:00+00:00", "title": "Insight"}, {"desc": null, "start_date": "2026-04-29T02:00:00+00:00", "title": "Arte 1 Documenta"}, {"desc": null, "start_date": "2026-04-29T03:30:00+00:00", "title": "Arte 1 em S\u00e9rie"}, {"desc": null, "start_date": "2026-04-29T04:30:00+00:00", "title": "Especial Arte 1"}, {"desc": null, "start_date": "2026-04-29T05:00:00+00:00", "title": "Vida de Artista: Once"}, {"desc": null, "start_date": "2026-04-29T05:30:00+00:00", "title": "Arte 1 Nacional"}, {"desc": null, "start_date": "2026-04-29T07:30:00+00:00", "title": "Arquitetos Brasileiros: Eduardo de Almeida"}, {"desc": null, "start_date": "2026-04-29T08:30:00+00:00", "title": "Arte 1 em S\u00e9rie"}, {"desc": null, "start_date": "2026-04-29T09:30:00+00:00", "title": "Arte 1 em Movimento"}, {"desc": null, "start_date": "2026-04-29T10:00:00+00:00", "title": "Bio Arte 1: Christian de Portzamparc"}, {"desc": null, "start_date": "2026-04-29T11:00:00+00:00", "title": "Arte 1 Documenta"}, {"desc": null, "start_date": "2026-04-29T12:30:00+00:00", "title": "Arte 1 em S\u00e9rie: Anna Karenina"}, {"desc": null, "start_date": "2026-04-29T13:30:00+00:00", "title": "Outras Vanguardas"}, {"desc": null, "start_date": "2026-04-29T14:30:00+00:00", "title": "Curta Arte 1: Eletrodom\u00e9stica"}, {"desc": null, "start_date": "2026-04-29T15:00:00+00:00", "title": "Arte 1 Visual: Inven\u00e7\u00f5es da Alma"}, {"desc": null, "start_date": "2026-04-29T15:30:00+00:00", "title": "Arte 1 Visual: Inven\u00e7\u00f5es da Alma"}, {"desc": null, "start_date": "2026-04-29T16:00:00+00:00", "title": "Arte 1 In Concert: Bach 300 - Tributo a Bach"}, {"desc": null, "start_date": "2026-04-29T18:15:00+00:00", "title": "Arte 1 Documenta"}, {"desc": null, "start_date": "2026-04-29T20:00:00+00:00", "title": "Arte 1 em S\u00e9rie: Anna Karenina"}, {"desc": null, "start_date": "2026-04-29T21:00:00+00:00", "title": "Arte 1 Nacional"}, {"desc": null, "start_date": "2026-04-29T23:00:00+00:00", "title": "Estilo Arte 1 + Sabor e Arte"}, {"desc": null, "start_date": "2026-04-29T23:30:00+00:00", "title": "Tempo de Dan\u00e7a: Ensaios"}, {"desc": null, "start_date": "2026-04-30T00:30:00+00:00", "title": "Arte 1 na Dan\u00e7a"}, {"desc": null, "start_date": "2026-04-30T02:00:00+00:00", "title": "Cine Clube Arte 1: Acima das Nuvens"}, {"desc": null, "start_date": "2026-04-30T03:45:00+00:00", "title": "Arte 1 em S\u00e9rie: Anna Karenina"}, {"desc": null, "start_date": "2026-04-30T04:45:00+00:00", "title": "F\u00e1bricas de Sonho: Jorge Zalszupin"}, {"desc": null, "start_date": "2026-04-30T05:45:00+00:00", "title": "Arte 1 In Concert"}, {"desc": null, "start_date": "2026-04-30T06:45:00+00:00", "title": "Curta Arte 1: Museu do Ipiranga - USP 130 anos"}, {"desc": null, "start_date": "2026-04-30T07:00:00+00:00", "title": "Arquitetos Brasileiros: FGMF"}, {"desc": null, "start_date": "2026-04-30T08:00:00+00:00", "title": "Arte 1 em S\u00e9rie: Anna Karenina"}, {"desc": null, "start_date": "2026-04-30T09:00:00+00:00", "title": "Escritoras e Cidades: Valesca de Assis, Santa Cruz do Sul"}, {"desc": null, "start_date": "2026-04-30T09:30:00+00:00", "title": "Curta Arte 1: Noite de Sexta, Manh\u00e3 de S\u00e1bado"}, {"desc": null, "start_date": "2026-04-30T09:45:00+00:00", "title": "Outras Vanguardas"}, {"desc": null, "start_date": "2026-04-30T10:45:00+00:00", "title": "Cine Clube Arte 1: Eu e Voc\u00ea"}, {"desc": null, "start_date": "2026-04-30T12:30:00+00:00", "title": "Arte 1 em S\u00e9rie: Anna Karenina"}, {"desc": null, "start_date": "2026-04-30T13:30:00+00:00", "title": "Bio Arte 1: Edvard Munch"}, {"desc": null, "start_date": "2026-04-30T14:30:00+00:00", "title": "Insight"}, {"desc": null, "start_date": "2026-04-30T15:00:00+00:00", "title": "F\u00e1bricas de Sonho: Jorge Zalszupin"}, {"desc": null, "start_date": "2026-04-30T16:00:00+00:00", "title": "Arte 1 na Dan\u00e7a: Paris"}, {"desc": null, "start_date": "2026-04-30T17:00:00+00:00", "title": "Curta Arte 1: Noite de Sexta, Manh\u00e3 de S\u00e1bado"}, {"desc": null, "start_date": "2026-04-30T17:15:00+00:00", "title": "Curta Arte 1: Museu do Ipiranga - USP 130 anos"}, {"desc": null, "start_date": "2026-04-30T17:30:00+00:00", "title": "Estilo Arte 1 + Sabor e Arte"}, {"desc": null, "start_date": "2026-04-30T18:00:00+00:00", "title": "Cine Clube Arte 1: Eu e Voc\u00ea"}, {"desc": null, "start_date": "2026-04-30T19:45:00+00:00", "title": "Arte Makers"}, {"desc": null, "start_date": "2026-04-30T20:00:00+00:00", "title": "Arte 1 em S\u00e9rie: Anna Karenina"}, {"desc": null, "start_date": "2026-04-30T21:00:00+00:00", "title": "Tempo de Dan\u00e7a: Desafios e Mudan\u00e7as"}, {"desc": null, "start_date": "2026-04-30T22:00:00+00:00", "title": "Especial Arte 1"}, {"desc": null, "start_date": "2026-04-30T22:30:00+00:00", "title": "Bio Arte 1: Edvard Munch"}, {"desc": null, "start_date": "2026-04-30T23:30:00+00:00", "title": "F\u00e1bricas de Sonho: Oscar Niemeyer"}], "offset": "+00:00", "timezone": "UTC", "error_code": -1, "start_date": "2026-04-29", "icon": ""}