{"end_date": "2026-05-01", "name": "Arte 1", "info_url": "https://epg.pw/channels/523338/20260430.html", "country": "Brazil", "description": null, "error_message": "", "provider": "", "source_url": "https://epg.pw/api/epg.json?channel_id=523338&date=20260430&timezone=None", "epg_list": [{"desc": null, "start_date": "2026-04-30T00:30:00+00:00", "title": "Arte 1 na Dan\u00e7a"}, {"desc": null, "start_date": "2026-04-30T02:00:00+00:00", "title": "Cine Clube Arte 1: Acima das Nuvens"}, {"desc": null, "start_date": "2026-04-30T03:45:00+00:00", "title": "Arte 1 em S\u00e9rie: Anna Karenina"}, {"desc": null, "start_date": "2026-04-30T04:45:00+00:00", "title": "F\u00e1bricas de Sonho: Jorge Zalszupin"}, {"desc": null, "start_date": "2026-04-30T05:45:00+00:00", "title": "Arte 1 In Concert"}, {"desc": null, "start_date": "2026-04-30T06:45:00+00:00", "title": "Curta Arte 1: Museu do Ipiranga - USP 130 anos"}, {"desc": null, "start_date": "2026-04-30T07:00:00+00:00", "title": "Arquitetos Brasileiros: FGMF"}, {"desc": null, "start_date": "2026-04-30T08:00:00+00:00", "title": "Arte 1 em S\u00e9rie: Anna Karenina"}, {"desc": null, "start_date": "2026-04-30T09:00:00+00:00", "title": "Escritoras e Cidades: Valesca de Assis, Santa Cruz do Sul"}, {"desc": null, "start_date": "2026-04-30T09:30:00+00:00", "title": "Curta Arte 1: Noite de Sexta, Manh\u00e3 de S\u00e1bado"}, {"desc": null, "start_date": "2026-04-30T09:45:00+00:00", "title": "Outras Vanguardas"}, {"desc": null, "start_date": "2026-04-30T10:45:00+00:00", "title": "Cine Clube Arte 1: Eu e Voc\u00ea"}, {"desc": null, "start_date": "2026-04-30T12:30:00+00:00", "title": "Arte 1 em S\u00e9rie: Anna Karenina"}, {"desc": null, "start_date": "2026-04-30T13:30:00+00:00", "title": "Bio Arte 1: Edvard Munch"}, {"desc": null, "start_date": "2026-04-30T14:30:00+00:00", "title": "Insight"}, {"desc": null, "start_date": "2026-04-30T15:00:00+00:00", "title": "F\u00e1bricas de Sonho: Jorge Zalszupin"}, {"desc": null, "start_date": "2026-04-30T16:00:00+00:00", "title": "Arte 1 na Dan\u00e7a: Paris"}, {"desc": null, "start_date": "2026-04-30T17:00:00+00:00", "title": "Curta Arte 1: Noite de Sexta, Manh\u00e3 de S\u00e1bado"}, {"desc": null, "start_date": "2026-04-30T17:15:00+00:00", "title": "Curta Arte 1: Museu do Ipiranga - USP 130 anos"}, {"desc": null, "start_date": "2026-04-30T17:30:00+00:00", "title": "Estilo Arte 1 + Sabor e Arte"}, {"desc": null, "start_date": "2026-04-30T18:00:00+00:00", "title": "Cine Clube Arte 1: Eu e Voc\u00ea"}, {"desc": null, "start_date": "2026-04-30T19:45:00+00:00", "title": "Arte Makers"}, {"desc": null, "start_date": "2026-04-30T20:00:00+00:00", "title": "Arte 1 em S\u00e9rie: Anna Karenina"}, {"desc": null, "start_date": "2026-04-30T21:00:00+00:00", "title": "Tempo de Dan\u00e7a: Desafios e Mudan\u00e7as"}, {"desc": null, "start_date": "2026-04-30T22:00:00+00:00", "title": "Especial Arte 1"}, {"desc": null, "start_date": "2026-04-30T22:30:00+00:00", "title": "Bio Arte 1: Edvard Munch"}, {"desc": null, "start_date": "2026-04-30T23:30:00+00:00", "title": "F\u00e1bricas de Sonho: Oscar Niemeyer"}, {"desc": null, "start_date": "2026-05-01T00:30:00+00:00", "title": "Arte 1 em Movimento"}, {"desc": null, "start_date": "2026-05-01T01:00:00+00:00", "title": "Um.Artista"}, {"desc": null, "start_date": "2026-05-01T01:30:00+00:00", "title": "Vida de Artista: N\u00facleo Bartolomeu"}, {"desc": null, "start_date": "2026-05-01T02:00:00+00:00", "title": "Arte 1 Documenta: Primavera de Pequim - A Revolu\u00e7\u00e3o Art\u00edstica na China"}, {"desc": null, "start_date": "2026-05-01T03:00:00+00:00", "title": "Arte 1 Documenta: O Primeiro F\u00f3lio de Shakespeare"}, {"desc": null, "start_date": "2026-05-01T04:00:00+00:00", "title": "Arte 1 em S\u00e9rie: Anna Karenina"}, {"desc": null, "start_date": "2026-05-01T05:00:00+00:00", "title": "Tempo de Dan\u00e7a: Desafios e Mudan\u00e7as"}, {"desc": null, "start_date": "2026-05-01T06:00:00+00:00", "title": "Cine Clube Arte 1 Cl\u00e1ssicos: Tempos Modernos"}, {"desc": null, "start_date": "2026-05-01T07:30:00+00:00", "title": "Estilo Arte 1 + Sabor e Arte"}, {"desc": null, "start_date": "2026-05-01T08:00:00+00:00", "title": "Arte 1 em S\u00e9rie: Anna Karenina"}, {"desc": null, "start_date": "2026-05-01T09:00:00+00:00", "title": "Estilo Arte 1 + Sabor e Arte"}, {"desc": null, "start_date": "2026-05-01T09:30:00+00:00", "title": "Tempo de Dan\u00e7a: Desafios e Mudan\u00e7as"}, {"desc": null, "start_date": "2026-05-01T10:30:00+00:00", "title": "Arte 1 Documenta: Primavera de Pequim - A Revolu\u00e7\u00e3o Art\u00edstica na China"}, {"desc": null, "start_date": "2026-05-01T11:30:00+00:00", "title": "Arte 1 Documenta: O Primeiro F\u00f3lio de Shakespeare"}, {"desc": null, "start_date": "2026-05-01T12:30:00+00:00", "title": "Arte 1 em Movimento"}, {"desc": null, "start_date": "2026-05-01T13:00:00+00:00", "title": "Escritoras e Cidades: Valesca de Assis, Santa Cruz do Sul"}, {"desc": null, "start_date": "2026-05-01T13:30:00+00:00", "title": "Arte 1 In Concert"}, {"desc": null, "start_date": "2026-05-01T14:30:00+00:00", "title": "M\u00fasica no Meu Jardim: Mozart por Marcelo Bratke"}, {"desc": null, "start_date": "2026-05-01T15:00:00+00:00", "title": "Arquitetos Brasileiros: FGMF"}, {"desc": null, "start_date": "2026-05-01T16:00:00+00:00", "title": "Outras Vanguardas"}, {"desc": null, "start_date": "2026-05-01T17:00:00+00:00", "title": "Descobrindo os Tesouros do Brasil"}, {"desc": null, "start_date": "2026-05-01T17:30:00+00:00", "title": "Insight"}, {"desc": null, "start_date": "2026-05-01T18:00:00+00:00", "title": "Arte 1 Documenta: Primavera de Pequim - A Revolu\u00e7\u00e3o Art\u00edstica na China"}, {"desc": null, "start_date": "2026-05-01T19:00:00+00:00", "title": "Arte 1 Documenta: O Primeiro F\u00f3lio de Shakespeare"}, {"desc": null, "start_date": "2026-05-01T20:00:00+00:00", "title": "Um.Artista"}, {"desc": null, "start_date": "2026-05-01T20:30:00+00:00", "title": "Vida de Artista: N\u00facleo Bartolomeu"}, {"desc": null, "start_date": "2026-05-01T21:00:00+00:00", "title": "Arte 1 Visual: Inven\u00e7\u00f5es da Alma"}, {"desc": null, "start_date": "2026-05-01T21:30:00+00:00", "title": "Descobrindo os Tesouros do Brasil"}, {"desc": null, "start_date": "2026-05-01T22:00:00+00:00", "title": "Escritoras e Cidades: Clara Averbuck, Porto Alegre"}, {"desc": null, "start_date": "2026-05-01T22:30:00+00:00", "title": "Tempo de Dan\u00e7a: Desafios e Mudan\u00e7as"}, {"desc": null, "start_date": "2026-05-01T23:30:00+00:00", "title": "Arquitetos Brasileiros: Gui Mattos"}], "offset": "+00:00", "timezone": "UTC", "error_code": -1, "start_date": "2026-04-30", "icon": ""}