{"end_date": "2026-05-01", "name": "Canal Rural", "info_url": "https://epg.pw/channels/523340/20260430.html", "country": "Brazil", "description": null, "error_message": "", "provider": "", "source_url": "https://epg.pw/api/epg.json?channel_id=523340&date=20260430&timezone=None", "epg_list": [{"desc": null, "start_date": "2026-04-30T03:00:00+00:00", "title": "Leil\u00e3o"}, {"desc": null, "start_date": "2026-04-30T04:00:00+00:00", "title": "Televendas Marilda"}, {"desc": null, "start_date": "2026-04-30T06:00:00+00:00", "title": "Mercado & Cia / Planeta Campo"}, {"desc": null, "start_date": "2026-04-30T07:20:00+00:00", "title": "Planeta Campo Talks"}, {"desc": null, "start_date": "2026-04-30T07:50:00+00:00", "title": "Est\u00fadio Rural"}, {"desc": null, "start_date": "2026-04-30T08:20:00+00:00", "title": "Podcast Agro360"}, {"desc": null, "start_date": "2026-04-30T09:00:00+00:00", "title": "Cooper News SC"}, {"desc": null, "start_date": "2026-04-30T09:30:00+00:00", "title": "A Protagonista"}, {"desc": null, "start_date": "2026-04-30T10:00:00+00:00", "title": "Giro do Boi"}, {"desc": null, "start_date": "2026-04-30T11:00:00+00:00", "title": "Lance na TV"}, {"desc": null, "start_date": "2026-04-30T11:15:00+00:00", "title": "Agro Pelo Brasil"}, {"desc": null, "start_date": "2026-04-30T11:30:00+00:00", "title": "Podcast Agro360"}, {"desc": null, "start_date": "2026-04-30T12:00:00+00:00", "title": "Canal Rural Entrevista"}, {"desc": null, "start_date": "2026-04-30T12:30:00+00:00", "title": "Acima de Tudo o Amor"}, {"desc": null, "start_date": "2026-04-30T13:00:00+00:00", "title": "Interligados Vida No Campo"}, {"desc": null, "start_date": "2026-04-30T13:30:00+00:00", "title": "Est\u00fadio Rural"}, {"desc": null, "start_date": "2026-04-30T14:00:00+00:00", "title": "Agro Pelo Brasil"}, {"desc": null, "start_date": "2026-04-30T14:15:00+00:00", "title": "Podcast Giro do Boi"}, {"desc": null, "start_date": "2026-04-30T14:30:00+00:00", "title": "Quando Ouvi A Voz Da Terra"}, {"desc": null, "start_date": "2026-04-30T15:00:00+00:00", "title": "Mercado & Cia / Planeta Campo"}, {"desc": null, "start_date": "2026-04-30T16:20:00+00:00", "title": "S\u00e9rie Planeta Campo"}, {"desc": null, "start_date": "2026-04-30T16:35:00+00:00", "title": "Direto ao Ponto"}, {"desc": null, "start_date": "2026-04-30T17:04:00+00:00", "title": "Televendas Marilda"}, {"desc": null, "start_date": "2026-04-30T19:40:00+00:00", "title": "Giro do Boi"}, {"desc": null, "start_date": "2026-04-30T20:45:00+00:00", "title": "Quarter Horse - JBJ"}, {"desc": null, "start_date": "2026-04-30T21:00:00+00:00", "title": "Entre Gera\u00e7\u00f5es"}, {"desc": null, "start_date": "2026-04-30T21:30:00+00:00", "title": "Rural Not\u00edcias / Interligados"}, {"desc": null, "start_date": "2026-04-30T22:45:00+00:00", "title": "Lance na TV"}, {"desc": null, "start_date": "2026-04-30T23:00:00+00:00", "title": "Leil\u00e3o"}, {"desc": null, "start_date": "2026-05-01T03:00:00+00:00", "title": "Leil\u00e3o"}, {"desc": null, "start_date": "2026-05-01T04:00:00+00:00", "title": "Televendas Marilda"}, {"desc": null, "start_date": "2026-05-01T06:00:00+00:00", "title": "Mercado & Cia / Planeta Campo"}, {"desc": null, "start_date": "2026-05-01T07:20:00+00:00", "title": "Podcast Agro360"}, {"desc": null, "start_date": "2026-05-01T07:50:00+00:00", "title": "Vale Agr\u00edcola"}, {"desc": null, "start_date": "2026-05-01T09:00:00+00:00", "title": "Cooper News SC"}, {"desc": null, "start_date": "2026-05-01T09:30:00+00:00", "title": "Planeta Campo Talks"}, {"desc": null, "start_date": "2026-05-01T10:00:00+00:00", "title": "Giro do Boi"}, {"desc": null, "start_date": "2026-05-01T11:00:00+00:00", "title": "Mais Milho"}, {"desc": null, "start_date": "2026-05-01T12:00:00+00:00", "title": "Podcast 360"}, {"desc": null, "start_date": "2026-05-01T12:30:00+00:00", "title": "Mem\u00f3rias Do Brasil Rural"}, {"desc": null, "start_date": "2026-05-01T12:45:00+00:00", "title": "Videocast - A Protagonista"}, {"desc": null, "start_date": "2026-05-01T13:00:00+00:00", "title": "Cooperativismo em Not\u00edcia"}, {"desc": null, "start_date": "2026-05-01T13:30:00+00:00", "title": "A Protagonista"}, {"desc": null, "start_date": "2026-05-01T14:00:00+00:00", "title": "Planeta Campo Talks"}, {"desc": null, "start_date": "2026-05-01T14:30:00+00:00", "title": "Interligados Vida No Campo"}, {"desc": null, "start_date": "2026-05-01T15:00:00+00:00", "title": "Mercado & Cia / Planeta Campo"}, {"desc": null, "start_date": "2026-05-01T16:20:00+00:00", "title": "Leil\u00e3o em Pauta"}, {"desc": null, "start_date": "2026-05-01T16:35:00+00:00", "title": "Canal Rural Entrevista"}, {"desc": null, "start_date": "2026-05-01T17:04:00+00:00", "title": "Televendas Marilda"}, {"desc": null, "start_date": "2026-05-01T19:40:00+00:00", "title": "Giro do Boi"}, {"desc": null, "start_date": "2026-05-01T20:40:00+00:00", "title": "Agro Pelo Brasil"}, {"desc": null, "start_date": "2026-05-01T21:00:00+00:00", "title": "Podcast Giro do Boi"}, {"desc": null, "start_date": "2026-05-01T21:15:00+00:00", "title": "No Trecho"}, {"desc": null, "start_date": "2026-05-01T21:30:00+00:00", "title": "Rural Not\u00edcias / Interligados"}, {"desc": null, "start_date": "2026-05-01T22:45:00+00:00", "title": "Pecu\u00e1ria em Foco"}, {"desc": null, "start_date": "2026-05-01T23:00:00+00:00", "title": "Quando Ouvi A Voz Da Terra"}], "offset": "+00:00", "timezone": "UTC", "error_code": -1, "start_date": "2026-04-30", "icon": ""}