{"end_date": "2026-05-01", "name": "TV Aparecida (aberta)", "info_url": "https://epg.pw/channels/523345/20260429.html", "country": "Brazil", "description": null, "error_message": "", "provider": "", "source_url": "https://epg.pw/api/epg.json?channel_id=523345&date=20260429&timezone=None", "epg_list": [{"desc": null, "start_date": "2026-04-29T00:00:00+00:00", "title": "Rodrigo Alvarez Entrevista"}, {"desc": null, "start_date": "2026-04-29T01:00:00+00:00", "title": "Aparecida Debate"}, {"desc": null, "start_date": "2026-04-29T02:00:00+00:00", "title": "Devotos Mirins Show"}, {"desc": null, "start_date": "2026-04-29T02:15:00+00:00", "title": "Di\u00e1logos: Qual Caminho Seguir?"}, {"desc": null, "start_date": "2026-04-29T02:20:00+00:00", "title": "Escola de Maria"}, {"desc": null, "start_date": "2026-04-29T02:25:00+00:00", "title": "Mensagem de F\u00e9"}, {"desc": null, "start_date": "2026-04-29T02:30:00+00:00", "title": "Medalh\u00e3o.com"}, {"desc": null, "start_date": "2026-04-29T06:00:00+00:00", "title": "Ter\u00e7o de Aparecida - Pe. Ant\u00f4nio Maria"}, {"desc": null, "start_date": "2026-04-29T06:30:00+00:00", "title": "Fam\u00edlia dos Devotos"}, {"desc": null, "start_date": "2026-04-29T08:00:00+00:00", "title": "Ci\u00eancias Sem Limites"}, {"desc": null, "start_date": "2026-04-29T09:00:00+00:00", "title": "Devotos Mirins Show"}, {"desc": null, "start_date": "2026-04-29T09:15:00+00:00", "title": "Ter\u00e7o de Aparecida - Pe. Ant\u00f4nio Maria"}, {"desc": null, "start_date": "2026-04-29T09:45:00+00:00", "title": "Missa de Aparecida - Santu\u00e1rio Nacional"}, {"desc": null, "start_date": "2026-04-29T10:35:00+00:00", "title": "B\u00ean\u00e7\u00e3o da Manh\u00e3"}, {"desc": null, "start_date": "2026-04-29T11:50:00+00:00", "title": "Ao Redor do Altar"}, {"desc": null, "start_date": "2026-04-29T12:00:00+00:00", "title": "Missa De Aparecida - Despedida De Dom Orlando Brandes"}, {"desc": null, "start_date": "2026-04-29T13:00:00+00:00", "title": "Fam\u00edlia dos Devotos"}, {"desc": null, "start_date": "2026-04-29T14:30:00+00:00", "title": "Di\u00e1logos: Qual Caminho Seguir?"}, {"desc": null, "start_date": "2026-04-29T14:35:00+00:00", "title": "Aparecida Interessa ao Brasil"}, {"desc": null, "start_date": "2026-04-29T14:55:00+00:00", "title": "Mensagem de F\u00e9"}, {"desc": null, "start_date": "2026-04-29T15:00:00+00:00", "title": "Missa de Aparecida - Santu\u00e1rio Nacional"}, {"desc": null, "start_date": "2026-04-29T15:45:00+00:00", "title": "Devotos Mirins Show"}, {"desc": null, "start_date": "2026-04-29T16:00:00+00:00", "title": "Sabor de Vida"}, {"desc": null, "start_date": "2026-04-29T17:00:00+00:00", "title": "Fa\u00e7a Voc\u00ea Mesmo"}, {"desc": null, "start_date": "2026-04-29T18:00:00+00:00", "title": "Visita ao Sant\u00edssimo e Consagra\u00e7\u00e3o"}, {"desc": null, "start_date": "2026-04-29T18:30:00+00:00", "title": "Viva a Tarde"}, {"desc": null, "start_date": "2026-04-29T19:45:00+00:00", "title": "TJ Aparecida"}, {"desc": null, "start_date": "2026-04-29T20:50:00+00:00", "title": "Escola de Maria"}, {"desc": null, "start_date": "2026-04-29T20:55:00+00:00", "title": "Mensagem de F\u00e9"}, {"desc": null, "start_date": "2026-04-29T21:00:00+00:00", "title": "Missa de Aparecida - Bas\u00edlica Hist\u00f3rica"}, {"desc": null, "start_date": "2026-04-29T23:00:00+00:00", "title": "Jornada B\u00edblica"}, {"desc": null, "start_date": "2026-04-29T23:30:00+00:00", "title": "Quarta Show"}, {"desc": null, "start_date": "2026-04-30T01:00:00+00:00", "title": "Don Matteo"}, {"desc": null, "start_date": "2026-04-30T02:00:00+00:00", "title": "Devotos Mirins Show"}, {"desc": null, "start_date": "2026-04-30T02:15:00+00:00", "title": "Di\u00e1logos: Qual Caminho Seguir?"}, {"desc": null, "start_date": "2026-04-30T02:20:00+00:00", "title": "Escola de Maria"}, {"desc": null, "start_date": "2026-04-30T02:25:00+00:00", "title": "Mensagem de F\u00e9"}, {"desc": null, "start_date": "2026-04-30T02:30:00+00:00", "title": "Medalh\u00e3o.com"}, {"desc": null, "start_date": "2026-04-30T06:00:00+00:00", "title": "Ter\u00e7o de Aparecida - Pe. Ant\u00f4nio Maria"}, {"desc": null, "start_date": "2026-04-30T06:30:00+00:00", "title": "Fam\u00edlia dos Devotos"}, {"desc": null, "start_date": "2026-04-30T08:00:00+00:00", "title": "Ci\u00eancias Sem Limites"}, {"desc": null, "start_date": "2026-04-30T09:00:00+00:00", "title": "Devotos Mirins Show"}, {"desc": null, "start_date": "2026-04-30T09:15:00+00:00", "title": "Ter\u00e7o de Aparecida - Pe. Ant\u00f4nio Maria"}, {"desc": null, "start_date": "2026-04-30T09:45:00+00:00", "title": "Missa de Aparecida - Santu\u00e1rio Nacional"}, {"desc": null, "start_date": "2026-04-30T10:35:00+00:00", "title": "B\u00ean\u00e7\u00e3o da Manh\u00e3"}, {"desc": null, "start_date": "2026-04-30T11:50:00+00:00", "title": "Ao Redor do Altar"}, {"desc": null, "start_date": "2026-04-30T12:00:00+00:00", "title": "Missa de Aparecida"}, {"desc": null, "start_date": "2026-04-30T13:00:00+00:00", "title": "Fam\u00edlia dos Devotos"}, {"desc": null, "start_date": "2026-04-30T14:30:00+00:00", "title": "Di\u00e1logos: Qual Caminho Seguir?"}, {"desc": null, "start_date": "2026-04-30T14:35:00+00:00", "title": "Aparecida Interessa ao Brasil"}, {"desc": null, "start_date": "2026-04-30T14:55:00+00:00", "title": "Mensagem de F\u00e9"}, {"desc": null, "start_date": "2026-04-30T15:00:00+00:00", "title": "Missa de Aparecida - Santu\u00e1rio Nacional"}, {"desc": null, "start_date": "2026-04-30T15:45:00+00:00", "title": "Devotos Mirins Show"}, {"desc": null, "start_date": "2026-04-30T16:00:00+00:00", "title": "Sabor de Vida"}, {"desc": null, "start_date": "2026-04-30T17:00:00+00:00", "title": "Fa\u00e7a Voc\u00ea Mesmo"}, {"desc": null, "start_date": "2026-04-30T18:00:00+00:00", "title": "Visita ao Sant\u00edssimo e Consagra\u00e7\u00e3o"}, {"desc": null, "start_date": "2026-04-30T18:30:00+00:00", "title": "Viva a Tarde"}, {"desc": null, "start_date": "2026-04-30T19:45:00+00:00", "title": "TJ Aparecida"}, {"desc": null, "start_date": "2026-04-30T20:50:00+00:00", "title": "Escola de Maria"}, {"desc": null, "start_date": "2026-04-30T20:55:00+00:00", "title": "Mensagem de F\u00e9"}, {"desc": null, "start_date": "2026-04-30T21:00:00+00:00", "title": "Missa de Aparecida - Bas\u00edlica Hist\u00f3rica"}, {"desc": null, "start_date": "2026-04-30T22:30:00+00:00", "title": "Ben\u00e7\u00e3o da Noite"}, {"desc": null, "start_date": "2026-05-01T00:00:00+00:00", "title": "Arquivo A"}], "offset": "+00:00", "timezone": "UTC", "error_code": -1, "start_date": "2026-04-29", "icon": ""}