{"end_date": "2026-05-02", "name": "TV Aparecida (aberta)", "info_url": "https://epg.pw/channels/523345/20260501.html", "country": "Brazil", "description": null, "error_message": "", "provider": "", "source_url": "https://epg.pw/api/epg.json?channel_id=523345&date=20260501&timezone=None", "epg_list": [{"desc": null, "start_date": "2026-05-01T00:00:00+00:00", "title": "Arquivo A"}, {"desc": null, "start_date": "2026-05-01T01:00:00+00:00", "title": "Expedi\u00e7\u00f5es ao Sagrado"}, {"desc": null, "start_date": "2026-05-01T02:00:00+00:00", "title": "Devotos Mirins Show"}, {"desc": null, "start_date": "2026-05-01T02:15:00+00:00", "title": "Di\u00e1logos: Qual Caminho Seguir?"}, {"desc": null, "start_date": "2026-05-01T02:20:00+00:00", "title": "Escola de Maria"}, {"desc": null, "start_date": "2026-05-01T02:25:00+00:00", "title": "Mensagem de F\u00e9"}, {"desc": null, "start_date": "2026-05-01T02:30:00+00:00", "title": "Medalh\u00e3o.com"}, {"desc": null, "start_date": "2026-05-01T06:00:00+00:00", "title": "Ter\u00e7o de Aparecida - Pe. Ant\u00f4nio Maria"}, {"desc": null, "start_date": "2026-05-01T06:30:00+00:00", "title": "Fam\u00edlia dos Devotos"}, {"desc": null, "start_date": "2026-05-01T08:00:00+00:00", "title": "Ci\u00eancias Sem Limites"}, {"desc": null, "start_date": "2026-05-01T09:00:00+00:00", "title": "Devotos Mirins Show"}, {"desc": null, "start_date": "2026-05-01T09:15:00+00:00", "title": "Ter\u00e7o de Aparecida - Pe. Ant\u00f4nio Maria"}, {"desc": null, "start_date": "2026-05-01T09:45:00+00:00", "title": "Missa de Aparecida - Santu\u00e1rio Nacional"}, {"desc": null, "start_date": "2026-05-01T10:35:00+00:00", "title": "B\u00ean\u00e7\u00e3o da Manh\u00e3"}, {"desc": null, "start_date": "2026-05-01T11:50:00+00:00", "title": "Ao Redor do Altar"}, {"desc": null, "start_date": "2026-05-01T12:00:00+00:00", "title": "Missa de Aparecida"}, {"desc": null, "start_date": "2026-05-01T13:00:00+00:00", "title": "Fam\u00edlia dos Devotos"}, {"desc": null, "start_date": "2026-05-01T14:30:00+00:00", "title": "Di\u00e1logos: Qual Caminho Seguir?"}, {"desc": null, "start_date": "2026-05-01T14:35:00+00:00", "title": "Aparecida Interessa ao Brasil"}, {"desc": null, "start_date": "2026-05-01T14:55:00+00:00", "title": "Mensagem de F\u00e9"}, {"desc": null, "start_date": "2026-05-01T15:00:00+00:00", "title": "Missa de Aparecida - Santu\u00e1rio Nacional"}, {"desc": null, "start_date": "2026-05-01T15:45:00+00:00", "title": "Devotos Mirins Show"}, {"desc": null, "start_date": "2026-05-01T16:00:00+00:00", "title": "Sabor de Vida"}, {"desc": null, "start_date": "2026-05-01T17:00:00+00:00", "title": "Fa\u00e7a Voc\u00ea Mesmo"}, {"desc": null, "start_date": "2026-05-01T18:00:00+00:00", "title": "Visita ao Sant\u00edssimo e Consagra\u00e7\u00e3o"}, {"desc": null, "start_date": "2026-05-01T18:30:00+00:00", "title": "Viva a Tarde"}, {"desc": null, "start_date": "2026-05-01T19:45:00+00:00", "title": "TJ Aparecida"}, {"desc": null, "start_date": "2026-05-01T20:50:00+00:00", "title": "Escola de Maria"}, {"desc": null, "start_date": "2026-05-01T20:55:00+00:00", "title": "Mensagem de F\u00e9"}, {"desc": null, "start_date": "2026-05-01T21:00:00+00:00", "title": "Missa de Aparecida - Bas\u00edlica Hist\u00f3rica"}, {"desc": null, "start_date": "2026-05-02T00:15:00+00:00", "title": "Tela de Sexta: Cora\u00e7\u00e3o de Cowboy"}, {"desc": null, "start_date": "2026-05-02T02:00:00+00:00", "title": "Devotos Mirins Show"}, {"desc": null, "start_date": "2026-05-02T02:15:00+00:00", "title": "Di\u00e1logos: Qual Caminho Seguir?"}, {"desc": null, "start_date": "2026-05-02T02:20:00+00:00", "title": "Escola de Maria"}, {"desc": null, "start_date": "2026-05-02T02:25:00+00:00", "title": "Mensagem de F\u00e9"}, {"desc": null, "start_date": "2026-05-02T02:30:00+00:00", "title": "Medalh\u00e3o.com"}, {"desc": null, "start_date": "2026-05-02T06:00:00+00:00", "title": "Ter\u00e7o de Aparecida - Pe. Ant\u00f4nio Maria"}, {"desc": null, "start_date": "2026-05-02T06:30:00+00:00", "title": "Fam\u00edlia dos Devotos"}, {"desc": null, "start_date": "2026-05-02T08:00:00+00:00", "title": "Aparecida Debate"}, {"desc": null, "start_date": "2026-05-02T09:00:00+00:00", "title": "Ter\u00e7o de Aparecida - Pe. Ant\u00f4nio Maria"}, {"desc": null, "start_date": "2026-05-02T09:30:00+00:00", "title": "Missa de Bom Jesus da Lapa"}, {"desc": null, "start_date": "2026-05-02T10:45:00+00:00", "title": "Celebrar Bem"}, {"desc": null, "start_date": "2026-05-02T11:00:00+00:00", "title": "Ter\u00e7o da Esperan\u00e7a"}, {"desc": null, "start_date": "2026-05-02T11:50:00+00:00", "title": "Ao Redor do Altar"}, {"desc": null, "start_date": "2026-05-02T12:00:00+00:00", "title": "Missa de Aparecida"}, {"desc": null, "start_date": "2026-05-02T13:00:00+00:00", "title": "S\u00e1bado no Santu\u00e1rio"}, {"desc": null, "start_date": "2026-05-02T15:00:00+00:00", "title": "Missa de Aparecida - Santu\u00e1rio Nacional"}, {"desc": null, "start_date": "2026-05-02T16:00:00+00:00", "title": "Retratos Femininos"}, {"desc": null, "start_date": "2026-05-02T16:30:00+00:00", "title": "Fortes na F\u00e9"}, {"desc": null, "start_date": "2026-05-02T17:00:00+00:00", "title": "Boletim do Jornalismo"}, {"desc": null, "start_date": "2026-05-02T17:45:00+00:00", "title": "Ao Redor do Altar"}, {"desc": null, "start_date": "2026-05-02T18:00:00+00:00", "title": "Missa de Posse Can\u00f4nica de Dom M\u00e1rio - Santu\u00e1rio Nacional"}, {"desc": null, "start_date": "2026-05-02T20:30:00+00:00", "title": "Celebrar Bem"}, {"desc": null, "start_date": "2026-05-02T20:50:00+00:00", "title": "Ao Redor do Altar"}, {"desc": null, "start_date": "2026-05-02T21:00:00+00:00", "title": "Missa de Aparecida"}, {"desc": null, "start_date": "2026-05-02T22:00:00+00:00", "title": "Ter\u00e7o de Aparecida - Pe. Ant\u00f4nio Maria"}, {"desc": null, "start_date": "2026-05-02T22:30:00+00:00", "title": "De Papo Com Amanda Fran\u00e7ozo"}, {"desc": null, "start_date": "2026-05-02T23:30:00+00:00", "title": "Terra da Padroeira"}], "offset": "+00:00", "timezone": "UTC", "error_code": -1, "start_date": "2026-05-01", "icon": ""}