{"end_date": "2026-08-30", "name": "TV Aparecida (aberta)", "info_url": "https://epg.pw/channels/523345/20260829.html", "country": "Brazil", "description": null, "error_message": "", "provider": "", "source_url": "https://epg.pw/api/epg.json?channel_id=523345&date=20260829&timezone=None", "epg_list": [{"desc": null, "start_date": "2026-08-29T02:00:00+00:00", "title": "Devotos Mirins Show"}, {"desc": null, "start_date": "2026-08-29T02:15:00+00:00", "title": "Di\u00e1logos: Qual Caminho Seguir?"}, {"desc": null, "start_date": "2026-08-29T02:20:00+00:00", "title": "Escola de Maria"}, {"desc": null, "start_date": "2026-08-29T02:25:00+00:00", "title": "Mensagem de F\u00e9"}, {"desc": null, "start_date": "2026-08-29T02:30:00+00:00", "title": "Medalh\u00e3o.com"}, {"desc": null, "start_date": "2026-08-29T06:00:00+00:00", "title": "Ter\u00e7o de Aparecida - Pe. Ant\u00f4nio Maria"}, {"desc": null, "start_date": "2026-08-29T06:30:00+00:00", "title": "Fam\u00edlia dos Devotos"}, {"desc": null, "start_date": "2026-08-29T08:00:00+00:00", "title": "Aparecida Debate"}, {"desc": null, "start_date": "2026-08-29T09:00:00+00:00", "title": "Devocional Bom Jesus De Pirapora"}, {"desc": null, "start_date": "2026-08-29T09:30:00+00:00", "title": "Missa Bom Jesus da Lapa"}, {"desc": null, "start_date": "2026-08-29T10:45:00+00:00", "title": "Celebrar Bem"}, {"desc": null, "start_date": "2026-08-29T11:00:00+00:00", "title": "Ter\u00e7o da Esperan\u00e7a"}, {"desc": null, "start_date": "2026-08-29T11:50:00+00:00", "title": "Ao Redor do Altar"}, {"desc": null, "start_date": "2026-08-29T12:00:00+00:00", "title": "Missa de Aparecida - Santu\u00e1rio Nacional"}, {"desc": null, "start_date": "2026-08-29T13:00:00+00:00", "title": "S\u00e1bado no Santu\u00e1rio"}, {"desc": null, "start_date": "2026-08-29T15:00:00+00:00", "title": "Missa de Aparecida - Santu\u00e1rio Nacional"}, {"desc": null, "start_date": "2026-08-29T16:00:00+00:00", "title": "Hor\u00e1rio Eleitoral"}, {"desc": null, "start_date": "2026-08-29T16:25:00+00:00", "title": "Retratos Femininos"}, {"desc": null, "start_date": "2026-08-29T17:00:00+00:00", "title": "Hora Mariana"}, {"desc": null, "start_date": "2026-08-29T18:00:00+00:00", "title": "Conectados Pela F\u00e9"}, {"desc": null, "start_date": "2026-08-29T19:15:00+00:00", "title": "Arquivo A"}, {"desc": null, "start_date": "2026-08-29T20:00:00+00:00", "title": "Jornada B\u00edblica"}, {"desc": null, "start_date": "2026-08-29T20:30:00+00:00", "title": "Fortes na F\u00e9"}, {"desc": null, "start_date": "2026-08-29T20:50:00+00:00", "title": "Ao Redor do Altar"}, {"desc": null, "start_date": "2026-08-29T21:00:00+00:00", "title": "Missa de Aparecida - Santu\u00e1rio Nacional"}, {"desc": null, "start_date": "2026-08-29T22:00:00+00:00", "title": "Ter\u00e7o de Aparecida - Pe. Ant\u00f4nio Maria"}, {"desc": null, "start_date": "2026-08-29T22:30:00+00:00", "title": "Can\u00e7\u00f5es de Ouro"}, {"desc": null, "start_date": "2026-08-29T23:30:00+00:00", "title": "Hor\u00e1rio Eleitoral"}, {"desc": null, "start_date": "2026-08-29T23:55:00+00:00", "title": "Terra da Padroeira"}, {"desc": null, "start_date": "2026-08-30T02:30:00+00:00", "title": "Medalh\u00e3o.com"}, {"desc": null, "start_date": "2026-08-30T06:00:00+00:00", "title": "Ter\u00e7o de Aparecida - Pe. Ant\u00f4nio Maria"}, {"desc": null, "start_date": "2026-08-30T06:30:00+00:00", "title": "Fortes na F\u00e9"}, {"desc": null, "start_date": "2026-08-30T07:00:00+00:00", "title": "Conectados Pela F\u00e9"}, {"desc": null, "start_date": "2026-08-30T08:00:00+00:00", "title": "Arquivo A"}, {"desc": null, "start_date": "2026-08-30T09:00:00+00:00", "title": "Celebrar Bem"}, {"desc": null, "start_date": "2026-08-30T09:15:00+00:00", "title": "Ter\u00e7o de Aparecida - Pe. Ant\u00f4nio Maria"}, {"desc": null, "start_date": "2026-08-30T09:45:00+00:00", "title": "Fortes na F\u00e9"}, {"desc": null, "start_date": "2026-08-30T10:20:00+00:00", "title": "Celebrar Bem"}, {"desc": null, "start_date": "2026-08-30T10:35:00+00:00", "title": "Intercede Por N\u00f3s"}, {"desc": null, "start_date": "2026-08-30T10:50:00+00:00", "title": "Ao Redor do Altar"}, {"desc": null, "start_date": "2026-08-30T11:00:00+00:00", "title": "Missa de Aparecida - Santu\u00e1rio Nacional"}, {"desc": null, "start_date": "2026-08-30T12:00:00+00:00", "title": "Terra da Padroeira"}, {"desc": null, "start_date": "2026-08-30T15:00:00+00:00", "title": "Missa de Aparecida - Santu\u00e1rio Nacional"}, {"desc": null, "start_date": "2026-08-30T16:00:00+00:00", "title": "Sabor de Vida - Melhores Receitas"}, {"desc": null, "start_date": "2026-08-30T17:00:00+00:00", "title": "Retratos Femininos"}, {"desc": null, "start_date": "2026-08-30T17:30:00+00:00", "title": "Intercede Por N\u00f3s"}, {"desc": null, "start_date": "2026-08-30T18:00:00+00:00", "title": "Prosa Brasil"}, {"desc": null, "start_date": "2026-08-30T19:00:00+00:00", "title": "Cine Fam\u00edlia: Cheia de Gra\u00e7a"}, {"desc": null, "start_date": "2026-08-30T20:30:00+00:00", "title": "Intercede Por N\u00f3s"}, {"desc": null, "start_date": "2026-08-30T20:50:00+00:00", "title": "Ao Redor do Altar"}, {"desc": null, "start_date": "2026-08-30T21:00:00+00:00", "title": "Missa de Aparecida - Santu\u00e1rio Nacional"}, {"desc": null, "start_date": "2026-08-30T22:00:00+00:00", "title": "Ter\u00e7o de Aparecida - Pe. Ant\u00f4nio Maria"}, {"desc": null, "start_date": "2026-08-30T22:30:00+00:00", "title": "A Reden\u00e7\u00e3o"}, {"desc": null, "start_date": "2026-08-30T23:00:00+00:00", "title": "Aparecida Sertaneja"}], "offset": "+00:00", "timezone": "UTC", "error_code": -1, "start_date": "2026-08-29", "icon": ""}