{"end_date": "2026-09-01", "name": "TV Aparecida (aberta)", "info_url": "https://epg.pw/channels/523345/20260831.html", "country": "Brazil", "description": null, "error_message": "", "provider": "", "source_url": "https://epg.pw/api/epg.json?channel_id=523345&date=20260831&timezone=None", "epg_list": [{"desc": null, "start_date": "2026-08-31T01:30:00+00:00", "title": "Expedi\u00e7\u00f5es ao Sagrado"}, {"desc": null, "start_date": "2026-08-31T02:30:00+00:00", "title": "Medalh\u00e3o.com"}, {"desc": null, "start_date": "2026-08-31T06:00:00+00:00", "title": "Ter\u00e7o de Aparecida - Pe. Ant\u00f4nio Maria"}, {"desc": null, "start_date": "2026-08-31T06:30:00+00:00", "title": "Fortes na F\u00e9"}, {"desc": null, "start_date": "2026-08-31T07:00:00+00:00", "title": "Sabor de Vida"}, {"desc": null, "start_date": "2026-08-31T08:00:00+00:00", "title": "Ci\u00eancias Sem Limites"}, {"desc": null, "start_date": "2026-08-31T09:00:00+00:00", "title": "Devotos Mirins Show"}, {"desc": null, "start_date": "2026-08-31T09:15:00+00:00", "title": "Ter\u00e7o de Aparecida - Pe. Ant\u00f4nio Maria"}, {"desc": null, "start_date": "2026-08-31T09:45:00+00:00", "title": "Missa de Aparecida - Santu\u00e1rio Nacional"}, {"desc": null, "start_date": "2026-08-31T10:35:00+00:00", "title": "B\u00ean\u00e7\u00e3o da Manh\u00e3"}, {"desc": null, "start_date": "2026-08-31T11:50:00+00:00", "title": "Ao Redor do Altar"}, {"desc": null, "start_date": "2026-08-31T12:00:00+00:00", "title": "Missa de Aparecida - Santu\u00e1rio Nacional"}, {"desc": null, "start_date": "2026-08-31T13:00:00+00:00", "title": "Fam\u00edlia dos Devotos"}, {"desc": null, "start_date": "2026-08-31T14:30:00+00:00", "title": "Di\u00e1logos: Qual Caminho Seguir?"}, {"desc": null, "start_date": "2026-08-31T14:35:00+00:00", "title": "Aparecida Interessa ao Brasil"}, {"desc": null, "start_date": "2026-08-31T14:55:00+00:00", "title": "Mensagem de F\u00e9"}, {"desc": null, "start_date": "2026-08-31T15:00:00+00:00", "title": "Missa de Aparecida - Santu\u00e1rio Nacional"}, {"desc": null, "start_date": "2026-08-31T15:45:00+00:00", "title": "Devotos Mirins Show"}, {"desc": null, "start_date": "2026-08-31T16:00:00+00:00", "title": "Sabor de Vida"}, {"desc": null, "start_date": "2026-08-31T17:00:00+00:00", "title": "Fa\u00e7a Voc\u00ea Mesmo"}, {"desc": null, "start_date": "2026-08-31T18:00:00+00:00", "title": "Visita ao Sant\u00edssimo e Consagra\u00e7\u00e3o"}, {"desc": null, "start_date": "2026-08-31T18:30:00+00:00", "title": "Viva a Tarde"}, {"desc": null, "start_date": "2026-08-31T19:45:00+00:00", "title": "TJ Aparecida"}, {"desc": null, "start_date": "2026-08-31T20:50:00+00:00", "title": "Escola de Maria"}, {"desc": null, "start_date": "2026-08-31T20:55:00+00:00", "title": "Mensagem de F\u00e9"}, {"desc": null, "start_date": "2026-08-31T21:00:00+00:00", "title": "Missa de Aparecida - Abertura do XXVI Encontro Nacional de Reitores do Santu\u00e1rio"}, {"desc": null, "start_date": "2026-08-31T22:00:00+00:00", "title": "Ter\u00e7o de Aparecida - Pe. Ant\u00f4nio Maria"}, {"desc": null, "start_date": "2026-08-31T22:30:00+00:00", "title": "Aparecida Sertaneja"}, {"desc": null, "start_date": "2026-09-01T01:00:00+00:00", "title": "Viagem Cultural"}, {"desc": null, "start_date": "2026-09-01T02:00:00+00:00", "title": "Devotos Mirins Show"}, {"desc": null, "start_date": "2026-09-01T02:15:00+00:00", "title": "Di\u00e1logos: Qual Caminho Seguir?"}, {"desc": null, "start_date": "2026-09-01T02:20:00+00:00", "title": "Escola de Maria"}, {"desc": null, "start_date": "2026-09-01T02:25:00+00:00", "title": "Mensagem de F\u00e9"}, {"desc": null, "start_date": "2026-09-01T02:30:00+00:00", "title": "Medalh\u00e3o.com"}, {"desc": null, "start_date": "2026-09-01T06:00:00+00:00", "title": "Ter\u00e7o de Aparecida - Pe. Ant\u00f4nio Maria"}, {"desc": null, "start_date": "2026-09-01T06:30:00+00:00", "title": "Fam\u00edlia dos Devotos"}, {"desc": null, "start_date": "2026-09-01T08:00:00+00:00", "title": "Ci\u00eancias Sem Limites"}, {"desc": null, "start_date": "2026-09-01T09:00:00+00:00", "title": "Devotos Mirins Show"}, {"desc": null, "start_date": "2026-09-01T09:15:00+00:00", "title": "Ter\u00e7o de Aparecida - Pe. Ant\u00f4nio Maria"}, {"desc": null, "start_date": "2026-09-01T09:45:00+00:00", "title": "Missa de Aparecida - Santu\u00e1rio Nacional"}, {"desc": null, "start_date": "2026-09-01T10:35:00+00:00", "title": "B\u00ean\u00e7\u00e3o da Manh\u00e3"}, {"desc": null, "start_date": "2026-09-01T11:50:00+00:00", "title": "Ao Redor do Altar"}, {"desc": null, "start_date": "2026-09-01T12:00:00+00:00", "title": "Missa de Aparecida - Santu\u00e1rio Nacional"}, {"desc": null, "start_date": "2026-09-01T13:00:00+00:00", "title": "Fam\u00edlia dos Devotos"}, {"desc": null, "start_date": "2026-09-01T14:30:00+00:00", "title": "Di\u00e1logos: Qual Caminho Seguir?"}, {"desc": null, "start_date": "2026-09-01T14:35:00+00:00", "title": "Aparecida Interessa ao Brasil"}, {"desc": null, "start_date": "2026-09-01T14:55:00+00:00", "title": "Mensagem de F\u00e9"}, {"desc": null, "start_date": "2026-09-01T15:00:00+00:00", "title": "Missa de Aparecida - Santu\u00e1rio Nacional"}, {"desc": null, "start_date": "2026-09-01T15:45:00+00:00", "title": "Devotos Mirins Show"}, {"desc": null, "start_date": "2026-09-01T16:00:00+00:00", "title": "Hor\u00e1rio Eleitoral"}, {"desc": null, "start_date": "2026-09-01T16:25:00+00:00", "title": "Sabor de Vida"}, {"desc": null, "start_date": "2026-09-01T17:15:00+00:00", "title": "Fa\u00e7a Voc\u00ea Mesmo"}, {"desc": null, "start_date": "2026-09-01T18:00:00+00:00", "title": "Visita ao Sant\u00edssimo e Consagra\u00e7\u00e3o"}, {"desc": null, "start_date": "2026-09-01T18:30:00+00:00", "title": "Viva a Tarde"}, {"desc": null, "start_date": "2026-09-01T19:45:00+00:00", "title": "TJ Aparecida"}, {"desc": null, "start_date": "2026-09-01T20:50:00+00:00", "title": "Escola de Maria"}, {"desc": null, "start_date": "2026-09-01T21:00:00+00:00", "title": "Missa de Aparecida - Bas\u00edlica Hist\u00f3rica"}, {"desc": null, "start_date": "2026-09-01T22:00:00+00:00", "title": "Ter\u00e7o de Aparecida - Pe. Ant\u00f4nio Maria"}, {"desc": null, "start_date": "2026-09-01T22:30:00+00:00", "title": "La\u00e7os e Hist\u00f3rias"}, {"desc": null, "start_date": "2026-09-01T23:00:00+00:00", "title": "Prosa Brasil"}, {"desc": null, "start_date": "2026-09-01T23:30:00+00:00", "title": "Hor\u00e1rio Eleitoral"}, {"desc": null, "start_date": "2026-09-01T23:55:00+00:00", "title": "Prosa Brasil"}], "offset": "+00:00", "timezone": "UTC", "error_code": -1, "start_date": "2026-08-31", "icon": ""}