{"end_date": "2026-04-30", "name": "TV Justi\u00e7a", "info_url": "https://epg.pw/channels/523355/20260428.html", "country": "Brazil", "description": null, "error_message": "", "provider": "", "source_url": "https://epg.pw/api/epg.json?channel_id=523355&date=20260428&timezone=None", "epg_list": [{"desc": null, "start_date": "2026-04-28T00:00:00+00:00", "title": "Voz do Brasil"}, {"desc": null, "start_date": "2026-04-28T00:05:00+00:00", "title": "Revista TST"}, {"desc": null, "start_date": "2026-04-28T00:36:00+00:00", "title": "Inteiro Teor"}, {"desc": null, "start_date": "2026-04-28T01:00:00+00:00", "title": "Cart\u00f3rio Contempor\u00e2neo"}, {"desc": null, "start_date": "2026-04-28T01:30:00+00:00", "title": "Evento"}, {"desc": null, "start_date": "2026-04-28T02:00:00+00:00", "title": "Trabalho Legal"}, {"desc": null, "start_date": "2026-04-28T02:30:00+00:00", "title": "Eventos Palestras Aulas Magnas"}, {"desc": null, "start_date": "2026-04-28T03:00:00+00:00", "title": "Sess\u00e3o do TST"}, {"desc": null, "start_date": "2026-04-28T05:02:00+00:00", "title": "Evento"}, {"desc": null, "start_date": "2026-04-28T07:00:00+00:00", "title": "Evento - STF"}, {"desc": null, "start_date": "2026-04-28T09:00:00+00:00", "title": "Document\u00e1rio Variado: Rep\u00fablica"}, {"desc": null, "start_date": "2026-04-28T09:30:00+00:00", "title": "Saber Direito - Aula"}, {"desc": null, "start_date": "2026-04-28T10:00:00+00:00", "title": "Revista R\u00e1dio Justi\u00e7a"}, {"desc": null, "start_date": "2026-04-28T11:00:00+00:00", "title": "Justi\u00e7a Agora"}, {"desc": null, "start_date": "2026-04-28T12:00:00+00:00", "title": "Sess\u00e3o do TST"}, {"desc": null, "start_date": "2026-04-28T15:50:00+00:00", "title": "Justi\u00e7a Agora"}, {"desc": null, "start_date": "2026-04-28T18:00:00+00:00", "title": "Justi\u00e7a Agora"}, {"desc": null, "start_date": "2026-04-28T21:00:00+00:00", "title": "Jornada TST"}, {"desc": null, "start_date": "2026-04-28T21:30:00+00:00", "title": "Jornal da Justi\u00e7a"}, {"desc": null, "start_date": "2026-04-28T22:00:00+00:00", "title": "Sess\u00e3o do TSE"}, {"desc": null, "start_date": "2026-04-28T23:30:00+00:00", "title": "Saber Direito - Aula"}, {"desc": null, "start_date": "2026-04-29T00:00:00+00:00", "title": "Voz do Brasil"}, {"desc": null, "start_date": "2026-04-29T00:05:00+00:00", "title": "Como Funciona A\u00ed?"}, {"desc": null, "start_date": "2026-04-29T00:35:00+00:00", "title": "STJ Not\u00edcias"}, {"desc": null, "start_date": "2026-04-29T01:00:00+00:00", "title": "Sergipe Justi\u00e7a"}, {"desc": null, "start_date": "2026-04-29T01:30:00+00:00", "title": "Hora Extra"}, {"desc": null, "start_date": "2026-04-29T02:00:00+00:00", "title": "Via Justi\u00e7a"}, {"desc": null, "start_date": "2026-04-29T02:30:00+00:00", "title": "Eventos Palestras Aulas Magnas"}, {"desc": null, "start_date": "2026-04-29T03:00:00+00:00", "title": "Sess\u00e3o do TST"}, {"desc": null, "start_date": "2026-04-29T06:00:00+00:00", "title": "Sess\u00e3o do STF"}, {"desc": null, "start_date": "2026-04-29T09:00:00+00:00", "title": "Document\u00e1rio do M\u00eas"}, {"desc": null, "start_date": "2026-04-29T09:30:00+00:00", "title": "Saber Direito - Aula"}, {"desc": null, "start_date": "2026-04-29T10:00:00+00:00", "title": "Revista R\u00e1dio Justi\u00e7a"}, {"desc": null, "start_date": "2026-04-29T11:00:00+00:00", "title": "Justi\u00e7a Agora"}, {"desc": null, "start_date": "2026-04-29T14:00:00+00:00", "title": "Justi\u00e7a Agora"}, {"desc": null, "start_date": "2026-04-29T16:50:00+00:00", "title": "Justi\u00e7a Agora"}, {"desc": null, "start_date": "2026-04-29T17:00:00+00:00", "title": "Sess\u00e3o do STF"}, {"desc": null, "start_date": "2026-04-29T21:00:00+00:00", "title": "Document\u00e1rio Variado"}, {"desc": null, "start_date": "2026-04-29T21:30:00+00:00", "title": "Jornal da Justi\u00e7a"}, {"desc": null, "start_date": "2026-04-29T22:00:00+00:00", "title": "Iluminuras"}, {"desc": null, "start_date": "2026-04-29T22:30:00+00:00", "title": "Direito sem Fronteiras"}, {"desc": null, "start_date": "2026-04-29T23:00:00+00:00", "title": "Document\u00e1rio Variado: Justi\u00e7a Humana"}, {"desc": null, "start_date": "2026-04-29T23:30:00+00:00", "title": "Saber Direito - Aula"}, {"desc": null, "start_date": "2026-04-30T00:00:00+00:00", "title": "Voz do Brasil"}], "offset": "+00:00", "timezone": "UTC", "error_code": -1, "start_date": "2026-04-28", "icon": ""}