{"end_date": "2026-05-03", "name": "TV Justi\u00e7a", "info_url": "https://epg.pw/channels/523355/20260501.html", "country": "Brazil", "description": null, "error_message": "", "provider": "", "source_url": "https://epg.pw/api/epg.json?channel_id=523355&date=20260501&timezone=None", "epg_list": [{"desc": null, "start_date": "2026-05-01T00:00:00+00:00", "title": "Voz do Brasil"}, {"desc": null, "start_date": "2026-05-01T00:05:00+00:00", "title": "Como Funciona A\u00ed?"}, {"desc": null, "start_date": "2026-05-01T00:35:00+00:00", "title": "AGU Farol"}, {"desc": null, "start_date": "2026-05-01T01:05:00+00:00", "title": "Justi\u00e7a & Trabalho"}, {"desc": null, "start_date": "2026-05-01T01:32:00+00:00", "title": "JR Atricon"}, {"desc": null, "start_date": "2026-05-01T02:00:00+00:00", "title": "Interlocu\u00e7\u00e3o"}, {"desc": null, "start_date": "2026-05-01T02:30:00+00:00", "title": "Eventos Palestras Aulas Magnas"}, {"desc": null, "start_date": "2026-05-01T03:00:00+00:00", "title": "Sess\u00e3o do TST"}, {"desc": null, "start_date": "2026-05-01T04:41:00+00:00", "title": "Sess\u00e3o do STF"}, {"desc": null, "start_date": "2026-05-01T09:30:00+00:00", "title": "Saber Direito - Aula"}, {"desc": null, "start_date": "2026-05-01T10:00:00+00:00", "title": "Revista R\u00e1dio Justi\u00e7a"}, {"desc": null, "start_date": "2026-05-01T11:00:00+00:00", "title": "Justi\u00e7a Agora"}, {"desc": null, "start_date": "2026-05-01T14:00:00+00:00", "title": "Justi\u00e7a Agora"}, {"desc": null, "start_date": "2026-05-01T17:00:00+00:00", "title": "Justi\u00e7a Agora"}, {"desc": null, "start_date": "2026-05-01T20:30:00+00:00", "title": "Plen\u00e1rias"}, {"desc": null, "start_date": "2026-05-01T21:00:00+00:00", "title": "Document\u00e1rio do M\u00eas"}, {"desc": null, "start_date": "2026-05-01T21:30:00+00:00", "title": "Jornal da Justi\u00e7a"}, {"desc": null, "start_date": "2026-05-01T22:00:00+00:00", "title": "Iluminuras"}, {"desc": null, "start_date": "2026-05-01T22:30:00+00:00", "title": "Direito sem Fronteiras"}, {"desc": null, "start_date": "2026-05-01T23:00:00+00:00", "title": "Document\u00e1rio Variado: Casamento"}, {"desc": null, "start_date": "2026-05-01T23:30:00+00:00", "title": "Saber Direito - Aula"}, {"desc": null, "start_date": "2026-05-02T00:00:00+00:00", "title": "Voz do Brasil"}, {"desc": null, "start_date": "2026-05-02T00:05:00+00:00", "title": "Pela Ordem/OAB"}, {"desc": null, "start_date": "2026-05-02T00:35:00+00:00", "title": "Interesse P\u00fablico"}, {"desc": null, "start_date": "2026-05-02T01:05:00+00:00", "title": "Justi\u00e7a Em Quest\u00e3o TJMG"}, {"desc": null, "start_date": "2026-05-02T01:30:00+00:00", "title": "\u00daltimo Recurso"}, {"desc": null, "start_date": "2026-05-02T02:30:00+00:00", "title": "Eventos Palestras Aulas Magnas"}, {"desc": null, "start_date": "2026-05-02T03:00:00+00:00", "title": "Sess\u00e3o do TST"}, {"desc": null, "start_date": "2026-05-02T07:00:00+00:00", "title": "Via Justi\u00e7a"}, {"desc": null, "start_date": "2026-05-02T07:30:00+00:00", "title": "Cart\u00f3rio Contempor\u00e2neo"}, {"desc": null, "start_date": "2026-05-02T08:00:00+00:00", "title": "Sergipe Justi\u00e7a"}, {"desc": null, "start_date": "2026-05-02T08:30:00+00:00", "title": "JR Atricon"}, {"desc": null, "start_date": "2026-05-02T09:00:00+00:00", "title": "Pensamento Jur\u00eddico"}, {"desc": null, "start_date": "2026-05-02T09:30:00+00:00", "title": "Bahia"}, {"desc": null, "start_date": "2026-05-02T10:00:00+00:00", "title": "Entender Direito"}, {"desc": null, "start_date": "2026-05-02T11:00:00+00:00", "title": "Maratona Saber Direito Educacional"}, {"desc": null, "start_date": "2026-05-02T13:30:00+00:00", "title": "Di\u00e1logos Supremos"}, {"desc": null, "start_date": "2026-05-02T15:00:00+00:00", "title": "Direito sem Fronteiras"}, {"desc": null, "start_date": "2026-05-02T15:30:00+00:00", "title": "Document\u00e1rio Variado: Corte Interamericana"}, {"desc": null, "start_date": "2026-05-02T16:00:00+00:00", "title": "Justi\u00e7a Em Quest\u00e3o TJMG"}, {"desc": null, "start_date": "2026-05-02T16:30:00+00:00", "title": "JR Atricon"}, {"desc": null, "start_date": "2026-05-02T17:00:00+00:00", "title": "Document\u00e1rio Variado: 135 Anos do STF"}, {"desc": null, "start_date": "2026-05-02T17:30:00+00:00", "title": "Descomplicando"}, {"desc": null, "start_date": "2026-05-02T18:00:00+00:00", "title": "Evento - STF"}, {"desc": null, "start_date": "2026-05-02T20:00:00+00:00", "title": "Document\u00e1rio Variado: 135 Anos do STF"}, {"desc": null, "start_date": "2026-05-02T20:30:00+00:00", "title": "Plen\u00e1rias"}, {"desc": null, "start_date": "2026-05-02T21:00:00+00:00", "title": "Jornada TST"}, {"desc": null, "start_date": "2026-05-02T21:30:00+00:00", "title": "STJ Not\u00edcias"}, {"desc": null, "start_date": "2026-05-02T22:00:00+00:00", "title": "Revista TST"}, {"desc": null, "start_date": "2026-05-02T22:30:00+00:00", "title": "AGU Farol"}, {"desc": null, "start_date": "2026-05-02T23:00:00+00:00", "title": "Iluminuras"}, {"desc": null, "start_date": "2026-05-02T23:30:00+00:00", "title": "Rep\u00f3rter Eco"}, {"desc": null, "start_date": "2026-05-03T00:00:00+00:00", "title": "Arena dos Saberes"}], "offset": "+00:00", "timezone": "UTC", "error_code": -1, "start_date": "2026-05-01", "icon": ""}