{"end_date": "2026-09-02", "name": "ETB 2", "info_url": "https://epg.pw/channels/526194/20260901.html", "country": "France", "description": null, "error_message": "", "provider": "", "source_url": "https://epg.pw/api/epg.json?channel_id=526194&date=20260901&timezone=None", "epg_list": [{"desc": "Espacio en el que el cocinero Joseba Argui\u00f1ano visita en cada edici\u00f3n un pueblo distinto. En sus viajes descubre historias personales relacionadas con la gastronom\u00eda, conoce a los vecinos m\u00e1s singulares, y degusta los platos t\u00edpicos de cada lugar.", "start_date": "2026-09-01T00:05:00+00:00", "title": "Historias a Bocados"}, {"desc": "Espacio en el que el cocinero Joseba Argui\u00f1ano visita en cada edici\u00f3n un pueblo distinto. En sus viajes descubre historias personales relacionadas con la gastronom\u00eda, conoce a los vecinos m\u00e1s singulares, y degusta los platos t\u00edpicos de cada lugar.", "start_date": "2026-09-01T00:55:00+00:00", "title": "Historias a Bocados"}, {"desc": null, "start_date": "2026-09-01T01:00:00+00:00", "title": "Basura O Tesoro"}, {"desc": "Espacio en el que el cocinero Joseba Argui\u00f1ano visita en cada edici\u00f3n un pueblo distinto. En sus viajes descubre historias personales relacionadas con la gastronom\u00eda, conoce a los vecinos m\u00e1s singulares, y degusta los platos t\u00edpicos de cada lugar.", "start_date": "2026-09-01T01:45:00+00:00", "title": "Historias a Bocados"}, {"desc": null, "start_date": "2026-09-01T02:25:00+00:00", "title": "Atr\u00e1pame si puedes finde"}, {"desc": "Espacio en el que el cocinero Joseba Argui\u00f1ano visita en cada edici\u00f3n un pueblo distinto. En sus viajes descubre historias personales relacionadas con la gastronom\u00eda, conoce a los vecinos m\u00e1s singulares, y degusta los platos t\u00edpicos de cada lugar.", "start_date": "2026-09-01T02:40:00+00:00", "title": "Historias a Bocados"}, {"desc": "Espacio en el que el cocinero Ander Gonz\u00e1lez visita en cada edici\u00f3n un pueblo distinto. En sus viajes descubre historias personales relacionadas con la gastronom\u00eda, conoce a los vecinos m\u00e1s singulares, y degusta los platos t\u00edpicos de cada lugar.", "start_date": "2026-09-01T03:15:00+00:00", "title": "Historias a Bocados"}, {"desc": "La reportera Carolina Calvo ha conocido Mar del Plata de la mano de los vascos y vascas que viven all\u00ed: Miguel \u00c1ngel, Aintzane, Ander y Aurora.", "start_date": "2026-09-01T04:00:00+00:00", "title": "Historias a Bocados"}, {"desc": "Extractos de los mejores momentos del programa \\\"Historias a Bocados\\\", con el que visitaremos distintas localidades y podremos conocer historias personales relacionadas con la gastronom\u00eda.", "start_date": "2026-09-01T04:45:00+00:00", "title": "Momentos Historias a bocados"}, {"desc": "Eider Hurtado e I\u00f1aki Espiga dirigen un programa que re\u00fane informaci\u00f3n y an\u00e1lisis de lo que ocurre en Euskadi y el mundo.", "start_date": "2026-09-01T05:00:00+00:00", "title": "Boulevard"}, {"desc": "Extractos de los mejores momentos del programa \\\"Historias a Bocados\\\", con el que visitaremos distintas localidades y podremos conocer historias personales relacionadas con la gastronom\u00eda.", "start_date": "2026-09-01T05:05:00+00:00", "title": "Momentos de \"Historias a bocados\""}, {"desc": "Extractos de los mejores momentos del programa \\\"Historias a Bocados\\\", con el que visitaremos distintas localidades y podremos conocer historias personales relacionadas con la gastronom\u00eda.", "start_date": "2026-09-01T05:20:00+00:00", "title": "Momentos de \"Historias a bocados\""}, {"desc": "Extractos de los mejores momentos del programa \\\"Historias a Bocados\\\", con el que visitaremos distintas localidades y podremos conocer historias personales relacionadas con la gastronom\u00eda.", "start_date": "2026-09-01T05:30:00+00:00", "title": "Momentos de \"Historias a bocados\""}, {"desc": "Extractos de los mejores momentos del programa \\\"Historias a Bocados\\\", con el que visitaremos distintas localidades y podremos conocer historias personales relacionadas con la gastronom\u00eda.", "start_date": "2026-09-01T05:45:00+00:00", "title": "Momentos de \"Historias a bocados\""}, {"desc": "Espacio de viajes y cultura, presentado por Maider Egues, que cada semana muestra los lugares m\u00e1s rec\u00f3nditos y espectaculares de diversos pa\u00edses, mostrando los espacios m\u00e1s caracter\u00edsticos de cada lugar, as\u00ed como el ambiente y el modo de vida de sus habitantes.", "start_date": "2026-09-01T07:55:00+00:00", "title": "Chilo\u00e9"}, {"desc": "Extractos de los mejores momentos del programa \\\"Historias a Bocados\\\", con el que visitaremos distintas localidades y podremos conocer historias personales relacionadas con la gastronom\u00eda.", "start_date": "2026-09-01T08:25:00+00:00", "title": "Momentos de \"Historias a bocados\""}, {"desc": "Extractos de los mejores momentos del programa \\\"Historias a Bocados\\\", con el que visitaremos distintas localidades y podremos conocer historias personales relacionadas con la gastronom\u00eda.", "start_date": "2026-09-01T08:30:00+00:00", "title": "Momentos Historias a bocados"}, {"desc": "Espacio en el que el cocinero Joseba Argui\u00f1ano visita en cada edici\u00f3n un pueblo distinto. En sus viajes descubre historias personales relacionadas con la gastronom\u00eda, conoce a los vecinos m\u00e1s singulares, y degusta los platos t\u00edpicos de cada lugar.", "start_date": "2026-09-01T08:40:00+00:00", "title": "Historias a Bocados"}, {"desc": "\"GETARIA\" Recopilaci\u00f3n de los mejores momentos del programa presentado por el cocinero Ander Gonzalez. DESCRIPCION: Pi\u00e9 Programaci\u00f3n Diaria <footer> \u00a9 Copyright 2025 EITB </footer>.", "start_date": "2026-09-01T08:50:00+00:00", "title": "Momentos Historias a bocados"}, {"desc": null, "start_date": "2026-09-01T09:40:00+00:00", "title": "El doctor Martin"}, {"desc": "Le docteur Martin \u00e9tait auparavant un grand chirurgien jusqu'\u00e0 ce qu'une phobie du sang l'oblige \u00e0 abandonner cette voie. Il d\u00e9cide alors d'exercer dans le petit village o\u00f9 il passait ses vacances durant son enfance.", "start_date": "2026-09-01T10:05:00+00:00", "title": "Doc Martin"}, {"desc": null, "start_date": "2026-09-01T10:35:00+00:00", "title": "El doctor Martin"}, {"desc": "Le docteur Martin \u00e9tait auparavant un grand chirurgien jusqu'\u00e0 ce qu'une phobie du sang l'oblige \u00e0 abandonner cette voie. Il d\u00e9cide alors d'exercer dans le petit village o\u00f9 il passait ses vacances durant son enfance.", "start_date": "2026-09-01T11:00:00+00:00", "title": "Doc Martin"}, {"desc": "El presidente de la Cofrad\u00eda Vasca de Gastronom\u00eda, Luis Mokoroa, comparte los platos imprescindibles de la cocina vasca m\u00e1s tradicional. Los platos de siempre hechos con mucho mimo y respeto. Recetas de marmitako, txipirones o pantixineta que nunca pasan de moda.", "start_date": "2026-09-01T11:30:00+00:00", "title": "Cocina tradicional vasca"}, {"desc": null, "start_date": "2026-09-01T11:55:00+00:00", "title": "Atr\u00e1pame si puedes"}, {"desc": null, "start_date": "2026-09-01T12:58:00+00:00", "title": "Teleberri"}, {"desc": "Informaci\u00f3n deportiva.", "start_date": "2026-09-01T13:35:00+00:00", "title": "Kirolak"}, {"desc": "Informaci\u00f3n deportiva.", "start_date": "2026-09-01T13:40:00+00:00", "title": "Kirolak ETB2"}, {"desc": null, "start_date": "2026-09-01T13:55:00+00:00", "title": "Eguraldia"}, {"desc": null, "start_date": "2026-09-01T14:00:00+00:00", "title": "Eguraldia ETB2"}, {"desc": "De la mano de Javi Rivero vamos a descubrir los 20 platos imprescindibles de la cocina vasca, platos que han hecho de nuestra gastronom\u00eda una de las mejores del mundo.", "start_date": "2026-09-01T14:15:00+00:00", "title": "Imprescindibles de la cocina Vasca"}, {"desc": null, "start_date": "2026-09-01T14:25:00+00:00", "title": "Esto no es normal"}, {"desc": null, "start_date": "2026-09-01T15:35:00+00:00", "title": "Vaya Par"}, {"desc": "Magaz\u00edn de entretenimiento y actualidad cercana presentado por Odei Esnaola.", "start_date": "2026-09-01T16:40:00+00:00", "title": "Euskadi Qu\u00e9date"}, {"desc": "Edici\u00f3n de verano del espacio culinario conducido por el cocinero Ander Gonz\u00e1lez y la nutricionista Gabriela Uriarte.", "start_date": "2026-09-01T18:05:00+00:00", "title": "A Bocados verano"}, {"desc": null, "start_date": "2026-09-01T19:00:00+00:00", "title": "Teleberri"}, {"desc": "Informaci\u00f3n deportiva.", "start_date": "2026-09-01T19:40:00+00:00", "title": "Kirolak"}, {"desc": null, "start_date": "2026-09-01T20:00:00+00:00", "title": "Eguraldia"}, {"desc": "Apr\u00e8s avoir \u00e9t\u00e9 blanchi par l'enqu\u00eate interne, l'inspecteur Perez r\u00e9int\u00e8gre son poste. Avec l'aide de Tosh, il enqu\u00eate sur la disparition de Connor Cairns, un jeune homme dont la famille vient d'emm\u00e9nager dans les Shetland. Si la personnalit\u00e9 fragile du disparu laisse pr\u00e9sumer qu'il pourrait s'\u00eatre suicid\u00e9, Perez en vient \u00e0 s'interroger : et si Connor n'\u00e9tait pas celui qu'il pr\u00e9tendait ? Cette 7e ", "start_date": "2026-09-01T20:10:00+00:00", "title": "Shetland S.vii"}, {"desc": "Programa de viajes gastron\u00f3micos que da a conocer la cocina de 22 grandes ciudades del mundo. Adem\u00e1s de visitar sus mercados y restaurantes, Ver\u00f3nica Zumalac\u00e1rregui contacta con protagonistas locales que hablan espa\u00f1ol y que hacen de cicerones de excepci\u00f3n.", "start_date": "2026-09-01T20:55:00+00:00", "title": "Me Voy A Comer El Mundo"}, {"desc": "Programa de reportajes de telerrealidad que busca lo realmente aut\u00e9ntico a trav\u00e9s de sus protagonistas. Cada semana invita al espectador a un recorrido por Euskal Herria buscando las historias y los personajes m\u00e1s curiosos.", "start_date": "2026-09-01T22:05:00+00:00", "title": "La otra cara"}, {"desc": "Dos miembros de la ONG Salvamento Mar\u00edtimo Humanitario deciden transformar un pesquero destinado al desguace en un barco de rescate para salvar a los refugiados que se ahogan en el mar Mediterr\u00e1neo.", "start_date": "2026-09-01T22:15:00+00:00", "title": "Aita Mari"}, {"desc": "Magaz\u00edn de entretenimiento y actualidad cercana presentado por Odei Esnaola.", "start_date": "2026-09-01T23:40:00+00:00", "title": "Euskadi Qu\u00e9date"}, {"desc": "Espacio en el que el cocinero Joseba Argui\u00f1ano visita en cada edici\u00f3n un pueblo distinto. En sus viajes descubre historias personales relacionadas con la gastronom\u00eda, conoce a los vecinos m\u00e1s singulares, y degusta los platos t\u00edpicos de cada lugar.", "start_date": "2026-09-02T00:05:00+00:00", "title": "Historias a Bocados"}, {"desc": "Espacio en el que el cocinero Joseba Argui\u00f1ano visita en cada edici\u00f3n un pueblo distinto. En sus viajes descubre historias personales relacionadas con la gastronom\u00eda, conoce a los vecinos m\u00e1s singulares, y degusta los platos t\u00edpicos de cada lugar.", "start_date": "2026-09-02T00:55:00+00:00", "title": "Historias a Bocados"}, {"desc": null, "start_date": "2026-09-02T01:00:00+00:00", "title": "Esto no es normal"}, {"desc": "Espacio en el que el cocinero Joseba Argui\u00f1ano visita en cada edici\u00f3n un pueblo distinto. En sus viajes descubre historias personales relacionadas con la gastronom\u00eda, conoce a los vecinos m\u00e1s singulares, y degusta los platos t\u00edpicos de cada lugar.", "start_date": "2026-09-02T01:45:00+00:00", "title": "Historias a Bocados"}, {"desc": null, "start_date": "2026-09-02T02:00:00+00:00", "title": "Vaya Par"}, {"desc": "Espacio en el que el cocinero Joseba Argui\u00f1ano visita en cada edici\u00f3n un pueblo distinto. En sus viajes descubre historias personales relacionadas con la gastronom\u00eda, conoce a los vecinos m\u00e1s singulares, y degusta los platos t\u00edpicos de cada lugar.", "start_date": "2026-09-02T02:40:00+00:00", "title": "Historias a Bocados"}, {"desc": null, "start_date": "2026-09-02T03:00:00+00:00", "title": "Atr\u00e1pame si puedes"}, {"desc": "Edici\u00f3n de verano del espacio culinario conducido por el cocinero Ander Gonz\u00e1lez y la nutricionista Gabriela Uriarte.", "start_date": "2026-09-02T03:55:00+00:00", "title": "A Bocados verano"}, {"desc": "Extractos de los mejores momentos del programa \\\"Historias a Bocados\\\", con el que visitaremos distintas localidades y podremos conocer historias personales relacionadas con la gastronom\u00eda.", "start_date": "2026-09-02T04:40:00+00:00", "title": "Momentos Historias a bocados"}, {"desc": "Eider Hurtado e I\u00f1aki Espiga dirigen un programa que re\u00fane informaci\u00f3n y an\u00e1lisis de lo que ocurre en Euskadi y el mundo.", "start_date": "2026-09-02T05:00:00+00:00", "title": "Boulevard"}, {"desc": "La reportera Carolina Calvo ha conocido Mar del Plata de la mano de los vascos y vascas que viven all\u00ed: Miguel \u00c1ngel, Aintzane, Ander y Aurora.", "start_date": "2026-09-02T07:55:00+00:00", "title": "Chilo\u00e9"}, {"desc": "Extractos de los mejores momentos del programa \\\"Historias a Bocados\\\", con el que visitaremos distintas localidades y podremos conocer historias personales relacionadas con la gastronom\u00eda.", "start_date": "2026-09-02T08:30:00+00:00", "title": "Momentos Historias a bocados"}, {"desc": "Extractos de los mejores momentos del programa \\\"Historias a Bocados\\\", con el que visitaremos distintas localidades y podremos conocer historias personales relacionadas con la gastronom\u00eda.", "start_date": "2026-09-02T08:40:00+00:00", "title": "Momentos Historias a bocados"}, {"desc": "La reportera Carolina Calvo ha conocido Mar del Plata de la mano de los vascos y vascas que viven all\u00ed: Miguel \u00c1ngel, Aintzane, Ander y Aurora.", "start_date": "2026-09-02T09:00:00+00:00", "title": "No es pa\u00eds para sosos"}, {"desc": "Le docteur Martin \u00e9tait auparavant un grand chirurgien jusqu'\u00e0 ce qu'une phobie du sang l'oblige \u00e0 abandonner cette voie. Il d\u00e9cide alors d'exercer dans le petit village o\u00f9 il passait ses vacances durant son enfance.", "start_date": "2026-09-02T10:15:00+00:00", "title": "Doc Martin"}, {"desc": "Le docteur Martin \u00e9tait auparavant un grand chirurgien jusqu'\u00e0 ce qu'une phobie du sang l'oblige \u00e0 abandonner cette voie. Il d\u00e9cide alors d'exercer dans le petit village o\u00f9 il passait ses vacances durant son enfance.", "start_date": "2026-09-02T11:10:00+00:00", "title": "Doc Martin"}, {"desc": null, "start_date": "2026-09-02T12:00:00+00:00", "title": "Atr\u00e1pame si puedes"}, {"desc": null, "start_date": "2026-09-02T12:58:00+00:00", "title": "Teleberri"}, {"desc": "Informaci\u00f3n deportiva.", "start_date": "2026-09-02T13:35:00+00:00", "title": "Kirolak"}, {"desc": null, "start_date": "2026-09-02T13:55:00+00:00", "title": "Eguraldia"}, {"desc": "De la mano de Javi Rivero vamos a descubrir los 20 platos imprescindibles de la cocina vasca, platos que han hecho de nuestra gastronom\u00eda una de las mejores del mundo.", "start_date": "2026-09-02T14:15:00+00:00", "title": "Imprescindibles de la cocina Vasca"}, {"desc": null, "start_date": "2026-09-02T14:30:00+00:00", "title": "Esto no es normal"}, {"desc": null, "start_date": "2026-09-02T15:30:00+00:00", "title": "Vaya Par"}, {"desc": "Magaz\u00edn de entretenimiento y actualidad cercana presentado por Odei Esnaola.", "start_date": "2026-09-02T16:35:00+00:00", "title": "Euskadi Qu\u00e9date"}, {"desc": "Edici\u00f3n de verano del espacio culinario conducido por el cocinero Ander Gonz\u00e1lez y la nutricionista Gabriela Uriarte.", "start_date": "2026-09-02T18:00:00+00:00", "title": "A Bocados verano"}, {"desc": null, "start_date": "2026-09-02T19:00:00+00:00", "title": "Teleberri"}, {"desc": "Informaci\u00f3n deportiva.", "start_date": "2026-09-02T19:40:00+00:00", "title": "Kirolak"}, {"desc": null, "start_date": "2026-09-02T20:00:00+00:00", "title": "Eguraldia"}, {"desc": "Ver\u00f3nica visita Estocolmo, que sorprende con los mercados ecol\u00f3gicos, y descubre el perrito caliente m\u00e1s especial y hace las alb\u00f3ndigas en una casa sueca. Experimenta un picnic en barco y aprende a hacer bollos de canela (kanelbulle).", "start_date": "2026-09-02T20:10:00+00:00", "title": "Me Voy A Comer El Mundo"}, {"desc": "Programa de viajes gastron\u00f3micos que da a conocer la cocina de 22 grandes ciudades del mundo. Adem\u00e1s de visitar sus mercados y restaurantes, Ver\u00f3nica Zumalac\u00e1rregui contacta con protagonistas locales que hablan espa\u00f1ol y que hacen de cicerones de excepci\u00f3n.", "start_date": "2026-09-02T20:55:00+00:00", "title": "Me Voy A Comer El Mundo"}, {"desc": "Javi Sierra invita todas las semanas a tres personajes famosos a competir entre ellos en los fogones. Cada participante elabora una receta y no conoce contra qui\u00e9n compite hasta el final, cuando se produzca el encuentro de todos los invitados en el Club del Tupper.", "start_date": "2026-09-02T21:45:00+00:00", "title": "Tupper Club"}, {"desc": null, "start_date": "2026-09-02T22:00:00+00:00", "title": "Documental"}, {"desc": "Concurso gastron\u00f3mico presentado por el cocinero Javi Sierra, donde cada semana cuatro due\u00f1os de restaurantes competir\u00e1n por ser el mejor de su categor\u00eda y por un premio de 2.000 euros. Se valorar\u00e1 la decoraci\u00f3n del local, la carta, el precio, el men\u00fa y el servicio.", "start_date": "2026-09-02T23:00:00+00:00", "title": "Juego de cartas"}], "offset": "+00:00", "timezone": "UTC", "error_code": -1, "start_date": "2026-09-01", "icon": ""}