{"end_date": "2026-08-29", "name": "TV5 monde", "info_url": "https://epg.pw/channels/54020/20260828.html", "country": "France", "description": null, "error_message": "", "provider": "", "source_url": "https://epg.pw/api/epg.json?channel_id=54020&date=20260828&timezone=None", "epg_list": [{"desc": null, "start_date": "2026-08-28T18:30:00+00:00", "title": "Le Journal de France 2"}, {"desc": null, "start_date": "2026-08-28T18:57:00+00:00", "title": "M\u00e9t\u00e9o"}, {"desc": "Alors que se d\u00e9roule le traditionnel Festival du cin\u00e9ma britannique organis\u00e9 tous les ans dans la station baln\u00e9aire de Dinard, un drame vient soudain g\u00e2cher cet \u00e9v\u00e9nement tr\u00e8s attendu. En effet, des badauds rep\u00e8rent un corps dans l'eau et alertent les secours, qui ne tardent pas \u00e0 d\u00e9couvrir l'identit\u00e9 de la victime, un r\u00e9alisateur anglais en lice pour un prix. Fait intrigant, les enqu\u00eateurs d\u00e9couv", "start_date": "2026-08-28T19:01:00+00:00", "title": "Lame de fond"}, {"desc": null, "start_date": "2026-08-28T20:36:00+00:00", "title": "L'actu"}, {"desc": null, "start_date": "2026-08-28T21:07:00+00:00", "title": "M\u00e9t\u00e9o"}, {"desc": "Marc-Andr\u00e9 a pr\u00e9f\u00e9r\u00e9 quitter son poste dans une banque d'investissement pour laquelle travaillent encore Fran\u00e7ois, Evelyne et Patrick, des amis qu'il a rencontr\u00e9 pendant ses \u00e9tudes. S'il a opt\u00e9 pour un mode de vie plus simple, il peine en r\u00e9alit\u00e9 \u00e0 joindre les deux bouts. Vincent, lui, se morfond dans le poste administratif qu'il a privil\u00e9gi\u00e9 apr\u00e8s un \u00e9pisode d'\u00e9puisement professionnel. Marc-Andr\u00e9", "start_date": "2026-08-28T21:11:00+00:00", "title": "Avant le crash"}, {"desc": "Marl\u00e8ne, Paul-Andr\u00e9 et Fran\u00e7ois, trois anciens amis, se retrouvent et d\u00e9couvrent les \u00e9v\u00e9nements qui se sont d\u00e9roul\u00e9s dans la vie des uns et des autres.", "start_date": "2026-08-28T21:34:00+00:00", "title": "Fragments"}, {"desc": "Marc-Andr\u00e9 a pr\u00e9f\u00e9r\u00e9 quitter son poste dans une banque d'investissement pour laquelle travaillent encore Fran\u00e7ois, Evelyne et Patrick, des amis qu'il a rencontr\u00e9 pendant ses \u00e9tudes. S'il a opt\u00e9 pour un mode de vie plus simple, il peine en r\u00e9alit\u00e9 \u00e0 joindre les deux bouts. Vincent, lui, se morfond dans le poste administratif qu'il a privil\u00e9gi\u00e9 apr\u00e8s un \u00e9pisode d'\u00e9puisement professionnel. Marc-Andr\u00e9", "start_date": "2026-08-28T21:55:00+00:00", "title": "Avant le crash"}, {"desc": "Marl\u00e8ne est peu encline \u00e0 renouer avec Fran\u00e7ois, alors que Paul-Andr\u00e9 \u00e9prouve le besoin de se rapprocher de son ancien ami. La sortie d'h\u00f4pital de Tomas inqui\u00e8te ses proches.", "start_date": "2026-08-28T22:15:00+00:00", "title": "Fragments"}, {"desc": null, "start_date": "2026-08-28T22:40:00+00:00", "title": "Le journal Afrique"}, {"desc": null, "start_date": "2026-08-28T23:02:00+00:00", "title": "Le journal Afrique"}, {"desc": null, "start_date": "2026-08-28T23:06:00+00:00", "title": "M\u00e9t\u00e9o"}, {"desc": "Entre deux enqu\u00eates, la valse des sentiments se poursuit. Naissance, amour et mariage vont bouleverser les relations au sein de la brigade. Pour couronner le tout, L\u00e9a et Paul apprennent qu'ils vont devenir grands-parents. Mais, dans l'ombre, la menace r\u00f4de et L\u00e9a doit lutter pour sauver sa vie et celle de Paul. R\u00e9ussira-t-elle \u00e0 d\u00e9masquer le myst\u00e9rieux tireur qui a bless\u00e9 son ex-mari et les menac", "start_date": "2026-08-28T23:09:00+00:00", "title": "Tandem"}, {"desc": "La vitrine de l'humour francophone s'exporte une nouvelle fois \u00e0 l'international : apr\u00e8s Kinshasa, Casablanca, Li\u00e8ge, c'est Yaound\u00e9 qui devient le th\u00e9\u00e2tre d'une soir\u00e9e de stand-up aussi percutant qu'engag\u00e9. Sur sc\u00e8ne, seize humoristes portent leurs regards aff\u00fbt\u00e9s sur le monde qui nous entoure.", "start_date": "2026-08-28T23:36:00+00:00", "title": "Tarmac Comedy"}, {"desc": "Entre deux enqu\u00eates, la valse des sentiments se poursuit. Naissance, amour et mariage vont bouleverser les relations au sein de la brigade. Pour couronner le tout, L\u00e9a et Paul apprennent qu'ils vont devenir grands-parents. Mais, dans l'ombre, la menace r\u00f4de et L\u00e9a doit lutter pour sauver sa vie et celle de Paul. R\u00e9ussira-t-elle \u00e0 d\u00e9masquer le myst\u00e9rieux tireur qui a bless\u00e9 son ex-mari et les menac", "start_date": "2026-08-28T23:53:00+00:00", "title": "Tandem"}, {"desc": "Briser les id\u00e9es re\u00e7ues, d\u00e9faire les pr\u00e9jug\u00e9s, quelle que soit sa culture, sa religion, sa nationalit\u00e9, son orientation sexuelle, sa position sociale : incarn\u00e9e par Magloire, cette s\u00e9rie documentaire montre que l'int\u00e9gration est possible, que la diff\u00e9rence est salutaire pour le bien commun et le vivre ensemble.", "start_date": "2026-08-29T00:41:00+00:00", "title": "Rassemblance"}, {"desc": null, "start_date": "2026-08-29T01:11:00+00:00", "title": "Passe-moi les jumelles"}, {"desc": null, "start_date": "2026-08-29T02:00:00+00:00", "title": "Le 23h"}, {"desc": "En octobre 205, la mon\u00e9gasque Anastasia Nielsen, 19 ans, est devenue la plus jeune cavali\u00e8re \u00e0 remporter un Grand Prix du Global Champions Tour, le circuit le plus prestigieux.", "start_date": "2026-08-29T02:33:00+00:00", "title": "Le match dans le match"}, {"desc": "Promenade \u00e0 v\u00e9lo tout au long du r\u00e9seau RAVeL, le r\u00e9seau autonome de voies lentes en Wallonie. A chaque \u00e9mission, l'animateur fait le r\u00e9cit d'une \u00e9tape et aborde la mobilit\u00e9 et les ressources touristiques de la r\u00e9gion.", "start_date": "2026-08-29T03:02:00+00:00", "title": "Le beau v\u00e9lo de RAVeL"}, {"desc": "Faune en p\u00e9ril : initiatives de conservation face au changement climatique Au Kenya et au Nigeria, le changement climatique menace la faune et bouleverse les \u00e9cosyst\u00e8mes. Des rhinoc\u00e9ros aux rapaces, en passant par les tortues et les poissons, des initiatives locales et scientifiques cherchent \u00e0 prot\u00e9ger ces esp\u00e8ces menac\u00e9es.", "start_date": "2026-08-29T03:32:00+00:00", "title": "Population d'Afrique"}, {"desc": "Tous les conseils et les astuces pour obtenir un beau potager prodigu\u00e9s par St\u00e9phane Marie. La rubrique \"Do It Yourself\", anim\u00e9e par Carole Tolila, donne d'astucieuses id\u00e9es d\u00e9co pour le jardin et les terrasses. St\u00e9phane Marie \u00e9change avec un ing\u00e9nieur agronome et Carole Tolila rencontre des cr\u00e9ateurs, qui imaginent des accessoires pour le jardin.", "start_date": "2026-08-29T04:02:00+00:00", "title": "Silence, \u00e7a pousse !"}, {"desc": "Des Marquises \u00e0 la Provence, en passant notamment par le pays Basque et la Normandie, balade dans les territoires fran\u00e7ais avec d'authentiques enfants du pays.", "start_date": "2026-08-29T05:00:00+00:00", "title": "Les 100 lieux qu'il faut voir"}, {"desc": null, "start_date": "2026-08-29T06:00:00+00:00", "title": "Le t\u00e9l\u00e9journal"}, {"desc": "\"Au Y\u00e9ti qui lit\", une librairie de quartier, les deux petites souris Nina et L\u00e9on retrouvent Y\u00e9tili, la mascotte de la boutique. Quand la librairie ferme, Y\u00e9tili prend vie et c'est l'heure de l'histoire ! Ensemble, les trois amis lisent des livres et voyagent au pays des albums jeunesse.", "start_date": "2026-08-29T06:26:00+00:00", "title": "Y\u00e9tili"}, {"desc": "\"Au Y\u00e9ti qui lit\", une librairie de quartier, les deux petites souris Nina et L\u00e9on retrouvent Y\u00e9tili, la mascotte de la boutique. Quand la librairie ferme, Y\u00e9tili prend vie et c'est l'heure de l'histoire ! Ensemble, les trois amis lisent des livres et voyagent au pays des albums jeunesse.", "start_date": "2026-08-29T06:33:00+00:00", "title": "Y\u00e9tili"}, {"desc": "Koumi, gaie et espi\u00e8gle, r\u00eave de conna\u00eetre tous les animaux du monde. En plus de \u00e7a, elle adore dessiner. Dans chaque \u00e9pisode, elle explique comment bien dessiner les animaux.", "start_date": "2026-08-29T06:41:00+00:00", "title": "Dessine les animaux avec Koumi"}, {"desc": "Koumi, gaie et espi\u00e8gle, r\u00eave de conna\u00eetre tous les animaux du monde. En plus de \u00e7a, elle adore dessiner. Dans chaque \u00e9pisode, elle explique comment bien dessiner les animaux.", "start_date": "2026-08-29T06:46:00+00:00", "title": "Dessine les animaux avec Koumi"}, {"desc": "A l'aide d'une approche ludique et p\u00e9dagogique, Iman, ancien professeur de math\u00e9matiques, propose aux \u00e9l\u00e8ves de primaire d'aborder sereinement le passage au coll\u00e8ge.", "start_date": "2026-08-29T06:51:00+00:00", "title": "C'est math\u00e9matique ! Avec Iman"}, {"desc": "Ranya et Syrine, des soeurs jumelles, sont aussi adorables qu'ins\u00e9parables. Leur vie est joyeuse et pleine de petites aventures du quotidien. Mais tout est boulevers\u00e9 avec l'arriv\u00e9e de leur petit fr\u00e8re, Jad.", "start_date": "2026-08-29T06:55:00+00:00", "title": "Jad et ses soeurs"}, {"desc": "Commander ses v\u00eatements sur Internet est facile, et certains sites sont vraiment bon march\u00e9. Mais ce bas co\u00fbt a un prix environnemental non n\u00e9gligeable.", "start_date": "2026-08-29T06:58:00+00:00", "title": "Y'a pas \u00e9cole ?"}, {"desc": "Quand on est trois, deux fr\u00e8res et une soeur du m\u00eame \u00e2ge, c'est bien mieux pour s'amuser et faire des b\u00eatises, en bref on ne s'ennuie jamais.", "start_date": "2026-08-29T07:22:00+00:00", "title": "Les tripl\u00e9s"}, {"desc": "Boubris est un l\u00e9zard introverti qui r\u00eave de tranquillit\u00e9. Ancien musicien, il a fui le tumulte et s'est install\u00e9 \u00e0 l'\u00e9cart du monde. Un jour, Chniwla, un moustique hyperactif et envahissant, vient perturber son quotidien.", "start_date": "2026-08-29T07:29:00+00:00", "title": "Chniwla et boubris"}, {"desc": "Boubris est un l\u00e9zard introverti qui r\u00eave de tranquillit\u00e9. Ancien musicien, il a fui le tumulte et s'est install\u00e9 \u00e0 l'\u00e9cart du monde. Un jour, Chniwla, un moustique hyperactif et envahissant, vient perturber son quotidien.", "start_date": "2026-08-29T07:36:00+00:00", "title": "Chniwla et boubris"}, {"desc": null, "start_date": "2026-08-29T07:43:00+00:00", "title": "La brigade"}, {"desc": "Tata, 8 ans, arrive dans une nouvelle \u00e9cole. Elle veut int\u00e9grer l'\u00e9quipe de football de l'\u00e9tablissement mais on lui refuse, car elle est une fille. Qu'\u00e0 cela ne tienne : Tata va monter sa propre \u00e9quipe f\u00e9minine avec l'aide de sa bande d'amies.", "start_date": "2026-08-29T08:07:00+00:00", "title": "Foot GO"}, {"desc": "Th\u00e9o passe beaucoup trop de temps sur ses r\u00e9seaux sociaux. Et parfois, il a l'impression que ces applis le connaissent mieux que lui-m\u00eame. Vid\u00e9os sugg\u00e9r\u00e9es, contenus recommand\u00e9s, pubs trop bien cibl\u00e9es : tout semble tomber juste. Mais comment ces plateformes savent-elles quoi nous montrer ?", "start_date": "2026-08-29T08:13:00+00:00", "title": "Ma vie avec l'IA"}, {"desc": "Tour \u00e0 tour forteresse m\u00e9di\u00e9vale, r\u00e9sidence royale ou prison fastueuse, le ch\u00e2teau d'Amboise est bien singulier. Leonard de Vinci a m\u00eame voulu y \u00eatre enterr\u00e9.", "start_date": "2026-08-29T08:20:00+00:00", "title": "Ch\u00e2teau !"}, {"desc": "Du lundi au samedi, \"C dans l'air\" donne les cl\u00e9s pour comprendre dans sa globalit\u00e9 un \u00e9v\u00e9nement ou un sujet d'actualit\u00e9 de premi\u00e8re importance, en permettant aux t\u00e9l\u00e9spectateurs d'intervenir dans le d\u00e9bat ou de poser des questions par SMS ou Internet. Plusieurs reportages illustrent le sujet et des sp\u00e9cialistes, sur le plateau, l'\u00e9clairent de leurs r\u00e9flexions.", "start_date": "2026-08-29T08:39:00+00:00", "title": "C dans l'air"}, {"desc": "Anthony, musicien, vit en van depuis cinq ans. Le jeune homme passe l'\u00e9t\u00e9 \u00e0 Halifax pour y jouer de la musique de rue. Un mode de vie pas toujours facile.", "start_date": "2026-08-29T09:46:00+00:00", "title": "La belle vie"}, {"desc": "Claire Chazal accueille cette semaine deux \u00e9crivains qui ont en commun un pass\u00e9 important de journalistes culturels, sp\u00e9cialistes du cin\u00e9ma, Sophie Avon et G\u00e9rard Lefort. Sans nul doute, quelque chose leur est rest\u00e9 de cette passion, qui se retrouve dans l'imaginaire de leurs livres et un art assez formidable de l'\u00e9vocation... C'est en tout cas ...", "start_date": "2026-08-29T10:09:00+00:00", "title": "Au bonheur des livres"}, {"desc": "Ikaria, \u00eele grecque de la mer Eg\u00e9e, sauvage et indomptable, semble \u00e9chapper \u00e0 l'emprise du temps. Nich\u00e9e entre montagnes et c\u00f4tes escarp\u00e9es, elle incarne une Gr\u00e8ce pr\u00e9serv\u00e9e, loin des foules touristiques. Les Ikariotes, habitants de cette \u00eele o\u00f9 le temps s'\u00e9coule sans h\u00e2te, ont forg\u00e9 leur mode de vie dans l'isolement et la solidarit\u00e9.", "start_date": "2026-08-29T10:38:00+00:00", "title": "Passe-moi les jumelles"}, {"desc": null, "start_date": "2026-08-29T11:30:00+00:00", "title": "JT 19h30"}, {"desc": "Pour cette huiti\u00e8me \u00e9mission de la saison, l'\u00e9quipe qui vient tenter de r\u00e9cup\u00e9rer le tr\u00e9sor du Fort est compos\u00e9e de Camille Cerf, Diane Leyre, Azzeddine Ahmed-Chaouch, Mayane, Christophe Licata et L\u00e9a Fran\u00e7ois. Ensemble, ces valeureux aventuriers esp\u00e8rent rassembler des fonds pour le compte de l'association Les Bonnes F\u00e9es.", "start_date": "2026-08-29T12:00:00+00:00", "title": "Fort Boyard"}, {"desc": "Billard, baby-foot : Ren\u00e9 Pierre est le fabricant fran\u00e7ais de r\u00e9f\u00e9rence des tables de jeu. Tout savoir sur le bistrot, symbole de la gastronomie populaire. Rencontre avec Nicolas Jurnjack : quand coiffer est aussi l'occasion de cr\u00e9er et de s'exprimer dans l'univers de la mode. Comment porter le corset.", "start_date": "2026-08-29T13:59:00+00:00", "title": "Tendance XXI"}, {"desc": "Julien se rend dans le Bas-Saint-Laurent pour d\u00e9couvrir le mode de vie de R\u00e9mi, de No\u00e9mie et de leur petite Aur\u00e9lie. Artisans des bois, ils habitent aujourd'hui la maison qu'ils ont construite de leurs mains.", "start_date": "2026-08-29T14:31:00+00:00", "title": "La belle vie"}, {"desc": "Dans le grand quiz de \"C'est archiv\u00e9 pr\u00e8s de chez vous\", deux \u00e9quipes de trois joueurs VIP s'affrontent joyeusement dans une joute hebdomadaire consacr\u00e9e aux archives de la RTBF.", "start_date": "2026-08-29T15:00:00+00:00", "title": "C'est archiv\u00e9 pr\u00e8s de chez vous : le grand quiz"}, {"desc": "Rendez-vous de l'information et de la culture francophone propos\u00e9 par la r\u00e9daction de TV5 Monde, \"64' Le monde en fran\u00e7ais\" met l'accent sur l'actualit\u00e9 mondiale, l'actualit\u00e9 francophone, culturelle, politique, \u00e9conomique, sociale, et soci\u00e9tale ainsi que sur l'information d\u00e9velopp\u00e9e par les partenaires historiques de TV5 Monde : la RTBF, la RTS, Radio Canada, T\u00e9l\u00e9-Qu\u00e9bec, France 2, France 3.", "start_date": "2026-08-29T16:00:00+00:00", "title": "64' Actu"}, {"desc": null, "start_date": "2026-08-29T16:27:00+00:00", "title": "M\u00e9t\u00e9o"}, {"desc": "Rendez-vous de l'information et de la culture francophone propos\u00e9 par la r\u00e9daction de TV5 Monde, \"64' Le monde en fran\u00e7ais\" met l'accent sur l'actualit\u00e9 mondiale, l'actualit\u00e9 francophone, culturelle, politique, \u00e9conomique, sociale, et soci\u00e9tale ainsi que sur l'information d\u00e9velopp\u00e9e par les partenaires historiques de TV5 Monde : la RTBF, la RTS, Radio Canada, T\u00e9l\u00e9-Qu\u00e9bec, France 2, France 3.", "start_date": "2026-08-29T16:30:00+00:00", "title": "64' D\u00e9bat"}, {"desc": "Rencontre avec des artistes, des \u00e9crivains, des acteurs et tous ceux qui font vibrer notre \u00e9poque. \"L'invit\u00e9\" est le rendez-vous des personnalit\u00e9s qui font l'actualit\u00e9.", "start_date": "2026-08-29T16:53:00+00:00", "title": "L'invit\u00e9"}, {"desc": "Des vestiges inexplor\u00e9s dorment encore aujourd'hui au fond des lacs et des cours d'eau du pays. Mario Cyr et Samuel C\u00f4t\u00e9 suivent la piste d'\u00e9paves document\u00e9es, mais pas forc\u00e9ment toujours localis\u00e9es, et font d\u00e9couvrir des pans m\u00e9connus ou oubli\u00e9s de l'histoire, l'occasion de revenir sur certaines techniques d'\u00e9poques r\u00e9volues ou certains m\u00e9tiers anciens.", "start_date": "2026-08-29T17:04:00+00:00", "title": "Secrets des profondeurs"}, {"desc": "Briser les id\u00e9es re\u00e7ues, d\u00e9faire les pr\u00e9jug\u00e9s, quelle que soit sa culture, sa religion, sa nationalit\u00e9, son orientation sexuelle, sa position sociale : incarn\u00e9e par Magloire, cette s\u00e9rie documentaire montre que l'int\u00e9gration est possible, que la diff\u00e9rence est salutaire pour le bien commun et le vivre ensemble.", "start_date": "2026-08-29T17:30:00+00:00", "title": "Rassemblance"}, {"desc": null, "start_date": "2026-08-29T18:00:00+00:00", "title": "Le Journal de la RTS"}, {"desc": "Bernard Cerquiglini d\u00e9cortique les curiosit\u00e9s de la langue fran\u00e7aise et d\u00e9taille les r\u00e8gles de grammaire, d'accords, ou les tournures de phrases parfois curieuses.", "start_date": "2026-08-29T18:26:00+00:00", "title": "Merci Professeur"}, {"desc": "En Direct.", "start_date": "2026-08-29T18:40:00+00:00", "title": "Lyon / Le Havre"}, {"desc": null, "start_date": "2026-08-29T20:45:00+00:00", "title": "Le Journal de France 2"}, {"desc": "Rattrap\u00e9e par la police, Elsa nie les meurtres. Mais quand on l'interroge sur la disparition de son fr\u00e8re, elle n'est plus aussi cat\u00e9gorique.", "start_date": "2026-08-29T20:50:00+00:00", "title": "L'ab\u00eeme"}, {"desc": "Deux incontournables de la sc\u00e8ne comique francophone, Pierre-Emmanuel Barr\u00e9 et Aymeric Lompret, connus pour leur humour noir, leur irr\u00e9v\u00e9rence et leur sens aigu de la provocation, sont aux commandes du Gala d'ouverture du 36e Montreux Comedy festival.", "start_date": "2026-08-29T21:18:00+00:00", "title": "Le super m\u00e9ga giga show \u00e0 l'am\u00e9ricaine"}, {"desc": "L'enqu\u00eate touche \u00e0 sa fin. Pourtant, Martineau a des doutes. Que s'est-il vraiment pass\u00e9 vingt ans auparavant, le soir o\u00f9 le petit Valentin Duvack a disparu ?", "start_date": "2026-08-29T21:39:00+00:00", "title": "L'ab\u00eeme"}, {"desc": null, "start_date": "2026-08-29T22:36:00+00:00", "title": "Le journal Afrique"}, {"desc": null, "start_date": "2026-08-29T23:05:00+00:00", "title": "Le journal Afrique"}, {"desc": "Au sommaire : Isaiah Katumwa, Alif Naaba, IAMA feat Sekouba Bambino, Dorty, Jaylann, Fatim Diabat\u00e9, Mia Guiss\u00e9 feat Mouhamed VJ, Dadi Love.", "start_date": "2026-08-29T23:10:00+00:00", "title": "Stars parade"}, {"desc": null, "start_date": "2026-08-29T23:32:00+00:00", "title": "M\u00e9t\u00e9o"}, {"desc": "A l'occasion de sa 21e \u00e9dition, le Festival Arcomik 2024 donne carte blanche \u00e0 Chicandier et Mathou Cann pour cette soir\u00e9e d'humour. Autoproclam\u00e9 \"Les Fumiers\", le duo d\u00e9capant propose les coulisses d'une parodie de spectacle caritatif sur le th\u00e8me de Napol\u00e9on.", "start_date": "2026-08-29T23:34:00+00:00", "title": "Chicandier et Mathou font leur show \u00e0 Saint-\u00c9tienne"}, {"desc": null, "start_date": "2026-08-29T23:43:00+00:00", "title": "Encr\u00e9 dans la peau"}], "offset": "+00:00", "timezone": "UTC", "error_code": -1, "start_date": "2026-08-28", "icon": ""}