{"end_date": "2026-08-31", "name": "TV5 monde", "info_url": "https://epg.pw/channels/54020/20260830.html", "country": "France", "description": null, "error_message": "", "provider": "", "source_url": "https://epg.pw/api/epg.json?channel_id=54020&date=20260830&timezone=None", "epg_list": [{"desc": "Le trio L.EJ. a v\u00e9cu le rythme infernal des tourn\u00e9es, suivies de moments plus contemplatifs, pendant lesquels les filles ont regroup\u00e9 les chansons que leurs parents leur faisaient \u00e9couter, et qu'elles chantaient depuis leur plus tendre enfance.", "start_date": "2026-08-30T00:58:00+00:00", "title": "Les Estivales de France 4"}, {"desc": null, "start_date": "2026-08-30T02:00:00+00:00", "title": "Le 23h"}, {"desc": "Laurie n'a eu de cesse de rechercher ses origines wallisiennes depuis son plus jeune \u00e2ge. N\u00e9e \u00e0 Mata-Utu et adopt\u00e9e \u00e0 l'\u00e2ge de 3 mois par une famille dans l'Hexagone, elle passe la majeure partie de sa vie en r\u00e9gion parisienne. D\u00e9sormais adulte, Laurie entame une qu\u00eate personnelle pour se reconnecter \u00e0 sa culture d'origine et rencontrer sa m\u00e8re.", "start_date": "2026-08-30T02:30:00+00:00", "title": "Laurie, du coeur et des racines"}, {"desc": "Des s\u00e9quences humoristiques en compagnie de nombreux com\u00e9diens et artistes francophones.", "start_date": "2026-08-30T03:22:00+00:00", "title": "Tarmac Comedy"}, {"desc": "Des s\u00e9quences humoristiques en compagnie de nombreux com\u00e9diens et artistes francophones.", "start_date": "2026-08-30T03:26:00+00:00", "title": "Tarmac Comedy"}, {"desc": "Ce magazine traite de l'actualit\u00e9 \u00e9conomique et du d\u00e9veloppement en Afrique, \u00e0 partir de dossiers qui pr\u00e9sentent et analysent des programmes en cours de d\u00e9veloppement.", "start_date": "2026-08-30T03:34:00+00:00", "title": "Wari"}, {"desc": null, "start_date": "2026-08-30T04:02:00+00:00", "title": "Silence, \u00e7a pousse !"}, {"desc": "Un enseignant, une classe, des questions ! Un concept simple pour des interrogations parfois complexes d'\u00e9l\u00e8ves de primaire. Ces derniers sont hors-champ. L'instit, lui, a trois minutes pour r\u00e9pondre \u00e0 des questions touchant de pr\u00e8s ou de loin \u00e0 l'\u00e9conomie.", "start_date": "2026-08-30T04:52:00+00:00", "title": "Klass"}, {"desc": "Un enseignant, une classe, des questions ! Un concept simple pour des interrogations parfois complexes d'\u00e9l\u00e8ves de primaire. Ces derniers sont hors-champ. L'instit, lui, a trois minutes pour r\u00e9pondre \u00e0 des questions touchant de pr\u00e8s ou de loin \u00e0 l'\u00e9conomie.", "start_date": "2026-08-30T04:55:00+00:00", "title": "Klass"}, {"desc": "Alors que la France voit dispara\u00eetre chaque ann\u00e9e des milliers d'exploitations agricoles, Nolan, 19 ans, choisit d'emprunter le chemin inverse. \u00c0 Ploun\u00e9rin, dans les C\u00f4tes-d'Armor, ce jeune Breton m\u00e9tis d\u00e9bute sa premi\u00e8re ann\u00e9e comme \u00e9leveur laitier. En reprenant la ferme de sa grand-m\u00e8re, il cherche \u00e0 tracer sa propre voie : comment vivre du lait sans sacrifier sa vie \u00e0 ce m\u00e9tier si exigeant ?", "start_date": "2026-08-30T04:59:00+00:00", "title": "Nolan - devenir \u00e9leveur en Bretagne, la g\u00e9n\u00e9ration d'apr\u00e8s"}, {"desc": "Cette s\u00e9rie pr\u00e9sente et explore l'approche du biomim\u00e9tisme qui s'inspire du vivant pour concevoir des technologies durables et performantes.", "start_date": "2026-08-30T05:53:00+00:00", "title": "Nature = Futur !"}, {"desc": null, "start_date": "2026-08-30T06:00:00+00:00", "title": "Le t\u00e9l\u00e9journal"}, {"desc": "\"Au Y\u00e9ti qui lit\", une librairie de quartier, les deux petites souris Nina et L\u00e9on retrouvent Y\u00e9tili, la mascotte de la boutique. Quand la librairie ferme, Y\u00e9tili prend vie et c'est l'heure de l'histoire ! Ensemble, les trois amis lisent des livres et voyagent au pays des albums jeunesse.", "start_date": "2026-08-30T06:21:00+00:00", "title": "Y\u00e9tili"}, {"desc": "\"Au Y\u00e9ti qui lit\", une librairie de quartier, les deux petites souris Nina et L\u00e9on retrouvent Y\u00e9tili, la mascotte de la boutique. Quand la librairie ferme, Y\u00e9tili prend vie et c'est l'heure de l'histoire ! Ensemble, les trois amis lisent des livres et voyagent au pays des albums jeunesse.", "start_date": "2026-08-30T06:29:00+00:00", "title": "Y\u00e9tili"}, {"desc": "Koumi, gaie et espi\u00e8gle, r\u00eave de conna\u00eetre tous les animaux du monde. En plus de \u00e7a, elle adore dessiner. Dans chaque \u00e9pisode, elle explique comment bien dessiner les animaux.", "start_date": "2026-08-30T06:37:00+00:00", "title": "Dessine les animaux avec Koumi"}, {"desc": "Koumi, gaie et espi\u00e8gle, r\u00eave de conna\u00eetre tous les animaux du monde. En plus de \u00e7a, elle adore dessiner. Dans chaque \u00e9pisode, elle explique comment bien dessiner les animaux.", "start_date": "2026-08-30T06:42:00+00:00", "title": "Dessine les animaux avec Koumi"}, {"desc": "A l'aide d'une approche ludique et p\u00e9dagogique, Iman, ancien professeur de math\u00e9matiques, propose aux \u00e9l\u00e8ves de primaire d'aborder sereinement le passage au coll\u00e8ge.", "start_date": "2026-08-30T06:47:00+00:00", "title": "C'est math\u00e9matique ! Avec Iman"}, {"desc": "Ranya et Syrine, des soeurs jumelles, sont aussi adorables qu'ins\u00e9parables. Leur vie est joyeuse et pleine de petites aventures du quotidien. Mais tout est boulevers\u00e9 avec l'arriv\u00e9e de leur petit fr\u00e8re, Jad.", "start_date": "2026-08-30T06:51:00+00:00", "title": "Jad et ses soeurs"}, {"desc": "Qui dit \u00e9t\u00e9 dit insectes : colonies de fourmis, mouches et moustiques sont l\u00e9gion. Mais ce ne sont pas les seuls insectes qui peuplent notre environnement. A la d\u00e9couverte des grillons champ\u00eatres, des coccinelles, des vers luisants.", "start_date": "2026-08-30T06:54:00+00:00", "title": "Y'a pas \u00e9cole ?"}, {"desc": "Quand on est trois, deux fr\u00e8res et une soeur du m\u00eame \u00e2ge, c'est bien mieux pour s'amuser et faire des b\u00eatises, en bref on ne s'ennuie jamais.", "start_date": "2026-08-30T07:12:00+00:00", "title": "Les tripl\u00e9s"}, {"desc": "Boubris est un l\u00e9zard introverti qui r\u00eave de tranquillit\u00e9. Ancien musicien, il a fui le tumulte et s'est install\u00e9 \u00e0 l'\u00e9cart du monde. Un jour, Chniwla, un moustique hyperactif et envahissant, vient perturber son quotidien.", "start_date": "2026-08-30T07:19:00+00:00", "title": "Chniwla et boubris"}, {"desc": "Boubris est un l\u00e9zard introverti qui r\u00eave de tranquillit\u00e9. Ancien musicien, il a fui le tumulte et s'est install\u00e9 \u00e0 l'\u00e9cart du monde. Un jour, Chniwla, un moustique hyperactif et envahissant, vient perturber son quotidien.", "start_date": "2026-08-30T07:26:00+00:00", "title": "Chniwla et boubris"}, {"desc": null, "start_date": "2026-08-30T07:33:00+00:00", "title": "La brigade"}, {"desc": "Tata, 8 ans, arrive dans une nouvelle \u00e9cole. Elle veut int\u00e9grer l'\u00e9quipe de football de l'\u00e9tablissement mais on lui refuse, car elle est une fille. Qu'\u00e0 cela ne tienne : Tata va monter sa propre \u00e9quipe f\u00e9minine avec l'aide de sa bande d'amies.", "start_date": "2026-08-30T07:57:00+00:00", "title": "Foot GO"}, {"desc": "Les IA g\u00e9n\u00e9ratives s'appuient sur des donn\u00e9es de qualit\u00e9 in\u00e9gale et ne font pas toujours la diff\u00e9rence entre le vrai et le faux. Informations biais\u00e9es, sources douteuses, contenus trompeurs : tout peut se retrouver m\u00e9lang\u00e9. Plus la r\u00e9ponse sonne juste, plus le doute s'installe.", "start_date": "2026-08-30T08:04:00+00:00", "title": "Ma vie avec l'IA"}, {"desc": "Omar Da Fonseca, ancien footballeur du Tours FC, du PSG et de l'AS Monaco, \u00e9voque son parcours, ses d\u00e9buts en Argentine, son adaptation en France et son r\u00f4le de consultant.", "start_date": "2026-08-30T08:07:00+00:00", "title": "Le match dans le match"}, {"desc": "Du lundi au samedi, \"C dans l'air\" donne les cl\u00e9s pour comprendre dans sa globalit\u00e9 un \u00e9v\u00e9nement ou un sujet d'actualit\u00e9 de premi\u00e8re importance, en permettant aux t\u00e9l\u00e9spectateurs d'intervenir dans le d\u00e9bat ou de poser des questions par SMS ou Internet. Plusieurs reportages illustrent le sujet et des sp\u00e9cialistes, sur le plateau, l'\u00e9clairent de leurs r\u00e9flexions.", "start_date": "2026-08-30T08:32:00+00:00", "title": "C dans l'air"}, {"desc": "Billard, baby-foot : Ren\u00e9 Pierre est le fabricant fran\u00e7ais de r\u00e9f\u00e9rence des tables de jeu. Tout savoir sur le bistrot, symbole de la gastronomie populaire. Rencontre avec Nicolas Jurnjack : quand coiffer est aussi l'occasion de cr\u00e9er et de s'exprimer dans l'univers de la mode. Comment porter le corset.", "start_date": "2026-08-30T09:44:00+00:00", "title": "Tendance XXI"}, {"desc": "Le chef Anthony Lim\u00e9ry pr\u00e9pare des samoussas de thon accompagn\u00e9s d'une sauce au piment.", "start_date": "2026-08-30T10:14:00+00:00", "title": "Chef pays"}, {"desc": "La famille Pierroz, originaire de Martigny en Valais, est sur le point de r\u00e9aliser un r\u00eave ambitieux : partir vivre aux \u00c9tats-Unis. \u00c0 l'origine de cette aventure, Jean-Marie, le p\u00e8re de famille, a d\u00e9croch\u00e9 un poste chez Stadler Rail, une entreprise suisse de construction de trains qui vient d'ouvrir une usine \u00e0 Salt Lake City, dans l'Utah. Entre espoir et excitation, les Pierroz s'appr\u00eatent \u00e0 plon", "start_date": "2026-08-30T10:42:00+00:00", "title": "Bye bye la Suisse"}, {"desc": null, "start_date": "2026-08-30T11:30:00+00:00", "title": "JT 19h30"}, {"desc": "Les Tranchellini-Martinez, originaires de Gen\u00e8ve, ont tout plaqu\u00e9 pour ouvrir une p\u00e2tisserie et un salon de th\u00e9 au Japon, sans \u00eatre du m\u00e9tier, ni parler japonais. Uma, 13 ans, l'une des filles de la fratrie, raconte leur nouvelle vie.", "start_date": "2026-08-30T12:01:00+00:00", "title": "2nd life : Tout quitter pour Tokyo"}, {"desc": null, "start_date": "2026-08-30T13:18:00+00:00", "title": "Top14 Rugby"}, {"desc": "Mode, design, gastronomie, art de vivre, chaque petit reportage, extrait du magazine Version fran\u00e7aise, est une illustration du chic \u00e0 la fran\u00e7aise.", "start_date": "2026-08-30T13:44:00+00:00", "title": "VF"}, {"desc": null, "start_date": "2026-08-30T13:49:00+00:00", "title": "Tu bluffes"}, {"desc": "Aurore Morisse, l'experte li\u00e9geoise d'\"Affaire conclue\", revient sur son parcours et raconte comment elle a \u00e9t\u00e9 rep\u00e9r\u00e9e pour int\u00e9grer l'\u00e9quipe de l'\u00e9mission.", "start_date": "2026-08-30T14:30:00+00:00", "title": "Stoemp, p\u00e8k\u00e8t... et des rawettes !"}, {"desc": "Au IVe si\u00e8cle, Saint Martin, \u00e9v\u00eaque de Tours et grand voyageur, a arpent\u00e9 les chemins du Poitou \u00e0 la Touraine. Depuis, trois chemins de randonn\u00e9e balis\u00e9s ont \u00e9t\u00e9 cr\u00e9\u00e9s pour marcher dans les pas de cet illustre pr\u00e9d\u00e9cesseur. Ces itin\u00e9raires sont des tron\u00e7ons de la Via sancti Martini qui permet de traverser l'Europe d'Ouest en Est. De Poitiers \u00e0 Tours, en passant par Ligug\u00e9, Candes-Saint-Martin ou e", "start_date": "2026-08-30T15:00:00+00:00", "title": "Les 100 lieux qu'il faut voir"}, {"desc": "J\u00e9r\u00f4me Colin, animateur-taximan, embarque une personnalit\u00e9 lors d'une course express et d\u00e9cal\u00e9e, souvent propice aux confidences.", "start_date": "2026-08-30T15:52:00+00:00", "title": "Hep taxi ! Express"}, {"desc": "Rendez-vous de l'information et de la culture francophone propos\u00e9 par la r\u00e9daction de TV5 Monde, \"64' Le monde en fran\u00e7ais\" met l'accent sur l'actualit\u00e9 mondiale, l'actualit\u00e9 francophone, culturelle, politique, \u00e9conomique, sociale, et soci\u00e9tale ainsi que sur l'information d\u00e9velopp\u00e9e par les partenaires historiques de TV5 Monde : la RTBF, la RTS, Radio Canada, T\u00e9l\u00e9-Qu\u00e9bec, France 2, France 3.", "start_date": "2026-08-30T16:00:00+00:00", "title": "64' Actu"}, {"desc": null, "start_date": "2026-08-30T16:27:00+00:00", "title": "M\u00e9t\u00e9o"}, {"desc": "Rendez-vous de l'information et de la culture francophone propos\u00e9 par la r\u00e9daction de TV5 Monde, \"64' Le monde en fran\u00e7ais\" met l'accent sur l'actualit\u00e9 mondiale, l'actualit\u00e9 francophone, culturelle, politique, \u00e9conomique, sociale, et soci\u00e9tale ainsi que sur l'information d\u00e9velopp\u00e9e par les partenaires historiques de TV5 Monde : la RTBF, la RTS, Radio Canada, T\u00e9l\u00e9-Qu\u00e9bec, France 2, France 3.", "start_date": "2026-08-30T16:30:00+00:00", "title": "64' D\u00e9bat"}, {"desc": "Rencontre avec des artistes, des \u00e9crivains, des acteurs et tous ceux qui font vibrer notre \u00e9poque. \"L'invit\u00e9\" est le rendez-vous des personnalit\u00e9s qui font l'actualit\u00e9.", "start_date": "2026-08-30T16:53:00+00:00", "title": "L'invit\u00e9"}, {"desc": "R\u00e9v\u00e9l\u00e9 par la Star Academy, o\u00f9 son r\u00f4le de prof de th\u00e9\u00e2tre lui a fait gagner le coeur du public fran\u00e7ais, il est connu depuis longtemps comme animateur et chroniqueur \u00e0 la RTBF. On le voit aussi sur sc\u00e8ne, dans un spectacle plein de malice qui met en valeur son amour de la musique. Sans oublier qu'il a \u00e9t\u00e9 sacr\u00e9 champion du monde d'impro en 2009 ! Quelle est l'histoire, et surtout quel est le mote", "start_date": "2026-08-30T17:01:00+00:00", "title": "Dans la bulle de..."}, {"desc": "A 75 ans, il est une exception dans le paysage musical - mais il ne cache pas, ou plus, ses fragilit\u00e9s. Qu'est-ce que l'exp\u00e9rience va pouvoir r\u00e9v\u00e9ler de sa personnalit\u00e9 ? Bienvenue dans la Bulle de Fr\u00e9d\u00e9ric Fran\u00e7ois.", "start_date": "2026-08-30T17:31:00+00:00", "title": "Dans la bulle de..."}, {"desc": null, "start_date": "2026-08-30T18:00:00+00:00", "title": "Le Journal de la RTS"}, {"desc": "Bernard Cerquiglini d\u00e9cortique les curiosit\u00e9s de la langue fran\u00e7aise et d\u00e9taille les r\u00e8gles de grammaire, d'accords, ou les tournures de phrases parfois curieuses.", "start_date": "2026-08-30T18:26:00+00:00", "title": "Merci Professeur"}, {"desc": null, "start_date": "2026-08-30T18:30:00+00:00", "title": "Le Journal de France 2"}, {"desc": null, "start_date": "2026-08-30T18:57:00+00:00", "title": "M\u00e9t\u00e9o"}, {"desc": "Issue d'une famille modeste, Madeleine poss\u00e8de un caract\u00e8re de battante et de grandes ambitions. La jeune femme se rend en Corse pour pr\u00e9parer l'oral du concours d'entr\u00e9e \u00e0 l'ENA dans la maison de vacances d'Antoine, son compagnon. Sur place, Madeleine ne cache son r\u00eave de devenir pr\u00e9sidente de la R\u00e9publique, d\u00e9termin\u00e9e \u00e0 faire \u00e9voluer les mentalit\u00e9s et une situation sociale qu'elle juge alarmante", "start_date": "2026-08-30T19:04:00+00:00", "title": "De grandes esp\u00e9rances"}, {"desc": "Mathilde est la fille du c\u00e9l\u00e8bre et respectable professeur Stangerson. Aussi, lorsqu'un inconnu attente \u00e0 sa vie, tout son entourage est mobilis\u00e9. Joseph Rouletabille, un jeune reporter, se rend aussit\u00f4t au ch\u00e2teau du Glandier, accompagn\u00e9 de Sainclair, son ami photographe, pour enqu\u00eater sur cette \u00e9trange affaire. Sur place, ils retrouvent le juge de Marquet et son greffier, de m\u00eame que Fr\u00e9d\u00e9ric La", "start_date": "2026-08-30T20:48:00+00:00", "title": "Le myst\u00e8re de la chambre jaune"}, {"desc": null, "start_date": "2026-08-30T21:09:00+00:00", "title": "M\u00e9t\u00e9o"}, {"desc": "Apr\u00e8s plus de cinquante ans de carri\u00e8re et quinze albums studio, Alain Chamfort livrait en d\u00e9cembre 2024, son dernier album \"L'Impermanence\". Il vient le d\u00e9fendre sur le plateau de \"Basique, le concert\" en interpr\u00e9tant ses nouveaux titres, comme \"Tout s'arrange \u00e0 la fin\", ou encore \"L'Apocalypse heureuse\", mais aussi, ses plus grands succ\u00e8s.", "start_date": "2026-08-30T21:12:00+00:00", "title": "Basique, le concert"}, {"desc": null, "start_date": "2026-08-30T22:16:00+00:00", "title": "Le journal Afrique"}, {"desc": null, "start_date": "2026-08-30T22:42:00+00:00", "title": "M\u00e9t\u00e9o"}, {"desc": null, "start_date": "2026-08-30T22:45:00+00:00", "title": "Le journal Afrique"}, {"desc": "A Rennes, un jeune homme d'origine maghr\u00e9bine, press\u00e9 par sa famille, accepte un mariage arrang\u00e9 avec une jeune femme aussi peu enthousiaste que lui.", "start_date": "2026-08-30T22:47:00+00:00", "title": "L'air de la mer rend libre"}, {"desc": null, "start_date": "2026-08-30T23:12:00+00:00", "title": "M\u00e9t\u00e9o"}, {"desc": "\u00c0 partir de son tableau \"Le Serment des Anc\u00eatres\", transport\u00e9 \u00e0 Port-au-Prince (Ha\u00efti) en 1823, une \u00e9vocation de la vie, de l'\u0153uvre et de la post\u00e9rit\u00e9 du peintre guadeloup\u00e9en Guillaume Lethi\u00e8re (1760-1832).", "start_date": "2026-08-30T23:17:00+00:00", "title": "Lethi\u00e8re, le serment des anc\u00eatres"}, {"desc": "La famille Pierroz, originaire de Martigny en Valais, est sur le point de r\u00e9aliser un r\u00eave ambitieux : partir vivre aux \u00c9tats-Unis. \u00c0 l'origine de cette aventure, Jean-Marie, le p\u00e8re de famille, a d\u00e9croch\u00e9 un poste chez Stadler Rail, une entreprise suisse de construction de trains qui vient d'ouvrir une usine \u00e0 Salt Lake City, dans l'Utah. Entre espoir et excitation, les Pierroz s'appr\u00eatent \u00e0 plon", "start_date": "2026-08-31T00:15:00+00:00", "title": "Bye bye la Suisse"}, {"desc": "La vie dans les vall\u00e9es alpines est fa\u00e7onn\u00e9e par des histoires, des mythes et des coutumes parfois \u00e9tranges qui rythment la vie quotidienne de leurs habitants.", "start_date": "2026-08-31T01:08:00+00:00", "title": "Les Alpes Suisses : Entre traditions et superstitions"}, {"desc": null, "start_date": "2026-08-31T02:00:00+00:00", "title": "Le 23h"}, {"desc": "Alors que Virgile se d\u00e9m\u00e8ne pour tenir ses engagements, Gary ne peut pas s'emp\u00eacher de mettre son nez dans les affaires des autres. Sabine, elle, se laisse tenter par une nouvelle rencontre.", "start_date": "2026-08-31T03:01:00+00:00", "title": "Un si grand soleil"}, {"desc": "Alors qu'Elise tient un nouveau fil pour son enqu\u00eate, Jade prend tous les risques pour mener son plan \u00e0 ex\u00e9cution. Claudine, elle, a une id\u00e9e derri\u00e8re la t\u00eate. Quant \u00e0 In\u00e8s, a-t-elle fait le bon choix ?", "start_date": "2026-08-31T03:23:00+00:00", "title": "Un si grand soleil"}, {"desc": "Bijou de l'art baroque et t\u00e9moin artistique de la Sicile, le Palazzo Gangi, ancienne r\u00e9sidence des princes Valguarnera puis des princes Gangi, se dresse au centre de Palerme. Il a servi de d\u00e9cor \u00e0 Luchino Visconti pour le film \"Le Gu\u00e9pard\".", "start_date": "2026-08-31T03:45:00+00:00", "title": "Demeures de collectionneurs"}, {"desc": null, "start_date": "2026-08-31T03:58:00+00:00", "title": "Le 6h info"}, {"desc": null, "start_date": "2026-08-31T04:24:00+00:00", "title": "M\u00e9t\u00e9o"}, {"desc": null, "start_date": "2026-08-31T04:29:00+00:00", "title": "T\u00e9l\u00e9matin"}, {"desc": "Bernard Cerquiglini d\u00e9cortique les curiosit\u00e9s de la langue fran\u00e7aise et d\u00e9taille les r\u00e8gles de grammaire, d'accords, ou les tournures de phrases parfois curieuses.", "start_date": "2026-08-31T04:45:00+00:00", "title": "Merci Professeur"}, {"desc": null, "start_date": "2026-08-31T04:50:00+00:00", "title": "T\u00e9l\u00e9matin"}, {"desc": "Th\u00e9o est de retour, plus angoiss\u00e9 que jamais ! Entre sa toute nouvelle vie de couple ses interrogations existentielles qui le surprennent sans crier gare, ses TOC et des situations embarrassantes qui se pr\u00e9sentent quotidiennement, il va lui falloir mettre en place quelques \"adaptations\" qui lui paraissent bien s\u00fbr, insurmontables. Cette saison 2, et particuli\u00e8rement l'\u00e9pisode 6 a \u00e9t\u00e9 r\u00e9compens\u00e9 du", "start_date": "2026-08-31T05:22:00+00:00", "title": "Flipp\u00e9"}, {"desc": "Le daman, la marmotte \u00e9l\u00e9phant.", "start_date": "2026-08-31T05:24:00+00:00", "title": "Anne-so what ?"}, {"desc": null, "start_date": "2026-08-31T05:29:00+00:00", "title": "T\u00e9l\u00e9matin"}, {"desc": "Mode, design, gastronomie, art de vivre, chaque petit reportage, extrait du magazine Version fran\u00e7aise, est une illustration du chic \u00e0 la fran\u00e7aise.", "start_date": "2026-08-31T05:50:00+00:00", "title": "VF"}, {"desc": "Mode, design, gastronomie, art de vivre, chaque petit reportage, extrait du magazine Version fran\u00e7aise, est une illustration du chic \u00e0 la fran\u00e7aise.", "start_date": "2026-08-31T05:53:00+00:00", "title": "VF"}, {"desc": null, "start_date": "2026-08-31T06:00:00+00:00", "title": "Le t\u00e9l\u00e9journal"}, {"desc": "Quatre jeunes dinosaures, Rocky, Bill, Tiny et Mazu, grandissent dans un monde en pleine formation lui aussi : on y croise des pluies de m\u00e9t\u00e9orites, des volcans, des brachiosaures, d'\u00e9normes tric\u00e9ratops et aussi le grand m\u00e9chant loup ! Ou du moins son \u00e9quivalent au Cr\u00e9tac\u00e9 : le grand m\u00e9chant Gigantosaurus. C'est un animal \u00e9trange dont le nom seul suffit \u00e0 faire tressaillir les quatre comp\u00e8res.", "start_date": "2026-08-31T06:21:00+00:00", "title": "Gigantosaurus"}, {"desc": null, "start_date": "2026-08-31T06:32:00+00:00", "title": "Top cornichon"}, {"desc": "A bord de son minuscule vaisseau, le Positron, Capitaine Tonus voyage \u00e0 l'int\u00e9rieur d'un corps humain afin d'en observer le fonctionnement. Elle peut ainsi expliquer les r\u00e8gles de bonne sant\u00e9 de l'int\u00e9rieur ! Elle est second\u00e9e dans ses p\u00e9rip\u00e9ties par son amusant ordinateur de bord hyper\u00e9motif baptis\u00e9 Neurone.", "start_date": "2026-08-31T06:38:00+00:00", "title": "Capitaine Tonus"}, {"desc": "C'est l'hiver et il n'y a toujours pas de neige, quelle d\u00e9ception\u2026 Olive repeint le ciel en gris, et soudain, c'est la temp\u00eate. Tant mieux, ils peuvent faire un bonhomme de neige, qu'ils appelleront Bernulf. Mais le soleil est revenu et Bernulf commence \u00e0 fondre. Vite il faut l'emmener tout en haut de la montagne !", "start_date": "2026-08-31T06:41:00+00:00", "title": "Les Quiquoi"}, {"desc": "Koumi, 6 ans, gaie et espi\u00e8gle, r\u00eave de conna\u00eetre tous les animaux du monde. Gr\u00e2ce \u00e0 son imagier, elle part \u00e0 leur rencontre.", "start_date": "2026-08-31T06:48:00+00:00", "title": "L'imagier anim\u00e9 de Koumi"}, {"desc": "Kenda est une petite fille pleine d'\u00e9nergie, qui d\u00e9tient le livre de la sagesse, appel\u00e9 \"Fleoua\". Ce livre, dont elle a h\u00e9rit\u00e9 de son grand-p\u00e8re, l'oriente dans ses choix importants et est un conseiller pour elle et sa bande de 4 amis.", "start_date": "2026-08-31T06:54:00+00:00", "title": "Kenda"}, {"desc": "Avec humour et fantaisie, Braillard, Colombe et Lablatte mettent en lumi\u00e8re les us et coutumes, les grandes inventions, les personnages embl\u00e9matiques, les ph\u00e9nom\u00e8nes et les sites incontournables de l'Antiquit\u00e9. En changeant de r\u00f4les, d'\u00e9poques et de costumes, ils se plongent dans les 1001 mondes antiques, que ce soit en Egypte, en Gr\u00e8ce, \u00e0 Rome ou en Asie, en Afrique Sub-saharienne et au Moyen-Ori", "start_date": "2026-08-31T06:59:00+00:00", "title": "1001 Mondes antiques"}, {"desc": "Sous son escalier, Alix d\u00e9couvre un passage menant \u00e0 un monde fantaisiste dans lequel vivent d'\u00e9tonnants personnages. Dans cet univers, la jeune fille d\u00e9bordante d'imagination s'\u00e9vade pour vivre des aventures rocambolesques en compagnie de Chapelier et de ses amis, les Merveilleux.", "start_date": "2026-08-31T07:02:00+00:00", "title": "Alix et les Merveilleux"}, {"desc": "A Cond\u00e9-sur-Iton, des passionn\u00e9s d'automobile ont r\u00e9uni des voitures embl\u00e9matiques mais aussi des mod\u00e8les moins connus de marques allemandes.", "start_date": "2026-08-31T07:29:00+00:00", "title": "Vroum"}, {"desc": "Aurore Morisse, l'experte li\u00e9geoise d'\"Affaire conclue\", revient sur son parcours et raconte comment elle a \u00e9t\u00e9 rep\u00e9r\u00e9e pour int\u00e9grer l'\u00e9quipe de l'\u00e9mission.", "start_date": "2026-08-31T07:56:00+00:00", "title": "Stoemp, p\u00e8k\u00e8t... et des rawettes !"}, {"desc": "Miyano Sakai est la cheffe-propri\u00e9taire du Tora-Ya Ramen, un restaurant japonais dans le quartier Saint-Roch \u00e0 Qu\u00e9bec. On d\u00e9couvre avec elle les bo\u00eetes bento, les gyozas et la fameuse soupe ramen. D\u00e9gustation de sak\u00e9s \u00e0 la cl\u00e9.", "start_date": "2026-08-31T08:27:00+00:00", "title": "Donner l'go\u00fbt"}, {"desc": "R\u00e9sum\u00e9 des matchs, commentaires, analyses, apr\u00e8s chaque journ\u00e9e de la Ligue 1 McDonald's, le championnat de France de football.", "start_date": "2026-08-31T08:53:00+00:00", "title": "Ligue 1 McDonald's : le r\u00e9cap"}, {"desc": "R\u00e9sum\u00e9 des matchs, commentaires, analyses, apr\u00e8s chaque journ\u00e9e de la Ligue 1 McDonald's, le championnat de France de football.", "start_date": "2026-08-31T09:21:00+00:00", "title": "Ligue 1 McDonald's : le r\u00e9cap"}, {"desc": "Le Baron (1989). Eric d'Huart a la trentaine. Il a h\u00e9rit\u00e9 d'une fortune certaine, mais se doit de le faire fructifier pour ses futurs descendants. ONEM ou on n'aime pas (1993). Le quotidien de cette contr\u00f4leuse de l'ONEM est de contr\u00f4ler les ch\u00f4meurs pour traquer les fraudeurs...", "start_date": "2026-08-31T09:31:00+00:00", "title": "Strip-tease"}, {"desc": "Au coeur de la Touraine, le ch\u00e2teau de Sach\u00e9 \u00e9tait le lieu d'inspiration privil\u00e9gi\u00e9 d'Honor\u00e9 de Balzac, qui u a \u00e9crit bon nombre de ses oeuvres.", "start_date": "2026-08-31T10:01:00+00:00", "title": "Ch\u00e2teau !"}, {"desc": "Un nouvel agent de l'IGPN, bien connu de l'\u00e9quipe de Becker, d\u00e9barque au commissariat. Pendant ce temps chez L. Cosm\u00e9tiques, Enric se demande s'il aurait sa chance avec Caroline.", "start_date": "2026-08-31T10:17:00+00:00", "title": "Un si grand soleil"}, {"desc": "La po\u00e9sie, une parenth\u00e8se enchant\u00e9e dans un quotidien satur\u00e9 d'informations. Des interpr\u00e8tes d'horizons divers, c\u00e9l\u00e8bres ou moins connus, s'emparent d'un po\u00e8me et le r\u00e9citent dans un lieu inattendu, cr\u00e9ant des associations harmonieuses ou contrast\u00e9es. Objectif : d\u00e9mocratiser la po\u00e9sie en la rendant accessible et attractive pour tous les publics.", "start_date": "2026-08-31T10:40:00+00:00", "title": "Stances"}, {"desc": null, "start_date": "2026-08-31T10:45:00+00:00", "title": "Tout le monde veut prendre sa place"}, {"desc": null, "start_date": "2026-08-31T11:30:00+00:00", "title": "JT 19h30"}, {"desc": "L'\u00e9quipe, confront\u00e9e \u00e0 l'hospitalisation de son commissaire, Gaspard Watson, va \u00eatre conduite \u00e0 arpenter toute l'\u00eele pour enqu\u00eater, appel\u00e9e pour des crimes et des d\u00e9lits aussi bien dans une plantation de caf\u00e9 que dans une ferme, ou sur les rives de la r\u00e9serve naturelle de l'\u00e9tang Saint-Paul. L'arriv\u00e9e du myst\u00e9rieux capitaine Nico Chane est tout aussi d\u00e9stabilisant. Les acteurs David Baiot et Elodi", "start_date": "2026-08-31T12:00:00+00:00", "title": "OPJ"}, {"desc": "L'\u00e9quipe, confront\u00e9e \u00e0 l'hospitalisation de son commissaire, Gaspard Watson, va \u00eatre conduite \u00e0 arpenter toute l'\u00eele pour enqu\u00eater, appel\u00e9e pour des crimes et des d\u00e9lits aussi bien dans une plantation de caf\u00e9 que dans une ferme, ou sur les rives de la r\u00e9serve naturelle de l'\u00e9tang Saint-Paul. L'arriv\u00e9e du myst\u00e9rieux capitaine Nico Chane est tout aussi d\u00e9stabilisant. Les acteurs David Baiot et Elodi", "start_date": "2026-08-31T12:53:00+00:00", "title": "OPJ"}, {"desc": "Au coeur de la Touraine, le ch\u00e2teau de Sach\u00e9 \u00e9tait le lieu d'inspiration privil\u00e9gi\u00e9 d'Honor\u00e9 de Balzac, qui u a \u00e9crit bon nombre de ses oeuvres.", "start_date": "2026-08-31T13:46:00+00:00", "title": "Ch\u00e2teau !"}, {"desc": "Dans le grenier d'une maison, loin du regard des humains, Minusville est une ville am\u00e9nag\u00e9e par les jouets, compos\u00e9e d'emballages du quotidien. Comme ailleurs, vivre en harmonie s'av\u00e8re un d\u00e9fi car chacun a sa propre personnalit\u00e9 et sa propre fa\u00e7on de jouer.", "start_date": "2026-08-31T14:00:00+00:00", "title": "Les Minus"}, {"desc": "Install\u00e9e depuis peu \u00e0 la Cit\u00e9 des clapiers, la famille Croquemoutard, compos\u00e9e de trolls, est surprise de d\u00e9couvrir les petites manies des \u00eatres humains qui les entourent. Entre confrontations et coutumes \u00e9tranges, pas s\u00fbr que les plus bizarres soient ceux que l'on croit. Une s\u00e9rie pleine d'inventivit\u00e9 qui, mine de rien, fait un \u00e9loge salutaire de la diff\u00e9rence et du vivre ensemble.", "start_date": "2026-08-31T14:11:00+00:00", "title": "Les Croquemoutard"}, {"desc": "Derri\u00e8re son apparence d'adolescent, Liam est en fait un andro\u00efde con\u00e7u dans le plus grand secret au Laboratoire mondial d'intelligence artificielle. Son existence va \u00eatre r\u00e9v\u00e9l\u00e9e lors de la Belmont Science Fair, qui r\u00e9unit des jeunes g\u00e9nies du monde entier. Liam s'\u00e9chappe du laboratoire car le docteur Wood, son cr\u00e9ateur, veut le r\u00e9initialiser depuis qu'il a d\u00e9couvert que l'andro\u00efde a d\u00e9velopp\u00e9 de", "start_date": "2026-08-31T14:22:00+00:00", "title": "Liam"}, {"desc": "Qu'il s'agisse de petits tracas ou de probl\u00e9matiques de vie plus complexes, Th\u00e9o Curin invite des enfants de 7 \u00e0 12 ans \u00e0 se confier sur les sujets qui les pr\u00e9occupent. Accompagn\u00e9 d'Alicia Cohen-Freoua et Fabien Richard, il tente de leur donner des clefs pour avancer.", "start_date": "2026-08-31T14:45:00+00:00", "title": "T'es au top"}, {"desc": "\"Les vaccins et l'\u00e9chec de l'hydroxychloroquine\". L'hydroxychloroquine et la chloroquine ont fait couler beaucoup d'encre comme traitements potentiels contre la Covid-19. \"Freiner la deuxi\u00e8me vague\". \"Nouvelles mesures de ventilation\". \"In\u00e9gaux face au virus\". \"Une faucheuse silencieuse\". \"Ornithologie en temps de confinement\".", "start_date": "2026-08-31T15:01:00+00:00", "title": "Le Point"}, {"desc": "Des s\u00e9quences humoristiques en compagnie de nombreux com\u00e9diens et artistes francophones.", "start_date": "2026-08-31T15:51:00+00:00", "title": "Tarmac Comedy"}, {"desc": "Des s\u00e9quences humoristiques en compagnie de nombreux com\u00e9diens et artistes francophones.", "start_date": "2026-08-31T15:55:00+00:00", "title": "Tarmac Comedy"}, {"desc": "Rendez-vous de l'information et de la culture francophone propos\u00e9 par la r\u00e9daction de TV5 Monde, \"64' Le monde en fran\u00e7ais\" met l'accent sur l'actualit\u00e9 mondiale, l'actualit\u00e9 francophone, culturelle, politique, \u00e9conomique, sociale, et soci\u00e9tale ainsi que sur l'information d\u00e9velopp\u00e9e par les partenaires historiques de TV5 Monde : la RTBF, la RTS, Radio Canada, T\u00e9l\u00e9-Qu\u00e9bec, France 2, France 3.", "start_date": "2026-08-31T16:00:00+00:00", "title": "64' Actu"}, {"desc": null, "start_date": "2026-08-31T16:27:00+00:00", "title": "M\u00e9t\u00e9o"}, {"desc": "Rendez-vous de l'information et de la culture francophone propos\u00e9 par la r\u00e9daction de TV5 Monde, \"64' Le monde en fran\u00e7ais\" met l'accent sur l'actualit\u00e9 mondiale, l'actualit\u00e9 francophone, culturelle, politique, \u00e9conomique, sociale, et soci\u00e9tale ainsi que sur l'information d\u00e9velopp\u00e9e par les partenaires historiques de TV5 Monde : la RTBF, la RTS, Radio Canada, T\u00e9l\u00e9-Qu\u00e9bec, France 2, France 3.", "start_date": "2026-08-31T16:30:00+00:00", "title": "64' D\u00e9bat"}, {"desc": "Rencontre avec des artistes, des \u00e9crivains, des acteurs et tous ceux qui font vibrer notre \u00e9poque. \"L'invit\u00e9\" est le rendez-vous des personnalit\u00e9s qui font l'actualit\u00e9.", "start_date": "2026-08-31T16:53:00+00:00", "title": "L'invit\u00e9"}, {"desc": "Un nouvel agent de l'IGPN, bien connu de l'\u00e9quipe de Becker, d\u00e9barque au commissariat. Pendant ce temps chez L. Cosm\u00e9tiques, Enric se demande s'il aurait sa chance avec Caroline.", "start_date": "2026-08-31T17:01:00+00:00", "title": "Un si grand soleil"}, {"desc": "Alors qu'Elisabeth voit Cl\u00e9mence s'incruster \u00e0 sa soir\u00e9e avec Alain, la vie de Johanna s'appr\u00eate \u00e0 basculer.", "start_date": "2026-08-31T17:23:00+00:00", "title": "Un si grand soleil"}, {"desc": "Une \u00e9mission consacr\u00e9e \u00e0 la cr\u00e9ation fran\u00e7aise et \u00e0 la mode. Elle dresse le portrait de cr\u00e9ateurs passionn\u00e9s et analyse des tendances actuelles ou qui ont profond\u00e9ment marqu\u00e9 l'histoire de la mode.", "start_date": "2026-08-31T17:46:00+00:00", "title": "Tendance XXI"}, {"desc": "Une \u00e9mission consacr\u00e9e \u00e0 la cr\u00e9ation fran\u00e7aise et \u00e0 la mode. Elle dresse le portrait de cr\u00e9ateurs passionn\u00e9s et analyse des tendances actuelles ou qui ont profond\u00e9ment marqu\u00e9 l'histoire de la mode.", "start_date": "2026-08-31T17:55:00+00:00", "title": "Tendance XXI"}, {"desc": null, "start_date": "2026-08-31T18:00:00+00:00", "title": "Le Journal de la RTS"}, {"desc": "Bernard Cerquiglini d\u00e9cortique les curiosit\u00e9s de la langue fran\u00e7aise et d\u00e9taille les r\u00e8gles de grammaire, d'accords, ou les tournures de phrases parfois curieuses.", "start_date": "2026-08-31T18:26:00+00:00", "title": "Merci Professeur"}, {"desc": null, "start_date": "2026-08-31T18:30:00+00:00", "title": "Le Journal de France 2"}, {"desc": null, "start_date": "2026-08-31T19:00:00+00:00", "title": "M\u00e9t\u00e9o"}, {"desc": "Pour cette neuvi\u00e8me \u00e9mission de la saison, l'\u00e9quipe qui vient tenter de r\u00e9cup\u00e9rer le tr\u00e9sor du Fort est compos\u00e9e d'Alexis et F\u00e9lix Lebrun, Simon Gauzy, Laurent Maistret, Sissy Mua et Laurent Romejko. Ils jouent ensemble pour le compte de l'association Heart and coeur, qui soutien les enfants atteints de cardiopathies cong\u00e9nitales.", "start_date": "2026-08-31T19:02:00+00:00", "title": "Fort Boyard"}, {"desc": null, "start_date": "2026-08-31T20:59:00+00:00", "title": "L'actu"}, {"desc": null, "start_date": "2026-08-31T21:29:00+00:00", "title": "M\u00e9t\u00e9o"}, {"desc": "Sa\u00e2d, Thuruban, Andrija et Luka, officiers suisses d'origine serbe, sri-lankaise et tunisienne, ont conserv\u00e9 un fort lien avec leur culture d'origine. Dans ce documentaire tr\u00e8s personnel, Luka Popadic explore leur vie militaire avec humour et sinc\u00e9rit\u00e9, remettant en question les pr\u00e9jug\u00e9s sur la patrie, l'int\u00e9gration et la diversit\u00e9. Des sc\u00e8nes du quotidien, des entretiens personnels et des archive", "start_date": "2026-08-31T21:31:00+00:00", "title": "De vrais Suisses"}, {"desc": null, "start_date": "2026-08-31T22:40:00+00:00", "title": "Le journal Afrique"}, {"desc": null, "start_date": "2026-08-31T22:49:00+00:00", "title": "Le journal Afrique"}, {"desc": "Un nageur talentueux de 16 ans, se pr\u00e9pare \u00e0 entrer en sport-\u00e9tudes. Cet \u00e9v\u00e9nement r\u00e9veille les souvenirs d'abus que le jeune gar\u00e7on a subis par le pass\u00e9.", "start_date": "2026-08-31T23:11:00+00:00", "title": "Un bon gar\u00e7on"}, {"desc": null, "start_date": "2026-08-31T23:15:00+00:00", "title": "M\u00e9t\u00e9o"}, {"desc": "Au IVe si\u00e8cle, Saint Martin, \u00e9v\u00eaque de Tours et grand voyageur, a arpent\u00e9 les chemins du Poitou \u00e0 la Touraine. Depuis, trois chemins de randonn\u00e9e balis\u00e9s ont \u00e9t\u00e9 cr\u00e9\u00e9s pour marcher dans les pas de cet illustre pr\u00e9d\u00e9cesseur. Ces itin\u00e9raires sont des tron\u00e7ons de la Via sancti Martini qui permet de traverser l'Europe d'Ouest en Est. De Poitiers \u00e0 Tours, en passant par Ligug\u00e9, Candes-Saint-Martin ou e", "start_date": "2026-08-31T23:18:00+00:00", "title": "Les 100 lieux qu'il faut voir"}, {"desc": "Pour faire diversion pendant qu'une f\u00eate surprise se pr\u00e9pare pour l'anniversaire de sa fille, son p\u00e8re l'emm\u00e8ne continuer leurs le\u00e7ons de conduite.", "start_date": "2026-08-31T23:30:00+00:00", "title": "En voiture Clara"}, {"desc": "En 1759, une esclave autochtone d'un chirurgien de la vall\u00e9e du Saint-Laurent, voit sa vie boulevers\u00e9e par la rencontre d'une enfant qu'elle croit \u00eatre sa fille.", "start_date": "2026-08-31T23:45:00+00:00", "title": "Les mains sales"}], "offset": "+00:00", "timezone": "UTC", "error_code": -1, "start_date": "2026-08-30", "icon": ""}