{"end_date": "2026-09-02", "name": "TV5 monde", "info_url": "https://epg.pw/channels/54020/20260901.html", "country": "France", "description": null, "error_message": "", "provider": "", "source_url": "https://epg.pw/api/epg.json?channel_id=54020&date=20260901&timezone=None", "epg_list": [{"desc": "R\u00e9v\u00e9l\u00e9 par la Star Academy, o\u00f9 son r\u00f4le de prof de th\u00e9\u00e2tre lui a fait gagner le coeur du public fran\u00e7ais, il est connu depuis longtemps comme animateur et chroniqueur \u00e0 la RTBF. On le voit aussi sur sc\u00e8ne, dans un spectacle plein de malice qui met en valeur son amour de la musique. Sans oublier qu'il a \u00e9t\u00e9 sacr\u00e9 champion du monde d'impro en 2009 ! Quelle est l'histoire, et surtout quel est le mote", "start_date": "2026-09-01T00:11:00+00:00", "title": "Dans la bulle de..."}, {"desc": "Billard, baby-foot : Ren\u00e9 Pierre est le fabricant fran\u00e7ais de r\u00e9f\u00e9rence des tables de jeu. Tout savoir sur le bistrot, symbole de la gastronomie populaire. Rencontre avec Nicolas Jurnjack : quand coiffer est aussi l'occasion de cr\u00e9er et de s'exprimer dans l'univers de la mode. Comment porter le corset.", "start_date": "2026-09-01T00:44:00+00:00", "title": "Tendance XXI"}, {"desc": "A l'\u00e2ge de 53 ans, la com\u00e9dienne Genevi\u00e8ve Langlois d\u00e9cide de couper ses cheveux courts et de laisser pousser sa vraie couleur naturelle. Une r\u00e9volution intime et politique.", "start_date": "2026-09-01T01:12:00+00:00", "title": "La r\u00e9volution grise, une m\u00e8che \u00e0 la fois"}, {"desc": null, "start_date": "2026-09-01T02:00:00+00:00", "title": "Le 23h"}, {"desc": "Alors que Virgile se d\u00e9m\u00e8ne pour tenir ses engagements, Gary ne peut pas s'emp\u00eacher de mettre son nez dans les affaires des autres. Sabine, elle, se laisse tenter par une nouvelle rencontre.", "start_date": "2026-09-01T03:02:00+00:00", "title": "Un si grand soleil"}, {"desc": "Alors qu'Enzo a un coup de c\u0153ur pour la mauvaise personne, Sabine ne se prive pas d'une petite vengeance personnelle. Quant \u00e0 Gary, il continue son enqu\u00eate pour en savoir plus.", "start_date": "2026-09-01T03:24:00+00:00", "title": "Un si grand soleil"}, {"desc": "Transform\u00e9 au fil des si\u00e8cles et au gr\u00e9 des diff\u00e9rents propri\u00e9taires en ch\u00e2teau de plaisance, le domaine de Valen\u00e7ay a \u00e9t\u00e9 acquis en 1803 par le prince de Talleyrand.", "start_date": "2026-09-01T03:45:00+00:00", "title": "Demeures de collectionneurs"}, {"desc": null, "start_date": "2026-09-01T03:58:00+00:00", "title": "Le 6h info"}, {"desc": null, "start_date": "2026-09-01T04:24:00+00:00", "title": "M\u00e9t\u00e9o"}, {"desc": null, "start_date": "2026-09-01T04:29:00+00:00", "title": "T\u00e9l\u00e9matin"}, {"desc": "Bernard Cerquiglini d\u00e9cortique les curiosit\u00e9s de la langue fran\u00e7aise et d\u00e9taille les r\u00e8gles de grammaire, d'accords, ou les tournures de phrases parfois curieuses.", "start_date": "2026-09-01T04:45:00+00:00", "title": "Merci Professeur"}, {"desc": null, "start_date": "2026-09-01T04:50:00+00:00", "title": "T\u00e9l\u00e9matin"}, {"desc": "Th\u00e9o est de retour, plus angoiss\u00e9 que jamais ! Entre sa toute nouvelle vie de couple ses interrogations existentielles qui le surprennent sans crier gare, ses TOC et des situations embarrassantes qui se pr\u00e9sentent quotidiennement, il va lui falloir mettre en place quelques \"adaptations\" qui lui paraissent bien s\u00fbr, insurmontables. Cette saison 2, et particuli\u00e8rement l'\u00e9pisode 6 a \u00e9t\u00e9 r\u00e9compens\u00e9 du", "start_date": "2026-09-01T05:22:00+00:00", "title": "Flipp\u00e9"}, {"desc": "Le silure est un poisson d'eau douce sans \u00e9cailles, \u00e0 la peau recouverte de mucus, qui mesure en moyenne 1,5 m\u00e8tres de long et dont le poids varie entre 50 et 150 kg.", "start_date": "2026-09-01T05:24:00+00:00", "title": "Anne-so what ?"}, {"desc": null, "start_date": "2026-09-01T05:29:00+00:00", "title": "T\u00e9l\u00e9matin"}, {"desc": "Mode, design, gastronomie, art de vivre, chaque petit reportage, extrait du magazine Version fran\u00e7aise, est une illustration du chic \u00e0 la fran\u00e7aise.", "start_date": "2026-09-01T05:50:00+00:00", "title": "VF"}, {"desc": "Mode, design, gastronomie, art de vivre, chaque petit reportage, extrait du magazine Version fran\u00e7aise, est une illustration du chic \u00e0 la fran\u00e7aise.", "start_date": "2026-09-01T05:54:00+00:00", "title": "VF"}, {"desc": null, "start_date": "2026-09-01T06:00:00+00:00", "title": "Le t\u00e9l\u00e9journal"}, {"desc": "Quatre jeunes dinosaures, Rocky, Bill, Tiny et Mazu, grandissent dans un monde en pleine formation lui aussi : on y croise des pluies de m\u00e9t\u00e9orites, des volcans, des brachiosaures, d'\u00e9normes tric\u00e9ratops et aussi le grand m\u00e9chant loup ! Ou du moins son \u00e9quivalent au Cr\u00e9tac\u00e9 : le grand m\u00e9chant Gigantosaurus. C'est un animal \u00e9trange dont le nom seul suffit \u00e0 faire tressaillir les quatre comp\u00e8res.", "start_date": "2026-09-01T06:26:00+00:00", "title": "Gigantosaurus"}, {"desc": null, "start_date": "2026-09-01T06:37:00+00:00", "title": "Top cornichon"}, {"desc": "A bord de son minuscule vaisseau, le Positron, Capitaine Tonus voyage \u00e0 l'int\u00e9rieur d'un corps humain afin d'en observer le fonctionnement. Elle peut ainsi expliquer les r\u00e8gles de bonne sant\u00e9 de l'int\u00e9rieur ! Elle est second\u00e9e dans ses p\u00e9rip\u00e9ties par son amusant ordinateur de bord hyper\u00e9motif baptis\u00e9 Neurone.", "start_date": "2026-09-01T06:43:00+00:00", "title": "Capitaine Tonus"}, {"desc": "C'est l'hiver et il n'y a toujours pas de neige, quelle d\u00e9ception\u2026 Olive repeint le ciel en gris, et soudain, c'est la temp\u00eate. Tant mieux, ils peuvent faire un bonhomme de neige, qu'ils appelleront Bernulf. Mais le soleil est revenu et Bernulf commence \u00e0 fondre. Vite il faut l'emmener tout en haut de la montagne !", "start_date": "2026-09-01T06:46:00+00:00", "title": "Les Quiquoi"}, {"desc": "Koumi, 6 ans, gaie et espi\u00e8gle, r\u00eave de conna\u00eetre tous les animaux du monde. Gr\u00e2ce \u00e0 son imagier, elle part \u00e0 leur rencontre.", "start_date": "2026-09-01T06:53:00+00:00", "title": "L'imagier anim\u00e9 de Koumi"}, {"desc": "Sous son escalier, Alix d\u00e9couvre un passage menant \u00e0 un monde fantaisiste dans lequel vivent d'\u00e9tonnants personnages. Dans cet univers, la jeune fille d\u00e9bordante d'imagination s'\u00e9vade pour vivre des aventures rocambolesques en compagnie de Chapelier et de ses amis, les Merveilleux.", "start_date": "2026-09-01T06:58:00+00:00", "title": "Alix et les Merveilleux"}, {"desc": "Avec humour et fantaisie, Braillard, Colombe et Lablatte mettent en lumi\u00e8re les us et coutumes, les grandes inventions, les personnages embl\u00e9matiques, les ph\u00e9nom\u00e8nes et les sites incontournables de l'Antiquit\u00e9. En changeant de r\u00f4les, d'\u00e9poques et de costumes, ils se plongent dans les 1001 mondes antiques, que ce soit en Egypte, en Gr\u00e8ce, \u00e0 Rome ou en Asie, en Afrique Sub-saharienne et au Moyen-Ori", "start_date": "2026-09-01T07:22:00+00:00", "title": "1001 Mondes antiques"}, {"desc": "A Cin\u00e9-Zoo, en Estrie, au Qu\u00e9bec, des animaux sont entra\u00een\u00e9s \u00e0 \u00e9voluer devant des cam\u00e9ras pour le cin\u00e9ma et la t\u00e9l\u00e9vision. Jean Cardinal, le fondateur du sanctuaire, invite \u00e0 suivre son quotidien et \u00e0 observer sa relation unique avec ses amies les b\u00eates.", "start_date": "2026-09-01T07:29:00+00:00", "title": "B\u00eates de film"}, {"desc": "Visite de l'ancienne carri\u00e8re de Montchaton, r\u00e9am\u00e9nag\u00e9e par le conservatoire d'espace naturel de Normandie. En Seine-Maritime, une famille a relanc\u00e9 une exploitation de lin textile. Puis focus sur une cr\u00e8che \u00e9co-responsable et sur le papillon Damier de la Succise.", "start_date": "2026-09-01T07:52:00+00:00", "title": "Pistes vertes"}, {"desc": "Accompagn\u00e9e de Nathalie Devantay, Annick Jeanmairet propose une recette de casoncellis, des raviolis en forme de croissant. D\u00e9couverte de la torr\u00e9e, une tradition neuch\u00e2teloise.", "start_date": "2026-09-01T08:20:00+00:00", "title": "Les saisons de pique-assiette"}, {"desc": "A Cond\u00e9-sur-Iton, des passionn\u00e9s d'automobile ont r\u00e9uni des voitures embl\u00e9matiques mais aussi des mod\u00e8les moins connus de marques allemandes.", "start_date": "2026-09-01T08:47:00+00:00", "title": "Vroum"}, {"desc": "Du lundi au samedi, \"C dans l'air\" donne les cl\u00e9s pour comprendre dans sa globalit\u00e9 un \u00e9v\u00e9nement ou un sujet d'actualit\u00e9 de premi\u00e8re importance, en permettant aux t\u00e9l\u00e9spectateurs d'intervenir dans le d\u00e9bat ou de poser des questions par SMS ou Internet. Plusieurs reportages illustrent le sujet et des sp\u00e9cialistes, sur le plateau, l'\u00e9clairent de leurs r\u00e9flexions.", "start_date": "2026-09-01T09:16:00+00:00", "title": "C dans l'air"}, {"desc": "Alors qu'Elisabeth voit Cl\u00e9mence s'incruster \u00e0 sa soir\u00e9e avec Alain, la vie de Johanna s'appr\u00eate \u00e0 basculer.", "start_date": "2026-09-01T10:22:00+00:00", "title": "Un si grand soleil"}, {"desc": null, "start_date": "2026-09-01T10:45:00+00:00", "title": "Tout le monde veut prendre sa place"}, {"desc": null, "start_date": "2026-09-01T11:30:00+00:00", "title": "JT 19h30"}, {"desc": "Issue d'une famille modeste, Madeleine poss\u00e8de un caract\u00e8re de battante et de grandes ambitions. La jeune femme se rend en Corse pour pr\u00e9parer l'oral du concours d'entr\u00e9e \u00e0 l'ENA dans la maison de vacances d'Antoine, son compagnon. Sur place, Madeleine ne cache son r\u00eave de devenir pr\u00e9sidente de la R\u00e9publique, d\u00e9termin\u00e9e \u00e0 faire \u00e9voluer les mentalit\u00e9s et une situation sociale qu'elle juge alarmante", "start_date": "2026-09-01T12:03:00+00:00", "title": "De grandes esp\u00e9rances"}, {"desc": "La construction du ch\u00e2teau de Jallanges, sur la commune de Vernou-sur-Brenne, a \u00e9t\u00e9 lanc\u00e9e par Louis XI. S'appuyant sur les fondations d'un ch\u00e2teau f\u00e9odal local, il donne au nouvel \u00e9difice une inspiration Renaissance v\u00e9nitienne.", "start_date": "2026-09-01T13:45:00+00:00", "title": "Ch\u00e2teau !"}, {"desc": "Dans le grenier d'une maison, loin du regard des humains, Minusville est une ville am\u00e9nag\u00e9e par les jouets, compos\u00e9e d'emballages du quotidien. Comme ailleurs, vivre en harmonie s'av\u00e8re un d\u00e9fi car chacun a sa propre personnalit\u00e9 et sa propre fa\u00e7on de jouer.", "start_date": "2026-09-01T14:00:00+00:00", "title": "Les Minus"}, {"desc": "Install\u00e9e depuis peu \u00e0 la Cit\u00e9 des clapiers, la famille Croquemoutard, compos\u00e9e de trolls, est surprise de d\u00e9couvrir les petites manies des \u00eatres humains qui les entourent. Entre confrontations et coutumes \u00e9tranges, pas s\u00fbr que les plus bizarres soient ceux que l'on croit. Une s\u00e9rie pleine d'inventivit\u00e9 qui, mine de rien, fait un \u00e9loge salutaire de la diff\u00e9rence et du vivre ensemble.", "start_date": "2026-09-01T14:11:00+00:00", "title": "Les Croquemoutard"}, {"desc": "Derri\u00e8re son apparence d'adolescent, Liam est en fait un andro\u00efde con\u00e7u dans le plus grand secret au Laboratoire mondial d'intelligence artificielle. Son existence va \u00eatre r\u00e9v\u00e9l\u00e9e lors de la Belmont Science Fair, qui r\u00e9unit des jeunes g\u00e9nies du monde entier. Liam s'\u00e9chappe du laboratoire car le docteur Wood, son cr\u00e9ateur, veut le r\u00e9initialiser depuis qu'il a d\u00e9couvert que l'andro\u00efde a d\u00e9velopp\u00e9 de", "start_date": "2026-09-01T14:22:00+00:00", "title": "Liam"}, {"desc": "Qu'il s'agisse de petits tracas ou de probl\u00e9matiques de vie plus complexes, Th\u00e9o Curin invite des enfants de 7 \u00e0 12 ans \u00e0 se confier sur les sujets qui les pr\u00e9occupent. Accompagn\u00e9 d'Alicia Cohen-Freoua et Fabien Richard, il tente de leur donner des clefs pour avancer.", "start_date": "2026-09-01T14:44:00+00:00", "title": "T'es au top"}, {"desc": "Des amis partent en voyage afin de d\u00e9couvrir des initiatives touristiques d\u00e9velopp\u00e9es de fa\u00e7on responsable et \u00e9cologique. L'occasion de vivre des exp\u00e9riences culturelles et humaines hors du commun.", "start_date": "2026-09-01T15:00:00+00:00", "title": "Partir autrement entre amis"}, {"desc": "Des s\u00e9quences humoristiques en compagnie de nombreux com\u00e9diens et artistes francophones.", "start_date": "2026-09-01T15:47:00+00:00", "title": "Tarmac Comedy"}, {"desc": "Des s\u00e9quences humoristiques en compagnie de nombreux com\u00e9diens et artistes francophones.", "start_date": "2026-09-01T15:52:00+00:00", "title": "Tarmac Comedy"}, {"desc": "Rendez-vous de l'information et de la culture francophone propos\u00e9 par la r\u00e9daction de TV5 Monde, \"64' Le monde en fran\u00e7ais\" met l'accent sur l'actualit\u00e9 mondiale, l'actualit\u00e9 francophone, culturelle, politique, \u00e9conomique, sociale, et soci\u00e9tale ainsi que sur l'information d\u00e9velopp\u00e9e par les partenaires historiques de TV5 Monde : la RTBF, la RTS, Radio Canada, T\u00e9l\u00e9-Qu\u00e9bec, France 2, France 3.", "start_date": "2026-09-01T16:00:00+00:00", "title": "64' Actu"}, {"desc": null, "start_date": "2026-09-01T16:27:00+00:00", "title": "M\u00e9t\u00e9o"}, {"desc": "Rendez-vous de l'information et de la culture francophone propos\u00e9 par la r\u00e9daction de TV5 Monde, \"64' Le monde en fran\u00e7ais\" met l'accent sur l'actualit\u00e9 mondiale, l'actualit\u00e9 francophone, culturelle, politique, \u00e9conomique, sociale, et soci\u00e9tale ainsi que sur l'information d\u00e9velopp\u00e9e par les partenaires historiques de TV5 Monde : la RTBF, la RTS, Radio Canada, T\u00e9l\u00e9-Qu\u00e9bec, France 2, France 3.", "start_date": "2026-09-01T16:30:00+00:00", "title": "64' D\u00e9bat"}, {"desc": "Rencontre avec des artistes, des \u00e9crivains, des acteurs et tous ceux qui font vibrer notre \u00e9poque. \"L'invit\u00e9\" est le rendez-vous des personnalit\u00e9s qui font l'actualit\u00e9.", "start_date": "2026-09-01T16:53:00+00:00", "title": "L'invit\u00e9"}, {"desc": "Alors qu'Elisabeth voit Cl\u00e9mence s'incruster \u00e0 sa soir\u00e9e avec Alain, la vie de Johanna s'appr\u00eate \u00e0 basculer.", "start_date": "2026-09-01T17:01:00+00:00", "title": "Un si grand soleil"}, {"desc": "Kira se voit confier une mission particuli\u00e8re par son patron. De son c\u00f4t\u00e9, Muriel d\u00e9couvre enfin l'identit\u00e9 de l'amant de Lucie.", "start_date": "2026-09-01T17:23:00+00:00", "title": "Un si grand soleil"}, {"desc": "Une \u00e9mission consacr\u00e9e \u00e0 la cr\u00e9ation fran\u00e7aise et \u00e0 la mode. Elle dresse le portrait de cr\u00e9ateurs passionn\u00e9s et analyse des tendances actuelles ou qui ont profond\u00e9ment marqu\u00e9 l'histoire de la mode.", "start_date": "2026-09-01T17:45:00+00:00", "title": "Tendance XXI"}, {"desc": null, "start_date": "2026-09-01T18:00:00+00:00", "title": "Le Journal de la RTS"}, {"desc": "Bernard Cerquiglini d\u00e9cortique les curiosit\u00e9s de la langue fran\u00e7aise et d\u00e9taille les r\u00e8gles de grammaire, d'accords, ou les tournures de phrases parfois curieuses.", "start_date": "2026-09-01T18:26:00+00:00", "title": "Merci Professeur"}, {"desc": null, "start_date": "2026-09-01T18:30:00+00:00", "title": "Le Journal de France 2"}, {"desc": null, "start_date": "2026-09-01T19:03:00+00:00", "title": "M\u00e9t\u00e9o"}, {"desc": "Le sosie de Johnny Hallyday a \u00e9t\u00e9 retrouv\u00e9 mort au volant d'une d\u00e9capotable am\u00e9ricaine. Gaby Molina et C\u00e9line Richer sont charg\u00e9es de mener l'enqu\u00eate dans l'univers \u00e0 paillettes de celles et ceux qui gagnent leur vie en cultivant leur ressemblance avec les stars. Pour comprendre les rivalit\u00e9s et jalousies de cet univers mal connu, les deux polici\u00e8res n'h\u00e9sitent pas : elles postulent pour int\u00e9grer ", "start_date": "2026-09-01T19:05:00+00:00", "title": "Le crime lui va si bien"}, {"desc": null, "start_date": "2026-09-01T20:32:00+00:00", "title": "L'actu"}, {"desc": null, "start_date": "2026-09-01T21:02:00+00:00", "title": "M\u00e9t\u00e9o"}, {"desc": "Entre deux enqu\u00eates, la valse des sentiments se poursuit. Naissance, amour et mariage vont bouleverser les relations au sein de la brigade. Pour couronner le tout, L\u00e9a et Paul apprennent qu'ils vont devenir grands-parents. Mais, dans l'ombre, la menace r\u00f4de et L\u00e9a doit lutter pour sauver sa vie et celle de Paul. R\u00e9ussira-t-elle \u00e0 d\u00e9masquer le myst\u00e9rieux tireur qui a bless\u00e9 son ex-mari et les menac", "start_date": "2026-09-01T21:04:00+00:00", "title": "Tandem"}, {"desc": "Christophe r\u00e9alise que Margaux est intimid\u00e9e par sa m\u00e8re. Il d\u00e9cide de convoquer Cl\u00e9ment, le copain de Rosalie, pour conna\u00eetre ses v\u00e9ritables intentions.", "start_date": "2026-09-01T21:17:00+00:00", "title": "Toute la vie"}, {"desc": "Entre deux enqu\u00eates, la valse des sentiments se poursuit. Naissance, amour et mariage vont bouleverser les relations au sein de la brigade. Pour couronner le tout, L\u00e9a et Paul apprennent qu'ils vont devenir grands-parents. Mais, dans l'ombre, la menace r\u00f4de et L\u00e9a doit lutter pour sauver sa vie et celle de Paul. R\u00e9ussira-t-elle \u00e0 d\u00e9masquer le myst\u00e9rieux tireur qui a bless\u00e9 son ex-mari et les menac", "start_date": "2026-09-01T21:50:00+00:00", "title": "Tandem"}, {"desc": "Tina encourage Derek sans lui cacher qu'il sera difficile d'obtenir la garde de son fils s'il n'am\u00e9liore pas sa situation. Rosalie voit Patrice dans le bureau de Christophe.", "start_date": "2026-09-01T22:00:00+00:00", "title": "Toute la vie"}, {"desc": null, "start_date": "2026-09-01T22:43:00+00:00", "title": "Le journal Afrique"}, {"desc": null, "start_date": "2026-09-01T22:48:00+00:00", "title": "Le journal Afrique"}, {"desc": null, "start_date": "2026-09-01T23:09:00+00:00", "title": "M\u00e9t\u00e9o"}, {"desc": "Alors que se d\u00e9roule le traditionnel Festival du cin\u00e9ma britannique organis\u00e9 tous les ans dans la station baln\u00e9aire de Dinard, un drame vient soudain g\u00e2cher cet \u00e9v\u00e9nement tr\u00e8s attendu. En effet, des badauds rep\u00e8rent un corps dans l'eau et alertent les secours, qui ne tardent pas \u00e0 d\u00e9couvrir l'identit\u00e9 de la victime, un r\u00e9alisateur anglais en lice pour un prix. Fait intrigant, les enqu\u00eateurs d\u00e9couv", "start_date": "2026-09-01T23:12:00+00:00", "title": "Lame de fond"}, {"desc": "Pendant la tourn\u00e9e de Nelly & Sky, un guitariste meurt, \u00e9cras\u00e9 par un projecteur. C'est Sky qui \u00e9tait vis\u00e9, comme le prouve une deuxi\u00e8me tentative de meurtre.", "start_date": "2026-09-01T23:18:00+00:00", "title": "Les petits meurtres d'Agatha Christie"}, {"desc": "Tour \u00e0 tour forteresse m\u00e9di\u00e9vale, r\u00e9sidence royale ou prison fastueuse, le ch\u00e2teau d'Amboise est bien singulier. Leonard de Vinci a m\u00eame voulu y \u00eatre enterr\u00e9.", "start_date": "2026-09-02T00:47:00+00:00", "title": "Ch\u00e2teau !"}, {"desc": "\u00c0 partir de son tableau \"Le Serment des Anc\u00eatres\", transport\u00e9 \u00e0 Port-au-Prince (Ha\u00efti) en 1823, une \u00e9vocation de la vie, de l'\u0153uvre et de la post\u00e9rit\u00e9 du peintre guadeloup\u00e9en Guillaume Lethi\u00e8re (1760-1832).", "start_date": "2026-09-02T01:05:00+00:00", "title": "Lethi\u00e8re, le serment des anc\u00eatres"}, {"desc": null, "start_date": "2026-09-02T02:00:00+00:00", "title": "Le 23h"}, {"desc": "Alors que le sort semble s'acharner sur le Senso, Virgile s'en veut \u00e9norm\u00e9ment de la situation. Louis, lui, se montre injuste avec sa meilleure amie, et Myriam est sur un petit nuage.", "start_date": "2026-09-02T03:00:00+00:00", "title": "Un si grand soleil"}, {"desc": "Tandis que Myriam re\u00e7oit une surprenante invitation, Kira n'est pas pr\u00eate \u00e0 passer l'\u00e9ponge si facilement. De son c\u00f4t\u00e9, Ludo fait un effort pour faire plaisir \u00e0 Alix.", "start_date": "2026-09-02T03:22:00+00:00", "title": "Un si grand soleil"}, {"desc": "Au ch\u00e2teau de Harou\u00e9, la collection des princes de Beauvau est prestigieuse. La d\u00e9coration a \u00e9t\u00e9 confi\u00e9e aux plus prestigieux artistes du XVIIIe si\u00e8cle.", "start_date": "2026-09-02T03:45:00+00:00", "title": "Demeures de collectionneurs"}, {"desc": null, "start_date": "2026-09-02T03:58:00+00:00", "title": "Le 6h info"}, {"desc": null, "start_date": "2026-09-02T04:24:00+00:00", "title": "M\u00e9t\u00e9o"}, {"desc": null, "start_date": "2026-09-02T04:29:00+00:00", "title": "T\u00e9l\u00e9matin"}, {"desc": "Bernard Cerquiglini d\u00e9cortique les curiosit\u00e9s de la langue fran\u00e7aise et d\u00e9taille les r\u00e8gles de grammaire, d'accords, ou les tournures de phrases parfois curieuses.", "start_date": "2026-09-02T04:45:00+00:00", "title": "Merci Professeur"}, {"desc": null, "start_date": "2026-09-02T04:50:00+00:00", "title": "T\u00e9l\u00e9matin"}, {"desc": "Th\u00e9o est de retour, plus angoiss\u00e9 que jamais ! Entre sa toute nouvelle vie de couple ses interrogations existentielles qui le surprennent sans crier gare, ses TOC et des situations embarrassantes qui se pr\u00e9sentent quotidiennement, il va lui falloir mettre en place quelques \"adaptations\" qui lui paraissent bien s\u00fbr, insurmontables. Cette saison 2, et particuli\u00e8rement l'\u00e9pisode 6 a \u00e9t\u00e9 r\u00e9compens\u00e9 du", "start_date": "2026-09-02T05:21:00+00:00", "title": "Flipp\u00e9"}, {"desc": "Le renard polaire, aussi appel\u00e9 renard arctique, a une fourrure qui lui permet de limiter la d\u00e9perdition thermique, ce qui est tr\u00e8s utile dans son environnement.", "start_date": "2026-09-02T05:24:00+00:00", "title": "Anne-so what ?"}, {"desc": null, "start_date": "2026-09-02T05:29:00+00:00", "title": "T\u00e9l\u00e9matin"}, {"desc": "Mode, design, gastronomie, art de vivre, chaque petit reportage, extrait du magazine Version fran\u00e7aise, est une illustration du chic \u00e0 la fran\u00e7aise.", "start_date": "2026-09-02T05:49:00+00:00", "title": "VF"}, {"desc": "Mode, design, gastronomie, art de vivre, chaque petit reportage, extrait du magazine Version fran\u00e7aise, est une illustration du chic \u00e0 la fran\u00e7aise.", "start_date": "2026-09-02T05:53:00+00:00", "title": "VF"}, {"desc": null, "start_date": "2026-09-02T06:00:00+00:00", "title": "Le t\u00e9l\u00e9journal"}, {"desc": "Quatre jeunes dinosaures, Rocky, Bill, Tiny et Mazu, grandissent dans un monde en pleine formation lui aussi : on y croise des pluies de m\u00e9t\u00e9orites, des volcans, des brachiosaures, d'\u00e9normes tric\u00e9ratops et aussi le grand m\u00e9chant loup ! Ou du moins son \u00e9quivalent au Cr\u00e9tac\u00e9 : le grand m\u00e9chant Gigantosaurus. C'est un animal \u00e9trange dont le nom seul suffit \u00e0 faire tressaillir les quatre comp\u00e8res.", "start_date": "2026-09-02T06:26:00+00:00", "title": "Gigantosaurus"}, {"desc": null, "start_date": "2026-09-02T06:37:00+00:00", "title": "Top cornichon"}, {"desc": "A bord de son minuscule vaisseau, le Positron, Capitaine Tonus voyage \u00e0 l'int\u00e9rieur d'un corps humain afin d'en observer le fonctionnement. Elle peut ainsi expliquer les r\u00e8gles de bonne sant\u00e9 de l'int\u00e9rieur ! Elle est second\u00e9e dans ses p\u00e9rip\u00e9ties par son amusant ordinateur de bord hyper\u00e9motif baptis\u00e9 Neurone.", "start_date": "2026-09-02T06:43:00+00:00", "title": "Capitaine Tonus"}, {"desc": "C'est l'hiver et il n'y a toujours pas de neige, quelle d\u00e9ception\u2026 Olive repeint le ciel en gris, et soudain, c'est la temp\u00eate. Tant mieux, ils peuvent faire un bonhomme de neige, qu'ils appelleront Bernulf. Mais le soleil est revenu et Bernulf commence \u00e0 fondre. Vite il faut l'emmener tout en haut de la montagne !", "start_date": "2026-09-02T06:46:00+00:00", "title": "Les Quiquoi"}, {"desc": "Koumi, 6 ans, gaie et espi\u00e8gle, r\u00eave de conna\u00eetre tous les animaux du monde. Gr\u00e2ce \u00e0 son imagier, elle part \u00e0 leur rencontre.", "start_date": "2026-09-02T06:53:00+00:00", "title": "L'imagier anim\u00e9 de Koumi"}, {"desc": "Sous son escalier, Alix d\u00e9couvre un passage menant \u00e0 un monde fantaisiste dans lequel vivent d'\u00e9tonnants personnages. Dans cet univers, la jeune fille d\u00e9bordante d'imagination s'\u00e9vade pour vivre des aventures rocambolesques en compagnie de Chapelier et de ses amis, les Merveilleux.", "start_date": "2026-09-02T06:58:00+00:00", "title": "Alix et les Merveilleux"}, {"desc": "Avec humour et fantaisie, Braillard, Colombe et Lablatte mettent en lumi\u00e8re les us et coutumes, les grandes inventions, les personnages embl\u00e9matiques, les ph\u00e9nom\u00e8nes et les sites incontournables de l'Antiquit\u00e9. En changeant de r\u00f4les, d'\u00e9poques et de costumes, ils se plongent dans les 1001 mondes antiques, que ce soit en Egypte, en Gr\u00e8ce, \u00e0 Rome ou en Asie, en Afrique Sub-saharienne et au Moyen-Ori", "start_date": "2026-09-02T07:22:00+00:00", "title": "1001 Mondes antiques"}, {"desc": "C\u00e9dric et Virginie sont \u00e0 Perk, en Brabant flamand, afin de d\u00e9couvrir la transformation d'une ancienne fermette en une maison familiale ; d\u00e9couverte de la maison des Bienheureux \u00e0 proximit\u00e9 de Lille ; visite d'un chantier participatif \u00e0 Bruxelles ; fabriquer un pied de parasol en b\u00e9ton.", "start_date": "2026-09-02T07:28:00+00:00", "title": "Une brique dans le ventre"}, {"desc": "Les reliefs accident\u00e9s, les paysages d\u00e9chiquet\u00e9s et les criques abruptes du massif de l'Est\u00e9rel plongent dans la M\u00e9diterran\u00e9e. T\u00e9moins d'une histoire g\u00e9ologique mouvement\u00e9e, ils offrent des paysages surprenants et contrast\u00e9s aux plongeurs, p\u00eacheurs et autres amoureux du littoral.", "start_date": "2026-09-02T07:55:00+00:00", "title": "Chroniques m\u00e9diterran\u00e9ennes"}, {"desc": "Le caf\u00e9 est l'un des produits les plus durement touch\u00e9s par l'inflation, son prix ayant augment\u00e9 de plus de 250 % depuis cinq ans. Quelques conseils pour bien le choisir ; un test de go\u00fbt de cretons, charcuterie purement qu\u00e9b\u00e9coise ; comment r\u00e9ussir des oeufs \u00e0 la coque ; l'amlou.", "start_date": "2026-09-02T08:22:00+00:00", "title": "L'\u00e9picerie"}, {"desc": "L'unique op\u00e9ra de Claude Debussy, \"Pell\u00e9as et M\u00e9lisande\", est compos\u00e9 comme une longue conversation. Extraits de ce drame, donn\u00e9 \u00e0 l'Auditorium de l'Op\u00e9ra de Bordeaux en 2020.", "start_date": "2026-09-02T08:42:00+00:00", "title": "Maestro !"}, {"desc": "A Cin\u00e9-Zoo, en Estrie, au Qu\u00e9bec, des animaux sont entra\u00een\u00e9s \u00e0 \u00e9voluer devant des cam\u00e9ras pour le cin\u00e9ma et la t\u00e9l\u00e9vision. Jean Cardinal, le fondateur du sanctuaire, invite \u00e0 suivre son quotidien et \u00e0 observer sa relation unique avec ses amies les b\u00eates.", "start_date": "2026-09-02T08:53:00+00:00", "title": "B\u00eates de film"}, {"desc": "Du lundi au samedi, \"C dans l'air\" donne les cl\u00e9s pour comprendre dans sa globalit\u00e9 un \u00e9v\u00e9nement ou un sujet d'actualit\u00e9 de premi\u00e8re importance, en permettant aux t\u00e9l\u00e9spectateurs d'intervenir dans le d\u00e9bat ou de poser des questions par SMS ou Internet. Plusieurs reportages illustrent le sujet et des sp\u00e9cialistes, sur le plateau, l'\u00e9clairent de leurs r\u00e9flexions.", "start_date": "2026-09-02T09:15:00+00:00", "title": "C dans l'air"}, {"desc": "Kira se voit confier une mission particuli\u00e8re par son patron. De son c\u00f4t\u00e9, Muriel d\u00e9couvre enfin l'identit\u00e9 de l'amant de Lucie.", "start_date": "2026-09-02T10:22:00+00:00", "title": "Un si grand soleil"}, {"desc": null, "start_date": "2026-09-02T10:45:00+00:00", "title": "Tout le monde veut prendre sa place"}, {"desc": null, "start_date": "2026-09-02T11:30:00+00:00", "title": "JT 19h30"}, {"desc": "Mathilde est la fille du c\u00e9l\u00e8bre et respectable professeur Stangerson. Aussi, lorsqu'un inconnu attente \u00e0 sa vie, tout son entourage est mobilis\u00e9. Joseph Rouletabille, un jeune reporter, se rend aussit\u00f4t au ch\u00e2teau du Glandier, accompagn\u00e9 de Sainclair, son ami photographe, pour enqu\u00eater sur cette \u00e9trange affaire. Sur place, ils retrouvent le juge de Marquet et son greffier, de m\u00eame que Fr\u00e9d\u00e9ric La", "start_date": "2026-09-02T12:01:00+00:00", "title": "Le myst\u00e8re de la chambre jaune"}, {"desc": "Dans le grenier d'une maison, loin du regard des humains, Minusville est une ville am\u00e9nag\u00e9e par les jouets, compos\u00e9e d'emballages du quotidien. Comme ailleurs, vivre en harmonie s'av\u00e8re un d\u00e9fi car chacun a sa propre personnalit\u00e9 et sa propre fa\u00e7on de jouer.", "start_date": "2026-09-02T14:00:00+00:00", "title": "Les Minus"}, {"desc": "Install\u00e9e depuis peu \u00e0 la Cit\u00e9 des clapiers, la famille Croquemoutard, compos\u00e9e de trolls, est surprise de d\u00e9couvrir les petites manies des \u00eatres humains qui les entourent. Entre confrontations et coutumes \u00e9tranges, pas s\u00fbr que les plus bizarres soient ceux que l'on croit. Une s\u00e9rie pleine d'inventivit\u00e9 qui, mine de rien, fait un \u00e9loge salutaire de la diff\u00e9rence et du vivre ensemble.", "start_date": "2026-09-02T14:11:00+00:00", "title": "Les Croquemoutard"}, {"desc": "Derri\u00e8re son apparence d'adolescent, Liam est en fait un andro\u00efde con\u00e7u dans le plus grand secret au Laboratoire mondial d'intelligence artificielle. Son existence va \u00eatre r\u00e9v\u00e9l\u00e9e lors de la Belmont Science Fair, qui r\u00e9unit des jeunes g\u00e9nies du monde entier. Liam s'\u00e9chappe du laboratoire car le docteur Wood, son cr\u00e9ateur, veut le r\u00e9initialiser depuis qu'il a d\u00e9couvert que l'andro\u00efde a d\u00e9velopp\u00e9 de", "start_date": "2026-09-02T14:22:00+00:00", "title": "Liam"}, {"desc": "Qu'il s'agisse de petits tracas ou de probl\u00e9matiques de vie plus complexes, Th\u00e9o Curin invite des enfants de 7 \u00e0 12 ans \u00e0 se confier sur les sujets qui les pr\u00e9occupent. Accompagn\u00e9 d'Alicia Cohen-Freoua et Fabien Richard, il tente de leur donner des clefs pour avancer.", "start_date": "2026-09-02T14:45:00+00:00", "title": "T'es au top"}, {"desc": "Des amis partent en voyage afin de d\u00e9couvrir des initiatives touristiques d\u00e9velopp\u00e9es de fa\u00e7on responsable et \u00e9cologique. L'occasion de vivre des exp\u00e9riences culturelles et humaines hors du commun.", "start_date": "2026-09-02T15:01:00+00:00", "title": "Partir autrement entre amis"}, {"desc": "Des s\u00e9quences humoristiques en compagnie de nombreux com\u00e9diens et artistes francophones.", "start_date": "2026-09-02T15:48:00+00:00", "title": "Tarmac Comedy"}, {"desc": "Des s\u00e9quences humoristiques en compagnie de nombreux com\u00e9diens et artistes francophones.", "start_date": "2026-09-02T15:52:00+00:00", "title": "Tarmac Comedy"}, {"desc": "Rendez-vous de l'information et de la culture francophone propos\u00e9 par la r\u00e9daction de TV5 Monde, \"64' Le monde en fran\u00e7ais\" met l'accent sur l'actualit\u00e9 mondiale, l'actualit\u00e9 francophone, culturelle, politique, \u00e9conomique, sociale, et soci\u00e9tale ainsi que sur l'information d\u00e9velopp\u00e9e par les partenaires historiques de TV5 Monde : la RTBF, la RTS, Radio Canada, T\u00e9l\u00e9-Qu\u00e9bec, France 2, France 3.", "start_date": "2026-09-02T16:00:00+00:00", "title": "64' Actu"}, {"desc": null, "start_date": "2026-09-02T16:27:00+00:00", "title": "M\u00e9t\u00e9o"}, {"desc": "Rendez-vous de l'information et de la culture francophone propos\u00e9 par la r\u00e9daction de TV5 Monde, \"64' Le monde en fran\u00e7ais\" met l'accent sur l'actualit\u00e9 mondiale, l'actualit\u00e9 francophone, culturelle, politique, \u00e9conomique, sociale, et soci\u00e9tale ainsi que sur l'information d\u00e9velopp\u00e9e par les partenaires historiques de TV5 Monde : la RTBF, la RTS, Radio Canada, T\u00e9l\u00e9-Qu\u00e9bec, France 2, France 3.", "start_date": "2026-09-02T16:30:00+00:00", "title": "64' D\u00e9bat"}, {"desc": "Rencontre avec des artistes, des \u00e9crivains, des acteurs et tous ceux qui font vibrer notre \u00e9poque. \"L'invit\u00e9\" est le rendez-vous des personnalit\u00e9s qui font l'actualit\u00e9.", "start_date": "2026-09-02T16:53:00+00:00", "title": "L'invit\u00e9"}, {"desc": "Kira se voit confier une mission particuli\u00e8re par son patron. De son c\u00f4t\u00e9, Muriel d\u00e9couvre enfin l'identit\u00e9 de l'amant de Lucie.", "start_date": "2026-09-02T17:01:00+00:00", "title": "Un si grand soleil"}, {"desc": "Tandis qu'Elise et Akim d\u00e9cident de faire \u00e9quipe sur leur enqu\u00eate, Johanna se demande jusqu'o\u00f9 Yann serait capable d'aller.", "start_date": "2026-09-02T17:32:00+00:00", "title": "Un si grand soleil"}, {"desc": null, "start_date": "2026-09-02T18:00:00+00:00", "title": "Le Journal de la RTS"}, {"desc": "Bernard Cerquiglini d\u00e9cortique les curiosit\u00e9s de la langue fran\u00e7aise et d\u00e9taille les r\u00e8gles de grammaire, d'accords, ou les tournures de phrases parfois curieuses.", "start_date": "2026-09-02T18:26:00+00:00", "title": "Merci Professeur"}, {"desc": null, "start_date": "2026-09-02T18:30:00+00:00", "title": "Le Journal de France 2"}, {"desc": null, "start_date": "2026-09-02T19:02:00+00:00", "title": "M\u00e9t\u00e9o"}, {"desc": "Dani\u00e8le Gu\u00e9not, 32 ans, divorc\u00e9e, deux enfants, est professeur de latin-fran\u00e7ais \u00e0 Rouen. Elle est aim\u00e9e de ses \u00e9l\u00e8ves pour sa jeunesse d'esprit et la compr\u00e9hension saine qu'elle leur manifeste. Lors des \u00e9v\u00e9nements de mai 68, elle organise chez elle des r\u00e9unions de discussion et de remise en cause de la soci\u00e9t\u00e9. Un de ses \u00e9l\u00e8ves, G\u00e9rard Leguen, \u00e2g\u00e9 de 17 ans, tombe amoureux d'elle et le lui dit. E", "start_date": "2026-09-02T19:04:00+00:00", "title": "Mourir d'aimer"}, {"desc": null, "start_date": "2026-09-02T20:53:00+00:00", "title": "L'actu"}, {"desc": null, "start_date": "2026-09-02T21:25:00+00:00", "title": "M\u00e9t\u00e9o"}], "offset": "+00:00", "timezone": "UTC", "error_code": -1, "start_date": "2026-09-01", "icon": ""}