{"end_date": "2026-09-04", "name": "TVG EUROPA", "info_url": "https://epg.pw/channels/548385/20260828.html", "country": "France", "description": null, "error_message": "", "provider": "", "source_url": "https://epg.pw/api/epg.json?channel_id=548385&date=20260828&timezone=None", "epg_list": [{"desc": "Anselmo, o que fora carteiro de 'Luar', interpretado por Lu\u00eds Zahera, est\u00e1 de volta para percorrer Galicia, visitando os lugares e veci\u00f1os m\u00e1is desco\u00f1ecidos, os m\u00e1is simp\u00e1ticos, os m\u00e1is caracter\u00edsticos e os m\u00e1is sorprendentes, uns destinatarios moi especiais que te\u00f1en moito que contar da nosa terra. O concello coru\u00f1\u00e9s de Cambre, un lugar cheo de artistas, \u00e9 hoxe o destino do espazo.", "start_date": "2026-09-03T00:30:00+00:00", "title": "Sen C\u00f3digo Postal"}, {"desc": "Comedia que retrata a vida coti\u00e1 da familia Pereira \u00e1 fronte do Bar Su\u00edzo.", "start_date": "2026-09-03T02:00:00+00:00", "title": "Pratos combinados"}, {"desc": "Comedia que retrata a vida coti\u00e1 da familia Pereira \u00e1 fronte do Bar Su\u00edzo.", "start_date": "2026-09-03T02:30:00+00:00", "title": "Pratos combinados"}, {"desc": "Comedia que retrata a vida coti\u00e1 da familia Pereira \u00e1 fronte do Bar Su\u00edzo.", "start_date": "2026-09-03T03:00:00+00:00", "title": "Pratos combinados"}, {"desc": "Comedia que retrata a vida coti\u00e1 da familia Pereira \u00e1 fronte do Bar Su\u00edzo.", "start_date": "2026-09-03T03:30:00+00:00", "title": "Pratos combinados"}, {"desc": null, "start_date": "2026-09-03T04:00:00+00:00", "title": "Pratos combinados"}, {"desc": "Comedia que retrata a vida coti\u00e1 da familia Pereira \u00e1 fronte do Bar Su\u00edzo.", "start_date": "2026-09-03T04:30:00+00:00", "title": "Pratos combinados"}, {"desc": null, "start_date": "2026-09-03T04:56:00+00:00", "title": "Informaci\u00f3n estado do mar ma\u00f1\u00e1"}, {"desc": null, "start_date": "2026-09-03T05:00:00+00:00", "title": "Galicia por diante"}, {"desc": "de Urz\u00e1iz, coa informaci\u00f3n deportiva a cargo de Terio Carrera.", "start_date": "2026-09-03T06:00:00+00:00", "title": "Bos D\u00edas"}, {"desc": null, "start_date": "2026-09-03T08:50:00+00:00", "title": "Pulso activo"}, {"desc": null, "start_date": "2026-09-03T09:03:00+00:00", "title": "Pulso activo"}, {"desc": "Javier Romero, Noelia Rey e Bernardo Monta\u00f1a toman o mando de \"O Term\u00f3metro\" nas ma\u00f1\u00e1s da TVG. Conducen m\u00e1is de d\u00faas horas de directo con entretemento, faladoiro, asuntos de interese p\u00fablico e reporteiros nas catro provincias.", "start_date": "2026-09-03T09:30:00+00:00", "title": "O term\u00f3metro"}, {"desc": null, "start_date": "2026-09-03T11:54:00+00:00", "title": "Galicia Noticias Ma\u00f1\u00e1"}, {"desc": null, "start_date": "2026-09-03T12:30:00+00:00", "title": "Telexornal mediod\u00eda"}, {"desc": null, "start_date": "2026-09-03T13:19:00+00:00", "title": "Telexornal deportes mediod\u00eda"}, {"desc": null, "start_date": "2026-09-03T13:38:00+00:00", "title": "O tempo"}, {"desc": "Concurso presentado por Rodrigo V\u00e1zquez.", "start_date": "2026-09-03T13:47:00+00:00", "title": "Atr\u00e1pame se podes"}, {"desc": null, "start_date": "2026-09-03T14:33:00+00:00", "title": "Taxi Quiz: Pagas... Ou Cobras"}, {"desc": null, "start_date": "2026-09-03T15:06:00+00:00", "title": "Mira Ti Que Ben. Imos De Voda"}, {"desc": null, "start_date": "2026-09-03T15:52:00+00:00", "title": "Hora galega"}, {"desc": null, "start_date": "2026-09-03T18:28:00+00:00", "title": "A voltas co prato"}, {"desc": null, "start_date": "2026-09-03T19:00:00+00:00", "title": "Telexornal ser\u00e1n"}, {"desc": null, "start_date": "2026-09-03T19:37:00+00:00", "title": "O tempo"}, {"desc": null, "start_date": "2026-09-03T19:45:00+00:00", "title": "Land Rober + Show"}, {"desc": null, "start_date": "2026-09-03T20:45:00+00:00", "title": "Somos animais"}, {"desc": null, "start_date": "2026-09-03T21:39:00+00:00", "title": "Collidos nas patacas"}, {"desc": "Programa que achega a nosa realidade, para vivir as pequenas historias de cada d\u00eda, da man de Alfonso Tellado, de 62 anos, xubilado da Baz\u00e1n e de profesi\u00f3n 'galego retranqueiro'.", "start_date": "2026-09-03T22:46:00+00:00", "title": "Onde vai a xente"}, {"desc": null, "start_date": "2026-09-03T23:35:00+00:00", "title": "A vida do mercado"}, {"desc": null, "start_date": "2026-09-04T00:35:00+00:00", "title": "Pazo de Familia"}, {"desc": null, "start_date": "2026-09-04T01:45:00+00:00", "title": "Pazo de Familia"}, {"desc": null, "start_date": "2026-09-04T02:49:00+00:00", "title": "Pazo de Familia"}, {"desc": null, "start_date": "2026-09-04T03:52:00+00:00", "title": "Pazo de Familia"}, {"desc": null, "start_date": "2026-09-04T04:56:00+00:00", "title": "Informaci\u00f3n estado do mar ma\u00f1\u00e1"}, {"desc": null, "start_date": "2026-09-04T05:00:00+00:00", "title": "Galicia por diante"}, {"desc": "de Urz\u00e1iz, coa informaci\u00f3n deportiva a cargo de Terio Carrera.", "start_date": "2026-09-04T06:00:00+00:00", "title": "Bos D\u00edas"}, {"desc": null, "start_date": "2026-09-04T08:50:00+00:00", "title": "Pulso activo"}, {"desc": null, "start_date": "2026-09-04T09:04:00+00:00", "title": "Pulso activo"}, {"desc": "Javier Romero, Noelia Rey e Bernardo Monta\u00f1a toman o mando de \"O Term\u00f3metro\" nas ma\u00f1\u00e1s da TVG. Conducen m\u00e1is de d\u00faas horas de directo con entretemento, faladoiro, asuntos de interese p\u00fablico e reporteiros nas catro provincias.", "start_date": "2026-09-04T09:30:00+00:00", "title": "O term\u00f3metro"}, {"desc": null, "start_date": "2026-09-04T11:54:00+00:00", "title": "Galicia Noticias Ma\u00f1\u00e1"}, {"desc": null, "start_date": "2026-09-04T12:30:00+00:00", "title": "Telexornal mediod\u00eda"}, {"desc": null, "start_date": "2026-09-04T13:21:00+00:00", "title": "Telexornal deportes mediod\u00eda"}, {"desc": null, "start_date": "2026-09-04T13:38:00+00:00", "title": "O tempo"}, {"desc": "Concurso presentado por Rodrigo V\u00e1zquez.", "start_date": "2026-09-04T13:47:00+00:00", "title": "Atr\u00e1pame se podes"}, {"desc": null, "start_date": "2026-09-04T14:32:00+00:00", "title": "Taxi Quiz: Pagas... Ou Cobras"}, {"desc": null, "start_date": "2026-09-04T15:08:00+00:00", "title": "Mira Ti Que Ben. Imos De Voda"}, {"desc": null, "start_date": "2026-09-04T15:54:00+00:00", "title": "Hora galega"}, {"desc": null, "start_date": "2026-09-04T18:28:00+00:00", "title": "A voltas co prato"}, {"desc": null, "start_date": "2026-09-04T19:00:00+00:00", "title": "Telexornal ser\u00e1n"}, {"desc": null, "start_date": "2026-09-04T19:35:00+00:00", "title": "O tempo"}, {"desc": null, "start_date": "2026-09-04T19:43:00+00:00", "title": "Luar"}, {"desc": null, "start_date": "2026-09-04T22:30:00+00:00", "title": "Malas p\u00e9coras"}, {"desc": "Javier Varela e Rafa Dur\u00e1n percorren os mercados ambulantes galegos m\u00e1is destacados. Amais de entretemento e de descubrir numerosas an\u00e9cdotas sobre a vida dos feirantes, o programa promete diversi\u00f3n e premios para os asistentes. O concurso de \"Imos de Feira\" visitar\u00e1 hoxe a feira dos venres de fin de mes no Grove.", "start_date": "2026-09-04T23:38:00+00:00", "title": "Imos de feira"}], "offset": "+00:00", "timezone": "UTC", "error_code": -1, "start_date": "2026-09-03", "icon": ""}