{"end_date": "2026-09-02", "name": "TVG EUROPA", "info_url": "https://epg.pw/channels/548385/20260901.html", "country": "France", "description": null, "error_message": "", "provider": "", "source_url": "https://epg.pw/api/epg.json?channel_id=548385&date=20260901&timezone=None", "epg_list": [{"desc": null, "start_date": "2026-09-01T00:10:00+00:00", "title": "Festa na Baiuca"}, {"desc": null, "start_date": "2026-09-01T00:55:00+00:00", "title": "De quen v\u00e9s sendo?"}, {"desc": "Programa que ten como obxectivo tomarlles o pulso \u00e1s cidades galegas mediante os seus protagonistas, as persoas que as habitan, os lugares onde traballan, vidas normais pero cheas de contrastes e matices. \"Latexos da Cidade\" asistir\u00e1 hoxe ao cambio de garda na Capitan\u00eda Xeral da Coru\u00f1a e ver\u00e1 como se traballa nas alturas de Vigo.", "start_date": "2026-09-01T01:45:00+00:00", "title": "Latexos da cidade"}, {"desc": "Comedia que retrata a vida coti\u00e1 da familia Pereira \u00e1 fronte do Bar Su\u00edzo.", "start_date": "2026-09-01T02:00:00+00:00", "title": "Pratos combinados"}, {"desc": "Comedia que retrata a vida coti\u00e1 da familia Pereira \u00e1 fronte do Bar Su\u00edzo.", "start_date": "2026-09-01T02:30:00+00:00", "title": "Pratos combinados"}, {"desc": "Comedia que retrata a vida coti\u00e1 da familia Pereira \u00e1 fronte do Bar Su\u00edzo.", "start_date": "2026-09-01T03:00:00+00:00", "title": "Pratos combinados"}, {"desc": "Comedia que retrata a vida coti\u00e1 da familia Pereira \u00e1 fronte do Bar Su\u00edzo.", "start_date": "2026-09-01T03:30:00+00:00", "title": "Pratos combinados"}, {"desc": "Comedia que retrata a vida coti\u00e1 da familia Pereira \u00e1 fronte do Bar Su\u00edzo.", "start_date": "2026-09-01T04:00:00+00:00", "title": "Pratos combinados"}, {"desc": "Comedia que retrata a vida coti\u00e1 da familia Pereira \u00e1 fronte do Bar Su\u00edzo.", "start_date": "2026-09-01T04:30:00+00:00", "title": "Pratos combinados"}, {"desc": null, "start_date": "2026-09-01T04:56:00+00:00", "title": "Informaci\u00f3n estado do mar ma\u00f1\u00e1"}, {"desc": "de Urz\u00e1iz, coa informaci\u00f3n deportiva a cargo de Terio Carrera.", "start_date": "2026-09-01T06:00:00+00:00", "title": "Bos D\u00edas"}, {"desc": null, "start_date": "2026-09-01T08:25:00+00:00", "title": "O agro"}, {"desc": "Reflicte a realidade de homes e mulleres que optan por vivir da terra e da vida que nela agroma. Cada entrega conta a historia de tres protagonistas con bos argumentos para crer que hai futuro no campo. En \"Cos p\u00e9s na terra\" haber\u00e1 hoxe clases de coci\u00f1a a p\u00e9 de horta e co\u00f1ecerase unha parella que pastorea xunta. Ademais, outro dos protagonistas amosar\u00e1 que nunca \u00e9 tarde para retomar un oficio se e", "start_date": "2026-09-01T08:30:00+00:00", "title": "Cos pes na terra"}, {"desc": "Javier Romero, Noelia Rey e Bernardo Monta\u00f1a toman o mando de \"O Term\u00f3metro\" nas ma\u00f1\u00e1s da TVG. Conducen m\u00e1is de d\u00faas horas de directo con entretemento, faladoiro, asuntos de interese p\u00fablico e reporteiros nas catro provincias.", "start_date": "2026-09-01T09:30:00+00:00", "title": "O term\u00f3metro"}, {"desc": null, "start_date": "2026-09-01T11:50:00+00:00", "title": "A p\u00e9 de praia ma\u00f1\u00e1"}, {"desc": null, "start_date": "2026-09-01T11:54:00+00:00", "title": "Galicia Noticias Ma\u00f1\u00e1"}, {"desc": null, "start_date": "2026-09-01T12:30:00+00:00", "title": "Telexornal mediod\u00eda"}, {"desc": null, "start_date": "2026-09-01T13:15:00+00:00", "title": "Telexornal deportes mediod\u00eda"}, {"desc": null, "start_date": "2026-09-01T13:27:00+00:00", "title": "O tempo"}, {"desc": null, "start_date": "2026-09-01T13:45:00+00:00", "title": "En Compa\u00f1\u00eda De Loli"}, {"desc": null, "start_date": "2026-09-01T16:00:00+00:00", "title": "Hora galega"}, {"desc": "Concurso presentado por Rodrigo V\u00e1zquez.", "start_date": "2026-09-01T17:30:00+00:00", "title": "Atr\u00e1pame se podes"}, {"desc": null, "start_date": "2026-09-01T18:15:00+00:00", "title": "A voltas co prato"}, {"desc": null, "start_date": "2026-09-01T18:55:00+00:00", "title": "A p\u00e9 de praia ser\u00e1n"}, {"desc": null, "start_date": "2026-09-01T19:00:00+00:00", "title": "Telexornal ser\u00e1n"}, {"desc": null, "start_date": "2026-09-01T19:35:00+00:00", "title": "O tempo"}, {"desc": "Na parroquia de Longoseiros, no Carballi\u00f1o, Rosa e o seu equipo co\u00f1ecen a Loli. A reducida propiedade dificulta o reparto de tarefas e a colocaci\u00f3n de materiais e m\u00e1quinas.", "start_date": "2026-09-01T19:45:00+00:00", "title": "Galicia bonita"}, {"desc": "Docushow que retrata a troula caracter\u00edstica dos bares de praia m\u00e1is famosos de Galicia e a vida coti\u00e1 dos areais que acollen estes establecementos. \"Festa na baiuca\" seguir\u00e1 amosando este m\u00e9rcores os mellores bares de praia de Galicia, con parada en Samil (Vigo) e nas Cunchas (Rianxo).", "start_date": "2026-09-01T22:45:00+00:00", "title": "Festa na Baiuca"}, {"desc": "Espazo dedicado \u00e1 igrexa evanx\u00e9lica que presenta Xaime Fern\u00e1ndez Garrido. Incl\u00fae entrevistas e reportaxes.", "start_date": "2026-09-02T00:15:00+00:00", "title": "Nacer de Novo"}, {"desc": "Comedia que retrata a vida coti\u00e1 da familia Pereira \u00e1 fronte do Bar Su\u00edzo.", "start_date": "2026-09-02T02:00:00+00:00", "title": "Pratos combinados"}, {"desc": "Comedia que retrata a vida coti\u00e1 da familia Pereira \u00e1 fronte do Bar Su\u00edzo.", "start_date": "2026-09-02T02:30:00+00:00", "title": "Pratos combinados"}, {"desc": "Comedia que retrata a vida coti\u00e1 da familia Pereira \u00e1 fronte do Bar Su\u00edzo.", "start_date": "2026-09-02T03:00:00+00:00", "title": "Pratos combinados"}, {"desc": "Comedia que retrata a vida coti\u00e1 da familia Pereira \u00e1 fronte do Bar Su\u00edzo.", "start_date": "2026-09-02T03:30:00+00:00", "title": "Pratos combinados"}, {"desc": "Comedia que retrata a vida coti\u00e1 da familia Pereira \u00e1 fronte do Bar Su\u00edzo.", "start_date": "2026-09-02T04:00:00+00:00", "title": "Pratos combinados"}, {"desc": "Comedia que retrata a vida coti\u00e1 da familia Pereira \u00e1 fronte do Bar Su\u00edzo.", "start_date": "2026-09-02T04:30:00+00:00", "title": "Pratos combinados"}, {"desc": null, "start_date": "2026-09-02T04:56:00+00:00", "title": "Informaci\u00f3n estado do mar ma\u00f1\u00e1"}, {"desc": null, "start_date": "2026-09-02T05:00:00+00:00", "title": "Galicia por diante"}, {"desc": "de Urz\u00e1iz, coa informaci\u00f3n deportiva a cargo de Terio Carrera.", "start_date": "2026-09-02T06:00:00+00:00", "title": "Bos D\u00edas"}, {"desc": null, "start_date": "2026-09-02T08:25:00+00:00", "title": "O agro"}, {"desc": "Javier Romero, Noelia Rey e Bernardo Monta\u00f1a toman o mando de \"O Term\u00f3metro\" nas ma\u00f1\u00e1s da TVG. Conducen m\u00e1is de d\u00faas horas de directo con entretemento, faladoiro, asuntos de interese p\u00fablico e reporteiros nas catro provincias.", "start_date": "2026-09-02T09:30:00+00:00", "title": "O term\u00f3metro"}, {"desc": null, "start_date": "2026-09-02T11:50:00+00:00", "title": "A p\u00e9 de praia ma\u00f1\u00e1"}, {"desc": null, "start_date": "2026-09-02T11:54:00+00:00", "title": "Galicia Noticias Ma\u00f1\u00e1"}, {"desc": null, "start_date": "2026-09-02T12:30:00+00:00", "title": "Telexornal mediod\u00eda"}, {"desc": null, "start_date": "2026-09-02T13:15:00+00:00", "title": "Telexornal deportes mediod\u00eda"}, {"desc": null, "start_date": "2026-09-02T13:27:00+00:00", "title": "O tempo"}, {"desc": null, "start_date": "2026-09-02T13:45:00+00:00", "title": "En Compa\u00f1\u00eda De Loli"}, {"desc": null, "start_date": "2026-09-02T16:00:00+00:00", "title": "Hora galega"}, {"desc": "Concurso presentado por Rodrigo V\u00e1zquez.", "start_date": "2026-09-02T17:30:00+00:00", "title": "Atr\u00e1pame se podes"}, {"desc": null, "start_date": "2026-09-02T18:15:00+00:00", "title": "A voltas co prato"}, {"desc": null, "start_date": "2026-09-02T18:55:00+00:00", "title": "A p\u00e9 de praia ser\u00e1n"}, {"desc": null, "start_date": "2026-09-02T19:00:00+00:00", "title": "Telexornal ser\u00e1n"}, {"desc": null, "start_date": "2026-09-02T19:35:00+00:00", "title": "O tempo"}, {"desc": "Carina e Dinis chegaron de Portugal a Galicia hai 13 anos e atoparon en Barreiros o lugar onde comezar unha nova vida xuntos. Agora casan para celebrar o seu amor e agradecer a todos os que os acompa\u00f1aron no cami\u00f1o. Unha gran festa entre familiares e amigos onde Galicia e Portugal se dan a man.", "start_date": "2026-09-02T19:45:00+00:00", "title": "Casamos!"}, {"desc": null, "start_date": "2026-09-02T20:45:00+00:00", "title": "Casamos!"}, {"desc": "Docushow que retrata a troula caracter\u00edstica dos bares de praia m\u00e1is famosos de Galicia e a vida coti\u00e1 dos areais que acollen estes establecementos. O programa \"Festa na baiuca\" contin\u00faa tenteando o esp\u00edrito do ver\u00e1n, desta volta, nas R\u00edas Baixas e no coraz\u00f3n da Ribeira Sacra.", "start_date": "2026-09-02T21:50:00+00:00", "title": "Festa na Baiuca"}, {"desc": null, "start_date": "2026-09-02T22:40:00+00:00", "title": "Festa na Baiuca"}, {"desc": null, "start_date": "2026-09-02T23:30:00+00:00", "title": "Como galegos"}], "offset": "+00:00", "timezone": "UTC", "error_code": -1, "start_date": "2026-09-01", "icon": ""}